{"id":68040,"date":"2023-11-21T08:50:14","date_gmt":"2023-11-21T12:50:14","guid":{"rendered":"https:\/\/lasprimeras.com.do\/?p=68040"},"modified":"2023-11-21T08:50:16","modified_gmt":"2023-11-21T12:50:16","slug":"universidad-ute-gradua-internos-de-rafey-y-moca","status":"publish","type":"post","link":"https:\/\/lasprimeras.com.do\/index.php\/2023\/11\/21\/universidad-ute-gradua-internos-de-rafey-y-moca\/","title":{"rendered":"Universidad UTE gradua internos de Rafey y Moca"},"content":{"rendered":"\n<p>La Universidad UTE como parte de su programa de inclusi\u00f3n social, gradu\u00f3 este viernes a 21 privados de libertad del Modelo de Gesti\u00f3n Penitenciaria de los centros de Rafey y Moca.<\/p>\n\n\n\n<p>Los internos en los recintos penitenciarios Moca y Rafey de Santiago cursaron las carreras de Derecho y Psicolog\u00eda.<\/p>\n\n\n\n<p>La ceremonia de graduaci\u00f3n estuvo encabezada por la rectora de la Universidad UTE, Altagracia N\u00fa\u00f1ez Batista, quien valor\u00f3 la importancia de la reinserci\u00f3n social de estos internos y afirm\u00f3 que lograr su profesionalizaci\u00f3n es la manera m\u00e1s id\u00f3nea que ellos puedan ofrecer sus aportes al desarrollo socio-econ\u00f3mico y cultural del pa\u00eds.<\/p>\n\n\n\n<p>En este acto donde participaron amigos y familiares de los internos, tuvo como oradora invitada la Presidenta de la Fundaci\u00f3n Mujeres por la Educaci\u00f3n, Peggy Cabral, mientras que las palabras de gracias a nombre de sus compa\u00f1eros fueron ofrecidas por el Licenciado en Psicolog\u00eda Menci\u00f3n Cl\u00ednica, con lauros de Summa Cum Laude, Oscuar de Jes\u00fas Mercado Filpo.<\/p>\n\n\n\n<p>En la d\u00e9cada de los a\u00f1os 90, la Universidad UTE y la Fundaci\u00f3n Mujeres por la Educaci\u00f3n, presidida por do\u00f1a Peggy Cabral, se inici\u00f3 en la c\u00e1rcel de Najayo, clases para los internos que reunieran las condiciones acad\u00e9micas y administrativas para la carrera de Derecho, esta cont\u00f3 con la aprobaci\u00f3n de la Procuradur\u00eda General de la Republica, el Arzobispado de Santo Domingo y la Asociaci\u00f3n de Rectores, como una actividad socioeducativa de la Universidad.<\/p>\n","protected":false},"excerpt":{"rendered":"<p>La Universidad UTE como parte de su programa de inclusi\u00f3n social, gradu\u00f3 este viernes a 21 privados de libertad del Modelo de Gesti\u00f3n Penitenciaria de los centros de Rafey y&hellip;<\/p>\n","protected":false},"author":2,"featured_media":68041,"comment_status":"open","ping_status":"open","sticky":false,"template":"","format":"standard","meta":{"content-type":"","jetpack_post_was_ever_published":false,"_jetpack_newsletter_access":"","_jetpack_dont_email_post_to_subs":false,"_jetpack_newsletter_tier_id":0,"_jetpack_memberships_contains_paywalled_content":false,"_jetpack_memberships_contains_paid_content":false,"footnotes":""},"categories":[35],"tags":[9675,4000,2030,9677,9676],"class_list":["post-68040","post","type-post","status-publish","format-standard","has-post-thumbnail","hentry","category-nacionales","tag-gradua-2","tag-internos","tag-moca","tag-rafey","tag-universidad-ute"],"jetpack_featured_media_url":"https:\/\/lasprimeras.com.do\/wp-content\/uploads\/2023\/11\/UTE.jpg","jetpack-related-posts":[{"id":68135,"url":"https:\/\/lasprimeras.com.do\/index.php\/2023\/11\/22\/peggy-cabral-la-educacion-clave-para-conseguir-el-desarrollo-personal-humano-y-social\/","url_meta":{"origin":68040,"position":0},"title":"Peggy Cabral: \u201cLa educaci\u00f3n clave para conseguir el desarrollo personal, humano y social\u201d","author":"Nelson Feliz","date":"22 de noviembre de 2023","format":false,"excerpt":"UTE grad\u00faa un importante grupo de internos, privados de libertad en los centros correccionales Moca y Rafey-Santiago, para contribuir a su reinserci\u00f3n en la sociedad como entes productivos. La presidenta de la Fundaci\u00f3n Mujeres por la Educaci\u00f3n, Peggy Cabral, destac\u00f3 lo trascendental que resulta para los internos penitenciarios acceder a\u2026","rel":"","context":"En \u00abSin categor\u00eda\u00bb","block_context":{"text":"Sin categor\u00eda","link":"https:\/\/lasprimeras.com.do\/index.php\/category\/sin-categoria\/"},"img":{"alt_text":"","src":"https:\/\/i0.wp.com\/lasprimeras.com.do\/wp-content\/uploads\/2023\/11\/Peggy-Cabral.jpg?resize=350%2C200&ssl=1","width":350,"height":200,"srcset":"https:\/\/i0.wp.com\/lasprimeras.com.do\/wp-content\/uploads\/2023\/11\/Peggy-Cabral.jpg?resize=350%2C200&ssl=1 1x, https:\/\/i0.wp.com\/lasprimeras.com.do\/wp-content\/uploads\/2023\/11\/Peggy-Cabral.jpg?resize=525%2C300&ssl=1 1.5x, https:\/\/i0.wp.com\/lasprimeras.com.do\/wp-content\/uploads\/2023\/11\/Peggy-Cabral.jpg?resize=700%2C400&ssl=1 2x"},"classes":[]},{"id":82496,"url":"https:\/\/lasprimeras.com.do\/index.php\/2024\/05\/04\/ute-gradua-nuevos-profesionales-en-su-trigesima-segunda-graduacion-ordinaria\/","url_meta":{"origin":68040,"position":1},"title":"UTE grad\u00faa nuevos profesionales en su trig\u00e9sima segunda graduaci\u00f3n ordinaria","author":"Esteffany Vargas","date":"4 de mayo de 2024","format":false,"excerpt":"La Universidad UTE celebr\u00f3 su Trig\u00e9sima Segunda Graduaci\u00f3n Ordinaria, donde grad\u00fao 207 nuevos profesionales en las diferentes \u00e1reas del saber, teniendo como oradora invitada a la reconocida artista dominicana Olga Lara, quien adem\u00e1s, es egresada Summa Cum Laude de esta Casa de Altos Estudios de la licenciatura en Psicolog\u00eda Menci\u00f3n\u2026","rel":"","context":"En \u00abNACIONALES\u00bb","block_context":{"text":"NACIONALES","link":"https:\/\/lasprimeras.com.do\/index.php\/category\/nacionales\/"},"img":{"alt_text":"Universidad UTE","src":"https:\/\/i0.wp.com\/lasprimeras.com.do\/wp-content\/uploads\/2024\/05\/Universidad-UTE-1.jpg?resize=350%2C200&ssl=1","width":350,"height":200,"srcset":"https:\/\/i0.wp.com\/lasprimeras.com.do\/wp-content\/uploads\/2024\/05\/Universidad-UTE-1.jpg?resize=350%2C200&ssl=1 1x, https:\/\/i0.wp.com\/lasprimeras.com.do\/wp-content\/uploads\/2024\/05\/Universidad-UTE-1.jpg?resize=525%2C300&ssl=1 1.5x, https:\/\/i0.wp.com\/lasprimeras.com.do\/wp-content\/uploads\/2024\/05\/Universidad-UTE-1.jpg?resize=700%2C400&ssl=1 2x"},"classes":[]},{"id":116373,"url":"https:\/\/lasprimeras.com.do\/index.php\/2025\/12\/01\/ute-celebra-trigesima-tercera-graduacion-extraordinaria\/","url_meta":{"origin":68040,"position":2},"title":"UTE celebra Trig\u00e9sima Tercera Graduaci\u00f3n Extraordinaria","author":"Nelson Feliz","date":"1 de diciembre de 2025","format":false,"excerpt":"La Universidad UTE, invisti\u00f3 nuevos profesionales en los niveles de Grado, Especialidad y Maestr\u00eda en su Trig\u00e9sima Tercera Graduaci\u00f3n Extraordinaria. En esta ocasi\u00f3n estuvo como orador invitado, Roberto Santana, Director General de Servicios Penitenciarios y Correccionales, quien ha sido un defensor de la educaci\u00f3n en los recintos penitenciarios, afirmando que\u2026","rel":"","context":"En \u00abNACIONALES\u00bb","block_context":{"text":"NACIONALES","link":"https:\/\/lasprimeras.com.do\/index.php\/category\/nacionales\/"},"img":{"alt_text":"","src":"https:\/\/i0.wp.com\/lasprimeras.com.do\/wp-content\/uploads\/2025\/12\/Inversiones-J-Montero-entregara-25-becas-universitaria-a-jovenes-que-quieran-cursar-una-carrera.jpg?resize=350%2C200&ssl=1","width":350,"height":200,"srcset":"https:\/\/i0.wp.com\/lasprimeras.com.do\/wp-content\/uploads\/2025\/12\/Inversiones-J-Montero-entregara-25-becas-universitaria-a-jovenes-que-quieran-cursar-una-carrera.jpg?resize=350%2C200&ssl=1 1x, https:\/\/i0.wp.com\/lasprimeras.com.do\/wp-content\/uploads\/2025\/12\/Inversiones-J-Montero-entregara-25-becas-universitaria-a-jovenes-que-quieran-cursar-una-carrera.jpg?resize=525%2C300&ssl=1 1.5x, https:\/\/i0.wp.com\/lasprimeras.com.do\/wp-content\/uploads\/2025\/12\/Inversiones-J-Montero-entregara-25-becas-universitaria-a-jovenes-que-quieran-cursar-una-carrera.jpg?resize=700%2C400&ssl=1 2x"},"classes":[]},{"id":116839,"url":"https:\/\/lasprimeras.com.do\/index.php\/2025\/12\/04\/jose-guzman-beato-se-gradua-magna-cum-laude-en-la-ute-y-suma-su-cuarto-titulo-profesional\/","url_meta":{"origin":68040,"position":3},"title":"Jos\u00e9 Guzm\u00e1n Beato se grad\u00faa Magna Cum Laude en la UTE y suma su cuarto t\u00edtulo profesional","author":"Nelson Feliz","date":"4 de diciembre de 2025","format":false,"excerpt":"Jos\u00e9 Altagracia Guzm\u00e1n Beato, quien fuera secretario general del Sindicato Nacional de Trabajadores de la Prensa (SNTP), celebr\u00f3 un hito acad\u00e9mico significativo el pasado s\u00e1bado 29 de noviembre de 2025 al graduarse como \"Licenciado en Comunicaci\u00f3n Social\" en la Universidad de la Tercera Edad (UTE). Su dedicaci\u00f3n y excelencia acad\u00e9mica\u2026","rel":"","context":"En \u00abNACIONALES\u00bb","block_context":{"text":"NACIONALES","link":"https:\/\/lasprimeras.com.do\/index.php\/category\/nacionales\/"},"img":{"alt_text":"","src":"https:\/\/i0.wp.com\/lasprimeras.com.do\/wp-content\/uploads\/2025\/12\/JOSE-BEATO.jpg?resize=350%2C200&ssl=1","width":350,"height":200,"srcset":"https:\/\/i0.wp.com\/lasprimeras.com.do\/wp-content\/uploads\/2025\/12\/JOSE-BEATO.jpg?resize=350%2C200&ssl=1 1x, https:\/\/i0.wp.com\/lasprimeras.com.do\/wp-content\/uploads\/2025\/12\/JOSE-BEATO.jpg?resize=525%2C300&ssl=1 1.5x, https:\/\/i0.wp.com\/lasprimeras.com.do\/wp-content\/uploads\/2025\/12\/JOSE-BEATO.jpg?resize=700%2C400&ssl=1 2x"},"classes":[]},{"id":122279,"url":"https:\/\/lasprimeras.com.do\/index.php\/2026\/02\/15\/internos-denuncian-condiciones-inhumanas-en-el-ccr-9-de-monte-plata-video\/","url_meta":{"origin":68040,"position":4},"title":"Internos denuncian condiciones inhumanas en el CCR-9 de Monte Plata \/ Video","author":"Nelson Feliz","date":"15 de febrero de 2026","format":false,"excerpt":"Internos trasladados desde la C\u00e1rcel de Rafey denunciaron las condiciones que, seg\u00fan afirman, se viven en el Centro de Correcci\u00f3n y Rehabilitaci\u00f3n CCR-9 Monte Plata, espec\u00edficamente en una denominada \u201ccelda de reflexi\u00f3n\u201d, donde aseguran prevalecen el hacinamiento, la falta de higiene y tratos inadecuados. Un video muestra im\u00e1genes de espacios\u2026","rel":"","context":"En \u00abNACIONALES\u00bb","block_context":{"text":"NACIONALES","link":"https:\/\/lasprimeras.com.do\/index.php\/category\/nacionales\/"},"img":{"alt_text":"","src":"https:\/\/i0.wp.com\/lasprimeras.com.do\/wp-content\/uploads\/2026\/02\/presos.jpg?resize=350%2C200&ssl=1","width":350,"height":200},"classes":[]},{"id":67611,"url":"https:\/\/lasprimeras.com.do\/index.php\/2023\/11\/15\/logan-jimenez-concluye-estudios-en-diplomacia-y-derecho-internacional-en-la-ute\/","url_meta":{"origin":68040,"position":5},"title":"Logan Jim\u00e9nez concluye estudios en Diplomacia y Derecho Internacional en la UTE","author":"Nelson Feliz","date":"15 de noviembre de 2023","format":false,"excerpt":"La Universidad UTE incorpora nuevos profesionales en diversas \u00e1reas\u00a0en su\u00a0 \u00a0Trig\u00e9sima Primera Graduaci\u00f3n Extraordinaria de grados, especialidades y maestr\u00edas.\u00a0 El destacado comunicador Logan Jim\u00e9nez Ramos, concluy\u00f3 este fin de semana sus estudios de \u00a0maestr\u00eda en Diplomacia y Derecho Internacional en la Universidad UTE, junto a 321 nuevos profesionales de grados\u2026","rel":"","context":"En \u00abNACIONALES\u00bb","block_context":{"text":"NACIONALES","link":"https:\/\/lasprimeras.com.do\/index.php\/category\/nacionales\/"},"img":{"alt_text":"","src":"https:\/\/i0.wp.com\/lasprimeras.com.do\/wp-content\/uploads\/2023\/11\/WhatsApp-Image-2023-11-15-at-10.22.33-PM.jpeg?resize=350%2C200&ssl=1","width":350,"height":200,"srcset":"https:\/\/i0.wp.com\/lasprimeras.com.do\/wp-content\/uploads\/2023\/11\/WhatsApp-Image-2023-11-15-at-10.22.33-PM.jpeg?resize=350%2C200&ssl=1 1x, https:\/\/i0.wp.com\/lasprimeras.com.do\/wp-content\/uploads\/2023\/11\/WhatsApp-Image-2023-11-15-at-10.22.33-PM.jpeg?resize=525%2C300&ssl=1 1.5x, https:\/\/i0.wp.com\/lasprimeras.com.do\/wp-content\/uploads\/2023\/11\/WhatsApp-Image-2023-11-15-at-10.22.33-PM.jpeg?resize=700%2C400&ssl=1 2x, https:\/\/i0.wp.com\/lasprimeras.com.do\/wp-content\/uploads\/2023\/11\/WhatsApp-Image-2023-11-15-at-10.22.33-PM.jpeg?resize=1050%2C600&ssl=1 3x, https:\/\/i0.wp.com\/lasprimeras.com.do\/wp-content\/uploads\/2023\/11\/WhatsApp-Image-2023-11-15-at-10.22.33-PM.jpeg?resize=1400%2C800&ssl=1 4x"},"classes":[]}],"jetpack_sharing_enabled":true,"_links":{"self":[{"href":"https:\/\/lasprimeras.com.do\/index.php\/wp-json\/wp\/v2\/posts\/68040","targetHints":{"allow":["GET"]}}],"collection":[{"href":"https:\/\/lasprimeras.com.do\/index.php\/wp-json\/wp\/v2\/posts"}],"about":[{"href":"https:\/\/lasprimeras.com.do\/index.php\/wp-json\/wp\/v2\/types\/post"}],"author":[{"embeddable":true,"href":"https:\/\/lasprimeras.com.do\/index.php\/wp-json\/wp\/v2\/users\/2"}],"replies":[{"embeddable":true,"href":"https:\/\/lasprimeras.com.do\/index.php\/wp-json\/wp\/v2\/comments?post=68040"}],"version-history":[{"count":1,"href":"https:\/\/lasprimeras.com.do\/index.php\/wp-json\/wp\/v2\/posts\/68040\/revisions"}],"predecessor-version":[{"id":68042,"href":"https:\/\/lasprimeras.com.do\/index.php\/wp-json\/wp\/v2\/posts\/68040\/revisions\/68042"}],"wp:featuredmedia":[{"embeddable":true,"href":"https:\/\/lasprimeras.com.do\/index.php\/wp-json\/wp\/v2\/media\/68041"}],"wp:attachment":[{"href":"https:\/\/lasprimeras.com.do\/index.php\/wp-json\/wp\/v2\/media?parent=68040"}],"wp:term":[{"taxonomy":"category","embeddable":true,"href":"https:\/\/lasprimeras.com.do\/index.php\/wp-json\/wp\/v2\/categories?post=68040"},{"taxonomy":"post_tag","embeddable":true,"href":"https:\/\/lasprimeras.com.do\/index.php\/wp-json\/wp\/v2\/tags?post=68040"}],"curies":[{"name":"wp","href":"https:\/\/api.w.org\/{rel}","templated":true}]}}