{"id":68049,"date":"2023-11-21T11:10:00","date_gmt":"2023-11-21T15:10:00","guid":{"rendered":"https:\/\/lasprimeras.com.do\/?p=68049"},"modified":"2023-11-21T11:10:02","modified_gmt":"2023-11-21T15:10:02","slug":"obispo-auxiliar-de-la-arquidiocesis-de-santiago-recibe-a-victor-fadul-y-esposa","status":"publish","type":"post","link":"https:\/\/lasprimeras.com.do\/index.php\/2023\/11\/21\/obispo-auxiliar-de-la-arquidiocesis-de-santiago-recibe-a-victor-fadul-y-esposa\/","title":{"rendered":"Obispo auxiliar de la Arquidi\u00f3cesis de Santiago recibe a V\u00edctor Fadul y esposa"},"content":{"rendered":"\n<p><strong>Conversaron sobre la educaci\u00f3n en valores, fortalecimiento de la familia, seguridad ciudadana y violencia.<\/strong><\/p>\n\n\n\n<p>El Obispo Auxiliar de la Arquidi\u00f3cesis de Santiago, Carlos Tom\u00e1s Morel Dipl\u00e1n, recibi\u00f3 la ma\u00f1ana de este lunes al candidato a alcalde por Santiago V\u00edctor Fadul y su esposa Tracy Zarzuela, en un conversatorio sobre la necesidad de establecer un plan municipal tendente a fortalecer los valores familiares, la seguridad ciudadana y asumir la lucha contra la violencia como un tema de todos.<\/p>\n\n\n\n<p>\u201cNos sentimos altamente honrados con la apertura de nuestro Obispo Auxiliar, Morel Dipl\u00e1n, para tratar temas medulares que preocupan a nuestra poblaci\u00f3n, reflejados a trav\u00e9s de nuestra plataforma La Gran Conversaci\u00f3n, como la violencia, la formaci\u00f3n en valores y la seguridad ciudadana, ejes fundamentales de nuestro plan de gesti\u00f3n municipal que implementaremos a partir del 2024\u201d, plante\u00f3 Fadul.<\/p>\n\n\n\n<p>El representante de la Iglesia Cat\u00f3lica hizo hincapi\u00e9 en el fortalecimiento de los valores como el respeto, tolerancia, el amor, la honestidad, confianza, equidad y el fortalecimiento de la familia como n\u00facleo primario de la sociedad.<\/p>\n\n\n\n<p>\u201cSe impone trabajar los problemas sociales desde el SER, necesitamos retomar los valores fundamentales de la familia para hacer las reales transformaciones que demanda la sociedad actual\u201d, plante\u00f3 el religioso.<\/p>\n\n\n\n<p>El miembro del Comit\u00e9 Central del Partido de la Liberaci\u00f3n Dominicana fue acompa\u00f1ado de su esposa Tracy Zarzuela de Fadul y su madre, do\u00f1a Maritza Lantigua, quien destac\u00f3 la importancia de involucrar la familia en los proyectos de vida.<\/p>\n\n\n\n<p>\u201cA prop\u00f3sito de esta visita compartimos la importancia de involucrar la familia en cualquier proyecto de vida, destacando que en el n\u00facleo familiar es donde empezamos a construir nuestros principios \u00e9ticos y morales\u201d, especific\u00f3.<\/p>\n\n\n\n<p>Fadul se comprometi\u00f3 a trabajar en coordinaci\u00f3n con la Iglesia Cat\u00f3lica, para en conjunto establecer programas que fortalezcan la familia y permita a los santiagueros un municipio de fuertes valores, sin temores, en bondad y alegr\u00eda.<\/p>\n","protected":false},"excerpt":{"rendered":"<p>Conversaron sobre la educaci\u00f3n en valores, fortalecimiento de la familia, seguridad ciudadana y violencia. El Obispo Auxiliar de la Arquidi\u00f3cesis de Santiago, Carlos Tom\u00e1s Morel Dipl\u00e1n, recibi\u00f3 la ma\u00f1ana de&hellip;<\/p>\n","protected":false},"author":2,"featured_media":68050,"comment_status":"open","ping_status":"open","sticky":false,"template":"","format":"standard","meta":{"content-type":"","jetpack_post_was_ever_published":false,"_jetpack_newsletter_access":"","_jetpack_dont_email_post_to_subs":false,"_jetpack_newsletter_tier_id":0,"_jetpack_memberships_contains_paywalled_content":false,"_jetpack_memberships_contains_paid_content":false,"footnotes":""},"categories":[35,25],"tags":[9684,401,9683,1049,4858],"class_list":["post-68049","post","type-post","status-publish","format-standard","has-post-thumbnail","hentry","category-nacionales","category-portada","tag-arquidiocesis","tag-esposa","tag-obispo-auxiliar","tag-santiago","tag-victor-fadul"],"jetpack_featured_media_url":"https:\/\/lasprimeras.com.do\/wp-content\/uploads\/2023\/11\/dos-1.jpg","jetpack-related-posts":[{"id":110007,"url":"https:\/\/lasprimeras.com.do\/index.php\/2025\/09\/24\/obispo-morel-diplan-la-raiz-de-la-corrupcion-esta-en-la-crisis-de-la-familia\/","url_meta":{"origin":68049,"position":0},"title":"Obispo Morel Dipl\u00e1n: &#8220;La ra\u00edz de la corrupci\u00f3n est\u00e1 en la crisis de la familia&#8221;","author":"Nelson Feliz","date":"24 de septiembre de 2025","format":false,"excerpt":"En misa por la Virgen de las Mercedes en el Santo Cerro llam\u00f3 a rescatar valores familiares y critic\u00f3 a l\u00edderes pol\u00edticos. En la misa principal por el D\u00eda de la Virgen de las Mercedes, celebrada este 24 de septiembre en el santuario del Santo Cerro, provincia La Vega, el\u2026","rel":"","context":"En \u00abNACIONALES\u00bb","block_context":{"text":"NACIONALES","link":"https:\/\/lasprimeras.com.do\/index.php\/category\/nacionales\/"},"img":{"alt_text":"","src":"","width":0,"height":0},"classes":[]},{"id":109976,"url":"https:\/\/lasprimeras.com.do\/index.php\/2025\/09\/24\/raquel-pena-participa-en-eucaristia-por-el-dia-de-la-virgen-de-las-mercedes-en-el-santo-cerro\/","url_meta":{"origin":68049,"position":1},"title":"Raquel Pe\u00f1a participa en eucarist\u00eda por el D\u00eda de la Virgen de las Mercedes en el Santo Cerro","author":"Nelson Feliz","date":"24 de septiembre de 2025","format":false,"excerpt":"La vicepresidenta resalt\u00f3 la devoci\u00f3n mariana como expresi\u00f3n de unidad nacional y fortaleza espiritual del pueblo dominicano. Con motivo de la festividad de la Virgen de las Mercedes, Raquel Pe\u00f1a, vicepresidenta de la Rep\u00fablica, se uni\u00f3 este martes a la multitud de creyentes que abarrot\u00f3 el Santo Cerro, en La\u2026","rel":"","context":"En \u00abNACIONALES\u00bb","block_context":{"text":"NACIONALES","link":"https:\/\/lasprimeras.com.do\/index.php\/category\/nacionales\/"},"img":{"alt_text":"","src":"https:\/\/i0.wp.com\/lasprimeras.com.do\/wp-content\/uploads\/2025\/09\/RAQUEL-PENA-1.jpg?resize=350%2C200&ssl=1","width":350,"height":200,"srcset":"https:\/\/i0.wp.com\/lasprimeras.com.do\/wp-content\/uploads\/2025\/09\/RAQUEL-PENA-1.jpg?resize=350%2C200&ssl=1 1x, https:\/\/i0.wp.com\/lasprimeras.com.do\/wp-content\/uploads\/2025\/09\/RAQUEL-PENA-1.jpg?resize=525%2C300&ssl=1 1.5x, https:\/\/i0.wp.com\/lasprimeras.com.do\/wp-content\/uploads\/2025\/09\/RAQUEL-PENA-1.jpg?resize=700%2C400&ssl=1 2x"},"classes":[]},{"id":77015,"url":"https:\/\/lasprimeras.com.do\/index.php\/2024\/02\/17\/arquidiocesis-de-sd-defiende-reputacion-del-obispo-benito\/","url_meta":{"origin":68049,"position":2},"title":"Arquidi\u00f3cesis de SD defiende reputaci\u00f3n del obispo Benito","author":"BIMARY DE JES\u00daS Matos","date":"17 de febrero de 2024","format":false,"excerpt":"Santo Domingo.-La Arquidi\u00f3cesis de Santo Domingo neg\u00f3 ayer que el obispo auxiliar de Santo Domingo, Ram\u00f3n Benito \u00c1ngeles Fern\u00e1ndez, est\u00e9 siendo investigado por el Vaticano por presunta agresi\u00f3n sexual a un menor de edad. A trav\u00e9s de un comunicado, la Iglesia Cat\u00f3lica inform\u00f3 que \u201cno tiene evidencias sobre la supuesta\u2026","rel":"","context":"En \u00abPORTADA\u00bb","block_context":{"text":"PORTADA","link":"https:\/\/lasprimeras.com.do\/index.php\/category\/portada\/"},"img":{"alt_text":"","src":"https:\/\/i0.wp.com\/lasprimeras.com.do\/wp-content\/uploads\/2024\/02\/benito-covid-191-768x461-1.jpg?resize=350%2C200&ssl=1","width":350,"height":200,"srcset":"https:\/\/i0.wp.com\/lasprimeras.com.do\/wp-content\/uploads\/2024\/02\/benito-covid-191-768x461-1.jpg?resize=350%2C200&ssl=1 1x, https:\/\/i0.wp.com\/lasprimeras.com.do\/wp-content\/uploads\/2024\/02\/benito-covid-191-768x461-1.jpg?resize=525%2C300&ssl=1 1.5x, https:\/\/i0.wp.com\/lasprimeras.com.do\/wp-content\/uploads\/2024\/02\/benito-covid-191-768x461-1.jpg?resize=700%2C400&ssl=1 2x"},"classes":[]},{"id":115528,"url":"https:\/\/lasprimeras.com.do\/index.php\/2025\/11\/23\/obispo-ozoria-visita-al-papa-leon-xiv-luego-de-ser-suspendido-de-labores-administrativas\/","url_meta":{"origin":68049,"position":3},"title":"Obispo Ozoria visita al papa Le\u00f3n XIV luego de ser suspendido de labores administrativas","author":"Nelson Feliz","date":"23 de noviembre de 2025","format":false,"excerpt":"La visita de Ozoria Acosta al Papa se produce en un contexto delicado: el pasado 10 de noviembre tom\u00f3 posesi\u00f3n como arzobispo coadjutor monse\u00f1or Carlos Tom\u00e1s Morel Dipl\u00e1n. El Santo Padre Le\u00f3n XIV ha recibido esta ma\u00f1ana en audiencia privada al arzobispo metropolitano de Santo Domingo, monse\u00f1or Francisco Ozoria Acosta,\u2026","rel":"","context":"En \u00abNACIONALES\u00bb","block_context":{"text":"NACIONALES","link":"https:\/\/lasprimeras.com.do\/index.php\/category\/nacionales\/"},"img":{"alt_text":"","src":"https:\/\/i0.wp.com\/lasprimeras.com.do\/wp-content\/uploads\/2025\/11\/Papa-Leon-XIV.jpg?resize=350%2C200&ssl=1","width":350,"height":200,"srcset":"https:\/\/i0.wp.com\/lasprimeras.com.do\/wp-content\/uploads\/2025\/11\/Papa-Leon-XIV.jpg?resize=350%2C200&ssl=1 1x, https:\/\/i0.wp.com\/lasprimeras.com.do\/wp-content\/uploads\/2025\/11\/Papa-Leon-XIV.jpg?resize=525%2C300&ssl=1 1.5x, https:\/\/i0.wp.com\/lasprimeras.com.do\/wp-content\/uploads\/2025\/11\/Papa-Leon-XIV.jpg?resize=700%2C400&ssl=1 2x"},"classes":[]},{"id":75095,"url":"https:\/\/lasprimeras.com.do\/index.php\/2024\/01\/29\/francisco-dominguez-brito-afirma-victor-fadul-esta-entrenado-y-sabe-lo-que-hay-que-hacer-en-santiago\/","url_meta":{"origin":68049,"position":4},"title":"Dom\u00ednguez Brito afirma V\u00edctor Fadul sabe lo que hay que hacer en Santiago","author":"BIMARY DE JES\u00daS Matos","date":"29 de enero de 2024","format":false,"excerpt":"Santiago.-El ex Procurador General de la Rep\u00fablica y miembro del Comit\u00e9 Pol\u00edtico del Partido de la Liberaci\u00f3n Dominicana, Francisco Dom\u00ednguez Brito, afirm\u00f3 que V\u00edctor Fadul, candidato a alcalde de la Alianza Rescate RD sabe lo que hay que hacer, por un Santiago Fuerte y Seguro. \u201cYo vi a V\u00edctor conversando\u2026","rel":"","context":"En \u00abPORTADA\u00bb","block_context":{"text":"PORTADA","link":"https:\/\/lasprimeras.com.do\/index.php\/category\/portada\/"},"img":{"alt_text":"","src":"https:\/\/i0.wp.com\/lasprimeras.com.do\/wp-content\/uploads\/2024\/01\/images.png?resize=350%2C200&ssl=1","width":350,"height":200},"classes":[]},{"id":128198,"url":"https:\/\/lasprimeras.com.do\/index.php\/2026\/04\/20\/victor-fadul-continua-ampliando-estructura-de-francisco-javier-garcia-en-el-pld\/","url_meta":{"origin":68049,"position":5},"title":"V\u00edctor Fadul contin\u00faa ampliando estructura de Francisco Javier Garc\u00eda en el PLD","author":"Nelson Feliz","date":"20 de abril de 2026","format":false,"excerpt":"El coordinador nacional del proyecto presidencial de Francisco Javier Garc\u00eda, jurament\u00f3 este domingo el equipo de trabajo de la circunscripci\u00f3n 4 de Santo Domingo Oeste. En un acto cargado de entusiasmo, V\u00edctor Fadul, tom\u00f3 juramento a la estructura pol\u00edtica, destacando que se trata de un proyecto de esperanza, unidad nacional\u2026","rel":"","context":"En \u00abPOLITICA\u00bb","block_context":{"text":"POLITICA","link":"https:\/\/lasprimeras.com.do\/index.php\/category\/politica\/"},"img":{"alt_text":"","src":"https:\/\/i0.wp.com\/lasprimeras.com.do\/wp-content\/uploads\/2026\/04\/Victor-Fadul.jpg?resize=350%2C200&ssl=1","width":350,"height":200,"srcset":"https:\/\/i0.wp.com\/lasprimeras.com.do\/wp-content\/uploads\/2026\/04\/Victor-Fadul.jpg?resize=350%2C200&ssl=1 1x, https:\/\/i0.wp.com\/lasprimeras.com.do\/wp-content\/uploads\/2026\/04\/Victor-Fadul.jpg?resize=525%2C300&ssl=1 1.5x, https:\/\/i0.wp.com\/lasprimeras.com.do\/wp-content\/uploads\/2026\/04\/Victor-Fadul.jpg?resize=700%2C400&ssl=1 2x"},"classes":[]}],"jetpack_sharing_enabled":true,"_links":{"self":[{"href":"https:\/\/lasprimeras.com.do\/index.php\/wp-json\/wp\/v2\/posts\/68049","targetHints":{"allow":["GET"]}}],"collection":[{"href":"https:\/\/lasprimeras.com.do\/index.php\/wp-json\/wp\/v2\/posts"}],"about":[{"href":"https:\/\/lasprimeras.com.do\/index.php\/wp-json\/wp\/v2\/types\/post"}],"author":[{"embeddable":true,"href":"https:\/\/lasprimeras.com.do\/index.php\/wp-json\/wp\/v2\/users\/2"}],"replies":[{"embeddable":true,"href":"https:\/\/lasprimeras.com.do\/index.php\/wp-json\/wp\/v2\/comments?post=68049"}],"version-history":[{"count":1,"href":"https:\/\/lasprimeras.com.do\/index.php\/wp-json\/wp\/v2\/posts\/68049\/revisions"}],"predecessor-version":[{"id":68051,"href":"https:\/\/lasprimeras.com.do\/index.php\/wp-json\/wp\/v2\/posts\/68049\/revisions\/68051"}],"wp:featuredmedia":[{"embeddable":true,"href":"https:\/\/lasprimeras.com.do\/index.php\/wp-json\/wp\/v2\/media\/68050"}],"wp:attachment":[{"href":"https:\/\/lasprimeras.com.do\/index.php\/wp-json\/wp\/v2\/media?parent=68049"}],"wp:term":[{"taxonomy":"category","embeddable":true,"href":"https:\/\/lasprimeras.com.do\/index.php\/wp-json\/wp\/v2\/categories?post=68049"},{"taxonomy":"post_tag","embeddable":true,"href":"https:\/\/lasprimeras.com.do\/index.php\/wp-json\/wp\/v2\/tags?post=68049"}],"curies":[{"name":"wp","href":"https:\/\/api.w.org\/{rel}","templated":true}]}}