{"id":68052,"date":"2023-11-21T11:27:58","date_gmt":"2023-11-21T15:27:58","guid":{"rendered":"https:\/\/lasprimeras.com.do\/?p=68052"},"modified":"2023-11-21T11:28:00","modified_gmt":"2023-11-21T15:28:00","slug":"guzman-fermin-pide-a-guzman-peralta-que-asuma-el-control-de-la-pn","status":"publish","type":"post","link":"https:\/\/lasprimeras.com.do\/index.php\/2023\/11\/21\/guzman-fermin-pide-a-guzman-peralta-que-asuma-el-control-de-la-pn\/","title":{"rendered":"Guzm\u00e1n Ferm\u00edn pide a Guzm\u00e1n Peralta que asuma el control de la PN"},"content":{"rendered":"\n<p>El ex director de la Polic\u00eda Nacional, mayor general Rafael Guillermo Guzm\u00e1n Ferm\u00edn, hizo un llamado al nuevo incumbente policial, Ram\u00f3n Antonio Guzm\u00e1n Peralta para que asuma el control de la instituci\u00f3n.<\/p>\n\n\n\n<p>El oficial retirado, sostuvo que la polic\u00eda es una instituci\u00f3n compleja, delicada y dif\u00edcil.<\/p>\n\n\n\n<p>Guzm\u00e1n Ferm\u00edn, llam\u00f3 al nuevo director policial a formar un equipo de trabajo integrado por oficiales de alta capacidad.<\/p>\n\n\n\n<p>El mayor general retirado, reconoci\u00f3 la gran inversi\u00f3n que est\u00e1 haciendo el gobierno para reformar la polic\u00eda.<\/p>\n","protected":false},"excerpt":{"rendered":"<p>El ex director de la Polic\u00eda Nacional, mayor general Rafael Guillermo Guzm\u00e1n Ferm\u00edn, hizo un llamado al nuevo incumbente policial, Ram\u00f3n Antonio Guzm\u00e1n Peralta para que asuma el control de&hellip;<\/p>\n","protected":false},"author":2,"featured_media":68053,"comment_status":"open","ping_status":"open","sticky":false,"template":"","format":"standard","meta":{"content-type":"","jetpack_post_was_ever_published":false,"_jetpack_newsletter_access":"","_jetpack_dont_email_post_to_subs":false,"_jetpack_newsletter_tier_id":0,"_jetpack_memberships_contains_paywalled_content":false,"_jetpack_memberships_contains_paid_content":false,"footnotes":""},"categories":[3057,25],"tags":[9685],"class_list":["post-68052","post","type-post","status-publish","format-standard","has-post-thumbnail","hentry","category-militares","category-portada","tag-guillermo-guzman-fermin"],"jetpack_featured_media_url":"https:\/\/lasprimeras.com.do\/wp-content\/uploads\/2023\/11\/Guillermo-Guzman-Fermin.jpg","jetpack-related-posts":[{"id":115601,"url":"https:\/\/lasprimeras.com.do\/index.php\/2025\/11\/24\/guzman-fermin-los-intercambios-de-disparos-son-legales-pero-la-prevencion-es-clave-contra-la-delincuencia\/","url_meta":{"origin":68052,"position":0},"title":"Guzm\u00e1n Ferm\u00edn: &#8220;Los Intercambios de Disparos son Legales, pero la Prevenci\u00f3n es Clave contra la Delincuencia&#8221;","author":"Nelson Feliz","date":"24 de noviembre de 2025","format":false,"excerpt":"El exdirector de la Polic\u00eda Nacional y miembro de la Direcci\u00f3n Pol\u00edtica de la Fuerza del Pueblo (FP), mayor general retirado Guillermo Guzm\u00e1n Ferm\u00edn, afirm\u00f3 que los llamados \"intercambios de disparos\" son acciones legales de la polic\u00eda que surgen de las circunstancias, pero enfatiz\u00f3 que la lucha principal contra la\u2026","rel":"","context":"En \u00abNACIONALES\u00bb","block_context":{"text":"NACIONALES","link":"https:\/\/lasprimeras.com.do\/index.php\/category\/nacionales\/"},"img":{"alt_text":"Guillermo Guzm\u00e1n Ferm\u00edn","src":"https:\/\/i0.wp.com\/lasprimeras.com.do\/wp-content\/uploads\/2025\/11\/Guillermo-Guzman-Fermin-1.jpg?resize=350%2C200&ssl=1","width":350,"height":200,"srcset":"https:\/\/i0.wp.com\/lasprimeras.com.do\/wp-content\/uploads\/2025\/11\/Guillermo-Guzman-Fermin-1.jpg?resize=350%2C200&ssl=1 1x, https:\/\/i0.wp.com\/lasprimeras.com.do\/wp-content\/uploads\/2025\/11\/Guillermo-Guzman-Fermin-1.jpg?resize=525%2C300&ssl=1 1.5x, https:\/\/i0.wp.com\/lasprimeras.com.do\/wp-content\/uploads\/2025\/11\/Guillermo-Guzman-Fermin-1.jpg?resize=700%2C400&ssl=1 2x"},"classes":[]},{"id":115598,"url":"https:\/\/lasprimeras.com.do\/index.php\/2025\/11\/24\/guzman-fermin-propone-un-enfoque-integral-y-racionalizado-para-combatir-la-criminalidad\/","url_meta":{"origin":68052,"position":1},"title":"Guzm\u00e1n Ferm\u00edn propone un Enfoque Integral y Racionalizado para combatir la criminalidad","author":"Nelson Feliz","date":"24 de noviembre de 2025","format":false,"excerpt":"El exdirector de la Polic\u00eda Nacional y actual miembro de la Direcci\u00f3n Pol\u00edtica de la Fuerza del Pueblo (FP), mayor general retirado Guillermo Guzm\u00e1n Ferm\u00edn, abog\u00f3 por la implementaci\u00f3n de una pol\u00edtica de seguridad p\u00fablica \"racionalizada\" e \"integral\" que combine la acci\u00f3n policial con la prevenci\u00f3n social, la educaci\u00f3n y\u2026","rel":"","context":"En \u00abNACIONALES\u00bb","block_context":{"text":"NACIONALES","link":"https:\/\/lasprimeras.com.do\/index.php\/category\/nacionales\/"},"img":{"alt_text":"Guillermo Guzm\u00e1n Ferm\u00edn","src":"https:\/\/i0.wp.com\/lasprimeras.com.do\/wp-content\/uploads\/2025\/11\/Guillermo-Guzman-Fermin-1.jpg?resize=350%2C200&ssl=1","width":350,"height":200,"srcset":"https:\/\/i0.wp.com\/lasprimeras.com.do\/wp-content\/uploads\/2025\/11\/Guillermo-Guzman-Fermin-1.jpg?resize=350%2C200&ssl=1 1x, https:\/\/i0.wp.com\/lasprimeras.com.do\/wp-content\/uploads\/2025\/11\/Guillermo-Guzman-Fermin-1.jpg?resize=525%2C300&ssl=1 1.5x, https:\/\/i0.wp.com\/lasprimeras.com.do\/wp-content\/uploads\/2025\/11\/Guillermo-Guzman-Fermin-1.jpg?resize=700%2C400&ssl=1 2x"},"classes":[]},{"id":109655,"url":"https:\/\/lasprimeras.com.do\/index.php\/2025\/09\/21\/leonel-fernandez-recibe-en-funglode-a-faride-raful-y-a-la-comision-de-reforma-policial\/","url_meta":{"origin":68052,"position":2},"title":"Leonel Fern\u00e1ndez recibe en Funglode a Faride Raful y a la Comisi\u00f3n de Reforma Policial","author":"Nelson Feliz","date":"21 de septiembre de 2025","format":false,"excerpt":"El expresidente y l\u00edder de Fuerza del Pueblo sostuvo un encuentro en el que se present\u00f3 el anteproyecto de ley de reforma policial. El presidente de la Fuerza del Pueblo y expresidente de la Rep\u00fablica, Leonel Fern\u00e1ndez, recibi\u00f3 en la sede de la Fundaci\u00f3n Global Democracia y Desarrollo (Funglode) a\u2026","rel":"","context":"En \u00abPOLITICA\u00bb","block_context":{"text":"POLITICA","link":"https:\/\/lasprimeras.com.do\/index.php\/category\/politica\/"},"img":{"alt_text":"","src":"","width":0,"height":0},"classes":[]},{"id":104298,"url":"https:\/\/lasprimeras.com.do\/index.php\/2025\/07\/23\/guzman-peralta-designa-en-areas-educativas-y-reafirma-compromiso-con-la-capacitacion-de-los-agentes\/","url_meta":{"origin":68052,"position":3},"title":"Guzm\u00e1n Peralta designa en \u00e1reas educativas y reafirma compromiso con la capacitaci\u00f3n de los agentes","author":"Nelson Feliz","date":"23 de julio de 2025","format":false,"excerpt":"Coronel Familia Acevedo hace historia al convertirse en la primera mujer en comandar la Escuela de Entrenamiento Policial mayor general Benito Eulogio Monci\u00f3n Leonardo. El director general de la Polic\u00eda Nacional, mayor general Ram\u00f3n Antonio Guzm\u00e1n Peralta, introdujo importantes cambios en las estructuras educativas de mando encargadas de guiar la\u2026","rel":"","context":"En \u00abMILITARES\u00bb","block_context":{"text":"MILITARES","link":"https:\/\/lasprimeras.com.do\/index.php\/category\/militares\/"},"img":{"alt_text":"Ram\u00f3n Antonio Guzm\u00e1n Peralta","src":"https:\/\/i0.wp.com\/lasprimeras.com.do\/wp-content\/uploads\/2025\/03\/Ramon-Antonio-Guzman-Peralta.jpg?resize=350%2C200&ssl=1","width":350,"height":200,"srcset":"https:\/\/i0.wp.com\/lasprimeras.com.do\/wp-content\/uploads\/2025\/03\/Ramon-Antonio-Guzman-Peralta.jpg?resize=350%2C200&ssl=1 1x, https:\/\/i0.wp.com\/lasprimeras.com.do\/wp-content\/uploads\/2025\/03\/Ramon-Antonio-Guzman-Peralta.jpg?resize=525%2C300&ssl=1 1.5x, https:\/\/i0.wp.com\/lasprimeras.com.do\/wp-content\/uploads\/2025\/03\/Ramon-Antonio-Guzman-Peralta.jpg?resize=700%2C400&ssl=1 2x"},"classes":[]},{"id":76837,"url":"https:\/\/lasprimeras.com.do\/index.php\/2024\/02\/14\/guzman-fermin-culpa-abinader-de-lo-que-le-suceda-por-retiro-de-su-seguridad\/","url_meta":{"origin":68052,"position":4},"title":"Guzm\u00e1n Ferm\u00edn culpa Abinader de lo que le suceda por retiro de su seguridad","author":"Nelson Feliz","date":"14 de febrero de 2024","format":false,"excerpt":"Exjefe policial califica medida como un acto de intolerancia pol\u00edtica no propia de un r\u00e9gimen democr\u00e1tico. El presidente de la Rep\u00fablica, Luis Abinader, ser\u00e1 el responsable de las consecuencias que pudiera tener el retiro de la seguridad personal al mayor general (r) Rafael Guillermo Guzm\u00e1n Ferm\u00edn, exjefe de la Polic\u00eda\u2026","rel":"","context":"En \u00abNACIONALES\u00bb","block_context":{"text":"NACIONALES","link":"https:\/\/lasprimeras.com.do\/index.php\/category\/nacionales\/"},"img":{"alt_text":"Rafael Guillermo Guzm\u00e1n Ferm\u00edn","src":"https:\/\/i0.wp.com\/lasprimeras.com.do\/wp-content\/uploads\/2024\/02\/Rafael-Guillermo-Guzman-Fermin.jpg?resize=350%2C200&ssl=1","width":350,"height":200,"srcset":"https:\/\/i0.wp.com\/lasprimeras.com.do\/wp-content\/uploads\/2024\/02\/Rafael-Guillermo-Guzman-Fermin.jpg?resize=350%2C200&ssl=1 1x, https:\/\/i0.wp.com\/lasprimeras.com.do\/wp-content\/uploads\/2024\/02\/Rafael-Guillermo-Guzman-Fermin.jpg?resize=525%2C300&ssl=1 1.5x"},"classes":[]},{"id":122265,"url":"https:\/\/lasprimeras.com.do\/index.php\/2026\/02\/15\/director-de-la-pn-es-condecorado-en-el-78-o-aniversario-de-la-fuerza-aerea-dominicana\/","url_meta":{"origin":68052,"position":5},"title":"Director de la PN es condecorado en el 78.\u00ba aniversario de la Fuerza A\u00e9rea Dominicana","author":"Nelson Feliz","date":"15 de febrero de 2026","format":false,"excerpt":"El director general de la Polic\u00eda Nacional, mayor general Ram\u00f3n Antonio Guzm\u00e1n Peralta, particip\u00f3 en los actos conmemorativos del 78.\u00ba aniversario de la Fuerza A\u00e9rea de Rep\u00fablica Dominicana (FARD), donde fue condecorado junto a varios oficiales policiales por su aporte al fortalecimiento de la cooperaci\u00f3n interinstitucional. La agenda inici\u00f3 con\u2026","rel":"","context":"En \u00abMILITARES\u00bb","block_context":{"text":"MILITARES","link":"https:\/\/lasprimeras.com.do\/index.php\/category\/militares\/"},"img":{"alt_text":"","src":"https:\/\/i0.wp.com\/lasprimeras.com.do\/wp-content\/uploads\/2026\/02\/conde.jpg?resize=350%2C200&ssl=1","width":350,"height":200,"srcset":"https:\/\/i0.wp.com\/lasprimeras.com.do\/wp-content\/uploads\/2026\/02\/conde.jpg?resize=350%2C200&ssl=1 1x, https:\/\/i0.wp.com\/lasprimeras.com.do\/wp-content\/uploads\/2026\/02\/conde.jpg?resize=525%2C300&ssl=1 1.5x, https:\/\/i0.wp.com\/lasprimeras.com.do\/wp-content\/uploads\/2026\/02\/conde.jpg?resize=700%2C400&ssl=1 2x"},"classes":[]}],"jetpack_sharing_enabled":true,"_links":{"self":[{"href":"https:\/\/lasprimeras.com.do\/index.php\/wp-json\/wp\/v2\/posts\/68052","targetHints":{"allow":["GET"]}}],"collection":[{"href":"https:\/\/lasprimeras.com.do\/index.php\/wp-json\/wp\/v2\/posts"}],"about":[{"href":"https:\/\/lasprimeras.com.do\/index.php\/wp-json\/wp\/v2\/types\/post"}],"author":[{"embeddable":true,"href":"https:\/\/lasprimeras.com.do\/index.php\/wp-json\/wp\/v2\/users\/2"}],"replies":[{"embeddable":true,"href":"https:\/\/lasprimeras.com.do\/index.php\/wp-json\/wp\/v2\/comments?post=68052"}],"version-history":[{"count":1,"href":"https:\/\/lasprimeras.com.do\/index.php\/wp-json\/wp\/v2\/posts\/68052\/revisions"}],"predecessor-version":[{"id":68054,"href":"https:\/\/lasprimeras.com.do\/index.php\/wp-json\/wp\/v2\/posts\/68052\/revisions\/68054"}],"wp:featuredmedia":[{"embeddable":true,"href":"https:\/\/lasprimeras.com.do\/index.php\/wp-json\/wp\/v2\/media\/68053"}],"wp:attachment":[{"href":"https:\/\/lasprimeras.com.do\/index.php\/wp-json\/wp\/v2\/media?parent=68052"}],"wp:term":[{"taxonomy":"category","embeddable":true,"href":"https:\/\/lasprimeras.com.do\/index.php\/wp-json\/wp\/v2\/categories?post=68052"},{"taxonomy":"post_tag","embeddable":true,"href":"https:\/\/lasprimeras.com.do\/index.php\/wp-json\/wp\/v2\/tags?post=68052"}],"curies":[{"name":"wp","href":"https:\/\/api.w.org\/{rel}","templated":true}]}}