{"id":68055,"date":"2023-11-21T11:42:47","date_gmt":"2023-11-21T15:42:47","guid":{"rendered":"https:\/\/lasprimeras.com.do\/?p=68055"},"modified":"2023-11-21T11:42:49","modified_gmt":"2023-11-21T15:42:49","slug":"antonio-ciriaco-dice-efectos-del-cambio-climatico-incide-en-la-economia","status":"publish","type":"post","link":"https:\/\/lasprimeras.com.do\/index.php\/2023\/11\/21\/antonio-ciriaco-dice-efectos-del-cambio-climatico-incide-en-la-economia\/","title":{"rendered":"Antonio Ciriaco dice efectos del Cambio Clim\u00e1tico incide en la econom\u00eda"},"content":{"rendered":"\n<p>El decano de la Facultad de Econom\u00eda de la Universidad Aut\u00f3noma de Santo Domingo, Antonio Ciriaco, declar\u00f3 que los efectos del Cambio Clim\u00e1tico tienen efecto sobre la econom\u00eda.<\/p>\n\n\n\n<p>Ciriaco, sostuvo que el Cambio Clim\u00e1tico es u na realidad, por lo que se debe reflexionar sobre este tema.<\/p>\n\n\n\n<p>El economista, dijo que en la actualidad los da\u00f1os causados por efectos de un cicl\u00f3n como George pueden ascender a m\u00e1s de 3 mil 600 millones de d\u00f3lares.<\/p>\n\n\n\n<p>El profesor universitario, declar\u00f3 que por efecto de los da\u00f1os causados por los fen\u00f3menos naturales asciende en el pa\u00eds a mil millones de d\u00f3lares.<\/p>\n","protected":false},"excerpt":{"rendered":"<p>El decano de la Facultad de Econom\u00eda de la Universidad Aut\u00f3noma de Santo Domingo, Antonio Ciriaco, declar\u00f3 que los efectos del Cambio Clim\u00e1tico tienen efecto sobre la econom\u00eda. Ciriaco, sostuvo&hellip;<\/p>\n","protected":false},"author":2,"featured_media":54534,"comment_status":"open","ping_status":"open","sticky":false,"template":"","format":"standard","meta":{"content-type":"","jetpack_post_was_ever_published":false,"_jetpack_newsletter_access":"","_jetpack_dont_email_post_to_subs":false,"_jetpack_newsletter_tier_id":0,"_jetpack_memberships_contains_paywalled_content":false,"_jetpack_memberships_contains_paid_content":false,"footnotes":""},"categories":[39,25],"tags":[1031,1213,514],"class_list":["post-68055","post","type-post","status-publish","format-standard","has-post-thumbnail","hentry","category-economia","category-portada","tag-antonio-ciriaco","tag-cambio-climatico","tag-economia-2"],"jetpack_featured_media_url":"https:\/\/lasprimeras.com.do\/wp-content\/uploads\/2023\/07\/Antonio-Ciriaco.jpg","jetpack-related-posts":[{"id":109145,"url":"https:\/\/lasprimeras.com.do\/index.php\/2025\/09\/14\/decano-de-economia-de-la-uasd-afirma-que-economia-dominicana-esta-ralentizada\/","url_meta":{"origin":68055,"position":0},"title":"Decano de Econom\u00eda de la UASD afirma que econom\u00eda dominicana est\u00e1 ralentizada","author":"Nelson Feliz","date":"14 de septiembre de 2025","format":false,"excerpt":"El decano de la Facultad de Ciencias Econ\u00f3micas y Sociales de la Universidad Aut\u00f3noma de Santo Domingo (UASD), Antonio Ciriaco, afirm\u00f3 que la econom\u00eda dominicana atraviesa un proceso de ralentizaci\u00f3n que debe ser motivo de preocupaci\u00f3n. \u201cLa econom\u00eda est\u00e1 ralentizada. Evidentemente, eso llama a preocupaci\u00f3n al Banco Central\u201d, expres\u00f3 durante\u2026","rel":"","context":"En \u00abECONOM\u00cdA\u00bb","block_context":{"text":"ECONOM\u00cdA","link":"https:\/\/lasprimeras.com.do\/index.php\/category\/economia\/"},"img":{"alt_text":"","src":"https:\/\/i0.wp.com\/lasprimeras.com.do\/wp-content\/uploads\/2025\/09\/antonio-ciriaco.jpg?resize=350%2C200&ssl=1","width":350,"height":200,"srcset":"https:\/\/i0.wp.com\/lasprimeras.com.do\/wp-content\/uploads\/2025\/09\/antonio-ciriaco.jpg?resize=350%2C200&ssl=1 1x, https:\/\/i0.wp.com\/lasprimeras.com.do\/wp-content\/uploads\/2025\/09\/antonio-ciriaco.jpg?resize=525%2C300&ssl=1 1.5x, https:\/\/i0.wp.com\/lasprimeras.com.do\/wp-content\/uploads\/2025\/09\/antonio-ciriaco.jpg?resize=700%2C400&ssl=1 2x"},"classes":[]},{"id":49347,"url":"https:\/\/lasprimeras.com.do\/index.php\/2023\/05\/10\/antonio-ciriaco-sostiene-que-la-economia-dominicana-esta-supeditada\/","url_meta":{"origin":68055,"position":1},"title":"Antonio Ciriaco sostiene que la econom\u00eda dominicana est\u00e1 supeditada","author":"prenxa100","date":"10 de mayo de 2023","format":false,"excerpt":"Santo Domingo.-.El decano de la Facultad de Econom\u00eda de la Universidad Aut\u00f3noma de Santo Domingo, Antonio Ciriaco, declar\u00f3 que la recuperaci\u00f3n de la econom\u00eda dominicana est\u00e1 supeditada a factores externos. Ciriaco, destac\u00f3 que la econom\u00eda dominicana ha logrado salir de la crisis en mejor condiciones que otras naciones. El economista,\u2026","rel":"","context":"En \u00abECONOM\u00cdA\u00bb","block_context":{"text":"ECONOM\u00cdA","link":"https:\/\/lasprimeras.com.do\/index.php\/category\/economia\/"},"img":{"alt_text":"","src":"","width":0,"height":0},"classes":[]},{"id":49999,"url":"https:\/\/lasprimeras.com.do\/index.php\/2023\/05\/16\/economista-revela-incertidumbre-del-mercado-internacional-afecta-economia-dominicana\/","url_meta":{"origin":68055,"position":2},"title":"Economista revela incertidumbre del mercado internacional afecta econom\u00eda dominicana","author":"prenxa100","date":"16 de mayo de 2023","format":false,"excerpt":"Santo Domingo.-.El decano de la Facultad de Econom\u00eda de la Universidad Aut\u00f3noma de Santo Domingo, Antonio Ciriaco, declar\u00f3 que la incertidumbre que hay en el mercado internacional afecta la econom\u00eda dominicana. El economista, \u00a0sostuvo que el incremento en la tasa \u00a0de inter\u00e9s ha afectado al sector de la construcci\u00f3n. El\u2026","rel":"","context":"En \u00abECONOM\u00cdA\u00bb","block_context":{"text":"ECONOM\u00cdA","link":"https:\/\/lasprimeras.com.do\/index.php\/category\/economia\/"},"img":{"alt_text":"","src":"","width":0,"height":0},"classes":[]},{"id":54533,"url":"https:\/\/lasprimeras.com.do\/index.php\/2023\/07\/12\/economista-asegura-gobierno-pretende-recaudar-rd-10-mil-millones-a-traves-de-una-amnistia-fiscal\/","url_meta":{"origin":68055,"position":3},"title":"Economista asegura Gobierno pretende recaudar RD$ 10 mil millones a trav\u00e9s\u00a0de una Amnist\u00eda Fiscal","author":"Nelson Feliz","date":"12 de julio de 2023","format":false,"excerpt":"El decano de la Facultad de Econom\u00eda de la Universidad Aut\u00f3noma de Santo Domingo, Antonio Ciriaco, dijo que el gobierno tiene planteado recaudar entre 6 mil a 10 mil millones de pesos con la ley de Amnist\u00eda Fiscal. El economista, expres\u00f3 que la ley de Amnist\u00eda Fiscal, pretende dar un\u2026","rel":"","context":"En \u00abECONOM\u00cdA\u00bb","block_context":{"text":"ECONOM\u00cdA","link":"https:\/\/lasprimeras.com.do\/index.php\/category\/economia\/"},"img":{"alt_text":"Antonio Ciriaco","src":"https:\/\/i0.wp.com\/lasprimeras.com.do\/wp-content\/uploads\/2023\/07\/Antonio-Ciriaco.jpg?resize=350%2C200&ssl=1","width":350,"height":200,"srcset":"https:\/\/i0.wp.com\/lasprimeras.com.do\/wp-content\/uploads\/2023\/07\/Antonio-Ciriaco.jpg?resize=350%2C200&ssl=1 1x, https:\/\/i0.wp.com\/lasprimeras.com.do\/wp-content\/uploads\/2023\/07\/Antonio-Ciriaco.jpg?resize=525%2C300&ssl=1 1.5x, https:\/\/i0.wp.com\/lasprimeras.com.do\/wp-content\/uploads\/2023\/07\/Antonio-Ciriaco.jpg?resize=700%2C400&ssl=1 2x"},"classes":[]},{"id":90561,"url":"https:\/\/lasprimeras.com.do\/index.php\/2024\/10\/23\/comienza-la-fiesta-diputados-aprueban-prestamos-por-us625-millones-para-enfrentar-apagones-y-el-cambio-climatico\/","url_meta":{"origin":68055,"position":4},"title":"Comienza la fiesta: Diputados aprueban pr\u00e9stamos por US$625 millones para enfrentar apagones y el cambio clim\u00e1tico","author":"Nelson Feliz","date":"23 de octubre de 2024","format":false,"excerpt":"La oposici\u00f3n vot\u00f3 en contra de los endeudamientos por considerarlos innecesarios. En su sesi\u00f3n ordinaria de este mi\u00e9rcoles, la C\u00e1mara de Diputados aprob\u00f3 tres contratos de pr\u00e9stamos que totalizan los 625 millones de d\u00f3lares para programas de acci\u00f3n clim\u00e1tica y de combate a los apagones en la Rep\u00fablica Dominicana. Los\u2026","rel":"","context":"En \u00abECONOM\u00cdA\u00bb","block_context":{"text":"ECONOM\u00cdA","link":"https:\/\/lasprimeras.com.do\/index.php\/category\/economia\/"},"img":{"alt_text":"C\u00e1mara de Diputados","src":"https:\/\/i0.wp.com\/lasprimeras.com.do\/wp-content\/uploads\/2023\/08\/Camara-de-Diputados-1.jpg?resize=350%2C200&ssl=1","width":350,"height":200,"srcset":"https:\/\/i0.wp.com\/lasprimeras.com.do\/wp-content\/uploads\/2023\/08\/Camara-de-Diputados-1.jpg?resize=350%2C200&ssl=1 1x, https:\/\/i0.wp.com\/lasprimeras.com.do\/wp-content\/uploads\/2023\/08\/Camara-de-Diputados-1.jpg?resize=525%2C300&ssl=1 1.5x, https:\/\/i0.wp.com\/lasprimeras.com.do\/wp-content\/uploads\/2023\/08\/Camara-de-Diputados-1.jpg?resize=700%2C400&ssl=1 2x"},"classes":[]},{"id":83904,"url":"https:\/\/lasprimeras.com.do\/index.php\/2024\/05\/27\/canciller-roberto-alvarez-llama-a-tomar-medidas-para-enfrentar-efectos-del-cambio-climatico\/","url_meta":{"origin":68055,"position":5},"title":"Canciller Roberto \u00c1lvarez llama a tomar medidas para enfrentar efectos del cambio clim\u00e1tico","author":"Nelson Feliz","date":"27 de mayo de 2024","format":false,"excerpt":"El ministro de Relaciones Exteriores, Roberto \u00c1lvarez, plante\u00f3 en la Cuarta Conferencia de los Peque\u00f1os Estados Insulares en Desarrollo (SIDS4) que se realiza en Antigua y Barbuda, una serie de medidas para enfrentar los efectos del cambio clim\u00e1tico que golpean con fuerza a las comunidades m\u00e1s pobres y vulnerables. El\u2026","rel":"","context":"En \u00abNACIONALES\u00bb","block_context":{"text":"NACIONALES","link":"https:\/\/lasprimeras.com.do\/index.php\/category\/nacionales\/"},"img":{"alt_text":"Roberto \u00c1lvarez","src":"https:\/\/i0.wp.com\/lasprimeras.com.do\/wp-content\/uploads\/2024\/05\/Roberto-Alvarez-1.jpg?resize=350%2C200&ssl=1","width":350,"height":200,"srcset":"https:\/\/i0.wp.com\/lasprimeras.com.do\/wp-content\/uploads\/2024\/05\/Roberto-Alvarez-1.jpg?resize=350%2C200&ssl=1 1x, https:\/\/i0.wp.com\/lasprimeras.com.do\/wp-content\/uploads\/2024\/05\/Roberto-Alvarez-1.jpg?resize=525%2C300&ssl=1 1.5x, https:\/\/i0.wp.com\/lasprimeras.com.do\/wp-content\/uploads\/2024\/05\/Roberto-Alvarez-1.jpg?resize=700%2C400&ssl=1 2x"},"classes":[]}],"jetpack_sharing_enabled":true,"_links":{"self":[{"href":"https:\/\/lasprimeras.com.do\/index.php\/wp-json\/wp\/v2\/posts\/68055","targetHints":{"allow":["GET"]}}],"collection":[{"href":"https:\/\/lasprimeras.com.do\/index.php\/wp-json\/wp\/v2\/posts"}],"about":[{"href":"https:\/\/lasprimeras.com.do\/index.php\/wp-json\/wp\/v2\/types\/post"}],"author":[{"embeddable":true,"href":"https:\/\/lasprimeras.com.do\/index.php\/wp-json\/wp\/v2\/users\/2"}],"replies":[{"embeddable":true,"href":"https:\/\/lasprimeras.com.do\/index.php\/wp-json\/wp\/v2\/comments?post=68055"}],"version-history":[{"count":1,"href":"https:\/\/lasprimeras.com.do\/index.php\/wp-json\/wp\/v2\/posts\/68055\/revisions"}],"predecessor-version":[{"id":68056,"href":"https:\/\/lasprimeras.com.do\/index.php\/wp-json\/wp\/v2\/posts\/68055\/revisions\/68056"}],"wp:featuredmedia":[{"embeddable":true,"href":"https:\/\/lasprimeras.com.do\/index.php\/wp-json\/wp\/v2\/media\/54534"}],"wp:attachment":[{"href":"https:\/\/lasprimeras.com.do\/index.php\/wp-json\/wp\/v2\/media?parent=68055"}],"wp:term":[{"taxonomy":"category","embeddable":true,"href":"https:\/\/lasprimeras.com.do\/index.php\/wp-json\/wp\/v2\/categories?post=68055"},{"taxonomy":"post_tag","embeddable":true,"href":"https:\/\/lasprimeras.com.do\/index.php\/wp-json\/wp\/v2\/tags?post=68055"}],"curies":[{"name":"wp","href":"https:\/\/api.w.org\/{rel}","templated":true}]}}