{"id":68057,"date":"2023-11-21T12:24:37","date_gmt":"2023-11-21T16:24:37","guid":{"rendered":"https:\/\/lasprimeras.com.do\/?p=68057"},"modified":"2023-11-21T12:24:39","modified_gmt":"2023-11-21T16:24:39","slug":"alcalde-manuel-jimenez-mantiene-activo-comite-de-emergencias-de-sde","status":"publish","type":"post","link":"https:\/\/lasprimeras.com.do\/index.php\/2023\/11\/21\/alcalde-manuel-jimenez-mantiene-activo-comite-de-emergencias-de-sde\/","title":{"rendered":"Alcalde Manuel Jim\u00e9nez mantiene activo Comit\u00e9 de Emergencias de SDE"},"content":{"rendered":"\n<p><strong>EN EL MUNICIPIO NO SE REGISTRAN P\u00c9RDIDAS HUMANAS POR LAS LLUVIAS.<\/strong><\/p>\n\n\n\n<p>Por Mart\u00edn Restituyo<\/p>\n\n\n\n<p>El alcalde de Santo Domingo Este, Manuel Jim\u00e9nez, inform\u00f3 este martes que todos los equipos del Comit\u00e9 Municipal de Prevenci\u00f3n y Mitigaci\u00f3n de Riesgos de la demarcaci\u00f3n se mantendr\u00e1 en alerta y desarrollando trabajos preventivos ante la alta saturaci\u00f3n de los suelos y la posibilidad de crecida del r\u00edo Ozama.<\/p>\n\n\n\n<p>En una de rueda de prensa, Jim\u00e9nez explic\u00f3 que, fruto de los trabajos preventivos que se desarrollan durante todo el a\u00f1o, las ca\u00f1adas de Santo Domingo Este mantuvieron una corrent\u00eda sin grandes desbordamientos ni amenaza a la vida de los mun\u00edcipes de zonas de alta vulnerabilidad.<\/p>\n\n\n\n<p>De igual forma el alcalde Manuel Jim\u00e9nez explic\u00f3 que en estos momentos el gobierno del presidente Luis Abinader apoya al Ayuntamiento y a la comunidad en los trabajos de asistencia de las familias que m\u00e1s han sido afectadas por los altos niveles de lluvia.<\/p>\n\n\n\n<p>\u201cGracias a la Defensa Civil, la Cruz Roja, nuestro cuerpo de bomberos, la Polic\u00eda Nacional y el personal del Ayuntamiento hoy no tenemos p\u00e9rdidas humanas. Nos mantendremos trabajando junto al gobierno del presidente Abinader para auxiliar a los afectados de los sectores vulnerables y prevenir otros da\u00f1os\u201d, dijo Manuel Jim\u00e9nez durante la rueda de prensa.<\/p>\n\n\n\n<p>El Comit\u00e9 Municipal de Prevenci\u00f3n de Riesgos de Santo Domingo Este trabaja todo el a\u00f1o en el mantenimiento y limpieza de ca\u00f1adas y de grandes canaletas como la de la marginal de Las Am\u00e9ricas, pr\u00e1ctica que ha evitado, seg\u00fan las autoridades, mayores niveles de da\u00f1os en el municipio m\u00e1s poblado del pa\u00eds.<\/p>\n\n\n\n<p>Adem\u00e1s de las agencias citadas, tambi\u00e9n participan del Comit\u00e9 la Fuerza A\u00e9rea Dominicana, la Mesa de Seguridad Ciudadana, el 911, ONAMET y el Ministerio de Salud P\u00fablica.<\/p>\n\n\n\n<p>Otras ca\u00f1adas cuyo saneamiento es continuo est\u00e1n ubicadas en los sectores Francisco Alberto Caama\u00f1o, El Tamarindo, Cancino Adentro, Villa Liberaci\u00f3n y otros.<\/p>\n\n\n\n<p><strong>Prevenir el dengue<\/strong><\/p>\n\n\n\n<p>El alcalde Manuel Jim\u00e9nez dej\u00f3 iniciados los trabajos municipales de prevenci\u00f3n del dengue en Santo Domingo Este, e invit\u00f3 a la ciudadan\u00eda a colaborar tomando medidas en los hogares, patios y \u00e1reas comunes que pudieran tener elementos para los criaderos de mosquitos.<\/p>\n\n\n\n<p>El alcalde se\u00f1al\u00f3 que una vez pasan las lluvias autoridades y comunidades deben trabajar de la mano para evitar juntos la propagaci\u00f3n de la enfermedad.<\/p>\n","protected":false},"excerpt":{"rendered":"<p>EN EL MUNICIPIO NO SE REGISTRAN P\u00c9RDIDAS HUMANAS POR LAS LLUVIAS. Por Mart\u00edn Restituyo El alcalde de Santo Domingo Este, Manuel Jim\u00e9nez, inform\u00f3 este martes que todos los equipos del&hellip;<\/p>\n","protected":false},"author":2,"featured_media":68058,"comment_status":"open","ping_status":"open","sticky":false,"template":"","format":"standard","meta":{"content-type":"","jetpack_post_was_ever_published":false,"_jetpack_newsletter_access":"","_jetpack_dont_email_post_to_subs":false,"_jetpack_newsletter_tier_id":0,"_jetpack_memberships_contains_paywalled_content":false,"_jetpack_memberships_contains_paid_content":false,"footnotes":""},"categories":[35,25],"tags":[161,9686,196,1570],"class_list":["post-68057","post","type-post","status-publish","format-standard","has-post-thumbnail","hentry","category-nacionales","category-portada","tag-alcalde","tag-comite-de-emergencias","tag-manuel-jimenez","tag-santo-domingo-este"],"jetpack_featured_media_url":"https:\/\/lasprimeras.com.do\/wp-content\/uploads\/2023\/11\/Manuel-Jimenez-1.jpg","jetpack-related-posts":[{"id":58320,"url":"https:\/\/lasprimeras.com.do\/index.php\/2023\/08\/22\/alcalde-manuel-jimenez-solicita-municipes-eviten-lugares-de-alto-riesgo\/","url_meta":{"origin":68057,"position":0},"title":"Alcalde Manuel Jim\u00e9nez solicita mun\u00edcipes eviten lugares de alto riesgo","author":"Nelson Feliz","date":"22 de agosto de 2023","format":false,"excerpt":"EL ALCALDE DE SANTO DOMINGO ESTE COORDINA PERSONALMENTE LOS TRABAJOS DE PREVENCI\u00d3N EN LOS SECTORES M\u00c1S VULNERABLES DEL MUNICIPIO. Por Martin Restituyo El alcalde de Santo Domingo Este, Manuel Jim\u00e9nez exhort\u00f3 a la ciudadan\u00eda a que se mantenga alejada de la costa de la avenida Espa\u00f1a, la orilla del r\u00edo\u2026","rel":"","context":"En \u00abNACIONALES\u00bb","block_context":{"text":"NACIONALES","link":"https:\/\/lasprimeras.com.do\/index.php\/category\/nacionales\/"},"img":{"alt_text":"Manuel Jimenez","src":"https:\/\/i0.wp.com\/lasprimeras.com.do\/wp-content\/uploads\/2023\/08\/Manuel-Jimenez-4.jpg?resize=350%2C200&ssl=1","width":350,"height":200,"srcset":"https:\/\/i0.wp.com\/lasprimeras.com.do\/wp-content\/uploads\/2023\/08\/Manuel-Jimenez-4.jpg?resize=350%2C200&ssl=1 1x, https:\/\/i0.wp.com\/lasprimeras.com.do\/wp-content\/uploads\/2023\/08\/Manuel-Jimenez-4.jpg?resize=525%2C300&ssl=1 1.5x, https:\/\/i0.wp.com\/lasprimeras.com.do\/wp-content\/uploads\/2023\/08\/Manuel-Jimenez-4.jpg?resize=700%2C400&ssl=1 2x"},"classes":[]},{"id":103652,"url":"https:\/\/lasprimeras.com.do\/index.php\/2025\/07\/17\/manuel-jimenez-exhorta-a-diputados-aprobar-ley-que-asigna-nombre-la-trinitaria-a-santo-domingo-este\/","url_meta":{"origin":68057,"position":1},"title":"Manuel Jim\u00e9nez exhorta a diputados aprobar Ley que asigna nombre &#8220;La Trinitaria&#8221; a Santo Domingo Este","author":"Nelson Feliz","date":"17 de julio de 2025","format":false,"excerpt":"El dirigente pol\u00edtico del Partido Revolucionario Moderno (PRM) Manuel Jim\u00e9nez, exhort\u00f3 a la C\u00e1mara de Diputados a avanzar en la discusi\u00f3n del proyecto que asigna el nombre de La Trinitaria al municipio Santo Domingo Este. El ex alcalde record\u00f3 que cientos de dirigentes comunitarios, pol\u00edticos y empresarios han celebrado vistas\u2026","rel":"","context":"En \u00abNACIONALES\u00bb","block_context":{"text":"NACIONALES","link":"https:\/\/lasprimeras.com.do\/index.php\/category\/nacionales\/"},"img":{"alt_text":"Manuel Jim\u00e9nez","src":"https:\/\/i0.wp.com\/lasprimeras.com.do\/wp-content\/uploads\/2025\/07\/Manuel-Jimenez-1.jpg?resize=350%2C200&ssl=1","width":350,"height":200,"srcset":"https:\/\/i0.wp.com\/lasprimeras.com.do\/wp-content\/uploads\/2025\/07\/Manuel-Jimenez-1.jpg?resize=350%2C200&ssl=1 1x, https:\/\/i0.wp.com\/lasprimeras.com.do\/wp-content\/uploads\/2025\/07\/Manuel-Jimenez-1.jpg?resize=525%2C300&ssl=1 1.5x, https:\/\/i0.wp.com\/lasprimeras.com.do\/wp-content\/uploads\/2025\/07\/Manuel-Jimenez-1.jpg?resize=700%2C400&ssl=1 2x"},"classes":[]},{"id":120697,"url":"https:\/\/lasprimeras.com.do\/index.php\/2026\/01\/27\/manuel-jimenez-recomienda-funcionarios-y-politicos-tengan-a-duarte-como-guia\/","url_meta":{"origin":68057,"position":2},"title":"Manuel Jim\u00e9nez recomienda funcionarios y pol\u00edticos tengan a Duarte como gu\u00eda","author":"Nelson Feliz","date":"27 de enero de 2026","format":false,"excerpt":"El dirigente pol\u00edtico asegur\u00f3 que Duarte es el ejemplo de eficiencia y honestidad que todo gobierno necesita segu\u00edr. En el marco de un acto conmemorativo de los 213 a\u00f1os del natalicio de Juan Pablo Duarte, el dirigente pol\u00edtico y gestor cultural Manuel Jim\u00e9nez exhort\u00f3 a todos los servidores p\u00fablicos del\u2026","rel":"","context":"En \u00abNACIONALES\u00bb","block_context":{"text":"NACIONALES","link":"https:\/\/lasprimeras.com.do\/index.php\/category\/nacionales\/"},"img":{"alt_text":"","src":"https:\/\/i0.wp.com\/lasprimeras.com.do\/wp-content\/uploads\/2026\/01\/IMG-20260126-WA0727.jpg?resize=350%2C200&ssl=1","width":350,"height":200,"srcset":"https:\/\/i0.wp.com\/lasprimeras.com.do\/wp-content\/uploads\/2026\/01\/IMG-20260126-WA0727.jpg?resize=350%2C200&ssl=1 1x, https:\/\/i0.wp.com\/lasprimeras.com.do\/wp-content\/uploads\/2026\/01\/IMG-20260126-WA0727.jpg?resize=525%2C300&ssl=1 1.5x, https:\/\/i0.wp.com\/lasprimeras.com.do\/wp-content\/uploads\/2026\/01\/IMG-20260126-WA0727.jpg?resize=700%2C400&ssl=1 2x, https:\/\/i0.wp.com\/lasprimeras.com.do\/wp-content\/uploads\/2026\/01\/IMG-20260126-WA0727.jpg?resize=1050%2C600&ssl=1 3x, https:\/\/i0.wp.com\/lasprimeras.com.do\/wp-content\/uploads\/2026\/01\/IMG-20260126-WA0727.jpg?resize=1400%2C800&ssl=1 4x"},"classes":[]},{"id":59318,"url":"https:\/\/lasprimeras.com.do\/index.php\/2023\/09\/01\/reconocen-alcalde-manuel-jimenez-por-sus-aportes-al-deporte-y-al-desarrollo-local\/","url_meta":{"origin":68057,"position":3},"title":"Reconocen alcalde Manuel Jim\u00e9nez por sus aportes al deporte y al desarrollo local","author":"Nelson Feliz","date":"1 de septiembre de 2023","format":false,"excerpt":"Organizadores de los juegos patrios valoran propuesta de estadio profesional en Santo Domingo Este. Por Martin Restituyo El Comit\u00e9 Organizador de los Juegos Patrios de New York entreg\u00f3 un reconocimiento especial al alcalde Manuel Jim\u00e9nez por su trayectoria de servicio a favor de la comunidad y por sus grandes aportes\u2026","rel":"","context":"En \u00abSin categor\u00eda\u00bb","block_context":{"text":"Sin categor\u00eda","link":"https:\/\/lasprimeras.com.do\/index.php\/category\/sin-categoria\/"},"img":{"alt_text":"","src":"https:\/\/i0.wp.com\/lasprimeras.com.do\/wp-content\/uploads\/2023\/09\/Manuel-Jimenez-3.jpg?resize=350%2C200&ssl=1","width":350,"height":200,"srcset":"https:\/\/i0.wp.com\/lasprimeras.com.do\/wp-content\/uploads\/2023\/09\/Manuel-Jimenez-3.jpg?resize=350%2C200&ssl=1 1x, https:\/\/i0.wp.com\/lasprimeras.com.do\/wp-content\/uploads\/2023\/09\/Manuel-Jimenez-3.jpg?resize=525%2C300&ssl=1 1.5x, https:\/\/i0.wp.com\/lasprimeras.com.do\/wp-content\/uploads\/2023\/09\/Manuel-Jimenez-3.jpg?resize=700%2C400&ssl=1 2x"},"classes":[]},{"id":78322,"url":"https:\/\/lasprimeras.com.do\/index.php\/2024\/03\/14\/asistente-de-alcalde-manuel-jimenez-presenta-su-renuncia\/","url_meta":{"origin":68057,"position":4},"title":"Asistente de Alcalde Manuel Jim\u00e9nez presenta su renuncia","author":"Nelson Feliz","date":"14 de marzo de 2024","format":false,"excerpt":"Yancarlos Simanca asegura que lo hace para dar cumplimiento a la ley electoral y concentrarse en sus aspiraciones a Diputado. El dirigente perreme\u00edsta Yancarlos Simanca renunci\u00f3 a su cargo como asistente personal del alcalde Manuel Jim\u00e9nez y jefe de gabinete de la alcald\u00eda Santo Domingo Este y miembro del Comit\u00e9\u2026","rel":"","context":"En \u00abSin categor\u00eda\u00bb","block_context":{"text":"Sin categor\u00eda","link":"https:\/\/lasprimeras.com.do\/index.php\/category\/sin-categoria\/"},"img":{"alt_text":"Yancarlos Simanca","src":"https:\/\/i0.wp.com\/lasprimeras.com.do\/wp-content\/uploads\/2024\/03\/Yancarlos-Simanca.jpg?resize=350%2C200&ssl=1","width":350,"height":200},"classes":[]},{"id":77388,"url":"https:\/\/lasprimeras.com.do\/index.php\/2024\/02\/20\/el-alcalde-manuel-jimenez-presenta-nuevos-camiones-colectores-de-desechos-solidos\/","url_meta":{"origin":68057,"position":5},"title":"El alcalde Manuel Jim\u00e9nez presenta nuevos camiones colectores de desechos s\u00f3lidos","author":"BIMARY DE JES\u00daS Matos","date":"20 de febrero de 2024","format":false,"excerpt":"SDE.-El alcalde de Santo Domingo Este, Manuel Jim\u00e9nez, present\u00f3 cinco nuevos camiones compactadores modelo 2024 que ser\u00e1n integrados a las mejoraras de la recogida de desechos en las comunidades de la Circunscripci\u00f3n 3 del municipio de Santo Domingo Este. Los nuevos veh\u00edculos fueron presentados durante un acto que se desarroll\u00f3\u2026","rel":"","context":"En \u00abPORTADA\u00bb","block_context":{"text":"PORTADA","link":"https:\/\/lasprimeras.com.do\/index.php\/category\/portada\/"},"img":{"alt_text":"","src":"https:\/\/i0.wp.com\/lasprimeras.com.do\/wp-content\/uploads\/2024\/02\/IMG-20240220-WA0106.jpg?resize=350%2C200&ssl=1","width":350,"height":200,"srcset":"https:\/\/i0.wp.com\/lasprimeras.com.do\/wp-content\/uploads\/2024\/02\/IMG-20240220-WA0106.jpg?resize=350%2C200&ssl=1 1x, https:\/\/i0.wp.com\/lasprimeras.com.do\/wp-content\/uploads\/2024\/02\/IMG-20240220-WA0106.jpg?resize=525%2C300&ssl=1 1.5x, https:\/\/i0.wp.com\/lasprimeras.com.do\/wp-content\/uploads\/2024\/02\/IMG-20240220-WA0106.jpg?resize=700%2C400&ssl=1 2x, https:\/\/i0.wp.com\/lasprimeras.com.do\/wp-content\/uploads\/2024\/02\/IMG-20240220-WA0106.jpg?resize=1050%2C600&ssl=1 3x, https:\/\/i0.wp.com\/lasprimeras.com.do\/wp-content\/uploads\/2024\/02\/IMG-20240220-WA0106.jpg?resize=1400%2C800&ssl=1 4x"},"classes":[]}],"jetpack_sharing_enabled":true,"_links":{"self":[{"href":"https:\/\/lasprimeras.com.do\/index.php\/wp-json\/wp\/v2\/posts\/68057","targetHints":{"allow":["GET"]}}],"collection":[{"href":"https:\/\/lasprimeras.com.do\/index.php\/wp-json\/wp\/v2\/posts"}],"about":[{"href":"https:\/\/lasprimeras.com.do\/index.php\/wp-json\/wp\/v2\/types\/post"}],"author":[{"embeddable":true,"href":"https:\/\/lasprimeras.com.do\/index.php\/wp-json\/wp\/v2\/users\/2"}],"replies":[{"embeddable":true,"href":"https:\/\/lasprimeras.com.do\/index.php\/wp-json\/wp\/v2\/comments?post=68057"}],"version-history":[{"count":1,"href":"https:\/\/lasprimeras.com.do\/index.php\/wp-json\/wp\/v2\/posts\/68057\/revisions"}],"predecessor-version":[{"id":68059,"href":"https:\/\/lasprimeras.com.do\/index.php\/wp-json\/wp\/v2\/posts\/68057\/revisions\/68059"}],"wp:featuredmedia":[{"embeddable":true,"href":"https:\/\/lasprimeras.com.do\/index.php\/wp-json\/wp\/v2\/media\/68058"}],"wp:attachment":[{"href":"https:\/\/lasprimeras.com.do\/index.php\/wp-json\/wp\/v2\/media?parent=68057"}],"wp:term":[{"taxonomy":"category","embeddable":true,"href":"https:\/\/lasprimeras.com.do\/index.php\/wp-json\/wp\/v2\/categories?post=68057"},{"taxonomy":"post_tag","embeddable":true,"href":"https:\/\/lasprimeras.com.do\/index.php\/wp-json\/wp\/v2\/tags?post=68057"}],"curies":[{"name":"wp","href":"https:\/\/api.w.org\/{rel}","templated":true}]}}