{"id":68062,"date":"2023-11-21T12:58:40","date_gmt":"2023-11-21T16:58:40","guid":{"rendered":"https:\/\/lasprimeras.com.do\/?p=68062"},"modified":"2023-11-21T12:58:41","modified_gmt":"2023-11-21T16:58:41","slug":"lf-se-solidariza-con-familiares-de-las-victimas-por-lluvias-del-sabado","status":"publish","type":"post","link":"https:\/\/lasprimeras.com.do\/index.php\/2023\/11\/21\/lf-se-solidariza-con-familiares-de-las-victimas-por-lluvias-del-sabado\/","title":{"rendered":"LF se solidariza con familiares de las v\u00edctimas por lluvias del s\u00e1bado"},"content":{"rendered":"\n<p><strong>Llama a trabajar para superar tragedia sin mirar bander\u00edas pol\u00edticas.<\/strong><\/p>\n\n\n\n<p>El presidente del partido Fuerza del Pueblo, Leonel Fern\u00e1ndez, emiti\u00f3 un mensaje de solidaridad con las familias de las v\u00edctimas y aquellos que han sufrido p\u00e9rdidas de otras \u00edndoles, a ra\u00edz de las lluvias del s\u00e1bado en el territorio nacional.<\/p>\n\n\n\n<p>&#8220;Expresamos nuestro pesar por la tragedia y p\u00e9rdidas humanas provocadas por las fuertes lluvias que afectaron a nuestro pa\u00eds&#8221;, dice el l\u00edder pol\u00edtico a trav\u00e9s de un v\u00eddeo colgado en sus redes sociales.<\/p>\n\n\n\n<p>&#8220;Nuestra solidaridad con las familias de las v\u00edctimas, y pedimos a Dios, el Todopoderoso, que proteja a nuestra gente, en estos momentos de gran pesar&#8221;, continu\u00f3 expresando.<\/p>\n\n\n\n<p>En medio de las condiciones en la que hoy se encuentran miles de familias dominicanas, el l\u00edder de la oposici\u00f3n pol\u00edtica llam\u00f3 a trabajar unidos para superar la dificultad, sin mirar bander\u00edas pol\u00edticas. &#8220;Ante esta situaci\u00f3n, el pueblo dominicano nos debe encontrar trabajando juntos, sin importar bander\u00edas pol\u00edticas&#8221;, puntualiz\u00f3.<\/p>\n\n\n\n<p>&#8220;La adversidad nos desaf\u00eda, pero como en otras ocasiones, una vez m\u00e1s la Rep\u00fablica Dominicana sabr\u00e1 aunar sus fuerzas y salir hacia adelante&#8221;, finaliz\u00f3 diciendo el candidato presidencial en el video.<\/p>\n\n\n\n<p>Se recuerda que desde las primeras horas del domingo, dirigentes de la Fuerza del Pueblo en las demarcaciones afectadas se han desplazado para llevar ayudas a las familias y, han sido reiterativos en el mensaje de que todas las organizaciones pol\u00edticas unifiquen fuerzas en favor de las v\u00edctimas.<\/p>\n\n\n\n<p>La Fuerza del Pueblo tambi\u00e9n se suma al llamado a la poblaci\u00f3n de actuar con precauci\u00f3n ante la ocurrencia de m\u00e1s lluvias o deslizamientos de tierra por la saturaci\u00f3n que tienen los suelos.<\/p>\n","protected":false},"excerpt":{"rendered":"<p>Llama a trabajar para superar tragedia sin mirar bander\u00edas pol\u00edticas. El presidente del partido Fuerza del Pueblo, Leonel Fern\u00e1ndez, emiti\u00f3 un mensaje de solidaridad con las familias de las v\u00edctimas&hellip;<\/p>\n","protected":false},"author":2,"featured_media":68063,"comment_status":"open","ping_status":"open","sticky":false,"template":"","format":"standard","meta":{"content-type":"","jetpack_post_was_ever_published":false,"_jetpack_newsletter_access":"","_jetpack_dont_email_post_to_subs":false,"_jetpack_newsletter_tier_id":0,"_jetpack_memberships_contains_paywalled_content":false,"_jetpack_memberships_contains_paid_content":false,"footnotes":""},"categories":[25],"tags":[1055,51,2130,1597,2034],"class_list":["post-68062","post","type-post","status-publish","format-standard","has-post-thumbnail","hentry","category-portada","tag-familiares","tag-leonel-fernandez","tag-lluvias","tag-se-solidariza","tag-victimas"],"jetpack_featured_media_url":"https:\/\/lasprimeras.com.do\/wp-content\/uploads\/2023\/11\/Leonel-Fernandez-1-1.jpg","jetpack-related-posts":[{"id":78952,"url":"https:\/\/lasprimeras.com.do\/index.php\/2024\/03\/21\/leonel-se-solidariza-con-familiares-de-victimas-del-incendio-en-la-victoria\/","url_meta":{"origin":68062,"position":0},"title":"Leonel se solidariza con familiares de v\u00edctimas del incendio en La Victoria","author":"Nelson Feliz","date":"21 de marzo de 2024","format":false,"excerpt":"Hace llamado de atenci\u00f3n para que autoridades cumplan deber de proteger y servir a todos los dominicanos. El presidente del partido Fuerza del Pueblo, Leonel Fern\u00e1ndez, expres\u00f3 este jueves su solidaridad con las familias de las v\u00edctimas del incendio ocurrido en la c\u00e1rcel de La Victoria. \u201cEn estos momentos de\u2026","rel":"","context":"En \u00abNACIONALES\u00bb","block_context":{"text":"NACIONALES","link":"https:\/\/lasprimeras.com.do\/index.php\/category\/nacionales\/"},"img":{"alt_text":"Leonel Fern\u00e1ndez","src":"https:\/\/i0.wp.com\/lasprimeras.com.do\/wp-content\/uploads\/2024\/03\/Leonel-Fernandez-7.jpg?resize=350%2C200&ssl=1","width":350,"height":200,"srcset":"https:\/\/i0.wp.com\/lasprimeras.com.do\/wp-content\/uploads\/2024\/03\/Leonel-Fernandez-7.jpg?resize=350%2C200&ssl=1 1x, https:\/\/i0.wp.com\/lasprimeras.com.do\/wp-content\/uploads\/2024\/03\/Leonel-Fernandez-7.jpg?resize=525%2C300&ssl=1 1.5x, https:\/\/i0.wp.com\/lasprimeras.com.do\/wp-content\/uploads\/2024\/03\/Leonel-Fernandez-7.jpg?resize=700%2C400&ssl=1 2x"},"classes":[]},{"id":67992,"url":"https:\/\/lasprimeras.com.do\/index.php\/2023\/11\/20\/abel-martinez-se-solidariza-con-afectados-por-lluvias-expresa-disposicion-de-servir\/","url_meta":{"origin":68062,"position":1},"title":"Abel Mart\u00ednez se solidariza con afectados por lluvias; expresa disposici\u00f3n de servir","author":"Nelson Feliz","date":"20 de noviembre de 2023","format":false,"excerpt":"El candidato presidencial del Partido de la Liberaci\u00f3n Dominicana (PLD), Abel Mart\u00ednez, expres\u00f3 condolencias a familiares de las v\u00edctimas mortales, a causa de las torrenciales lluvias que han ca\u00eddo sobre el territorio nacional. De igual modo, Abel Mart\u00ednez manifest\u00f3 su solidaridad con dominicanos y dominicanas que han reportado p\u00e9rdidas materiales:\u2026","rel":"","context":"En \u00abPORTADA\u00bb","block_context":{"text":"PORTADA","link":"https:\/\/lasprimeras.com.do\/index.php\/category\/portada\/"},"img":{"alt_text":"","src":"https:\/\/i0.wp.com\/lasprimeras.com.do\/wp-content\/uploads\/2023\/11\/Abel-Martinez-2.jpeg?resize=350%2C200&ssl=1","width":350,"height":200,"srcset":"https:\/\/i0.wp.com\/lasprimeras.com.do\/wp-content\/uploads\/2023\/11\/Abel-Martinez-2.jpeg?resize=350%2C200&ssl=1 1x, https:\/\/i0.wp.com\/lasprimeras.com.do\/wp-content\/uploads\/2023\/11\/Abel-Martinez-2.jpeg?resize=525%2C300&ssl=1 1.5x, https:\/\/i0.wp.com\/lasprimeras.com.do\/wp-content\/uploads\/2023\/11\/Abel-Martinez-2.jpeg?resize=700%2C400&ssl=1 2x, https:\/\/i0.wp.com\/lasprimeras.com.do\/wp-content\/uploads\/2023\/11\/Abel-Martinez-2.jpeg?resize=1050%2C600&ssl=1 3x"},"classes":[]},{"id":79045,"url":"https:\/\/lasprimeras.com.do\/index.php\/2024\/03\/22\/leonel-visita-robert-reid-para-conocer-estado-de-salud-de-ninos-de-salcedo-y-solidarizarse-con-familiares\/","url_meta":{"origin":68062,"position":2},"title":"Leonel visita Robert Reid para conocer estado de salud de ni\u00f1os de Salcedo y solidarizarse con familiares","author":"BIMARY DE JES\u00daS Matos","date":"22 de marzo de 2024","format":false,"excerpt":"Santo Domingo, RD.- El presidente del partido Fuerza del Pueblo, Leonel Fern\u00e1ndez, visit\u00f3 este viernes el Hospital Pedi\u00e1trico Robert Reid Cabral, para conocer personalmente el estado de salud, de los ni\u00f1os que permanecen all\u00ed, afectados por el incendio en el Carnaval de Salcedo. El expresidente Fern\u00e1ndez, estuvo por varios d\u00edas\u2026","rel":"","context":"En \u00abSin categor\u00eda\u00bb","block_context":{"text":"Sin categor\u00eda","link":"https:\/\/lasprimeras.com.do\/index.php\/category\/sin-categoria\/"},"img":{"alt_text":"","src":"https:\/\/i0.wp.com\/lasprimeras.com.do\/wp-content\/uploads\/2024\/03\/WhatsApp-Image-2024-03-22-at-4.47.42-PM.webp?resize=350%2C200&ssl=1","width":350,"height":200,"srcset":"https:\/\/i0.wp.com\/lasprimeras.com.do\/wp-content\/uploads\/2024\/03\/WhatsApp-Image-2024-03-22-at-4.47.42-PM.webp?resize=350%2C200&ssl=1 1x, https:\/\/i0.wp.com\/lasprimeras.com.do\/wp-content\/uploads\/2024\/03\/WhatsApp-Image-2024-03-22-at-4.47.42-PM.webp?resize=525%2C300&ssl=1 1.5x, https:\/\/i0.wp.com\/lasprimeras.com.do\/wp-content\/uploads\/2024\/03\/WhatsApp-Image-2024-03-22-at-4.47.42-PM.webp?resize=700%2C400&ssl=1 2x"},"classes":[]},{"id":96864,"url":"https:\/\/lasprimeras.com.do\/index.php\/2025\/04\/09\/presidente-del-senado-expresa-su-solidaridad-con-las-victimas-del-derrumbe-en-la-discoteca-jet-set\/","url_meta":{"origin":68062,"position":3},"title":"Presidente del Senado expresa su solidaridad con las v\u00edctimas del derrumbe en la discoteca Jet Set","author":"Nelson Feliz","date":"9 de abril de 2025","format":false,"excerpt":"El presidente del Senado, Ricardo de los Santos, lament\u00f3 la tragedia ocurrida la madrugada de este martes en la discoteca Jet Set, tras el derrumbe del techo del centro nocturno, durante una fiesta que era amenizada por el merenguero Rubby P\u00e9rez. Ante esta dif\u00edcil situaci\u00f3n, De los Santos, expres\u00f3 su\u2026","rel":"","context":"En \u00abNACIONALES\u00bb","block_context":{"text":"NACIONALES","link":"https:\/\/lasprimeras.com.do\/index.php\/category\/nacionales\/"},"img":{"alt_text":"","src":"https:\/\/i0.wp.com\/lasprimeras.com.do\/wp-content\/uploads\/2025\/04\/senado.jpg?resize=350%2C200&ssl=1","width":350,"height":200,"srcset":"https:\/\/i0.wp.com\/lasprimeras.com.do\/wp-content\/uploads\/2025\/04\/senado.jpg?resize=350%2C200&ssl=1 1x, https:\/\/i0.wp.com\/lasprimeras.com.do\/wp-content\/uploads\/2025\/04\/senado.jpg?resize=525%2C300&ssl=1 1.5x, https:\/\/i0.wp.com\/lasprimeras.com.do\/wp-content\/uploads\/2025\/04\/senado.jpg?resize=700%2C400&ssl=1 2x"},"classes":[]},{"id":96795,"url":"https:\/\/lasprimeras.com.do\/index.php\/2025\/04\/08\/propietarios-de-jet-set-lamentan-tragedia-y-se-solidarizan-con-las-victimas\/","url_meta":{"origin":68062,"position":4},"title":"Propietarios de Jet Set lamentan tragedia y se solidarizan con las v\u00edctimas","author":"Nelson Feliz","date":"8 de abril de 2025","format":false,"excerpt":"-.Familia Espaillat L\u00f3pez pide no adelantarse a las investigaciones. La discoteca Jet Set y la familia Espaillat L\u00f3pez, propietaria del local, lamenta la tragedia ocurrida la madrugada de este martes en su establecimiento. \u201cNos solidarizamos con los las personas afectadas y sus familiares. Al tiempo que pedimos no adelantarnos a\u2026","rel":"","context":"En \u00abNACIONALES\u00bb","block_context":{"text":"NACIONALES","link":"https:\/\/lasprimeras.com.do\/index.php\/category\/nacionales\/"},"img":{"alt_text":"","src":"https:\/\/i0.wp.com\/lasprimeras.com.do\/wp-content\/uploads\/2025\/04\/Derrumbe-parcial-en-la-Discoteca-Jet-Set-durante-espectaculo-la-madrugada-de-este-martes.jpg?resize=350%2C200&ssl=1","width":350,"height":200,"srcset":"https:\/\/i0.wp.com\/lasprimeras.com.do\/wp-content\/uploads\/2025\/04\/Derrumbe-parcial-en-la-Discoteca-Jet-Set-durante-espectaculo-la-madrugada-de-este-martes.jpg?resize=350%2C200&ssl=1 1x, https:\/\/i0.wp.com\/lasprimeras.com.do\/wp-content\/uploads\/2025\/04\/Derrumbe-parcial-en-la-Discoteca-Jet-Set-durante-espectaculo-la-madrugada-de-este-martes.jpg?resize=525%2C300&ssl=1 1.5x, https:\/\/i0.wp.com\/lasprimeras.com.do\/wp-content\/uploads\/2025\/04\/Derrumbe-parcial-en-la-Discoteca-Jet-Set-durante-espectaculo-la-madrugada-de-este-martes.jpg?resize=700%2C400&ssl=1 2x"},"classes":[]},{"id":57867,"url":"https:\/\/lasprimeras.com.do\/index.php\/2023\/08\/15\/abel-martinez-expresa-pesar-por-tragedia-en-ciudad-san-cristobal\/","url_meta":{"origin":68062,"position":5},"title":"Abel Mart\u00ednez expresa pesar por tragedia en ciudad San Crist\u00f3bal","author":"Nelson Feliz","date":"15 de agosto de 2023","format":false,"excerpt":"El candidato presidencial el Partido de la Liberaci\u00f3n Dominicana (PLD) y alcalde de San Crist\u00f3bal, Abel Mart\u00ednez, expres\u00f3 su pesar por la explosi\u00f3n en San Crist\u00f3bal, que ha dejado m\u00e1s de una decena de muertos, desaparecidos y mas de medio centenar de lesionados. Hablando a nombre del cabildo y el\u2026","rel":"","context":"En \u00abSin categor\u00eda\u00bb","block_context":{"text":"Sin categor\u00eda","link":"https:\/\/lasprimeras.com.do\/index.php\/category\/sin-categoria\/"},"img":{"alt_text":"Abel Mart\u00ednez","src":"https:\/\/i0.wp.com\/lasprimeras.com.do\/wp-content\/uploads\/2023\/07\/Abel-Martinez-1.jpeg?resize=350%2C200&ssl=1","width":350,"height":200,"srcset":"https:\/\/i0.wp.com\/lasprimeras.com.do\/wp-content\/uploads\/2023\/07\/Abel-Martinez-1.jpeg?resize=350%2C200&ssl=1 1x, https:\/\/i0.wp.com\/lasprimeras.com.do\/wp-content\/uploads\/2023\/07\/Abel-Martinez-1.jpeg?resize=525%2C300&ssl=1 1.5x, https:\/\/i0.wp.com\/lasprimeras.com.do\/wp-content\/uploads\/2023\/07\/Abel-Martinez-1.jpeg?resize=700%2C400&ssl=1 2x"},"classes":[]}],"jetpack_sharing_enabled":true,"_links":{"self":[{"href":"https:\/\/lasprimeras.com.do\/index.php\/wp-json\/wp\/v2\/posts\/68062","targetHints":{"allow":["GET"]}}],"collection":[{"href":"https:\/\/lasprimeras.com.do\/index.php\/wp-json\/wp\/v2\/posts"}],"about":[{"href":"https:\/\/lasprimeras.com.do\/index.php\/wp-json\/wp\/v2\/types\/post"}],"author":[{"embeddable":true,"href":"https:\/\/lasprimeras.com.do\/index.php\/wp-json\/wp\/v2\/users\/2"}],"replies":[{"embeddable":true,"href":"https:\/\/lasprimeras.com.do\/index.php\/wp-json\/wp\/v2\/comments?post=68062"}],"version-history":[{"count":1,"href":"https:\/\/lasprimeras.com.do\/index.php\/wp-json\/wp\/v2\/posts\/68062\/revisions"}],"predecessor-version":[{"id":68064,"href":"https:\/\/lasprimeras.com.do\/index.php\/wp-json\/wp\/v2\/posts\/68062\/revisions\/68064"}],"wp:featuredmedia":[{"embeddable":true,"href":"https:\/\/lasprimeras.com.do\/index.php\/wp-json\/wp\/v2\/media\/68063"}],"wp:attachment":[{"href":"https:\/\/lasprimeras.com.do\/index.php\/wp-json\/wp\/v2\/media?parent=68062"}],"wp:term":[{"taxonomy":"category","embeddable":true,"href":"https:\/\/lasprimeras.com.do\/index.php\/wp-json\/wp\/v2\/categories?post=68062"},{"taxonomy":"post_tag","embeddable":true,"href":"https:\/\/lasprimeras.com.do\/index.php\/wp-json\/wp\/v2\/tags?post=68062"}],"curies":[{"name":"wp","href":"https:\/\/api.w.org\/{rel}","templated":true}]}}