{"id":68097,"date":"2023-11-21T14:40:47","date_gmt":"2023-11-21T18:40:47","guid":{"rendered":"https:\/\/lasprimeras.com.do\/?p=68097"},"modified":"2023-11-21T14:40:49","modified_gmt":"2023-11-21T18:40:49","slug":"pld-y-fuerza-pueblo-critican-al-gobierno-por-manejo-de-lluvias","status":"publish","type":"post","link":"https:\/\/lasprimeras.com.do\/index.php\/2023\/11\/21\/pld-y-fuerza-pueblo-critican-al-gobierno-por-manejo-de-lluvias\/","title":{"rendered":"PLD y Fuerza Pueblo critican al Gobierno por manejo de lluvias"},"content":{"rendered":"\n<p class=\"wp-block-paragraph\">Santo Domingo.-Los principales partidos opositores del pa\u00eds criticaron al Gobierno por el manejo que ha tenido ante las torrenciales lluvias del pasado s\u00e1bado que dejaron al menos 24 personas fallecidas, obras colapsadas y comunidades incomunicadas.<\/p>\n\n\n\n<p class=\"wp-block-paragraph\">El Partido Fuerza del Pueblo (FP), afirm\u00f3 que la actual administraci\u00f3n tuvo errores y fallas en el manejo de la emergencia meteorol\u00f3gica del s\u00e1bado 18 de noviembre.<\/p>\n\n\n\n<p class=\"wp-block-paragraph\">A trav\u00e9s de un comunicado, la organizaci\u00f3n pol\u00edtica asegur\u00f3 que el Gobierno tuvo falta de orientaci\u00f3n a la poblaci\u00f3n sobre el peligro inminente de la tormenta anunciada.<\/p>\n\n\n\n<p class=\"wp-block-paragraph\">\u201cPor ejemplo, no fue sino hasta las 5:00 de la tarde, que se coloc\u00f3 en alerta roja al Gran Santo Domingo. A pesar de contar con una extraordinaria plataforma de propaganda y publicidad pol\u00edtica, que promueve la figura presidencial, esta no fue puesta al servicio de la prevenci\u00f3n para alertar debidamente a la poblaci\u00f3n\u201d, indica el comunicado.<\/p>\n\n\n\n<p class=\"wp-block-paragraph\">Tambi\u00e9n, cuestion\u00f3 que el director del COE, Juan Manuel M\u00e9ndez, se ausentara para atender compromisos de fiestas familiares. Denunci\u00f3 que adem\u00e1s de prescindir de sus labores, envi\u00f3 \u201cun mensaje distorsionado a la poblaci\u00f3n sobre la magnitud, alcance y peligro de la tormenta\u201d.<\/p>\n\n\n\n<p class=\"wp-block-paragraph\">La Fuerza del P\u00faeblo dijo que no se dise\u00f1\u00f3 ni ejecut\u00f3 un plan preventivo, ni de evaluaci\u00f3n de las zonas vulnerables y de riesgo. Adem\u00e1s, indic\u00f3 que el Gobierno ignor\u00f3 las advertencias del deterioro de varias infraestructuras viales de importancia.<\/p>\n","protected":false},"excerpt":{"rendered":"<p>Santo Domingo.-Los principales partidos opositores del pa\u00eds criticaron al Gobierno por el manejo que ha tenido ante las torrenciales lluvias del pasado s\u00e1bado que dejaron al menos 24 personas fallecidas,&hellip;<\/p>\n","protected":false},"author":3,"featured_media":68098,"comment_status":"open","ping_status":"open","sticky":false,"template":"","format":"standard","meta":{"content-type":"","_jetpack_newsletter_access":"","_jetpack_dont_email_post_to_subs":false,"_jetpack_newsletter_tier_id":0,"_jetpack_memberships_contains_paywalled_content":false,"_jetpack_feature_clip_id":0,"_jetpack_memberships_contains_paid_content":false,"footnotes":"","jetpack_post_was_ever_published":false},"categories":[1],"tags":[269],"class_list":["post-68097","post","type-post","status-publish","format-standard","has-post-thumbnail","hentry","category-sin-categoria","tag-pld"],"jetpack-related-posts":[{"id":130283,"url":"https:\/\/lasprimeras.com.do\/index.php\/2026\/05\/12\/diaz-rua-afirma-que-alejandrina-german-pertenece-a-corriente-leonelista-y-critica-obras-de-abinader\/","url_meta":{"origin":68097,"position":0},"title":"D\u00edaz R\u00faa afirma que Alejandrina Germ\u00e1n pertenece a corriente leonelista y critica obras de Abinader","author":"Nelson Feliz","date":"12 de mayo de 2026","format":false,"excerpt":"El exministro de Obras P\u00fablicas, V\u00edctor D\u00edaz R\u00faa, asegur\u00f3 este martes que varios integrantes del Comit\u00e9 Pol\u00edtico del Partido de la Liberaci\u00f3n Dominicana (PLD) son simpatizantes del expresidente Leonel Fern\u00e1ndez, entre ellos la dirigente Alejandrina Germ\u00e1n. Al ser entrevistado en el programa A Diario, D\u00edaz R\u00faa sostuvo que Germ\u00e1n \u201ces\u2026","rel":"","context":"En \u00abPOLITICA\u00bb","block_context":{"text":"POLITICA","link":"https:\/\/lasprimeras.com.do\/index.php\/category\/politica\/"},"img":{"alt_text":"","src":"https:\/\/i0.wp.com\/lasprimeras.com.do\/wp-content\/uploads\/2026\/05\/IMG_20260512_085557_1.jpg?resize=350%2C200&ssl=1","width":350,"height":200,"srcset":"https:\/\/i0.wp.com\/lasprimeras.com.do\/wp-content\/uploads\/2026\/05\/IMG_20260512_085557_1.jpg?resize=350%2C200&ssl=1 1x, https:\/\/i0.wp.com\/lasprimeras.com.do\/wp-content\/uploads\/2026\/05\/IMG_20260512_085557_1.jpg?resize=525%2C300&ssl=1 1.5x, https:\/\/i0.wp.com\/lasprimeras.com.do\/wp-content\/uploads\/2026\/05\/IMG_20260512_085557_1.jpg?resize=700%2C400&ssl=1 2x, https:\/\/i0.wp.com\/lasprimeras.com.do\/wp-content\/uploads\/2026\/05\/IMG_20260512_085557_1.jpg?resize=1050%2C600&ssl=1 3x"},"classes":[]},{"id":79897,"url":"https:\/\/lasprimeras.com.do\/index.php\/2024\/04\/01\/candidato-a-senador-juan-mercado-recibe-el-respaldo-de-dirigentes-del-prm-fp-y-pld\/","url_meta":{"origin":68097,"position":1},"title":"Candidato a Senador Juan Mercado recibe el respaldo de dirigentes del PRM, FP y PLD","author":"BIMARY DE JES\u00daS Matos","date":"1 de abril de 2024","format":false,"excerpt":"Santo Domingo RD. Tras el asueto de la Semana Santa, se activa la campa\u00f1a pol\u00edtica y el candidato a Senador, por la provincia Santo Domingo, Juan Mercado quien representa la verdadera oposici\u00f3n para senadur\u00eda, contin\u00faan recibiendo el respaldo de cientos dirigentes y simpatizantes de los partidos PRM, Fuerza del Pueblo\u2026","rel":"","context":"En \u00abSin categor\u00eda\u00bb","block_context":{"text":"Sin categor\u00eda","link":"https:\/\/lasprimeras.com.do\/index.php\/category\/sin-categoria\/"},"img":{"alt_text":"","src":"https:\/\/i0.wp.com\/lasprimeras.com.do\/wp-content\/uploads\/2024\/04\/IMG-20240401-WA0011.jpg?resize=350%2C200&ssl=1","width":350,"height":200,"srcset":"https:\/\/i0.wp.com\/lasprimeras.com.do\/wp-content\/uploads\/2024\/04\/IMG-20240401-WA0011.jpg?resize=350%2C200&ssl=1 1x, https:\/\/i0.wp.com\/lasprimeras.com.do\/wp-content\/uploads\/2024\/04\/IMG-20240401-WA0011.jpg?resize=525%2C300&ssl=1 1.5x, https:\/\/i0.wp.com\/lasprimeras.com.do\/wp-content\/uploads\/2024\/04\/IMG-20240401-WA0011.jpg?resize=700%2C400&ssl=1 2x, https:\/\/i0.wp.com\/lasprimeras.com.do\/wp-content\/uploads\/2024\/04\/IMG-20240401-WA0011.jpg?resize=1050%2C600&ssl=1 3x"},"classes":[]},{"id":68734,"url":"https:\/\/lasprimeras.com.do\/index.php\/2023\/11\/27\/leonel-visito-zonas-afectadas-por-inundaciones-en-santo-domingo-oeste\/","url_meta":{"origin":68097,"position":2},"title":"Leonel visit\u00f3 zonas afectadas por inundaciones en Santo Domingo Oeste","author":"Nelson Feliz","date":"27 de noviembre de 2023","format":false,"excerpt":"El presidente del partido Fuerza del Pueblo, Leonel Fern\u00e1ndez, asisti\u00f3 a las zonas afectadas por inundaciones en Santo Domingo Oeste, donde perdieron la vida unas 16 personas el pasado s\u00e1bado 18 de noviembre, debido a la falta de previsi\u00f3n del gobierno de Luis Abinader ante los altos niveles de lluvia.\u2026","rel":"","context":"En \u00abPORTADA\u00bb","block_context":{"text":"PORTADA","link":"https:\/\/lasprimeras.com.do\/index.php\/category\/portada\/"},"img":{"alt_text":"Leonel Fern\u00e1ndez","src":"https:\/\/i0.wp.com\/lasprimeras.com.do\/wp-content\/uploads\/2023\/11\/Leonel-Fernandez-8.jpg?resize=350%2C200&ssl=1","width":350,"height":200,"srcset":"https:\/\/i0.wp.com\/lasprimeras.com.do\/wp-content\/uploads\/2023\/11\/Leonel-Fernandez-8.jpg?resize=350%2C200&ssl=1 1x, https:\/\/i0.wp.com\/lasprimeras.com.do\/wp-content\/uploads\/2023\/11\/Leonel-Fernandez-8.jpg?resize=525%2C300&ssl=1 1.5x, https:\/\/i0.wp.com\/lasprimeras.com.do\/wp-content\/uploads\/2023\/11\/Leonel-Fernandez-8.jpg?resize=700%2C400&ssl=1 2x"},"classes":[]},{"id":68412,"url":"https:\/\/lasprimeras.com.do\/index.php\/2023\/11\/23\/dominguez-brito-el-gobierno-va-por-un-camino-equivocado-endeudando-al-pais\/","url_meta":{"origin":68097,"position":3},"title":"Dom\u00ednguez Brito: &#8220;El gobierno va por un camino equivocado endeudando al pa\u00eds&#8221;","author":"Nelson Feliz","date":"23 de noviembre de 2023","format":false,"excerpt":"El miembro del Comit\u00e9 Pol\u00edtico del Partido de la Liberaci\u00f3n Dominicana,Francisco Dom\u00ednguez Brito, consider\u00f3 que el gobierno de Luis Abinader y el PRM debe revisarse, porque va por un camino equivocado endeudando al pa\u00eds con pr\u00e9stamos, para tratar de enmendar situaciones que debieron ser prevenidas, pero cuyo dinero el pueblo\u2026","rel":"","context":"En \u00abSin categor\u00eda\u00bb","block_context":{"text":"Sin categor\u00eda","link":"https:\/\/lasprimeras.com.do\/index.php\/category\/sin-categoria\/"},"img":{"alt_text":"","src":"https:\/\/i0.wp.com\/lasprimeras.com.do\/wp-content\/uploads\/2023\/11\/dominguez.jpg?resize=350%2C200&ssl=1","width":350,"height":200,"srcset":"https:\/\/i0.wp.com\/lasprimeras.com.do\/wp-content\/uploads\/2023\/11\/dominguez.jpg?resize=350%2C200&ssl=1 1x, https:\/\/i0.wp.com\/lasprimeras.com.do\/wp-content\/uploads\/2023\/11\/dominguez.jpg?resize=525%2C300&ssl=1 1.5x"},"classes":[]},{"id":130372,"url":"https:\/\/lasprimeras.com.do\/index.php\/2026\/05\/13\/johnny-pujols-asegura-que-el-pld-es-el-unico-partido-que-ha-crecido-y-va-a-ganar-en-2028\/","url_meta":{"origin":68097,"position":4},"title":"Johnny Pujols asegura que el PLD es el \u00fanico partido que ha crecido y va a ganar en 2028","author":"Nelson Feliz","date":"13 de mayo de 2026","format":false,"excerpt":"El secretario general del Partido de la Liberaci\u00f3n Dominicana (PLD), Johnny Pujols, asegur\u00f3 este martes que esa organizaci\u00f3n pol\u00edtica es la \u00fanica que ha crecido de cara a las elecciones del 2028. Dijo que tanto la encuesta ACD Media como la Gallup-Diario Libre lo que evidencian es el reposicionamiento del\u2026","rel":"","context":"En \u00abPOLITICA\u00bb","block_context":{"text":"POLITICA","link":"https:\/\/lasprimeras.com.do\/index.php\/category\/politica\/"},"img":{"alt_text":"","src":"https:\/\/i0.wp.com\/lasprimeras.com.do\/wp-content\/uploads\/2025\/10\/Johnny-Pujols.jpg?resize=350%2C200&ssl=1","width":350,"height":200,"srcset":"https:\/\/i0.wp.com\/lasprimeras.com.do\/wp-content\/uploads\/2025\/10\/Johnny-Pujols.jpg?resize=350%2C200&ssl=1 1x, https:\/\/i0.wp.com\/lasprimeras.com.do\/wp-content\/uploads\/2025\/10\/Johnny-Pujols.jpg?resize=525%2C300&ssl=1 1.5x, https:\/\/i0.wp.com\/lasprimeras.com.do\/wp-content\/uploads\/2025\/10\/Johnny-Pujols.jpg?resize=700%2C400&ssl=1 2x"},"classes":[]},{"id":100880,"url":"https:\/\/lasprimeras.com.do\/index.php\/2025\/06\/13\/dominguez-brito-exhorta-al-gobierno-a-proteger-al-pueblo-de-irregularidades-ambientales-y-judiciales\/","url_meta":{"origin":68097,"position":5},"title":"Dom\u00ednguez Brito exhorta al gobierno a proteger al pueblo de irregularidades ambientales y judiciales","author":"Nelson Feliz","date":"13 de junio de 2025","format":false,"excerpt":"\u201cEste es el gobierno m\u00e1s inepto e ineficaz en la historia del manejo de los recursos nacionales\u201d, afirm\u00f3 Francisco Dom\u00ednguez Brito. El miembro del Comit\u00e9 Pol\u00edtico del Partido de la Liberaci\u00f3n Dominicana (PLD) y exprocurador General de la Rep\u00fablica, Francisco Dom\u00ednguez Brito, denunci\u00f3 serias irregularidades en el manejo de temas\u2026","rel":"","context":"En \u00abPOLITICA\u00bb","block_context":{"text":"POLITICA","link":"https:\/\/lasprimeras.com.do\/index.php\/category\/politica\/"},"img":{"alt_text":"Francisco Dom\u00ednguez Brito","src":"https:\/\/i0.wp.com\/lasprimeras.com.do\/wp-content\/uploads\/2025\/06\/Francisco-Dominguez-Brito.jpg?resize=350%2C200&ssl=1","width":350,"height":200,"srcset":"https:\/\/i0.wp.com\/lasprimeras.com.do\/wp-content\/uploads\/2025\/06\/Francisco-Dominguez-Brito.jpg?resize=350%2C200&ssl=1 1x, https:\/\/i0.wp.com\/lasprimeras.com.do\/wp-content\/uploads\/2025\/06\/Francisco-Dominguez-Brito.jpg?resize=525%2C300&ssl=1 1.5x, https:\/\/i0.wp.com\/lasprimeras.com.do\/wp-content\/uploads\/2025\/06\/Francisco-Dominguez-Brito.jpg?resize=700%2C400&ssl=1 2x"},"classes":[]}],"jetpack_sharing_enabled":true,"jetpack_featured_media_url":"https:\/\/lasprimeras.com.do\/wp-content\/uploads\/2023\/11\/Noticias-de-energia-6-4.jpg","_links":{"self":[{"href":"https:\/\/lasprimeras.com.do\/index.php\/wp-json\/wp\/v2\/posts\/68097","targetHints":{"allow":["GET"]}}],"collection":[{"href":"https:\/\/lasprimeras.com.do\/index.php\/wp-json\/wp\/v2\/posts"}],"about":[{"href":"https:\/\/lasprimeras.com.do\/index.php\/wp-json\/wp\/v2\/types\/post"}],"author":[{"embeddable":true,"href":"https:\/\/lasprimeras.com.do\/index.php\/wp-json\/wp\/v2\/users\/3"}],"replies":[{"embeddable":true,"href":"https:\/\/lasprimeras.com.do\/index.php\/wp-json\/wp\/v2\/comments?post=68097"}],"version-history":[{"count":1,"href":"https:\/\/lasprimeras.com.do\/index.php\/wp-json\/wp\/v2\/posts\/68097\/revisions"}],"predecessor-version":[{"id":68099,"href":"https:\/\/lasprimeras.com.do\/index.php\/wp-json\/wp\/v2\/posts\/68097\/revisions\/68099"}],"wp:featuredmedia":[{"embeddable":true,"href":"https:\/\/lasprimeras.com.do\/index.php\/wp-json\/wp\/v2\/media\/68098"}],"wp:attachment":[{"href":"https:\/\/lasprimeras.com.do\/index.php\/wp-json\/wp\/v2\/media?parent=68097"}],"wp:term":[{"taxonomy":"category","embeddable":true,"href":"https:\/\/lasprimeras.com.do\/index.php\/wp-json\/wp\/v2\/categories?post=68097"},{"taxonomy":"post_tag","embeddable":true,"href":"https:\/\/lasprimeras.com.do\/index.php\/wp-json\/wp\/v2\/tags?post=68097"}],"curies":[{"name":"wp","href":"https:\/\/api.w.org\/{rel}","templated":true}]}}