{"id":68103,"date":"2023-11-21T14:43:14","date_gmt":"2023-11-21T18:43:14","guid":{"rendered":"https:\/\/lasprimeras.com.do\/?p=68103"},"modified":"2023-11-21T14:43:15","modified_gmt":"2023-11-21T18:43:15","slug":"rd-debuta-este-martes-ante-costa-rica-torneo-voleibol-norceca-u-17","status":"publish","type":"post","link":"https:\/\/lasprimeras.com.do\/index.php\/2023\/11\/21\/rd-debuta-este-martes-ante-costa-rica-torneo-voleibol-norceca-u-17\/","title":{"rendered":"RD debuta este martes ante Costa Rica torneo voleibol Norceca U-17"},"content":{"rendered":"\n<p>SANTO DOMINGO.- La Selecci\u00f3n Nacional U-17 de Voleibol Femenino de Rep\u00fablica Dominicana, debutar\u00e1 este martes ante Costa Rica, en la primera edici\u00f3n del Campeonato Continental Norceca U-17.<\/p>\n\n\n\n<p>El partido est\u00e1 programado para las 2:00 de la tarde, (4:00 de la tarde hora dominicana) en el Gimnasio Jorge Galeano, en Tegucigalpa, Honduras.<\/p>\n\n\n\n<p>El Campeonato Norceca Sub-17 se realiza en cumplimiento del proceso de clasificaci\u00f3n para la edici\u00f3n inaugural del Campeonato Mundial Sub-17 de la FIVB que se llevar\u00e1 a cabo en 2024. Los tres primeros lugares ir\u00e1n al mundial.<\/p>\n\n\n\n<p>El presidente del Proyecto de Selecciones Nacionales, Crist\u00f3bal Marte y Milagros Cabral, directora general, se mostraron muy optimistas de la labor que realizan las ni\u00f1as voleibolistas del proyecto en Honduras.<\/p>\n\n\n\n<p>El capataz del conjunto criollo, Wilson S\u00e1nchez, proclam\u00f3 que llegar\u00e1n con la encomienda de dar lo mejor del equipo criollo en el torneo.<\/p>\n","protected":false},"excerpt":{"rendered":"<p>SANTO DOMINGO.- La Selecci\u00f3n Nacional U-17 de Voleibol Femenino de Rep\u00fablica Dominicana, debutar\u00e1 este martes ante Costa Rica, en la primera edici\u00f3n del Campeonato Continental Norceca U-17. El partido est\u00e1&hellip;<\/p>\n","protected":false},"author":3,"featured_media":68104,"comment_status":"open","ping_status":"open","sticky":false,"template":"","format":"standard","meta":{"content-type":"","jetpack_post_was_ever_published":false,"_jetpack_newsletter_access":"","_jetpack_dont_email_post_to_subs":false,"_jetpack_newsletter_tier_id":0,"_jetpack_memberships_contains_paywalled_content":false,"_jetpack_memberships_contains_paid_content":false,"footnotes":""},"categories":[1],"tags":[],"class_list":["post-68103","post","type-post","status-publish","format-standard","has-post-thumbnail","hentry","category-sin-categoria"],"jetpack_featured_media_url":"https:\/\/lasprimeras.com.do\/wp-content\/uploads\/2023\/11\/Noticias-de-energia-6-6.jpg","jetpack-related-posts":[{"id":56078,"url":"https:\/\/lasprimeras.com.do\/index.php\/2023\/07\/27\/dominicana-partira-a-campeonato-mundial-sub-19\/","url_meta":{"origin":68103,"position":0},"title":"Dominicana partir\u00e1 a campeonato mundial Sub-19","author":"Nelson Feliz","date":"27 de julio de 2023","format":false,"excerpt":"Dominicana debutar\u00e1 frente a Puerto Rico el primero de agosto. La Selecci\u00f3n Nacional Femenina Sub-19 de la Rep\u00fablica Dominicana partir\u00e1 este s\u00e1bado hacia la ciudad de Osijek, Croacia, donde estar\u00e1 debutando ante Puerto Rico el d\u00eda primero de agosto en el Campeonato Mundial de esa categor\u00eda, a partir de las\u2026","rel":"","context":"En \u00abSin categor\u00eda\u00bb","block_context":{"text":"Sin categor\u00eda","link":"https:\/\/lasprimeras.com.do\/index.php\/category\/sin-categoria\/"},"img":{"alt_text":"Parte del equipo dominicano de voleibol femenino que participar\u00e1 en el Mundial Sub-19.","src":"https:\/\/i0.wp.com\/lasprimeras.com.do\/wp-content\/uploads\/2023\/07\/voleibol-femenino.jpeg?resize=350%2C200&ssl=1","width":350,"height":200,"srcset":"https:\/\/i0.wp.com\/lasprimeras.com.do\/wp-content\/uploads\/2023\/07\/voleibol-femenino.jpeg?resize=350%2C200&ssl=1 1x, https:\/\/i0.wp.com\/lasprimeras.com.do\/wp-content\/uploads\/2023\/07\/voleibol-femenino.jpeg?resize=525%2C300&ssl=1 1.5x, https:\/\/i0.wp.com\/lasprimeras.com.do\/wp-content\/uploads\/2023\/07\/voleibol-femenino.jpeg?resize=700%2C400&ssl=1 2x"},"classes":[]},{"id":119055,"url":"https:\/\/lasprimeras.com.do\/index.php\/2026\/01\/06\/reinas-del-caribe-va-por-septima-corona-al-hilo-en-juegos-centroamericanos-santo-domingo-2026\/","url_meta":{"origin":68103,"position":1},"title":"Reinas del Caribe va por s\u00e9ptima corona al hilo en Juegos Centroamericanos Santo Domingo 2026","author":"Nelson Feliz","date":"6 de enero de 2026","format":false,"excerpt":"La Selecci\u00f3n Nacional de Voleibol Femenino (Las Reinas del Caribe) buscar\u00e1 su s\u00e9ptima corona consecutiva en el evento de voleibol que se iniciar\u00e1 el primero de agosto dentro de los venideros XXV Juegos Centroamericanos y del Caribe, que se inaugurar\u00e1n oficialmente el 24 de julio en el Estadio Ol\u00edmpico Juan\u2026","rel":"","context":"En \u00abDEPORTES\u00bb","block_context":{"text":"DEPORTES","link":"https:\/\/lasprimeras.com.do\/index.php\/category\/deportes\/"},"img":{"alt_text":"Reinas del Caribe","src":"https:\/\/i0.wp.com\/lasprimeras.com.do\/wp-content\/uploads\/2026\/01\/Reinas-del-Caribe.jpeg?resize=350%2C200&ssl=1","width":350,"height":200,"srcset":"https:\/\/i0.wp.com\/lasprimeras.com.do\/wp-content\/uploads\/2026\/01\/Reinas-del-Caribe.jpeg?resize=350%2C200&ssl=1 1x, https:\/\/i0.wp.com\/lasprimeras.com.do\/wp-content\/uploads\/2026\/01\/Reinas-del-Caribe.jpeg?resize=525%2C300&ssl=1 1.5x, https:\/\/i0.wp.com\/lasprimeras.com.do\/wp-content\/uploads\/2026\/01\/Reinas-del-Caribe.jpeg?resize=700%2C400&ssl=1 2x"},"classes":[]},{"id":81095,"url":"https:\/\/lasprimeras.com.do\/index.php\/2024\/04\/17\/las-reinas-del-caribe-debutaran-ante-serbia-en-la-liga-de-naciones\/","url_meta":{"origin":68103,"position":2},"title":"\u2018Las Reinas del Caribe\u2019 debutar\u00e1n ante Serbia en la Liga de Naciones","author":"BIMARY DE JES\u00daS Matos","date":"17 de abril de 2024","format":false,"excerpt":"Santo Domingo.- La selecci\u00f3n femenina de voleibol debutar\u00e1 el 14 de mayo venidero ante el sexteto de Serbia en el Grupo 2 de la Liga de Naciones, que se celebrar\u00e1 en R\u00edo de Janeiro, Brasil, bajo la organizaci\u00f3n de la Federaci\u00f3n Internacional de Voleibol. El encuentro ante Serbia ser\u00e1 a\u2026","rel":"","context":"En \u00abSin categor\u00eda\u00bb","block_context":{"text":"Sin categor\u00eda","link":"https:\/\/lasprimeras.com.do\/index.php\/category\/sin-categoria\/"},"img":{"alt_text":"","src":"https:\/\/i0.wp.com\/lasprimeras.com.do\/wp-content\/uploads\/2024\/04\/Captura-de-pantalla-2024-04-14-155210.jpg?resize=350%2C200&ssl=1","width":350,"height":200},"classes":[]},{"id":62127,"url":"https:\/\/lasprimeras.com.do\/index.php\/2023\/10\/03\/luis-abinader-ordena-centro-de-alto-rendimiento-para-voleibol\/","url_meta":{"origin":68103,"position":3},"title":"Luis Abinader ordena Centro de Alto Rendimiento para Voleibol","author":"BIMARY DE JES\u00daS Matos","date":"3 de octubre de 2023","format":false,"excerpt":"SANTO DOMINGO.- El presidente Luis Abinader recibi\u00f3 en el Palacio Nacional a las Reinas del Caribe, las que han logrado grandes lauros para la Rep\u00fablica Dominicana, incluida varias medallas de oro y su cuarta clasificaci\u00f3n a los Juegos Ol\u00edmpicos. El jefe del Estado, al finalizar el acto, se dirigi\u00f3 al\u2026","rel":"","context":"En \u00abSin categor\u00eda\u00bb","block_context":{"text":"Sin categor\u00eda","link":"https:\/\/lasprimeras.com.do\/index.php\/category\/sin-categoria\/"},"img":{"alt_text":"","src":"https:\/\/i0.wp.com\/lasprimeras.com.do\/wp-content\/uploads\/2023\/10\/WhatsApp-Image-2023-10-02-at-6.21.27-PM-7.jpeg?resize=350%2C200&ssl=1","width":350,"height":200,"srcset":"https:\/\/i0.wp.com\/lasprimeras.com.do\/wp-content\/uploads\/2023\/10\/WhatsApp-Image-2023-10-02-at-6.21.27-PM-7.jpeg?resize=350%2C200&ssl=1 1x, https:\/\/i0.wp.com\/lasprimeras.com.do\/wp-content\/uploads\/2023\/10\/WhatsApp-Image-2023-10-02-at-6.21.27-PM-7.jpeg?resize=525%2C300&ssl=1 1.5x"},"classes":[]},{"id":82472,"url":"https:\/\/lasprimeras.com.do\/index.php\/2024\/05\/04\/grupo-gbc-sera-el-patrocinador-oficial-de-las-reinas-del-caribe\/","url_meta":{"origin":68103,"position":4},"title":"Grupo GBC ser\u00e1 el patrocinador oficial de las Reinas del Caribe","author":"BIMARY DE JES\u00daS Matos","date":"4 de mayo de 2024","format":false,"excerpt":"Santo Domingo.- El proyecto de selecciones nacionales de voleibol femenino de la Rep\u00fablica Dominicana y el grupo GBC, la farmacia del pueblo, anunciaron la firma de una alianza estrat\u00e9gica, por dos a\u00f1os, d\u00f3nde la segunda se convierte en patrocinador oficial del equipo Reina del Caribe para los pr\u00f3ximos eventos internacionales.\u2026","rel":"","context":"En \u00abSin categor\u00eda\u00bb","block_context":{"text":"Sin categor\u00eda","link":"https:\/\/lasprimeras.com.do\/index.php\/category\/sin-categoria\/"},"img":{"alt_text":"","src":"https:\/\/i0.wp.com\/lasprimeras.com.do\/wp-content\/uploads\/2024\/05\/GBC-VOLEIBOL-1.jpg?resize=350%2C200&ssl=1","width":350,"height":200,"srcset":"https:\/\/i0.wp.com\/lasprimeras.com.do\/wp-content\/uploads\/2024\/05\/GBC-VOLEIBOL-1.jpg?resize=350%2C200&ssl=1 1x, https:\/\/i0.wp.com\/lasprimeras.com.do\/wp-content\/uploads\/2024\/05\/GBC-VOLEIBOL-1.jpg?resize=525%2C300&ssl=1 1.5x"},"classes":[]},{"id":53644,"url":"https:\/\/lasprimeras.com.do\/index.php\/2023\/06\/29\/bethania-almanzar-regresa-del-anonimato-al-estrellato-en-voleibol-playa\/","url_meta":{"origin":68103,"position":5},"title":"Bethania Alm\u00e1nzar regresa del anonimato al estrellato en voleibol playa","author":"Nelson Feliz","date":"29 de junio de 2023","format":false,"excerpt":"Tras 15 a\u00f1os alejadas de las canchas de voleibol de arena y casi en el anonimato, Bethania Alm\u00e1nzar Sosa ha regresado en grande, ha saltado de la inc\u00f3gnita y se ha convertido en una celebridad, luego de que junto a Julibeyh Payano, ganaran la primera medalla de plata que obtiene\u2026","rel":"","context":"En \u00abSin categor\u00eda\u00bb","block_context":{"text":"Sin categor\u00eda","link":"https:\/\/lasprimeras.com.do\/index.php\/category\/sin-categoria\/"},"img":{"alt_text":"Bethania Alm\u00e1nzar exhibe orgullosa la bandera nacional a su llegada al pa\u00eds.","src":"https:\/\/i0.wp.com\/lasprimeras.com.do\/wp-content\/uploads\/2023\/06\/Bethania-Almanzar.jpeg?resize=350%2C200&ssl=1","width":350,"height":200,"srcset":"https:\/\/i0.wp.com\/lasprimeras.com.do\/wp-content\/uploads\/2023\/06\/Bethania-Almanzar.jpeg?resize=350%2C200&ssl=1 1x, https:\/\/i0.wp.com\/lasprimeras.com.do\/wp-content\/uploads\/2023\/06\/Bethania-Almanzar.jpeg?resize=525%2C300&ssl=1 1.5x, https:\/\/i0.wp.com\/lasprimeras.com.do\/wp-content\/uploads\/2023\/06\/Bethania-Almanzar.jpeg?resize=700%2C400&ssl=1 2x"},"classes":[]}],"jetpack_sharing_enabled":true,"_links":{"self":[{"href":"https:\/\/lasprimeras.com.do\/index.php\/wp-json\/wp\/v2\/posts\/68103","targetHints":{"allow":["GET"]}}],"collection":[{"href":"https:\/\/lasprimeras.com.do\/index.php\/wp-json\/wp\/v2\/posts"}],"about":[{"href":"https:\/\/lasprimeras.com.do\/index.php\/wp-json\/wp\/v2\/types\/post"}],"author":[{"embeddable":true,"href":"https:\/\/lasprimeras.com.do\/index.php\/wp-json\/wp\/v2\/users\/3"}],"replies":[{"embeddable":true,"href":"https:\/\/lasprimeras.com.do\/index.php\/wp-json\/wp\/v2\/comments?post=68103"}],"version-history":[{"count":1,"href":"https:\/\/lasprimeras.com.do\/index.php\/wp-json\/wp\/v2\/posts\/68103\/revisions"}],"predecessor-version":[{"id":68105,"href":"https:\/\/lasprimeras.com.do\/index.php\/wp-json\/wp\/v2\/posts\/68103\/revisions\/68105"}],"wp:featuredmedia":[{"embeddable":true,"href":"https:\/\/lasprimeras.com.do\/index.php\/wp-json\/wp\/v2\/media\/68104"}],"wp:attachment":[{"href":"https:\/\/lasprimeras.com.do\/index.php\/wp-json\/wp\/v2\/media?parent=68103"}],"wp:term":[{"taxonomy":"category","embeddable":true,"href":"https:\/\/lasprimeras.com.do\/index.php\/wp-json\/wp\/v2\/categories?post=68103"},{"taxonomy":"post_tag","embeddable":true,"href":"https:\/\/lasprimeras.com.do\/index.php\/wp-json\/wp\/v2\/tags?post=68103"}],"curies":[{"name":"wp","href":"https:\/\/api.w.org\/{rel}","templated":true}]}}