{"id":68113,"date":"2023-11-21T16:08:28","date_gmt":"2023-11-21T20:08:28","guid":{"rendered":"https:\/\/lasprimeras.com.do\/?p=68113"},"modified":"2023-11-21T16:08:30","modified_gmt":"2023-11-21T20:08:30","slug":"el-ultimo-gran-concierto-de-pablo-milanes-sale-a-la-luz-un-ano-despues-de-su-muerte","status":"publish","type":"post","link":"https:\/\/lasprimeras.com.do\/index.php\/2023\/11\/21\/el-ultimo-gran-concierto-de-pablo-milanes-sale-a-la-luz-un-ano-despues-de-su-muerte\/","title":{"rendered":"El \u00faltimo gran concierto de Pablo Milan\u00e9s sale a la luz un a\u00f1o despu\u00e9s de su muerte"},"content":{"rendered":"\n<p>Santo Domingo.-El que podr\u00eda calificarse como el \u00faltimo gran concierto de Pablo Milan\u00e9s por su valor simb\u00f3lico, el que lo reuni\u00f3 ya en plena enfermedad y tras cuatro a\u00f1os de ausencia con su \u00abp\u00fablico m\u00e1s extraordinario\u00bb, ve la luz este mi\u00e9rcoles, cuando se cumple justo un a\u00f1o de su fallecimiento.<\/p>\n\n\n\n<p>Titulado \u00abD\u00edas de luz \u2013 Pablo Milan\u00e9s en La Habana\u00bb, llega a Movistar Plus+ bajo la codirecci\u00f3n de su hijo Fabien Pisani y de su viuda Nancy P\u00e9rez, quien ha ejercido adem\u00e1s las labores de producci\u00f3n de lo que definen no tanto como un documental, sino como \u00abel registro\u00bb fiel de aquella cita celebrada un 21 de junio de 2022 en la capital cubana.<\/p>\n\n\n\n<p>Su lanzamiento, seg\u00fan relat\u00f3 P\u00e9rez p\u00fablicamente en declaraciones recogidas por EFE, se encontraba entre las \u00faltimas voluntades de su marido, que ocup\u00f3 \u00absus \u00faltimas madrugadas\u00bb revisando todo el material con una \u00fanica petici\u00f3n para su familia: \u00abQue lo sacaran pronto\u00bb.<\/p>\n\n\n\n<p>Lo hace cuando se cumple un a\u00f1o exacto de la muerte de aquel trovador \u00abprofundamente cubano\u00bb, como lo define el periodista Carlos Galilea, que supo \u00abenlazar la vieja trova con la nueva recuperando a figuras olvidadas como Compay Segundo\u00bb, siempre con el empe\u00f1o de ser \u00abun cronista de su \u00e9poca\u00bb.<\/p>\n\n\n\n<p>\u00abEl canto fue para \u00e9l un triunfo sobre el sufrimiento de las m\u00e1s de 30 operaciones que soport\u00f3, adem\u00e1s de la pobreza y otras cosas de las que nunca habl\u00f3 en vida, como el abandono de su padre\u00bb, confesaba Pisani en la presentaci\u00f3n del documental esta semana<\/p>\n","protected":false},"excerpt":{"rendered":"<p>Santo Domingo.-El que podr\u00eda calificarse como el \u00faltimo gran concierto de Pablo Milan\u00e9s por su valor simb\u00f3lico, el que lo reuni\u00f3 ya en plena enfermedad y tras cuatro a\u00f1os de&hellip;<\/p>\n","protected":false},"author":3,"featured_media":68114,"comment_status":"open","ping_status":"open","sticky":false,"template":"","format":"standard","meta":{"content-type":"","jetpack_post_was_ever_published":false,"_jetpack_newsletter_access":"","_jetpack_dont_email_post_to_subs":false,"_jetpack_newsletter_tier_id":0,"_jetpack_memberships_contains_paywalled_content":false,"_jetpack_memberships_contains_paid_content":false,"footnotes":""},"categories":[84],"tags":[],"class_list":["post-68113","post","type-post","status-publish","format-standard","has-post-thumbnail","hentry","category-entretenimiento"],"jetpack_featured_media_url":"https:\/\/lasprimeras.com.do\/wp-content\/uploads\/2023\/11\/Noticias-de-energia-6-9.jpg","jetpack-related-posts":[{"id":63723,"url":"https:\/\/lasprimeras.com.do\/index.php\/2023\/10\/15\/techy-fatule-agradece-nominacion-al-grammy-con-un-concierto-cargado-de-comedia-en-vivo\/","url_meta":{"origin":68113,"position":0},"title":"Techy Fatule agradece nominaci\u00f3n al Grammy con un concierto cargado de comedia en vivo","author":"BIMARY DE JES\u00daS Matos","date":"15 de octubre de 2023","format":false,"excerpt":"Santo Domingo.-El sonido de una guitarra que pisaba fuerte el acorde de Sol, mientras Techy Fatule marcaba su entrada al escenario, cantando \u201cA mi me vale\u201c, fue el inicio del concierto, celebrado, este s\u00e1bado, en el Hard Rock Caf\u00e9 Santo Domingo, para agradecer su nominaci\u00f3n en los premios Lat\u00edn Grammy\u2026","rel":"","context":"En \u00abENTRETENIMIENTO\u00bb","block_context":{"text":"ENTRETENIMIENTO","link":"https:\/\/lasprimeras.com.do\/index.php\/category\/entretenimiento\/"},"img":{"alt_text":"","src":"https:\/\/i0.wp.com\/lasprimeras.com.do\/wp-content\/uploads\/2023\/10\/WhatsApp-Image-2023-10-14-at-10.00.32-PM-1-9.jpeg?resize=350%2C200&ssl=1","width":350,"height":200,"srcset":"https:\/\/i0.wp.com\/lasprimeras.com.do\/wp-content\/uploads\/2023\/10\/WhatsApp-Image-2023-10-14-at-10.00.32-PM-1-9.jpeg?resize=350%2C200&ssl=1 1x, https:\/\/i0.wp.com\/lasprimeras.com.do\/wp-content\/uploads\/2023\/10\/WhatsApp-Image-2023-10-14-at-10.00.32-PM-1-9.jpeg?resize=525%2C300&ssl=1 1.5x, https:\/\/i0.wp.com\/lasprimeras.com.do\/wp-content\/uploads\/2023\/10\/WhatsApp-Image-2023-10-14-at-10.00.32-PM-1-9.jpeg?resize=700%2C400&ssl=1 2x"},"classes":[]},{"id":93929,"url":"https:\/\/lasprimeras.com.do\/index.php\/2025\/02\/23\/pondra-en-circulacion-novela-yo-balaguer-de-pablo-gomez-borbon\/","url_meta":{"origin":68113,"position":1},"title":"Pondr\u00e1 en circulaci\u00f3n novela \u201cYo, Balaguer\u201d de Pablo G\u00f3mez Borb\u00f3n","author":"Nelson Feliz","date":"23 de febrero de 2025","format":false,"excerpt":"La novela hist\u00f3rica \u201cYo, Balaguer\u201d, de Pablo G\u00f3mez Borb\u00f3n, ser\u00e1 puesta en circulaci\u00f3n por el Ateneo Amantes de la Luz, de esta ciudad de Santiago, el pr\u00f3ximo martes 25 de febrero, d\u00eda del natalicio del patricio Mat\u00edas Ram\u00f3n Mella, y dentro de las actividades en ocasi\u00f3n de los 150 a\u00f1os\u2026","rel":"","context":"En \u00abENTRETENIMIENTO\u00bb","block_context":{"text":"ENTRETENIMIENTO","link":"https:\/\/lasprimeras.com.do\/index.php\/category\/entretenimiento\/"},"img":{"alt_text":"","src":"https:\/\/i0.wp.com\/lasprimeras.com.do\/wp-content\/uploads\/2025\/02\/pondra-en-circulacion-novela-yo-balaguer-de-pablo-gomez-borbon.jpg?resize=350%2C200&ssl=1","width":350,"height":200,"srcset":"https:\/\/i0.wp.com\/lasprimeras.com.do\/wp-content\/uploads\/2025\/02\/pondra-en-circulacion-novela-yo-balaguer-de-pablo-gomez-borbon.jpg?resize=350%2C200&ssl=1 1x, https:\/\/i0.wp.com\/lasprimeras.com.do\/wp-content\/uploads\/2025\/02\/pondra-en-circulacion-novela-yo-balaguer-de-pablo-gomez-borbon.jpg?resize=525%2C300&ssl=1 1.5x, https:\/\/i0.wp.com\/lasprimeras.com.do\/wp-content\/uploads\/2025\/02\/pondra-en-circulacion-novela-yo-balaguer-de-pablo-gomez-borbon.jpg?resize=700%2C400&ssl=1 2x"},"classes":[]},{"id":89167,"url":"https:\/\/lasprimeras.com.do\/index.php\/2024\/09\/19\/residente-logra-sold-out-en-wizink-center-de-madrid-con-su-tour-las-letras-ya-no-importan\/","url_meta":{"origin":68113,"position":2},"title":"Residente logra Sold Out en Wizink Center de Madrid con su tour \u201dLas Letras ya no importan\u201d","author":"Paola Castillo","date":"19 de septiembre de 2024","format":false,"excerpt":"Este fin de semana, la emoci\u00f3n se apoder\u00f3 del Wizink Center, el escenario donde Residente conquist\u00f3 a las m\u00e1s de 15.000 personas que se congregaron para recibirle la noche del pasado domingo 15 de septiembre y a quienes brind\u00f3 un concierto que repas\u00f3 los mejores temas de su carrera, tanto\u2026","rel":"","context":"En \u00abENTRETENIMIENTO\u00bb","block_context":{"text":"ENTRETENIMIENTO","link":"https:\/\/lasprimeras.com.do\/index.php\/category\/entretenimiento\/"},"img":{"alt_text":"","src":"https:\/\/i0.wp.com\/lasprimeras.com.do\/wp-content\/uploads\/2024\/09\/WhatsApp-Image-2024-09-19-at-9.20.38-AM.jpeg?resize=350%2C200&ssl=1","width":350,"height":200,"srcset":"https:\/\/i0.wp.com\/lasprimeras.com.do\/wp-content\/uploads\/2024\/09\/WhatsApp-Image-2024-09-19-at-9.20.38-AM.jpeg?resize=350%2C200&ssl=1 1x, https:\/\/i0.wp.com\/lasprimeras.com.do\/wp-content\/uploads\/2024\/09\/WhatsApp-Image-2024-09-19-at-9.20.38-AM.jpeg?resize=525%2C300&ssl=1 1.5x, https:\/\/i0.wp.com\/lasprimeras.com.do\/wp-content\/uploads\/2024\/09\/WhatsApp-Image-2024-09-19-at-9.20.38-AM.jpeg?resize=700%2C400&ssl=1 2x"},"classes":[]},{"id":112288,"url":"https:\/\/lasprimeras.com.do\/index.php\/2025\/10\/20\/manolo-infante-fortalece-unidad-de-la-fp-en-ancona-italia-en-recorrido-por-la-peninsula\/","url_meta":{"origin":68113,"position":3},"title":"Manolo Infante fortalece &#8220;Unidad de la FP en Ancona-Italia&#8221; en recorrido por la Pen\u00ednsula.","author":"Nelson Feliz","date":"20 de octubre de 2025","format":false,"excerpt":"El presidente de la FP en Abruzzo y aspirante a la seccional de Mil\u00e1n se reuni\u00f3 con la dirigencia de la regi\u00f3n de Le Marche para consolidar las bases del partido y promover la candidatura de Leonel Fern\u00e1ndez- ANCONA, ITALIA \u2013 El presidente del partido Fuerza del Pueblo (FP) en\u2026","rel":"","context":"En \u00abPOLITICA\u00bb","block_context":{"text":"POLITICA","link":"https:\/\/lasprimeras.com.do\/index.php\/category\/politica\/"},"img":{"alt_text":"","src":"https:\/\/i0.wp.com\/lasprimeras.com.do\/wp-content\/uploads\/2025\/10\/Manolo-Infante.jpg?resize=350%2C200&ssl=1","width":350,"height":200,"srcset":"https:\/\/i0.wp.com\/lasprimeras.com.do\/wp-content\/uploads\/2025\/10\/Manolo-Infante.jpg?resize=350%2C200&ssl=1 1x, https:\/\/i0.wp.com\/lasprimeras.com.do\/wp-content\/uploads\/2025\/10\/Manolo-Infante.jpg?resize=525%2C300&ssl=1 1.5x, https:\/\/i0.wp.com\/lasprimeras.com.do\/wp-content\/uploads\/2025\/10\/Manolo-Infante.jpg?resize=700%2C400&ssl=1 2x"},"classes":[]},{"id":62620,"url":"https:\/\/lasprimeras.com.do\/index.php\/2023\/10\/06\/j-balvin-se-presentara-durante-show-de-los-latin-american-fashion-awards-en-altos-de-chavon\/","url_meta":{"origin":68113,"position":4},"title":"J Balvin se presentar\u00e1 durante show de los Latin American Fashion Awards en Altos de Chav\u00f3n","author":"BIMARY DE JES\u00daS Matos","date":"6 de octubre de 2023","format":false,"excerpt":"Santo Domingo.-Latin American Fashion Awards, el evento de moda fundado por dos especialista de moda y expertas creativas, Constanza Etro y Silvia Arg\u00fcello, anuncia a la estrella internacional J Balvin como \"\u00cdcono Latino de Moda del A\u00f1o\". El reconocido artista internacional se presentar\u00e1 en el escenario de Altos Chav\u00f3n el\u2026","rel":"","context":"En \u00abENTRETENIMIENTO\u00bb","block_context":{"text":"ENTRETENIMIENTO","link":"https:\/\/lasprimeras.com.do\/index.php\/category\/entretenimiento\/"},"img":{"alt_text":"","src":"https:\/\/i0.wp.com\/lasprimeras.com.do\/wp-content\/uploads\/2023\/10\/WhatsApp-Image-2023-10-05-at-9.43.40-PM-1.jpeg?resize=350%2C200&ssl=1","width":350,"height":200,"srcset":"https:\/\/i0.wp.com\/lasprimeras.com.do\/wp-content\/uploads\/2023\/10\/WhatsApp-Image-2023-10-05-at-9.43.40-PM-1.jpeg?resize=350%2C200&ssl=1 1x, https:\/\/i0.wp.com\/lasprimeras.com.do\/wp-content\/uploads\/2023\/10\/WhatsApp-Image-2023-10-05-at-9.43.40-PM-1.jpeg?resize=525%2C300&ssl=1 1.5x, https:\/\/i0.wp.com\/lasprimeras.com.do\/wp-content\/uploads\/2023\/10\/WhatsApp-Image-2023-10-05-at-9.43.40-PM-1.jpeg?resize=700%2C400&ssl=1 2x"},"classes":[]},{"id":56637,"url":"https:\/\/lasprimeras.com.do\/index.php\/2023\/08\/03\/varios-artistas-acompanaran-a-fernando-villalona-en-su-concierto-en-altos-de-chavon\/","url_meta":{"origin":68113,"position":5},"title":"Varios artistas acompa\u00f1ar\u00e1n a Fernando Villalona en su concierto en Altos de Chav\u00f3n","author":"Nelson Feliz","date":"3 de agosto de 2023","format":false,"excerpt":"Una constelaci\u00f3n de estrellas de la m\u00fasica estar\u00e1 presente en el espect\u00e1culo que ofrecer\u00e1 el emblem\u00e1tico cantante Fernando Villalona, conocido cari\u00f1osamente como \"El Ni\u00f1o Mimado\", en el anfiteatro de Altos de Chav\u00f3n, el pr\u00f3ximo 12 de agosto. La empresa Big Show Pro y Casa de Campo anunciaron que en este\u2026","rel":"","context":"En \u00abENTRETENIMIENTO\u00bb","block_context":{"text":"ENTRETENIMIENTO","link":"https:\/\/lasprimeras.com.do\/index.php\/category\/entretenimiento\/"},"img":{"alt_text":"Fernandito Villalona","src":"https:\/\/i0.wp.com\/lasprimeras.com.do\/wp-content\/uploads\/2023\/08\/Fernandito-Villalona-1.jpg?resize=350%2C200&ssl=1","width":350,"height":200,"srcset":"https:\/\/i0.wp.com\/lasprimeras.com.do\/wp-content\/uploads\/2023\/08\/Fernandito-Villalona-1.jpg?resize=350%2C200&ssl=1 1x, https:\/\/i0.wp.com\/lasprimeras.com.do\/wp-content\/uploads\/2023\/08\/Fernandito-Villalona-1.jpg?resize=525%2C300&ssl=1 1.5x, https:\/\/i0.wp.com\/lasprimeras.com.do\/wp-content\/uploads\/2023\/08\/Fernandito-Villalona-1.jpg?resize=700%2C400&ssl=1 2x"},"classes":[]}],"jetpack_sharing_enabled":true,"_links":{"self":[{"href":"https:\/\/lasprimeras.com.do\/index.php\/wp-json\/wp\/v2\/posts\/68113","targetHints":{"allow":["GET"]}}],"collection":[{"href":"https:\/\/lasprimeras.com.do\/index.php\/wp-json\/wp\/v2\/posts"}],"about":[{"href":"https:\/\/lasprimeras.com.do\/index.php\/wp-json\/wp\/v2\/types\/post"}],"author":[{"embeddable":true,"href":"https:\/\/lasprimeras.com.do\/index.php\/wp-json\/wp\/v2\/users\/3"}],"replies":[{"embeddable":true,"href":"https:\/\/lasprimeras.com.do\/index.php\/wp-json\/wp\/v2\/comments?post=68113"}],"version-history":[{"count":1,"href":"https:\/\/lasprimeras.com.do\/index.php\/wp-json\/wp\/v2\/posts\/68113\/revisions"}],"predecessor-version":[{"id":68115,"href":"https:\/\/lasprimeras.com.do\/index.php\/wp-json\/wp\/v2\/posts\/68113\/revisions\/68115"}],"wp:featuredmedia":[{"embeddable":true,"href":"https:\/\/lasprimeras.com.do\/index.php\/wp-json\/wp\/v2\/media\/68114"}],"wp:attachment":[{"href":"https:\/\/lasprimeras.com.do\/index.php\/wp-json\/wp\/v2\/media?parent=68113"}],"wp:term":[{"taxonomy":"category","embeddable":true,"href":"https:\/\/lasprimeras.com.do\/index.php\/wp-json\/wp\/v2\/categories?post=68113"},{"taxonomy":"post_tag","embeddable":true,"href":"https:\/\/lasprimeras.com.do\/index.php\/wp-json\/wp\/v2\/tags?post=68113"}],"curies":[{"name":"wp","href":"https:\/\/api.w.org\/{rel}","templated":true}]}}