{"id":68116,"date":"2023-11-21T16:10:05","date_gmt":"2023-11-21T20:10:05","guid":{"rendered":"https:\/\/lasprimeras.com.do\/?p=68116"},"modified":"2023-11-21T16:10:07","modified_gmt":"2023-11-21T20:10:07","slug":"maduro-advierte-triunfo-de-milei-es-tremenda-amenaza-para-al","status":"publish","type":"post","link":"https:\/\/lasprimeras.com.do\/index.php\/2023\/11\/21\/maduro-advierte-triunfo-de-milei-es-tremenda-amenaza-para-al\/","title":{"rendered":"Maduro advierte triunfo de Milei es \u00abtremenda amenaza\u00bb para AL"},"content":{"rendered":"\n<p>CARACAS.- El presidente de Venezuela, Nicol\u00e1s Maduro, consider\u00f3 que el triunfo del ultraderechista Javier Milei en las elecciones presidenciales de Argentina, celebradas el domingo, representan una \u00abtremenda amenaza\u00bb para Latinoam\u00e9rica, debido al \u00abproyecto colonial\u00bb del mandatario electo.<\/p>\n\n\n\n<p>\u00abNosotros no vamos a callar, porque es una tremenda amenaza la llegada de un extremista de derecha, con un proyecto colonial, absolutamente colonial, arrodillado al imperialismo norteamericano\u00bb, dijo el l\u00edder chavista, tras reiterar su respeto al resultado electoral, durante su programa semanal de televisi\u00f3n.<\/p>\n\n\n\n<p>A su juicio, Milei representa a la \u00abderecha neonazi\u00bb de Argentina \u00abque pretende liderar un proyecto colonial en toda Am\u00e9rica Latina y el Caribe\u00bb.<\/p>\n\n\n\n<p>Maduro asegur\u00f3 que el presidente electo \u00abpretende acabar con el Estado, con los derechos sociales y pretende instaurar en el continente lo que fue el proyecto ultraliberal que se impuso en los a\u00f1os 70\u00bb, cuando en el cono sur -asever\u00f3- \u00abnegaron todos los derechos sociales\u00bb desde un \u00abEstado represivo, paramilitar y parapolicial\u00bb.<\/p>\n\n\n\n<p>\u00abLlamamos a la reflexi\u00f3n sobre el surgimiento de focos de la ultraderecha que pretenden imponerse para volver a recolonizar a Am\u00e9rica Latina y pretenden imponer modelos extremistas. En Venezuela no han pasado ni pasar\u00e1n, Venezuela seguir\u00e1 siendo tierra libre y bolivariana\u00bb, subray\u00f3.<\/p>\n\n\n\n<p>La noche del domingo, poco despu\u00e9s de conocerse la victoria de Milei, la l\u00edder de la principal coalici\u00f3n opositora de Venezuela, Mar\u00eda Corina Machado, lo felicit\u00f3 por el resultado, que calific\u00f3 como un triunfo de la lucha por el \u00abcambio\u00bb y la \u00ablibertad\u00bb en Latinoam\u00e9rica.<\/p>\n\n\n\n<p>El triunfo de Milei supone una fractura ideol\u00f3gica en las relaciones entre Caracas y Buenos Aires, que vivieron tensiones durante la Presidencia de Macri, las cuales volvieron a normalizarse durante el actual mandato de Alberto Fern\u00e1ndez.<\/p>\n","protected":false},"excerpt":{"rendered":"<p>CARACAS.- El presidente de Venezuela, Nicol\u00e1s Maduro, consider\u00f3 que el triunfo del ultraderechista Javier Milei en las elecciones presidenciales de Argentina, celebradas el domingo, representan una \u00abtremenda amenaza\u00bb para Latinoam\u00e9rica,&hellip;<\/p>\n","protected":false},"author":3,"featured_media":68117,"comment_status":"open","ping_status":"open","sticky":false,"template":"","format":"standard","meta":{"content-type":"","jetpack_post_was_ever_published":false,"_jetpack_newsletter_access":"","_jetpack_dont_email_post_to_subs":false,"_jetpack_newsletter_tier_id":0,"_jetpack_memberships_contains_paywalled_content":false,"_jetpack_memberships_contains_paid_content":false,"footnotes":""},"categories":[1],"tags":[],"class_list":["post-68116","post","type-post","status-publish","format-standard","has-post-thumbnail","hentry","category-sin-categoria"],"jetpack_featured_media_url":"https:\/\/lasprimeras.com.do\/wp-content\/uploads\/2023\/11\/Noticias-de-energia-6-10.jpg","jetpack-related-posts":[{"id":68472,"url":"https:\/\/lasprimeras.com.do\/index.php\/2023\/11\/24\/felipe-gonzalez-dice-que-nayib-bukele-se-ha-desviado-a-una-dictadura-de-seguridad-sin-libertad\/","url_meta":{"origin":68116,"position":0},"title":"Felipe Gonz\u00e1lez dice que Nayib Bukele se ha desviado a una dictadura de seguridad sin libertad","author":"Nelson Feliz","date":"24 de noviembre de 2023","format":false,"excerpt":"El expresidente del gobierno de Espa\u00f1a dijo que en Latinoam\u00e9rica hay una crisis de gobernanza porque en realidad tampoco se est\u00e1n detectando los problemas. Felipe Gonz\u00e1lez, expresidente de Espa\u00f1a, dice que Nayib Bukele ha desviado su gobierno a una dictadura basada en la llamada seguridad sin libertad. Dijo que en\u2026","rel":"","context":"En \u00abPORTADA\u00bb","block_context":{"text":"PORTADA","link":"https:\/\/lasprimeras.com.do\/index.php\/category\/portada\/"},"img":{"alt_text":"El expresidente del gobierno espa\u00f1ol, Felipe G\u00f3nzalez, durante un desayuno en List\u00edn Diario","src":"https:\/\/i0.wp.com\/lasprimeras.com.do\/wp-content\/uploads\/2023\/11\/Felipe-Gonzalez.jpeg?resize=350%2C200&ssl=1","width":350,"height":200,"srcset":"https:\/\/i0.wp.com\/lasprimeras.com.do\/wp-content\/uploads\/2023\/11\/Felipe-Gonzalez.jpeg?resize=350%2C200&ssl=1 1x, https:\/\/i0.wp.com\/lasprimeras.com.do\/wp-content\/uploads\/2023\/11\/Felipe-Gonzalez.jpeg?resize=525%2C300&ssl=1 1.5x, https:\/\/i0.wp.com\/lasprimeras.com.do\/wp-content\/uploads\/2023\/11\/Felipe-Gonzalez.jpeg?resize=700%2C400&ssl=1 2x"},"classes":[]},{"id":92459,"url":"https:\/\/lasprimeras.com.do\/index.php\/2025\/01\/04\/edmundo-gonzalez-es-reconocido-por-eeuu-como-vencedor-electoral-emprende-gira-internacional\/","url_meta":{"origin":68116,"position":1},"title":"Edmundo Gonz\u00e1lez es reconocido por EEUU como vencedor electoral emprende gira internacional","author":"Nelson Feliz","date":"4 de enero de 2025","format":false,"excerpt":"BUENOS AIRES (AP) \u2014 El excandidato opositor venezolano Edmundo Gonz\u00e1lez, quien reclama ser ganador de las elecciones ante Nicol\u00e1s Maduro y es reconocido por algunos pa\u00edses como leg\u00edtimo presidente electo de Venezuela, inici\u00f3 una gira internacional que lo llevar\u00e1 a Estados Unidos antes de la toma de posesi\u00f3n del nuevo\u2026","rel":"","context":"En \u00abINTERNACIONALES\u00bb","block_context":{"text":"INTERNACIONALES","link":"https:\/\/lasprimeras.com.do\/index.php\/category\/sin-categoria\/internacionales\/"},"img":{"alt_text":"","src":"https:\/\/i0.wp.com\/lasprimeras.com.do\/wp-content\/uploads\/2025\/01\/edmundo-gonzalez-es-reconocido-por-eeuu-como-vencedor-electoral-emprende-gira-internacional.jpg?resize=350%2C200&ssl=1","width":350,"height":200,"srcset":"https:\/\/i0.wp.com\/lasprimeras.com.do\/wp-content\/uploads\/2025\/01\/edmundo-gonzalez-es-reconocido-por-eeuu-como-vencedor-electoral-emprende-gira-internacional.jpg?resize=350%2C200&ssl=1 1x, https:\/\/i0.wp.com\/lasprimeras.com.do\/wp-content\/uploads\/2025\/01\/edmundo-gonzalez-es-reconocido-por-eeuu-como-vencedor-electoral-emprende-gira-internacional.jpg?resize=525%2C300&ssl=1 1.5x, https:\/\/i0.wp.com\/lasprimeras.com.do\/wp-content\/uploads\/2025\/01\/edmundo-gonzalez-es-reconocido-por-eeuu-como-vencedor-electoral-emprende-gira-internacional.jpg?resize=700%2C400&ssl=1 2x"},"classes":[]},{"id":68388,"url":"https:\/\/lasprimeras.com.do\/index.php\/2023\/11\/23\/joe-biden-felicita-a-milei-pero-declina-asistir-a-toma-posesion\/","url_meta":{"origin":68116,"position":2},"title":"Joe Biden felicita a Milei, pero declina asistir a toma posesi\u00f3n","author":"BIMARY DE JES\u00daS Matos","date":"23 de noviembre de 2023","format":false,"excerpt":"WASHINGTON.- El presidente estadounidense, Joe Biden, llam\u00f3 al mandatario electo de Argentina, Javier Milei, para felicitarlo, aunque declin\u00f3 la invitaci\u00f3n a asistir a la toma de posesi\u00f3n, el 10 de diciembre, por cuestiones de agenda, inform\u00f3 este mi\u00e9rcoles Diana Mondino, referente de pol\u00edtica exterior de La Libertad Avanza. \u00abEl presidente\u2026","rel":"","context":"En \u00abSin categor\u00eda\u00bb","block_context":{"text":"Sin categor\u00eda","link":"https:\/\/lasprimeras.com.do\/index.php\/category\/sin-categoria\/"},"img":{"alt_text":"","src":"https:\/\/i0.wp.com\/lasprimeras.com.do\/wp-content\/uploads\/2023\/11\/WhatsApp-Image-2023-11-23-at-4.44.34-PM.jpeg?resize=350%2C200&ssl=1","width":350,"height":200,"srcset":"https:\/\/i0.wp.com\/lasprimeras.com.do\/wp-content\/uploads\/2023\/11\/WhatsApp-Image-2023-11-23-at-4.44.34-PM.jpeg?resize=350%2C200&ssl=1 1x, https:\/\/i0.wp.com\/lasprimeras.com.do\/wp-content\/uploads\/2023\/11\/WhatsApp-Image-2023-11-23-at-4.44.34-PM.jpeg?resize=525%2C300&ssl=1 1.5x, https:\/\/i0.wp.com\/lasprimeras.com.do\/wp-content\/uploads\/2023\/11\/WhatsApp-Image-2023-11-23-at-4.44.34-PM.jpeg?resize=700%2C400&ssl=1 2x, https:\/\/i0.wp.com\/lasprimeras.com.do\/wp-content\/uploads\/2023\/11\/WhatsApp-Image-2023-11-23-at-4.44.34-PM.jpeg?resize=1050%2C600&ssl=1 3x"},"classes":[]},{"id":67881,"url":"https:\/\/lasprimeras.com.do\/index.php\/2023\/11\/20\/presidente-electo-javier-milei-augura-hoy-comienza-el-fin-de-la-decadencia-argentina\/","url_meta":{"origin":68116,"position":3},"title":"Presidente electo Javier Milei augura: &#8220;Hoy comienza el fin de la decadencia argentina&#8221;","author":"BIMARY DE JES\u00daS Matos","date":"20 de noviembre de 2023","format":false,"excerpt":"Argentina.-El presidente electo, Javier Milei, augur\u00f3 este domingo que \u00abhoy comienza el fin de la decadencia argentina\u00bb, al pronunciar su primer discurso tras los comicios que gan\u00f3 con el 55,69 % de los votos y el 99,28 % de las mesas escrutadas , y avis\u00f3 de que \u00abno hay vuelta\u2026","rel":"","context":"En \u00abSin categor\u00eda\u00bb","block_context":{"text":"Sin categor\u00eda","link":"https:\/\/lasprimeras.com.do\/index.php\/category\/sin-categoria\/"},"img":{"alt_text":"","src":"https:\/\/i0.wp.com\/lasprimeras.com.do\/wp-content\/uploads\/2023\/11\/WhatsApp-Image-2023-11-19-at-4.12.21-PM-3.jpeg?resize=350%2C200&ssl=1","width":350,"height":200,"srcset":"https:\/\/i0.wp.com\/lasprimeras.com.do\/wp-content\/uploads\/2023\/11\/WhatsApp-Image-2023-11-19-at-4.12.21-PM-3.jpeg?resize=350%2C200&ssl=1 1x, https:\/\/i0.wp.com\/lasprimeras.com.do\/wp-content\/uploads\/2023\/11\/WhatsApp-Image-2023-11-19-at-4.12.21-PM-3.jpeg?resize=525%2C300&ssl=1 1.5x"},"classes":[]},{"id":67861,"url":"https:\/\/lasprimeras.com.do\/index.php\/2023\/11\/20\/el-leon-la-peluca-y-el-guerrero-quien-es-javier-milei-el-presidente-electo-de-argentina\/","url_meta":{"origin":68116,"position":4},"title":"El le\u00f3n, la peluca y el guerrero. \u00bfQui\u00e9n es Javier Milei, el presidente electo de Argentina?","author":"Nelson Feliz","date":"20 de noviembre de 2023","format":false,"excerpt":"POR DAVID BILLER Y DANIEL POLITI BUENOS AIRES, Argentina (AP) \u2014 Sus legiones de fan\u00e1ticos lo llaman \u201cel loco\u201d y \u201cla peluca\u201d debido a su ferocidad y su mata de cabello rebelde, mientras \u00e9l se refiere a s\u00ed mismo como \u201cel le\u00f3n\u201d. Piensa que la educaci\u00f3n sexual es un complot\u2026","rel":"","context":"En \u00abSin categor\u00eda\u00bb","block_context":{"text":"Sin categor\u00eda","link":"https:\/\/lasprimeras.com.do\/index.php\/category\/sin-categoria\/"},"img":{"alt_text":"Javier Milei","src":"https:\/\/i0.wp.com\/lasprimeras.com.do\/wp-content\/uploads\/2023\/11\/Javier-Milei-2.jpg?resize=350%2C200&ssl=1","width":350,"height":200,"srcset":"https:\/\/i0.wp.com\/lasprimeras.com.do\/wp-content\/uploads\/2023\/11\/Javier-Milei-2.jpg?resize=350%2C200&ssl=1 1x, https:\/\/i0.wp.com\/lasprimeras.com.do\/wp-content\/uploads\/2023\/11\/Javier-Milei-2.jpg?resize=525%2C300&ssl=1 1.5x, https:\/\/i0.wp.com\/lasprimeras.com.do\/wp-content\/uploads\/2023\/11\/Javier-Milei-2.jpg?resize=700%2C400&ssl=1 2x"},"classes":[]},{"id":67837,"url":"https:\/\/lasprimeras.com.do\/index.php\/2023\/11\/19\/javier-milei-es-el-nuevo-presidente-de-argentina\/","url_meta":{"origin":68116,"position":5},"title":"Javier Milei es el nuevo presidente de Argentina","author":"Nelson Feliz","date":"19 de noviembre de 2023","format":false,"excerpt":"Massa reconoce derrota ante Milei y le felicita como \"presidente de todos los argentinos\" El candidato oficialista a la Presidencia de Argentina, Sergio Massa, reconoci\u00f3 este domingo su derrota en el balotaje, que dio el triunfo -a\u00fan sin cifras oficiales- a su oponente, el l\u00edder de La Libertad Avanza (ultraderecha),\u2026","rel":"","context":"En \u00abSin categor\u00eda\u00bb","block_context":{"text":"Sin categor\u00eda","link":"https:\/\/lasprimeras.com.do\/index.php\/category\/sin-categoria\/"},"img":{"alt_text":"Javier Milei","src":"https:\/\/i0.wp.com\/lasprimeras.com.do\/wp-content\/uploads\/2023\/11\/Javier-Milei-1.jpg?resize=350%2C200&ssl=1","width":350,"height":200,"srcset":"https:\/\/i0.wp.com\/lasprimeras.com.do\/wp-content\/uploads\/2023\/11\/Javier-Milei-1.jpg?resize=350%2C200&ssl=1 1x, https:\/\/i0.wp.com\/lasprimeras.com.do\/wp-content\/uploads\/2023\/11\/Javier-Milei-1.jpg?resize=525%2C300&ssl=1 1.5x, https:\/\/i0.wp.com\/lasprimeras.com.do\/wp-content\/uploads\/2023\/11\/Javier-Milei-1.jpg?resize=700%2C400&ssl=1 2x"},"classes":[]}],"jetpack_sharing_enabled":true,"_links":{"self":[{"href":"https:\/\/lasprimeras.com.do\/index.php\/wp-json\/wp\/v2\/posts\/68116","targetHints":{"allow":["GET"]}}],"collection":[{"href":"https:\/\/lasprimeras.com.do\/index.php\/wp-json\/wp\/v2\/posts"}],"about":[{"href":"https:\/\/lasprimeras.com.do\/index.php\/wp-json\/wp\/v2\/types\/post"}],"author":[{"embeddable":true,"href":"https:\/\/lasprimeras.com.do\/index.php\/wp-json\/wp\/v2\/users\/3"}],"replies":[{"embeddable":true,"href":"https:\/\/lasprimeras.com.do\/index.php\/wp-json\/wp\/v2\/comments?post=68116"}],"version-history":[{"count":1,"href":"https:\/\/lasprimeras.com.do\/index.php\/wp-json\/wp\/v2\/posts\/68116\/revisions"}],"predecessor-version":[{"id":68118,"href":"https:\/\/lasprimeras.com.do\/index.php\/wp-json\/wp\/v2\/posts\/68116\/revisions\/68118"}],"wp:featuredmedia":[{"embeddable":true,"href":"https:\/\/lasprimeras.com.do\/index.php\/wp-json\/wp\/v2\/media\/68117"}],"wp:attachment":[{"href":"https:\/\/lasprimeras.com.do\/index.php\/wp-json\/wp\/v2\/media?parent=68116"}],"wp:term":[{"taxonomy":"category","embeddable":true,"href":"https:\/\/lasprimeras.com.do\/index.php\/wp-json\/wp\/v2\/categories?post=68116"},{"taxonomy":"post_tag","embeddable":true,"href":"https:\/\/lasprimeras.com.do\/index.php\/wp-json\/wp\/v2\/tags?post=68116"}],"curies":[{"name":"wp","href":"https:\/\/api.w.org\/{rel}","templated":true}]}}