{"id":68150,"date":"2023-11-22T06:46:41","date_gmt":"2023-11-22T10:46:41","guid":{"rendered":"https:\/\/lasprimeras.com.do\/?p=68150"},"modified":"2023-11-22T06:46:43","modified_gmt":"2023-11-22T10:46:43","slug":"binance-acuerda-pago-us-4-300-millones-y-dimision-de-su-ceo","status":"publish","type":"post","link":"https:\/\/lasprimeras.com.do\/index.php\/2023\/11\/22\/binance-acuerda-pago-us-4-300-millones-y-dimision-de-su-ceo\/","title":{"rendered":"Binance acuerda pago US$ 4.300 millones y dimisi\u00f3n de su CEO"},"content":{"rendered":"\n<p>Nueva York (EFE).- La mayor plataforma de criptomonedas del mundo, Binance, acord\u00f3 el pago de una multa de 4.300 millones de d\u00f3lares y la dimisi\u00f3n de su consejero delegado, Changpeng Zhao, tras una acusaci\u00f3n descrita como un \u201cpunto de inflexi\u00f3n\u201d por las autoridades de Estados Unidos.<\/p>\n\n\n\n<p>As\u00ed lo anunciaron en una rueda de prensa el fiscal general, Merrick Garland, la secretaria del Tesoro, Janet Yellen, la fiscal adjunta Lisa Monaco y el presidente de la Comisi\u00f3n de Negociaci\u00f3n de Futuros de Productos B\u00e1sicos, Rostin Behnam, que subrayaron la importancia de esta acci\u00f3n para el Gobierno de EE.UU.<\/p>\n\n\n\n<p>Binance y el CEO resuelven as\u00ed -con una de las mayores multas de la historia para una empresa en EE.UU.- las acusaciones de incumplimiento de las normativas contra el blanqueo de dinero, la transmisi\u00f3n de dinero sin licencia y de violaci\u00f3n del r\u00e9gimen de sanciones estadounidense, indica un comunicado.<\/p>\n\n\n\n<p>La secretaria del Tesoro de EE.UU., Janet Yellen (d), y el fiscal general de Estados Unidos, Merrick Garland (i), participan en una conferencia de prensa, en Washington. EFE\/EPA\/Michael Reynolds<br>Zheo, de nacionalidad canadiense, se declar\u00f3 culpable esta tarde en un tribunal de Seattle de una acusaci\u00f3n individual de no mantener un programa efectivo contra el blanqueo de dinero y pagar\u00e1 una multa de 50 millones; un representante de Binance tambi\u00e9n se present\u00f3 para declararse culpable en nombre de la empresa.<\/p>\n\n\n\n<p>Garland hizo hincapi\u00e9 en que las leyes evitan que las instituciones financieras estadounidenses est\u00e9n a disposici\u00f3n de \u201corganizaciones terroristas, traficantes de droga y pa\u00edses sancionados que amenazan la seguridad p\u00fablica y la seguridad nacional\u201d, por lo que el acuerdo pasa por imponer a la empresa un ente supervisor.<\/p>\n","protected":false},"excerpt":{"rendered":"<p>Nueva York (EFE).- La mayor plataforma de criptomonedas del mundo, Binance, acord\u00f3 el pago de una multa de 4.300 millones de d\u00f3lares y la dimisi\u00f3n de su consejero delegado, Changpeng&hellip;<\/p>\n","protected":false},"author":3,"featured_media":68151,"comment_status":"open","ping_status":"open","sticky":false,"template":"","format":"standard","meta":{"content-type":"","jetpack_post_was_ever_published":false,"_jetpack_newsletter_access":"","_jetpack_dont_email_post_to_subs":false,"_jetpack_newsletter_tier_id":0,"_jetpack_memberships_contains_paywalled_content":false,"_jetpack_memberships_contains_paid_content":false,"footnotes":""},"categories":[1],"tags":[9535],"class_list":["post-68150","post","type-post","status-publish","format-standard","has-post-thumbnail","hentry","category-sin-categoria","tag-ceo"],"jetpack_featured_media_url":"https:\/\/lasprimeras.com.do\/wp-content\/uploads\/2023\/11\/Noticias-de-energia-6-15.jpg","jetpack-related-posts":[{"id":72967,"url":"https:\/\/lasprimeras.com.do\/index.php\/2024\/01\/04\/fiscales-de-ee-uu-acogen-peticion-de-reduccion-de-condena-a-ex-diputado-miguel-gutierrez-diaz\/","url_meta":{"origin":68150,"position":0},"title":"Fiscales de EE.UU. acogen petici\u00f3n de reducci\u00f3n de condena a ex diputado Miguel Guti\u00e9rrez D\u00edaz","author":"Nelson Feliz","date":"4 de enero de 2024","format":false,"excerpt":"A finales de diciembre, Guti\u00e9rrez D\u00edaz acept\u00f3 su culpabilidad de conspirar para cometer lavado de dinero entre 2014 y 2020 en Rep\u00fablica Dominicana. Fiscales federales de Estados Unidos acordaron una reducci\u00f3n en la condena que se impondr\u00eda contra el ex diputado dominicano, Miguel Guti\u00e9rrez D\u00edaz, luego de declararse culpable de\u2026","rel":"","context":"En \u00abPORTADA\u00bb","block_context":{"text":"PORTADA","link":"https:\/\/lasprimeras.com.do\/index.php\/category\/portada\/"},"img":{"alt_text":"Miguel Guti\u00e9rrez","src":"https:\/\/i0.wp.com\/lasprimeras.com.do\/wp-content\/uploads\/2023\/07\/miguel-gutierrez.jpg?resize=350%2C200&ssl=1","width":350,"height":200,"srcset":"https:\/\/i0.wp.com\/lasprimeras.com.do\/wp-content\/uploads\/2023\/07\/miguel-gutierrez.jpg?resize=350%2C200&ssl=1 1x, https:\/\/i0.wp.com\/lasprimeras.com.do\/wp-content\/uploads\/2023\/07\/miguel-gutierrez.jpg?resize=525%2C300&ssl=1 1.5x, https:\/\/i0.wp.com\/lasprimeras.com.do\/wp-content\/uploads\/2023\/07\/miguel-gutierrez.jpg?resize=700%2C400&ssl=1 2x"},"classes":[]},{"id":82681,"url":"https:\/\/lasprimeras.com.do\/index.php\/2024\/05\/06\/trump-recibe-una-multa-de-1-000-dolares-por-violar-la-orden-de-silencio\/","url_meta":{"origin":68150,"position":1},"title":"Trump recibe una multa de 1.000 d\u00f3lares por violar la orden de silencio","author":"Esteffany Vargas","date":"6 de mayo de 2024","format":false,"excerpt":"POR MICHAEL R. SISAK, JENNIFER PELTZ, ERIC TUCKER Y JAKE OFFENHARTZ NUEVA YORK (AP) \u2014 El juez en el juicio por dinero secreto de Donald Trump le impuso una multa de 1.000 d\u00f3lares el lunes y, en su advertencia m\u00e1s severa hasta el momento, le dijo al expresidente que futuras\u2026","rel":"","context":"En \u00abSin categor\u00eda\u00bb","block_context":{"text":"Sin categor\u00eda","link":"https:\/\/lasprimeras.com.do\/index.php\/category\/sin-categoria\/"},"img":{"alt_text":"Donald Trump","src":"https:\/\/i0.wp.com\/lasprimeras.com.do\/wp-content\/uploads\/2024\/05\/Donald-Trump-1.jpg?resize=350%2C200&ssl=1","width":350,"height":200,"srcset":"https:\/\/i0.wp.com\/lasprimeras.com.do\/wp-content\/uploads\/2024\/05\/Donald-Trump-1.jpg?resize=350%2C200&ssl=1 1x, https:\/\/i0.wp.com\/lasprimeras.com.do\/wp-content\/uploads\/2024\/05\/Donald-Trump-1.jpg?resize=525%2C300&ssl=1 1.5x, https:\/\/i0.wp.com\/lasprimeras.com.do\/wp-content\/uploads\/2024\/05\/Donald-Trump-1.jpg?resize=700%2C400&ssl=1 2x"},"classes":[]},{"id":72372,"url":"https:\/\/lasprimeras.com.do\/index.php\/2023\/12\/29\/desde-millones-de-dolares-hasta-relojes-de-lujo-los-bienes-que-devolvera-miguel-gutierrez-a-ee-uu\/","url_meta":{"origin":68150,"position":2},"title":"Desde millones de d\u00f3lares hasta relojes de lujo: los bienes que devolver\u00e1 Miguel Guti\u00e9rrez a EE.UU.","author":"Nelson Feliz","date":"29 de diciembre de 2023","format":false,"excerpt":"Entregar\u00e1 dinero en efectivo, veh\u00edculos y prendas de lujo valoradas en millones de pesos. El acuerdo de colaboraci\u00f3n que firm\u00f3 el exdiputado dominicano acusado de narcotr\u00e1fico en Estados Unidos Miguel Andr\u00e9s Guti\u00e9rrez D\u00edaz con la oficina del fiscal del Distrito Sur de Florida implica que este entregue todos los bienes\u2026","rel":"","context":"En \u00abPORTADA\u00bb","block_context":{"text":"PORTADA","link":"https:\/\/lasprimeras.com.do\/index.php\/category\/portada\/"},"img":{"alt_text":"Miguel Guti\u00e9rrez","src":"https:\/\/i0.wp.com\/lasprimeras.com.do\/wp-content\/uploads\/2023\/12\/Miguel-Gutierrez.jpg?resize=350%2C200&ssl=1","width":350,"height":200},"classes":[]},{"id":50897,"url":"https:\/\/lasprimeras.com.do\/index.php\/2023\/05\/25\/rodolfo-pou-la-diaspora-dominicana-ascendio-a-2-4-millones-en-ee-uu\/","url_meta":{"origin":68150,"position":3},"title":"Rodolfo Pou: &#8220;La di\u00e1spora dominicana ascendi\u00f3 a 2.4 millones en EE.UU.&#8221;","author":"prenxa100","date":"25 de mayo de 2023","format":false,"excerpt":"SANTO DOMINGO.- El analista y CEO de Quadra Group, arquitecto Rodolfo Pou, indic\u00f3 que la di\u00e1spora dominicana asciende a cerca de 2.4 millones en los Estados Unidos. Pou, subray\u00f3 que los aporte de la di\u00e1spora dominicana no solo debe reducirse al env\u00edo de remesas que tanto aporte realiza a la\u2026","rel":"","context":"En \u00abECONOM\u00cdA\u00bb","block_context":{"text":"ECONOM\u00cdA","link":"https:\/\/lasprimeras.com.do\/index.php\/category\/economia\/"},"img":{"alt_text":"","src":"","width":0,"height":0},"classes":[]},{"id":77692,"url":"https:\/\/lasprimeras.com.do\/index.php\/2024\/02\/24\/nueva-york-imponen-a-trump-multa-de-us454-mm-por-fraude\/","url_meta":{"origin":68150,"position":4},"title":"NUEVA YORK: Imponen a Trump multa de US$454 MM por fraude","author":"BIMARY DE JES\u00daS Matos","date":"24 de febrero de 2024","format":false,"excerpt":"NY.-El expresidente estadounidense Donald Trump ha sido condenado este viernes a pagar una multa de 454 millones de d\u00f3lares (unos 419 millones de euros) por orden de un juez de Nueva York por un caso de fraude en la valoraci\u00f3n de los activos de la Organizaci\u00f3n Trump, ha informado CNN.\u2026","rel":"","context":"En \u00abSin categor\u00eda\u00bb","block_context":{"text":"Sin categor\u00eda","link":"https:\/\/lasprimeras.com.do\/index.php\/category\/sin-categoria\/"},"img":{"alt_text":"","src":"https:\/\/i0.wp.com\/lasprimeras.com.do\/wp-content\/uploads\/2024\/02\/65bf611859bf5b633029d7bb.jpg?resize=350%2C200&ssl=1","width":350,"height":200,"srcset":"https:\/\/i0.wp.com\/lasprimeras.com.do\/wp-content\/uploads\/2024\/02\/65bf611859bf5b633029d7bb.jpg?resize=350%2C200&ssl=1 1x, https:\/\/i0.wp.com\/lasprimeras.com.do\/wp-content\/uploads\/2024\/02\/65bf611859bf5b633029d7bb.jpg?resize=525%2C300&ssl=1 1.5x, https:\/\/i0.wp.com\/lasprimeras.com.do\/wp-content\/uploads\/2024\/02\/65bf611859bf5b633029d7bb.jpg?resize=700%2C400&ssl=1 2x, https:\/\/i0.wp.com\/lasprimeras.com.do\/wp-content\/uploads\/2024\/02\/65bf611859bf5b633029d7bb.jpg?resize=1050%2C600&ssl=1 3x"},"classes":[]},{"id":54744,"url":"https:\/\/lasprimeras.com.do\/index.php\/2023\/07\/13\/ee-uu-prohibe-entrada-al-expresidente-de-panama-juan-carlos-varela-por-corrupcion\/","url_meta":{"origin":68150,"position":5},"title":"EE.UU. proh\u00edbe entrada al expresidente de Panam\u00e1 Juan Carlos Varela por corrupci\u00f3n","author":"Nelson Feliz","date":"13 de julio de 2023","format":false,"excerpt":"El presidente entre 2014 y 2019, est\u00e1 acusado por la Justicia paname\u00f1a por lavado de activos en el caso Odebrecht. Estados Unidos ha prohibido la entrada al pa\u00eds al expresidente de Panam\u00e1 Juan Carlos Varela y a su familia por su vinculaci\u00f3n en \"importantes\" actos de corrupci\u00f3n, anunci\u00f3 este jueves\u2026","rel":"","context":"En \u00abSin categor\u00eda\u00bb","block_context":{"text":"Sin categor\u00eda","link":"https:\/\/lasprimeras.com.do\/index.php\/category\/sin-categoria\/"},"img":{"alt_text":"Expresidente de Panam\u00e1 Juan Carlos Varela","src":"https:\/\/i0.wp.com\/lasprimeras.com.do\/wp-content\/uploads\/2023\/07\/Juan-Carlos-Valera.jpeg?resize=350%2C200&ssl=1","width":350,"height":200,"srcset":"https:\/\/i0.wp.com\/lasprimeras.com.do\/wp-content\/uploads\/2023\/07\/Juan-Carlos-Valera.jpeg?resize=350%2C200&ssl=1 1x, https:\/\/i0.wp.com\/lasprimeras.com.do\/wp-content\/uploads\/2023\/07\/Juan-Carlos-Valera.jpeg?resize=525%2C300&ssl=1 1.5x, https:\/\/i0.wp.com\/lasprimeras.com.do\/wp-content\/uploads\/2023\/07\/Juan-Carlos-Valera.jpeg?resize=700%2C400&ssl=1 2x"},"classes":[]}],"jetpack_sharing_enabled":true,"_links":{"self":[{"href":"https:\/\/lasprimeras.com.do\/index.php\/wp-json\/wp\/v2\/posts\/68150","targetHints":{"allow":["GET"]}}],"collection":[{"href":"https:\/\/lasprimeras.com.do\/index.php\/wp-json\/wp\/v2\/posts"}],"about":[{"href":"https:\/\/lasprimeras.com.do\/index.php\/wp-json\/wp\/v2\/types\/post"}],"author":[{"embeddable":true,"href":"https:\/\/lasprimeras.com.do\/index.php\/wp-json\/wp\/v2\/users\/3"}],"replies":[{"embeddable":true,"href":"https:\/\/lasprimeras.com.do\/index.php\/wp-json\/wp\/v2\/comments?post=68150"}],"version-history":[{"count":1,"href":"https:\/\/lasprimeras.com.do\/index.php\/wp-json\/wp\/v2\/posts\/68150\/revisions"}],"predecessor-version":[{"id":68152,"href":"https:\/\/lasprimeras.com.do\/index.php\/wp-json\/wp\/v2\/posts\/68150\/revisions\/68152"}],"wp:featuredmedia":[{"embeddable":true,"href":"https:\/\/lasprimeras.com.do\/index.php\/wp-json\/wp\/v2\/media\/68151"}],"wp:attachment":[{"href":"https:\/\/lasprimeras.com.do\/index.php\/wp-json\/wp\/v2\/media?parent=68150"}],"wp:term":[{"taxonomy":"category","embeddable":true,"href":"https:\/\/lasprimeras.com.do\/index.php\/wp-json\/wp\/v2\/categories?post=68150"},{"taxonomy":"post_tag","embeddable":true,"href":"https:\/\/lasprimeras.com.do\/index.php\/wp-json\/wp\/v2\/tags?post=68150"}],"curies":[{"name":"wp","href":"https:\/\/api.w.org\/{rel}","templated":true}]}}