{"id":68159,"date":"2023-11-22T06:50:06","date_gmt":"2023-11-22T10:50:06","guid":{"rendered":"https:\/\/lasprimeras.com.do\/?p=68159"},"modified":"2023-11-22T06:50:08","modified_gmt":"2023-11-22T10:50:08","slug":"el-ultimo-concierto-de-daddy-yankee-se-transmitira-en-vivo-desde-coliseo-puertorriqueno","status":"publish","type":"post","link":"https:\/\/lasprimeras.com.do\/index.php\/2023\/11\/22\/el-ultimo-concierto-de-daddy-yankee-se-transmitira-en-vivo-desde-coliseo-puertorriqueno\/","title":{"rendered":"El \u00faltimo concierto de Daddy Yankee se transmitir\u00e1 en vivo desde coliseo puertorrique\u00f1o"},"content":{"rendered":"\n<p>Santo Domingo.-Falta poco para que inicie la serie de conciertos de despedida de Daddy Yankee denominada \u201cLa Meta\u201d y poco a poco crece la expectativa sobre lo que marcar\u00e1 la salida de los escenarios de una figura pionera del g\u00e9nero urbano.<\/p>\n\n\n\n<p>Hoy, martes, se anuncia que la \u00faltima funci\u00f3n del domingo, 3 de diciembre, se podr\u00e1 ver en todo el mundo a trav\u00e9s de una transmisi\u00f3n o livestreaming desde la plataforma Kiswe, por lo que la millonaria fanaticada del \u201cBig Boss\u201d podr\u00e1 ser parte de lo que ser\u00e1 su adi\u00f3s a una carrera de tres d\u00e9cadas.<\/p>\n\n\n\n<p>El costo del \u201casiento virtual\u201d ser\u00e1 $20: https:\/\/lameta.daddyyankee.com\/.<\/p>\n\n\n\n<p>\u201cEl concierto final, \u2018La meta\u2019, programado para el 3 de diciembre, marcar\u00e1 un momento hist\u00f3rico en la extraordinaria carrera del artista, celebrando la evoluci\u00f3n de un cantante querido a un movimiento global.<\/p>\n\n\n\n<p>A trav\u00e9s de la plataforma de v\u00eddeo interactivo de \u00faltima generaci\u00f3n de Kiswe, los fans de todos los rincones del mundo podr\u00e1n sumergirse en una emotiva experiencia de despedida.<\/p>\n\n\n\n<p>Accesible desde la comodidad de sus hogares, los espectadores ser\u00e1n testigos de la electrizante actuaci\u00f3n de Daddy Yankee en tiempo real, mientras sienten la energ\u00eda del Coliseo de Puerto Rico, uno de los recintos m\u00e1s prestigiosos del Caribe\u201d, establece el comunicado de prensa sobre el anuncio.<\/p>\n\n\n\n<p>El propio Daddy Yankee anticip\u00f3 el lunes que su retiro se marcar\u00e1 con un espect\u00e1culo completamente nuevo, del que, se supo, habr\u00e1 arreglos refrescados de los \u00e9xitos que han delineado su carrera como voz del reguet\u00f3n.<\/p>\n\n\n\n<p>\u201cDe camino a la meta\u201d inici\u00f3 un mensaje publicado por el artista y productor en las redes sociales. \u201cVan a ver un show completamente nuevo. Les presentar\u00e9 mi historia musical, desde el \u2018underground\u2019 hasta el sol de hoy. Mis \u00faltimos 5 conciertos ser\u00e1n hist\u00f3ricos, tamo\u2019 reaDY! Los veo en el Choli!! Este 30 de noviembre, 1-2 y 3 de diciembre con EL MEJOR SHOW LIBRA X LIBRA\u201d, advirti\u00f3 junto con un video que recoge los ensayos.<\/p>\n\n\n\n<p>\u201cComo s\u00edmbolo de gratitud y amor, Daddy Yankee est\u00e1 decidido a reunir a su comunidad global para una \u00faltima actuaci\u00f3n \u00e9pica\u201d, continu\u00f3 el comunicado a la vez que exhorta a la fanaticada a asegurar su \u201casiento virtual en primera fila\u201d.<\/p>\n\n\n\n<p>El creador del \u00e9xito \u201cGasolina\u201d, cuya trascedencia a nivel mundial marc\u00f3 un hito en la historia de la m\u00fasica latina, comenz\u00f3 esta semana los ensayos y su equipo de trabajo ya ocupa el Coliseo de Puerto Rico para el montaje, cuyos equipos ocuparon 37 vagones, para un total de 90 toneladas.<\/p>\n\n\n\n<p>Del equipo se promete una pantalla LED y escenario m\u00e1s grande que se haya visto en el coliseo; cerca de 1,200 luces; plataformas y sistemas de vuelos; sobre 300 drones; autos; efectos de pirotecnia; y un cuerpo de 25 bailarines.<\/p>\n\n\n\n<p>Daddy Yankee anunci\u00f3 su despedida en marzo del 2022 para concentrarse en aspectos empresariales de la m\u00fasica y los deportes, m\u00e1s disfrutar de lo personal y familiar.<\/p>\n","protected":false},"excerpt":{"rendered":"<p>Santo Domingo.-Falta poco para que inicie la serie de conciertos de despedida de Daddy Yankee denominada \u201cLa Meta\u201d y poco a poco crece la expectativa sobre lo que marcar\u00e1 la&hellip;<\/p>\n","protected":false},"author":3,"featured_media":68160,"comment_status":"open","ping_status":"open","sticky":false,"template":"","format":"standard","meta":{"content-type":"","jetpack_post_was_ever_published":false,"_jetpack_newsletter_access":"","_jetpack_dont_email_post_to_subs":false,"_jetpack_newsletter_tier_id":0,"_jetpack_memberships_contains_paywalled_content":false,"_jetpack_memberships_contains_paid_content":false,"footnotes":""},"categories":[84],"tags":[2112],"class_list":["post-68159","post","type-post","status-publish","format-standard","has-post-thumbnail","hentry","category-entretenimiento","tag-concierto"],"jetpack_featured_media_url":"https:\/\/lasprimeras.com.do\/wp-content\/uploads\/2023\/11\/Noticias-de-energia-6-18.jpg","jetpack-related-posts":[{"id":69189,"url":"https:\/\/lasprimeras.com.do\/index.php\/2023\/11\/30\/daddy-yankee-se-retira-de-la-musica-como-el-jefe-del-regueton\/","url_meta":{"origin":68159,"position":0},"title":"Daddy Yankee se retira de la m\u00fasica como &#8220;el jefe&#8221; del reguet\u00f3n","author":"BIMARY DE JES\u00daS Matos","date":"30 de noviembre de 2023","format":false,"excerpt":"RD.-Fue un pionero y a\u00fan le queda \u00abgasolina\u00bb, pero ha decidido retirarse. Daddy Yankee se despide este fin de semana con una serie de conciertos en Puerto Rico, donde forj\u00f3 su carrera de m\u00e1s de 30 a\u00f1os como el \u00abRey del Reguet\u00f3n\u00bb e influy\u00f3 en muchos artistas. Yandel, MC Ceja,\u2026","rel":"","context":"En \u00abENTRETENIMIENTO\u00bb","block_context":{"text":"ENTRETENIMIENTO","link":"https:\/\/lasprimeras.com.do\/index.php\/category\/entretenimiento\/"},"img":{"alt_text":"","src":"https:\/\/i0.wp.com\/lasprimeras.com.do\/wp-content\/uploads\/2023\/11\/WhatsApp-Image-2023-11-30-at-12.22.19-PM-1.jpeg?resize=350%2C200&ssl=1","width":350,"height":200,"srcset":"https:\/\/i0.wp.com\/lasprimeras.com.do\/wp-content\/uploads\/2023\/11\/WhatsApp-Image-2023-11-30-at-12.22.19-PM-1.jpeg?resize=350%2C200&ssl=1 1x, https:\/\/i0.wp.com\/lasprimeras.com.do\/wp-content\/uploads\/2023\/11\/WhatsApp-Image-2023-11-30-at-12.22.19-PM-1.jpeg?resize=525%2C300&ssl=1 1.5x, https:\/\/i0.wp.com\/lasprimeras.com.do\/wp-content\/uploads\/2023\/11\/WhatsApp-Image-2023-11-30-at-12.22.19-PM-1.jpeg?resize=700%2C400&ssl=1 2x, https:\/\/i0.wp.com\/lasprimeras.com.do\/wp-content\/uploads\/2023\/11\/WhatsApp-Image-2023-11-30-at-12.22.19-PM-1.jpeg?resize=1050%2C600&ssl=1 3x, https:\/\/i0.wp.com\/lasprimeras.com.do\/wp-content\/uploads\/2023\/11\/WhatsApp-Image-2023-11-30-at-12.22.19-PM-1.jpeg?resize=1400%2C800&ssl=1 4x"},"classes":[]},{"id":69702,"url":"https:\/\/lasprimeras.com.do\/index.php\/2023\/12\/05\/daddy-yankee-promete-servirle-solo-a-jesus\/","url_meta":{"origin":68159,"position":1},"title":"Daddy Yankee promete servirle s\u00f3lo a Jes\u00fas","author":"BIMARY DE JES\u00daS Matos","date":"5 de diciembre de 2023","format":false,"excerpt":"Puerto Rico.-Daddy Yankee le puso fin a la historia musical que forj\u00f3 por las pasadas tres d\u00e9cadas en el g\u00e9nero urbano para iniciar una completamente nueva con Jes\u00fas como su manejador. La estrella del reguet\u00f3n culmin\u00f3 el domingo sus conciertos de despedida de los escenarios con la confesi\u00f3n de haber\u2026","rel":"","context":"En \u00abENTRETENIMIENTO\u00bb","block_context":{"text":"ENTRETENIMIENTO","link":"https:\/\/lasprimeras.com.do\/index.php\/category\/entretenimiento\/"},"img":{"alt_text":"","src":"https:\/\/i0.wp.com\/lasprimeras.com.do\/wp-content\/uploads\/2023\/12\/whatsapp-image-2023-11-06-at-84144-pm-1024x681-3.webp?resize=350%2C200&ssl=1","width":350,"height":200,"srcset":"https:\/\/i0.wp.com\/lasprimeras.com.do\/wp-content\/uploads\/2023\/12\/whatsapp-image-2023-11-06-at-84144-pm-1024x681-3.webp?resize=350%2C200&ssl=1 1x, https:\/\/i0.wp.com\/lasprimeras.com.do\/wp-content\/uploads\/2023\/12\/whatsapp-image-2023-11-06-at-84144-pm-1024x681-3.webp?resize=525%2C300&ssl=1 1.5x"},"classes":[]},{"id":70695,"url":"https:\/\/lasprimeras.com.do\/index.php\/2023\/12\/13\/daddy-y-yankee-y-don-omar-hacen-las-paces\/","url_meta":{"origin":68159,"position":2},"title":"Daddy y Yankee y Don Omar hacen las paces","author":"BIMARY DE JES\u00daS Matos","date":"13 de diciembre de 2023","format":false,"excerpt":"Santo Domingo.-\u201cHoy cerramos el libro que guardaba los mejores cap\u00edtulos de nuestra controversial rivalidad\u201d, fue el menaje con el que Don Omar dio a conocer el fin de la enemistad entre \u00e9l y Daddy Yankee, una de las mayores rivalidades del g\u00e9nero urbano. El \u201cRey del reguet\u00f3n\u201d y el \u201cBig\u2026","rel":"","context":"En \u00abENTRETENIMIENTO\u00bb","block_context":{"text":"ENTRETENIMIENTO","link":"https:\/\/lasprimeras.com.do\/index.php\/category\/entretenimiento\/"},"img":{"alt_text":"","src":"https:\/\/i0.wp.com\/lasprimeras.com.do\/wp-content\/uploads\/2023\/12\/WhatsApp-Image-2023-12-13-at-1.40.26-PM-2.jpeg?resize=350%2C200&ssl=1","width":350,"height":200,"srcset":"https:\/\/i0.wp.com\/lasprimeras.com.do\/wp-content\/uploads\/2023\/12\/WhatsApp-Image-2023-12-13-at-1.40.26-PM-2.jpeg?resize=350%2C200&ssl=1 1x, https:\/\/i0.wp.com\/lasprimeras.com.do\/wp-content\/uploads\/2023\/12\/WhatsApp-Image-2023-12-13-at-1.40.26-PM-2.jpeg?resize=525%2C300&ssl=1 1.5x, https:\/\/i0.wp.com\/lasprimeras.com.do\/wp-content\/uploads\/2023\/12\/WhatsApp-Image-2023-12-13-at-1.40.26-PM-2.jpeg?resize=700%2C400&ssl=1 2x"},"classes":[]},{"id":88740,"url":"https:\/\/lasprimeras.com.do\/index.php\/2024\/09\/05\/daddy-yankee-es-recibido-encomedores-economicos-del-estado\/","url_meta":{"origin":68159,"position":3},"title":"Daddy Yankee es recibido en Comedores Econ\u00f3micos del Estado","author":"Nelson Feliz","date":"5 de septiembre de 2024","format":false,"excerpt":"Yankee y F\u00e9liz M\u00e9ndez,coordinan acciones inclinadas a beneficiar a la poblaci\u00f3n infantil en la Republica Dominicana. El director general de los Comedores Econ\u00f3micos del Estado Dominicano (CEED), Edgar Augusto F\u00e9liz M\u00e9ndez, recibi\u00f3 este jueves en su despacho la visita del reconocido artista de alcance mundial, Ram\u00f3n Luis Ayala, \u200b\u200bmejor conocido\u2026","rel":"","context":"En \u00abNACIONALES\u00bb","block_context":{"text":"NACIONALES","link":"https:\/\/lasprimeras.com.do\/index.php\/category\/nacionales\/"},"img":{"alt_text":"Daddy Yankee","src":"https:\/\/i0.wp.com\/lasprimeras.com.do\/wp-content\/uploads\/2024\/09\/Daddy-Yankee.jpg?resize=350%2C200&ssl=1","width":350,"height":200,"srcset":"https:\/\/i0.wp.com\/lasprimeras.com.do\/wp-content\/uploads\/2024\/09\/Daddy-Yankee.jpg?resize=350%2C200&ssl=1 1x, https:\/\/i0.wp.com\/lasprimeras.com.do\/wp-content\/uploads\/2024\/09\/Daddy-Yankee.jpg?resize=525%2C300&ssl=1 1.5x, https:\/\/i0.wp.com\/lasprimeras.com.do\/wp-content\/uploads\/2024\/09\/Daddy-Yankee.jpg?resize=700%2C400&ssl=1 2x"},"classes":[]},{"id":67887,"url":"https:\/\/lasprimeras.com.do\/index.php\/2023\/11\/20\/daddy-yankee-se-solidariza-con-rd-ante-desastre-por-lluvias\/","url_meta":{"origin":68159,"position":4},"title":"Daddy Yankee se solidariza con RD ante desastre por lluvias","author":"BIMARY DE JES\u00daS Matos","date":"20 de noviembre de 2023","format":false,"excerpt":"Santo Domingo.- El cantante de reguet\u00f3n Daddy Yankee mostr\u00f3 su apoyo a Rep\u00fablica Dominicana ante el desastre que ha afectado este fin de semana distintas localidades del pa\u00eds y que ha dejado muertos, heridos, desplazados y una gran cantidad de perdidas materiales. El Big Boss dijo que se enter\u00f3 a\u2026","rel":"","context":"En \u00abENTRETENIMIENTO\u00bb","block_context":{"text":"ENTRETENIMIENTO","link":"https:\/\/lasprimeras.com.do\/index.php\/category\/entretenimiento\/"},"img":{"alt_text":"","src":"https:\/\/i0.wp.com\/lasprimeras.com.do\/wp-content\/uploads\/2023\/11\/WhatsApp-Image-2023-11-19-at-4.12.21-PM-5.jpeg?resize=350%2C200&ssl=1","width":350,"height":200,"srcset":"https:\/\/i0.wp.com\/lasprimeras.com.do\/wp-content\/uploads\/2023\/11\/WhatsApp-Image-2023-11-19-at-4.12.21-PM-5.jpeg?resize=350%2C200&ssl=1 1x, https:\/\/i0.wp.com\/lasprimeras.com.do\/wp-content\/uploads\/2023\/11\/WhatsApp-Image-2023-11-19-at-4.12.21-PM-5.jpeg?resize=525%2C300&ssl=1 1.5x"},"classes":[]},{"id":72569,"url":"https:\/\/lasprimeras.com.do\/index.php\/2024\/01\/01\/aventura-y-romeo-santos-entre-los-mas-buscados-en-google\/","url_meta":{"origin":68159,"position":5},"title":"Aventura y Romeo Santos entre los m\u00e1s buscados en Google","author":"BIMARY DE JES\u00daS Matos","date":"1 de enero de 2024","format":false,"excerpt":"Santo Domingo.-Los exponentes de m\u00fasica dominicana Romeo Santos y Aventura han sido nombrados dentro de la lista de \u00ablos artistas con m\u00fasica en espa\u00f1ol o portugu\u00e9s m\u00e1s buscados en Google en todo el mundo de todos los tiempos\u00bb. En el listado, el grupo de bachata ocupa la quinta posici\u00f3n mientras\u2026","rel":"","context":"En \u00abENTRETENIMIENTO\u00bb","block_context":{"text":"ENTRETENIMIENTO","link":"https:\/\/lasprimeras.com.do\/index.php\/category\/entretenimiento\/"},"img":{"alt_text":"","src":"https:\/\/i0.wp.com\/lasprimeras.com.do\/wp-content\/uploads\/2024\/01\/Las-portadas-de-la-semana-EH-13-3.jpg?resize=350%2C200&ssl=1","width":350,"height":200,"srcset":"https:\/\/i0.wp.com\/lasprimeras.com.do\/wp-content\/uploads\/2024\/01\/Las-portadas-de-la-semana-EH-13-3.jpg?resize=350%2C200&ssl=1 1x, https:\/\/i0.wp.com\/lasprimeras.com.do\/wp-content\/uploads\/2024\/01\/Las-portadas-de-la-semana-EH-13-3.jpg?resize=525%2C300&ssl=1 1.5x"},"classes":[]}],"jetpack_sharing_enabled":true,"_links":{"self":[{"href":"https:\/\/lasprimeras.com.do\/index.php\/wp-json\/wp\/v2\/posts\/68159","targetHints":{"allow":["GET"]}}],"collection":[{"href":"https:\/\/lasprimeras.com.do\/index.php\/wp-json\/wp\/v2\/posts"}],"about":[{"href":"https:\/\/lasprimeras.com.do\/index.php\/wp-json\/wp\/v2\/types\/post"}],"author":[{"embeddable":true,"href":"https:\/\/lasprimeras.com.do\/index.php\/wp-json\/wp\/v2\/users\/3"}],"replies":[{"embeddable":true,"href":"https:\/\/lasprimeras.com.do\/index.php\/wp-json\/wp\/v2\/comments?post=68159"}],"version-history":[{"count":1,"href":"https:\/\/lasprimeras.com.do\/index.php\/wp-json\/wp\/v2\/posts\/68159\/revisions"}],"predecessor-version":[{"id":68161,"href":"https:\/\/lasprimeras.com.do\/index.php\/wp-json\/wp\/v2\/posts\/68159\/revisions\/68161"}],"wp:featuredmedia":[{"embeddable":true,"href":"https:\/\/lasprimeras.com.do\/index.php\/wp-json\/wp\/v2\/media\/68160"}],"wp:attachment":[{"href":"https:\/\/lasprimeras.com.do\/index.php\/wp-json\/wp\/v2\/media?parent=68159"}],"wp:term":[{"taxonomy":"category","embeddable":true,"href":"https:\/\/lasprimeras.com.do\/index.php\/wp-json\/wp\/v2\/categories?post=68159"},{"taxonomy":"post_tag","embeddable":true,"href":"https:\/\/lasprimeras.com.do\/index.php\/wp-json\/wp\/v2\/tags?post=68159"}],"curies":[{"name":"wp","href":"https:\/\/api.w.org\/{rel}","templated":true}]}}