{"id":68162,"date":"2023-11-22T06:51:26","date_gmt":"2023-11-22T10:51:26","guid":{"rendered":"https:\/\/lasprimeras.com.do\/?p=68162"},"modified":"2023-11-22T06:51:27","modified_gmt":"2023-11-22T10:51:27","slug":"imaginativa-en-su-quinta-edicion-estara-dedicada-a-la-productora-anita-ontiveros","status":"publish","type":"post","link":"https:\/\/lasprimeras.com.do\/index.php\/2023\/11\/22\/imaginativa-en-su-quinta-edicion-estara-dedicada-a-la-productora-anita-ontiveros\/","title":{"rendered":"&#8220;Imaginativa&#8221; en su quinta edici\u00f3n estar\u00e1 dedicada a la productora Anita Ontiveros"},"content":{"rendered":"\n<p>Santo Domingo.-En la celebraci\u00f3n de su quinta edici\u00f3n, \u00abImaginativa, la semana de la televisi\u00f3n dominicana\u00bb abrir\u00e1 nuevamente las puertas de su estudio de televisi\u00f3n con una agenda de transmisiones en vivo, conferencias y conversatorios del 23 al 26 de noviembre en el Hotel Jaragua.<\/p>\n\n\n\n<p>La productora Edilenia Tactuk manifest\u00f3 que la edici\u00f3n de este a\u00f1o est\u00e1 dedicada a la productora y directora Anita Ontiveros, al cumplirse 50 a\u00f1os de convertirse en la primera mujer directora de c\u00e1maras de Rep\u00fablica Dominicana.<\/p>\n\n\n\n<p>\u201cImaginativa rendir\u00e1 homenaje a Anita Ontiveros, la productora que abri\u00f3 los caminos del rol de la mujer detr\u00e1s de c\u00e1maras. En 1973 se inici\u00f3 como directora en un momento donde esta \u00e1rea era dominada solo por hombres. Su creatividad y sus niveles de calidad hicieron posible que estableciera un sello especial logrando dirigir a figuras ic\u00f3nicas de la historia de nuestra televisi\u00f3n como Yaqui N\u00fa\u00f1ez del Risco\u201d, expres\u00f3 Edilenia Tactuk, productora de Imaginativa.<\/p>\n\n\n\n<p>La quinta edici\u00f3n de Imaginativa reunir\u00e1 a un equipo de producci\u00f3n y realizaci\u00f3n de 100 personas y m\u00e1s de 200 talentos estar\u00e1n presentando sus credenciales frente a las c\u00e1maras a trav\u00e9s de transmisiones de televisi\u00f3n y streaming en vivo.<\/p>\n\n\n\n<p>Industria creativa<\/p>\n\n\n\n<p>\u201cEn estos cinco a\u00f1os, la Semana de la Televisi\u00f3n ha contado con la participaci\u00f3n de expertos nacionales e internacionales, quienes han compartido sus experiencias en la industria de la televisi\u00f3n, y lo m\u00e1s importante es que nos hemos convertido en una opci\u00f3n de entrenamiento para estudiantes y profesionales del medio. La alianza con WorldVoices y Reynaldo Infante ha sido vital para el desarrollo de nuestras metas\u201d, expres\u00f3 Edilenia Tactuk.<\/p>\n\n\n\n<p>El estudio de Imaginativa esta vez tendr\u00e1 como protagonistas a m\u00e1s de 200 j\u00f3venes con inquietudes, nuevas ideas, proyectos y emprendimientos. Ser\u00e1 un escenario para presentarlos y evaluar qu\u00e9 oportunidades pueden encontrar en la industria creativa.<\/p>\n\n\n\n<p>Un marat\u00f3n de conocimiento protagonizado por 10 figuras del entretenimiento ser\u00e1 el centro de inspiraci\u00f3n de esta edici\u00f3n, adem\u00e1s de transmisiones en vivo a trav\u00e9s de diferentes canales de televisi\u00f3n y un streaming permanente durante los cuatro d\u00edas del evento.<\/p>\n\n\n\n<p>Medalla: Gordo de la Semana<\/p>\n\n\n\n<p>Con motivo del estreno en los cines de la pel\u00edcula \u00abFREDDY\u00bb dirigida por Giancarlo Beras-Goico, Imaginativa presentar\u00e1 una ceremonia de entrega de 10 medallas del emblem\u00e1tico programa \u00abEl Gordo de la Semana\u00bb a personalidades destacadas que realizan acciones a favor de los dem\u00e1s y emprenden ideas innovadoras.<\/p>\n\n\n\n<p>Las boletas para asistir al estudio de Imaginativa est\u00e1n a la venta en Uepa Tickets, en Supermercados Nacional, Jumbo y en el Hotel Jaragua durante los d\u00edas del evento. El horario de operaci\u00f3n del estudio Imaginativa es de 9:00 am a 9:00 pm. M\u00e1s informaci\u00f3n en @tvimaginativa.<\/p>\n","protected":false},"excerpt":{"rendered":"<p>Santo Domingo.-En la celebraci\u00f3n de su quinta edici\u00f3n, \u00abImaginativa, la semana de la televisi\u00f3n dominicana\u00bb abrir\u00e1 nuevamente las puertas de su estudio de televisi\u00f3n con una agenda de transmisiones en&hellip;<\/p>\n","protected":false},"author":3,"featured_media":68164,"comment_status":"open","ping_status":"open","sticky":false,"template":"","format":"standard","meta":{"content-type":"","jetpack_post_was_ever_published":false,"_jetpack_newsletter_access":"","_jetpack_dont_email_post_to_subs":false,"_jetpack_newsletter_tier_id":0,"_jetpack_memberships_contains_paywalled_content":false,"_jetpack_memberships_contains_paid_content":false,"footnotes":""},"categories":[84],"tags":[2154],"class_list":["post-68162","post","type-post","status-publish","format-standard","has-post-thumbnail","hentry","category-entretenimiento","tag-television"],"jetpack_featured_media_url":"https:\/\/lasprimeras.com.do\/wp-content\/uploads\/2023\/11\/Noticias-de-energia-6-20.jpg","jetpack-related-posts":[{"id":72899,"url":"https:\/\/lasprimeras.com.do\/index.php\/2024\/01\/04\/muere-anita-ontiveros-la-primera-mujer-directora-de-camara-en-republica-dominicana\/","url_meta":{"origin":68162,"position":0},"title":"Muere Anita Ontiveros, la primera mujer directora de c\u00e1mara en Rep\u00fablica Dominicana","author":"BIMARY DE JES\u00daS Matos","date":"4 de enero de 2024","format":false,"excerpt":"Santo Domingo.-Anita Ontiveros, quien se convirti\u00f3 en la primera mujer en ser directora de c\u00e1mara en Rep\u00fablica Dominicana, muri\u00f3 este mi\u00e9rcoles 3 de enero en su residencia luego de una larga batalla contra el Alzheimer. Ten\u00eda 76 a\u00f1os de edad. \u00abLamento informarte del fallecimiento de mami esta ma\u00f1ana. Se encontraba\u2026","rel":"","context":"En \u00abENTRETENIMIENTO\u00bb","block_context":{"text":"ENTRETENIMIENTO","link":"https:\/\/lasprimeras.com.do\/index.php\/category\/entretenimiento\/"},"img":{"alt_text":"","src":"https:\/\/i0.wp.com\/lasprimeras.com.do\/wp-content\/uploads\/2024\/01\/WhatsApp-Image-2024-01-03-at-11.55.29-PM-2.jpeg?resize=350%2C200&ssl=1","width":350,"height":200,"srcset":"https:\/\/i0.wp.com\/lasprimeras.com.do\/wp-content\/uploads\/2024\/01\/WhatsApp-Image-2024-01-03-at-11.55.29-PM-2.jpeg?resize=350%2C200&ssl=1 1x, https:\/\/i0.wp.com\/lasprimeras.com.do\/wp-content\/uploads\/2024\/01\/WhatsApp-Image-2024-01-03-at-11.55.29-PM-2.jpeg?resize=525%2C300&ssl=1 1.5x"},"classes":[]},{"id":68831,"url":"https:\/\/lasprimeras.com.do\/index.php\/2023\/11\/28\/edilenia-tactuk-impulsa-el-talento-para-la-comunicacion-de-mas-de-200-jovenes-en-imaginativa-tv\/","url_meta":{"origin":68162,"position":1},"title":"Edilenia Tactuk impulsa el talento para la comunicaci\u00f3n de m\u00e1s de 200 j\u00f3venes en Imaginativa TV","author":"BIMARY DE JES\u00daS Matos","date":"28 de noviembre de 2023","format":false,"excerpt":"En una edici\u00f3n dedicada a\u00a0Anita Ontiveros,\u00a0la primera mujer en ser directora de c\u00e1mara en Rep\u00fablica Dominicana,\u00a0\u201cImaginativa TV,\u00a0la semana de la televisi\u00f3n dominicana\u201d\u00a0impuls\u00f3 el talento en los medios de comunicaci\u00f3n de m\u00e1s de 200 j\u00f3venes. Durante cuatro d\u00edas en el Teatro La Fiesta del hotel Jaragua, la plataforma creada y encabezada\u2026","rel":"","context":"En \u00abENTRETENIMIENTO\u00bb","block_context":{"text":"ENTRETENIMIENTO","link":"https:\/\/lasprimeras.com.do\/index.php\/category\/entretenimiento\/"},"img":{"alt_text":"","src":"https:\/\/i0.wp.com\/lasprimeras.com.do\/wp-content\/uploads\/2023\/11\/Noticias-de-economia-2-7.jpg?resize=350%2C200&ssl=1","width":350,"height":200,"srcset":"https:\/\/i0.wp.com\/lasprimeras.com.do\/wp-content\/uploads\/2023\/11\/Noticias-de-economia-2-7.jpg?resize=350%2C200&ssl=1 1x, https:\/\/i0.wp.com\/lasprimeras.com.do\/wp-content\/uploads\/2023\/11\/Noticias-de-economia-2-7.jpg?resize=525%2C300&ssl=1 1.5x, https:\/\/i0.wp.com\/lasprimeras.com.do\/wp-content\/uploads\/2023\/11\/Noticias-de-economia-2-7.jpg?resize=700%2C400&ssl=1 2x"},"classes":[]},{"id":73029,"url":"https:\/\/lasprimeras.com.do\/index.php\/2024\/01\/05\/pld-lamenta-muerte-de-ontiveros-y-resalta-vinculos-con-juan-bosch\/","url_meta":{"origin":68162,"position":2},"title":"PLD lamenta muerte de Ontiveros y resalta v\u00ednculos con Juan Bosch","author":"Nelson Feliz","date":"5 de enero de 2024","format":false,"excerpt":"El Partido de la Liberaci\u00f3n Dominicana (PLD) mostr\u00f3 su pesar por el fallecimiento de la maestra de la televisi\u00f3n, Anita Ontiveros, de quien el pa\u00eds se siente m\u00e1s que agradecido por sus aportes a la cultura nacional. Sus familiares informaron que su velatorio se realizar\u00e1 el viernes a partir de\u2026","rel":"","context":"En \u00abNACIONALES\u00bb","block_context":{"text":"NACIONALES","link":"https:\/\/lasprimeras.com.do\/index.php\/category\/nacionales\/"},"img":{"alt_text":"","src":"https:\/\/i0.wp.com\/lasprimeras.com.do\/wp-content\/uploads\/2023\/10\/WhatsApp-Image-2023-10-05-at-9.55.14-AM-2.jpeg?resize=350%2C200&ssl=1","width":350,"height":200,"srcset":"https:\/\/i0.wp.com\/lasprimeras.com.do\/wp-content\/uploads\/2023\/10\/WhatsApp-Image-2023-10-05-at-9.55.14-AM-2.jpeg?resize=350%2C200&ssl=1 1x, https:\/\/i0.wp.com\/lasprimeras.com.do\/wp-content\/uploads\/2023\/10\/WhatsApp-Image-2023-10-05-at-9.55.14-AM-2.jpeg?resize=525%2C300&ssl=1 1.5x, https:\/\/i0.wp.com\/lasprimeras.com.do\/wp-content\/uploads\/2023\/10\/WhatsApp-Image-2023-10-05-at-9.55.14-AM-2.jpeg?resize=700%2C400&ssl=1 2x"},"classes":[]},{"id":73040,"url":"https:\/\/lasprimeras.com.do\/index.php\/2024\/01\/05\/pld-lamenta-muerte-de-ontiveros-y-resalta-vinculos-con-juan-bosch-2\/","url_meta":{"origin":68162,"position":3},"title":"PLD lamenta muerte de Ontiveros y resalta v\u00ednculos con Juan Bosch","author":"BIMARY DE JES\u00daS Matos","date":"5 de enero de 2024","format":false,"excerpt":"SANTO DOMINGO.- El Partido de la Liberaci\u00f3n Dominicana (PLD) mostr\u00f3 su pesar por el fallecimiento de la maestra de la televisi\u00f3n, Anita Ontiveros, de quien el pa\u00eds se siente m\u00e1s que agradecido por sus aportes a la cultura nacional. Sus familiares informaron que su velatorio se realizar\u00e1 el viernes a\u2026","rel":"","context":"En \u00abSin categor\u00eda\u00bb","block_context":{"text":"Sin categor\u00eda","link":"https:\/\/lasprimeras.com.do\/index.php\/category\/sin-categoria\/"},"img":{"alt_text":"","src":"https:\/\/i0.wp.com\/lasprimeras.com.do\/wp-content\/uploads\/2024\/01\/Noticias-de-energia-2024-01-03T235756.173-1.jpg?resize=350%2C200&ssl=1","width":350,"height":200},"classes":[]},{"id":89189,"url":"https:\/\/lasprimeras.com.do\/index.php\/2024\/09\/19\/fallece-pionero-de-la-television-a-color-en-rd-horacio-lamadrid\/","url_meta":{"origin":68162,"position":4},"title":"Fallece pionero de la televisi\u00f3n a color en RD Horacio Lamadrid","author":"Paola Castillo","date":"19 de septiembre de 2024","format":false,"excerpt":"El productor argentino\u00a0Horacio Lamadrid, de 85 a\u00f1os,\u00a0muri\u00f3 a las 7:30 de la ma\u00f1ana de este jueves a causa de insuficiencia cardiaca en la Hospital General de la Plaza de la Salud, seg\u00fan revel\u00f3 su hijo Horacito Lamadrid Ontiveros. Horacio Lamadrid, junto a su esposa Anita Ontiveros (fallecida en enero), se\u2026","rel":"","context":"En \u00abNACIONALES\u00bb","block_context":{"text":"NACIONALES","link":"https:\/\/lasprimeras.com.do\/index.php\/category\/nacionales\/"},"img":{"alt_text":"","src":"https:\/\/i0.wp.com\/lasprimeras.com.do\/wp-content\/uploads\/2024\/09\/horacio.jpg?resize=350%2C200&ssl=1","width":350,"height":200,"srcset":"https:\/\/i0.wp.com\/lasprimeras.com.do\/wp-content\/uploads\/2024\/09\/horacio.jpg?resize=350%2C200&ssl=1 1x, https:\/\/i0.wp.com\/lasprimeras.com.do\/wp-content\/uploads\/2024\/09\/horacio.jpg?resize=525%2C300&ssl=1 1.5x, https:\/\/i0.wp.com\/lasprimeras.com.do\/wp-content\/uploads\/2024\/09\/horacio.jpg?resize=700%2C400&ssl=1 2x"},"classes":[]},{"id":72793,"url":"https:\/\/lasprimeras.com.do\/index.php\/2024\/01\/03\/programa-frontal-integra-en-su-produccion-a-dos-jovenes-de-la-plataforma-imaginativa-tv\/","url_meta":{"origin":68162,"position":5},"title":"Programa &#8220;Frontal&#8221; integra en su producci\u00f3n a dos j\u00f3venes de la plataforma &#8220;Imaginativa TV&#8221;","author":"BIMARY DE JES\u00daS Matos","date":"3 de enero de 2024","format":false,"excerpt":"Santo Domingo.-En v\u00edspera del cuarto a\u00f1o de transmisi\u00f3n continua de \"Frontal\", programa especializado en an\u00e1lisis noticioso e investigaci\u00f3n social, su productora Laura Guzm\u00e1n de Ruiz anunci\u00f3 la entrada de dos nuevos talentos provenientes de la plataforma \"TV Imaginativa\u201d. Los j\u00f3venes Jay Jim\u00e9nez y Wen Caminero fueron seleccionados por Laura Guzm\u00e1n\u2026","rel":"","context":"En \u00abENTRETENIMIENTO\u00bb","block_context":{"text":"ENTRETENIMIENTO","link":"https:\/\/lasprimeras.com.do\/index.php\/category\/entretenimiento\/"},"img":{"alt_text":"","src":"https:\/\/i0.wp.com\/lasprimeras.com.do\/wp-content\/uploads\/2024\/01\/WhatsApp-Image-2023-12-30-at-3.02.08-PM-1.jpeg?resize=350%2C200&ssl=1","width":350,"height":200,"srcset":"https:\/\/i0.wp.com\/lasprimeras.com.do\/wp-content\/uploads\/2024\/01\/WhatsApp-Image-2023-12-30-at-3.02.08-PM-1.jpeg?resize=350%2C200&ssl=1 1x, https:\/\/i0.wp.com\/lasprimeras.com.do\/wp-content\/uploads\/2024\/01\/WhatsApp-Image-2023-12-30-at-3.02.08-PM-1.jpeg?resize=525%2C300&ssl=1 1.5x, https:\/\/i0.wp.com\/lasprimeras.com.do\/wp-content\/uploads\/2024\/01\/WhatsApp-Image-2023-12-30-at-3.02.08-PM-1.jpeg?resize=700%2C400&ssl=1 2x"},"classes":[]}],"jetpack_sharing_enabled":true,"_links":{"self":[{"href":"https:\/\/lasprimeras.com.do\/index.php\/wp-json\/wp\/v2\/posts\/68162","targetHints":{"allow":["GET"]}}],"collection":[{"href":"https:\/\/lasprimeras.com.do\/index.php\/wp-json\/wp\/v2\/posts"}],"about":[{"href":"https:\/\/lasprimeras.com.do\/index.php\/wp-json\/wp\/v2\/types\/post"}],"author":[{"embeddable":true,"href":"https:\/\/lasprimeras.com.do\/index.php\/wp-json\/wp\/v2\/users\/3"}],"replies":[{"embeddable":true,"href":"https:\/\/lasprimeras.com.do\/index.php\/wp-json\/wp\/v2\/comments?post=68162"}],"version-history":[{"count":1,"href":"https:\/\/lasprimeras.com.do\/index.php\/wp-json\/wp\/v2\/posts\/68162\/revisions"}],"predecessor-version":[{"id":68165,"href":"https:\/\/lasprimeras.com.do\/index.php\/wp-json\/wp\/v2\/posts\/68162\/revisions\/68165"}],"wp:featuredmedia":[{"embeddable":true,"href":"https:\/\/lasprimeras.com.do\/index.php\/wp-json\/wp\/v2\/media\/68164"}],"wp:attachment":[{"href":"https:\/\/lasprimeras.com.do\/index.php\/wp-json\/wp\/v2\/media?parent=68162"}],"wp:term":[{"taxonomy":"category","embeddable":true,"href":"https:\/\/lasprimeras.com.do\/index.php\/wp-json\/wp\/v2\/categories?post=68162"},{"taxonomy":"post_tag","embeddable":true,"href":"https:\/\/lasprimeras.com.do\/index.php\/wp-json\/wp\/v2\/tags?post=68162"}],"curies":[{"name":"wp","href":"https:\/\/api.w.org\/{rel}","templated":true}]}}