{"id":68179,"date":"2023-11-22T08:32:15","date_gmt":"2023-11-22T12:32:15","guid":{"rendered":"https:\/\/lasprimeras.com.do\/?p=68179"},"modified":"2023-11-22T08:32:17","modified_gmt":"2023-11-22T12:32:17","slug":"manoguayabo-esta-sumergido-en-escombros","status":"publish","type":"post","link":"https:\/\/lasprimeras.com.do\/index.php\/2023\/11\/22\/manoguayabo-esta-sumergido-en-escombros\/","title":{"rendered":"Manoguayabo est\u00e1 sumergido en escombros"},"content":{"rendered":"\n<p class=\"wp-block-paragraph\"><strong>Calles inundadas, veh\u00edculos da\u00f1ados, escuelas afectadas y el clamor de los habitantes pidiendo ayuda es lo que se vive en Manoguayabo.<\/strong><\/p>\n\n\n\n<p class=\"wp-block-paragraph\">Tristeza, desesperanza y nostalgia son el reflejo en los rostros de los residentes del sector Manoguayabo, en Santo Domingo Oeste, tras ser afectados por las fuertes lluvias del pasado s\u00e1bado, que provocaron la muerte de al menos tres personas en esa zona.<\/p>\n\n\n\n<p class=\"wp-block-paragraph\">Calles inundadas, veh\u00edculos da\u00f1ados, escombros, escuelas afectadas y el clamor de los habitantes pidiendo ayuda es lo que se vive en Manoguayabo, a tres d\u00edas de ser afectados por los fuertes aguaceros.<\/p>\n\n\n\n<p class=\"wp-block-paragraph\">Tres personas perdieron la vida en la calle Blasina Campusano en Manoguayabo, luego de que una pared colapsara y se inundara todo.<\/p>\n\n\n\n<p class=\"wp-block-paragraph\">\u201cFue algo devastador, en un minuto lo perdimos todo; pero lo m\u00e1s penoso fue la muerte de nuestros tres vecinos\u201d, expres\u00f3 Carlos Genere, propietario de un taller de reparaci\u00f3n y venta de veh\u00edculos y residente en la mencionada calle.<\/p>\n\n\n\n<p class=\"wp-block-paragraph\">Ramona Montesino, otra de los afectados, asegur\u00f3 que su esposo y ella perdieron millones de pesos, ya que ten\u00edan un taller de reparaci\u00f3n y venta de veh\u00edculos.<\/p>\n\n\n\n<p class=\"wp-block-paragraph\">\u201cEn mi casa no hay cama, la nevera se da\u00f1\u00f3, la lavadora, mi mam\u00e1 no tiene en qu\u00e9 sentarse\u201d, dijo. Agreg\u00f3 que tiene 29 a\u00f1os viviendo en esa comunidad y nunca hab\u00eda ocurrido un hecho de tal magnitud. Otros habitantes de esa zona expresaron que el Plan Social de la Presidencia los visit\u00f3.<\/p>\n\n\n\n<p class=\"wp-block-paragraph\">\u201cNos trajeron unas funditas, comida cocida, nosotros se lo agradecemos, pero eso no es lo que necesitamos, ya que no tenemos ni estufa para cocinar\u201d, manifest\u00f3 Dulce Est\u00e9vez.<\/p>\n\n\n\n<p class=\"wp-block-paragraph\">C\u00e9sar Nicol\u00e1s, uno de los fundadores de esa zona, est\u00e1 a la espera de que alguna instituci\u00f3n los ayude. \u201cLas camas est\u00e1n sin colch\u00f3n, necesitamos una pala mec\u00e1nica para retirar los escombros, si vuelve y llueve estaremos en lo mismo otras vez\u201d, afirm\u00f3.<\/p>\n\n\n\n<p class=\"wp-block-paragraph\">Moradores del sector expresaron que ni siquiera con una semana de lluvia hab\u00edan pasado por algo similar.<\/p>\n\n\n\n<p class=\"wp-block-paragraph\">Las v\u00edctimas<\/p>\n\n\n\n<p class=\"wp-block-paragraph\">\u201cLa noche del s\u00e1bado la Defensa Civil vino cuando el agua baj\u00f3 y ah\u00ed encontraron los cad\u00e1veres de nuestros vecinos; \u00e9ramos una familia, tenemos m\u00e1s de 30 a\u00f1os viviendo aqu\u00ed\u201d, dijo Dominga Garc\u00eda.<\/p>\n\n\n\n<p class=\"wp-block-paragraph\">Aseguran que la ca\u00f1ada fue obstruida al ser tapada por la construcci\u00f3n del residencial Wester Tower y que esto fue lo que provoc\u00f3 las inundaciones.<\/p>\n\n\n\n<p class=\"wp-block-paragraph\">Mientras que Margarita Galv\u00e1n perdi\u00f3 a su esposo y su suegra en ese terrible desastre. \u201cMi esposo se cans\u00f3 de ir al ayuntamiento, poner denuncias, desde que comenzaron hacer el proyecto, pero nunca fue escuchado\u201d, manifest\u00f3 Galv\u00e1n.<\/p>\n\n\n\n<p class=\"wp-block-paragraph\">\u201cNo vamos a dejar que echan la pared nuevamente, necesitamos una mano que nos ayude\u201d, agreg\u00f3.<\/p>\n\n\n\n<p class=\"wp-block-paragraph\">Residentes de Arroyo Bonito se encuentran en las mismas condiciones y expresaron que tienen m\u00e1s de diez a\u00f1os reclamando arreglos de sus calles y alcantarillados.<\/p>\n\n\n\n<p class=\"wp-block-paragraph\">\u201cHemos reclamado al ayuntamiento, a la CAASD, al Ministerio de Obras P\u00fablicas, estamos cansados\u201d, dijo Michael Reyes, uno de los afectados, tras asegurar que \u201ctodas las calles se volvieron una, las ca\u00f1adas se desbordaron, todo se da\u00f1\u00f3, mi computadora, mi trabajo final de monogr\u00e1fico se fue a pique\u201d.<\/p>\n\n\n\n<p class=\"wp-block-paragraph\">Reyes agreg\u00f3 que aqu\u00ed hay un brote de dengue y lo \u00fanico que piden es el arreglo de las calles, para que no se vuelvan a inundar y el virus del dengue no se propague.<\/p>\n\n\n\n<p class=\"wp-block-paragraph\">Gleinys M\u00e9ndez cont\u00f3 que tuvo que sacar a sus hijos por una ventana para subirlos al segundo nivel de su residencia, \u201ca los dos segundo de subir ya todo estaba repleto de agua\u201d.<\/p>\n\n\n\n<p class=\"wp-block-paragraph\">Mientras que Juan Aguiar, propietario de una ferreter\u00eda que tambi\u00e9n fue inundada, dijo que fue una desesperaci\u00f3n muy grande; \u201ctengo veinte a\u00f1os viviendo aqu\u00ed y primera vez que pasa algo as\u00ed, por suerte mi esposa y yo logramos salir cuando el agua nos estaba dando por la cintura\u201d.<\/p>\n\n\n\n<p class=\"wp-block-paragraph\">Francisco Minaya, otro residente de Manoguayabo, dijo que dej\u00f3 su camioneta en una esquina, pero fue arrastrada por las fuertes lluvias y la perdi\u00f3.<\/p>\n","protected":false},"excerpt":{"rendered":"<p>Calles inundadas, veh\u00edculos da\u00f1ados, escuelas afectadas y el clamor de los habitantes pidiendo ayuda es lo que se vive en Manoguayabo. Tristeza, desesperanza y nostalgia son el reflejo en los&hellip;<\/p>\n","protected":false},"author":2,"featured_media":68180,"comment_status":"open","ping_status":"open","sticky":false,"template":"","format":"standard","meta":{"content-type":"","_jetpack_newsletter_access":"","_jetpack_dont_email_post_to_subs":false,"_jetpack_newsletter_tier_id":0,"_jetpack_memberships_contains_paywalled_content":false,"_jetpack_feature_clip_id":0,"_jetpack_memberships_contains_paid_content":false,"footnotes":"","jetpack_post_was_ever_published":false},"categories":[35],"tags":[4810,4821,9711],"class_list":["post-68179","post","type-post","status-publish","format-standard","has-post-thumbnail","hentry","category-nacionales","tag-escombros","tag-manoguayabo","tag-sumergido"],"jetpack-related-posts":[{"id":67820,"url":"https:\/\/lasprimeras.com.do\/index.php\/2023\/11\/19\/diez-muertos-solo-en-santo-domingo-oeste-por-las-inundaciones\/","url_meta":{"origin":68179,"position":0},"title":"Diez muertos solo en Santo Domingo Oeste por las inundaciones","author":"Nelson Feliz","date":"19 de noviembre de 2023","format":false,"excerpt":"Entre los fallecidos hay cuatro ahogados en veh\u00edculos, tres en sus viviendas y un ni\u00f1o electrocutado. Al menos diez personas fallecieron en Santo Domingo Oeste producto de las lluvias que se han precipitado este fin de semana. En la ma\u00f1ana de este domingo se hacen las labores de levantamiento del\u2026","rel":"","context":"En \u00abNACIONALES\u00bb","block_context":{"text":"NACIONALES","link":"https:\/\/lasprimeras.com.do\/index.php\/category\/nacionales\/"},"img":{"alt_text":"","src":"https:\/\/i0.wp.com\/lasprimeras.com.do\/wp-content\/uploads\/2023\/11\/fallecidos.jpg?resize=350%2C200&ssl=1","width":350,"height":200,"srcset":"https:\/\/i0.wp.com\/lasprimeras.com.do\/wp-content\/uploads\/2023\/11\/fallecidos.jpg?resize=350%2C200&ssl=1 1x, https:\/\/i0.wp.com\/lasprimeras.com.do\/wp-content\/uploads\/2023\/11\/fallecidos.jpg?resize=525%2C300&ssl=1 1.5x, https:\/\/i0.wp.com\/lasprimeras.com.do\/wp-content\/uploads\/2023\/11\/fallecidos.jpg?resize=700%2C400&ssl=1 2x"},"classes":[]},{"id":68734,"url":"https:\/\/lasprimeras.com.do\/index.php\/2023\/11\/27\/leonel-visito-zonas-afectadas-por-inundaciones-en-santo-domingo-oeste\/","url_meta":{"origin":68179,"position":1},"title":"Leonel visit\u00f3 zonas afectadas por inundaciones en Santo Domingo Oeste","author":"Nelson Feliz","date":"27 de noviembre de 2023","format":false,"excerpt":"El presidente del partido Fuerza del Pueblo, Leonel Fern\u00e1ndez, asisti\u00f3 a las zonas afectadas por inundaciones en Santo Domingo Oeste, donde perdieron la vida unas 16 personas el pasado s\u00e1bado 18 de noviembre, debido a la falta de previsi\u00f3n del gobierno de Luis Abinader ante los altos niveles de lluvia.\u2026","rel":"","context":"En \u00abPORTADA\u00bb","block_context":{"text":"PORTADA","link":"https:\/\/lasprimeras.com.do\/index.php\/category\/portada\/"},"img":{"alt_text":"Leonel Fern\u00e1ndez","src":"https:\/\/i0.wp.com\/lasprimeras.com.do\/wp-content\/uploads\/2023\/11\/Leonel-Fernandez-8.jpg?resize=350%2C200&ssl=1","width":350,"height":200,"srcset":"https:\/\/i0.wp.com\/lasprimeras.com.do\/wp-content\/uploads\/2023\/11\/Leonel-Fernandez-8.jpg?resize=350%2C200&ssl=1 1x, https:\/\/i0.wp.com\/lasprimeras.com.do\/wp-content\/uploads\/2023\/11\/Leonel-Fernandez-8.jpg?resize=525%2C300&ssl=1 1.5x, https:\/\/i0.wp.com\/lasprimeras.com.do\/wp-content\/uploads\/2023\/11\/Leonel-Fernandez-8.jpg?resize=700%2C400&ssl=1 2x"},"classes":[]},{"id":122462,"url":"https:\/\/lasprimeras.com.do\/index.php\/2026\/02\/17\/comunitarios-de-manoguayabo-denuncian-ola-de-robos-presunto-delincuente-asalta-cuatro-viviendas-en-una-noche-i-video\/","url_meta":{"origin":68179,"position":2},"title":"Comunitarios de Manoguayabo denuncian ola de robos; presunto delincuente asalta cuatro viviendas en una noche I Video","author":"Nelson Feliz","date":"17 de febrero de 2026","format":false,"excerpt":"Residentes del sector Manoguayabo, en el municipio Santo Domingo Oeste, denunciaron la preocupante situaci\u00f3n de inseguridad que atraviesan, luego de que un presunto delincuente penetrara de manera consecutiva en cuatro viviendas que la madrugada este martes, sustrayendo diversos art\u00edculos de valor y dinero en efectivo. El acto delictivo inici\u00f3 alrededor\u2026","rel":"","context":"En \u00abNACIONALES\u00bb","block_context":{"text":"NACIONALES","link":"https:\/\/lasprimeras.com.do\/index.php\/category\/nacionales\/"},"img":{"alt_text":"","src":"https:\/\/i0.wp.com\/lasprimeras.com.do\/wp-content\/uploads\/2026\/02\/celular.jpeg?resize=350%2C200&ssl=1","width":350,"height":200,"srcset":"https:\/\/i0.wp.com\/lasprimeras.com.do\/wp-content\/uploads\/2026\/02\/celular.jpeg?resize=350%2C200&ssl=1 1x, https:\/\/i0.wp.com\/lasprimeras.com.do\/wp-content\/uploads\/2026\/02\/celular.jpeg?resize=525%2C300&ssl=1 1.5x, https:\/\/i0.wp.com\/lasprimeras.com.do\/wp-content\/uploads\/2026\/02\/celular.jpeg?resize=700%2C400&ssl=1 2x"},"classes":[]},{"id":58376,"url":"https:\/\/lasprimeras.com.do\/index.php\/2023\/08\/23\/comunitarios-de-arroyo-bonito-tienen-casas-inundadas-pero-no-se-moveran-por-temor-a-asaltos\/","url_meta":{"origin":68179,"position":3},"title":"Comunitarios de Arroyo Bonito tienen casas inundadas, pero no se mover\u00e1n por temor a asaltos","author":"Nelson Feliz","date":"23 de agosto de 2023","format":false,"excerpt":"La Defensa Civil que circula por la zona ya les advirti\u00f3 de posibles da\u00f1os por las inundaciones. Una de las calles de Arroyo Bonito, en la zona de Manoguayabo, est\u00e1 inundada y con casas repletas de agua, pero los habitantes siguen dentro de las residencias o en las inmediaciones sin\u2026","rel":"","context":"En \u00abNACIONALES\u00bb","block_context":{"text":"NACIONALES","link":"https:\/\/lasprimeras.com.do\/index.php\/category\/nacionales\/"},"img":{"alt_text":"","src":"https:\/\/i0.wp.com\/lasprimeras.com.do\/wp-content\/uploads\/2023\/08\/manoguayabo-1.jpeg?resize=350%2C200&ssl=1","width":350,"height":200,"srcset":"https:\/\/i0.wp.com\/lasprimeras.com.do\/wp-content\/uploads\/2023\/08\/manoguayabo-1.jpeg?resize=350%2C200&ssl=1 1x, https:\/\/i0.wp.com\/lasprimeras.com.do\/wp-content\/uploads\/2023\/08\/manoguayabo-1.jpeg?resize=525%2C300&ssl=1 1.5x, https:\/\/i0.wp.com\/lasprimeras.com.do\/wp-content\/uploads\/2023\/08\/manoguayabo-1.jpeg?resize=700%2C400&ssl=1 2x, https:\/\/i0.wp.com\/lasprimeras.com.do\/wp-content\/uploads\/2023\/08\/manoguayabo-1.jpeg?resize=1050%2C600&ssl=1 3x, https:\/\/i0.wp.com\/lasprimeras.com.do\/wp-content\/uploads\/2023\/08\/manoguayabo-1.jpeg?resize=1400%2C800&ssl=1 4x"},"classes":[]},{"id":67817,"url":"https:\/\/lasprimeras.com.do\/index.php\/2023\/11\/19\/tragedia-nacional-mas-de-veinte-muertos-por-las-lluvias\/","url_meta":{"origin":68179,"position":4},"title":"Tragedia nacional: M\u00e1s de veinte muertos por las lluvias","author":"Nelson Feliz","date":"19 de noviembre de 2023","format":false,"excerpt":"Las secuelas de las constantes y fuertes lluvias que desde el pasado viernes afectan al pa\u00eds empiezan a levantar las tragedias. Seg\u00fan las informaciones preliminares, antes del mediod\u00eda de este domingo las p\u00e9rdidas de vidas humanas ascienden a 21, diez de ellas solo en Santo Domingo Oeste. Tres de los\u2026","rel":"","context":"En \u00abNACIONALES\u00bb","block_context":{"text":"NACIONALES","link":"https:\/\/lasprimeras.com.do\/index.php\/category\/nacionales\/"},"img":{"alt_text":"Tragedia naciona","src":"https:\/\/i0.wp.com\/lasprimeras.com.do\/wp-content\/uploads\/2023\/11\/Tragedia-naciona.jpg?resize=350%2C200&ssl=1","width":350,"height":200,"srcset":"https:\/\/i0.wp.com\/lasprimeras.com.do\/wp-content\/uploads\/2023\/11\/Tragedia-naciona.jpg?resize=350%2C200&ssl=1 1x, https:\/\/i0.wp.com\/lasprimeras.com.do\/wp-content\/uploads\/2023\/11\/Tragedia-naciona.jpg?resize=525%2C300&ssl=1 1.5x, https:\/\/i0.wp.com\/lasprimeras.com.do\/wp-content\/uploads\/2023\/11\/Tragedia-naciona.jpg?resize=700%2C400&ssl=1 2x"},"classes":[]},{"id":107899,"url":"https:\/\/lasprimeras.com.do\/index.php\/2025\/09\/01\/caasd-soluciona-en-tiempo-record-averia-en-acueducto-haina-manoguayabo\/","url_meta":{"origin":68179,"position":5},"title":"CAASD soluciona en tiempo r\u00e9cord aver\u00eda en acueducto Haina-Manoguayabo","author":"Nelson Feliz","date":"1 de septiembre de 2025","format":false,"excerpt":"La direcci\u00f3n de operaciones explic\u00f3 que las brigadas laboraron continuamente para reestablecer el servicio de agua potable en el menor tiempo posible La Corporaci\u00f3n del Acueducto y Alcantarillado de Santo Domingo (CAASD) inform\u00f3 que fue solucionada en tiempo r\u00e9cord la aver\u00eda en la l\u00ednea de abastecimiento del Acueducto Haina-Manoguayabo, la\u2026","rel":"","context":"En \u00abNACIONALES\u00bb","block_context":{"text":"NACIONALES","link":"https:\/\/lasprimeras.com.do\/index.php\/category\/nacionales\/"},"img":{"alt_text":"","src":"https:\/\/i0.wp.com\/lasprimeras.com.do\/wp-content\/uploads\/2025\/09\/CAASD.jpg?resize=350%2C200&ssl=1","width":350,"height":200,"srcset":"https:\/\/i0.wp.com\/lasprimeras.com.do\/wp-content\/uploads\/2025\/09\/CAASD.jpg?resize=350%2C200&ssl=1 1x, https:\/\/i0.wp.com\/lasprimeras.com.do\/wp-content\/uploads\/2025\/09\/CAASD.jpg?resize=525%2C300&ssl=1 1.5x, https:\/\/i0.wp.com\/lasprimeras.com.do\/wp-content\/uploads\/2025\/09\/CAASD.jpg?resize=700%2C400&ssl=1 2x"},"classes":[]}],"jetpack_sharing_enabled":true,"jetpack_featured_media_url":"https:\/\/lasprimeras.com.do\/wp-content\/uploads\/2023\/11\/manoguayabo.jpeg","_links":{"self":[{"href":"https:\/\/lasprimeras.com.do\/index.php\/wp-json\/wp\/v2\/posts\/68179","targetHints":{"allow":["GET"]}}],"collection":[{"href":"https:\/\/lasprimeras.com.do\/index.php\/wp-json\/wp\/v2\/posts"}],"about":[{"href":"https:\/\/lasprimeras.com.do\/index.php\/wp-json\/wp\/v2\/types\/post"}],"author":[{"embeddable":true,"href":"https:\/\/lasprimeras.com.do\/index.php\/wp-json\/wp\/v2\/users\/2"}],"replies":[{"embeddable":true,"href":"https:\/\/lasprimeras.com.do\/index.php\/wp-json\/wp\/v2\/comments?post=68179"}],"version-history":[{"count":1,"href":"https:\/\/lasprimeras.com.do\/index.php\/wp-json\/wp\/v2\/posts\/68179\/revisions"}],"predecessor-version":[{"id":68181,"href":"https:\/\/lasprimeras.com.do\/index.php\/wp-json\/wp\/v2\/posts\/68179\/revisions\/68181"}],"wp:featuredmedia":[{"embeddable":true,"href":"https:\/\/lasprimeras.com.do\/index.php\/wp-json\/wp\/v2\/media\/68180"}],"wp:attachment":[{"href":"https:\/\/lasprimeras.com.do\/index.php\/wp-json\/wp\/v2\/media?parent=68179"}],"wp:term":[{"taxonomy":"category","embeddable":true,"href":"https:\/\/lasprimeras.com.do\/index.php\/wp-json\/wp\/v2\/categories?post=68179"},{"taxonomy":"post_tag","embeddable":true,"href":"https:\/\/lasprimeras.com.do\/index.php\/wp-json\/wp\/v2\/tags?post=68179"}],"curies":[{"name":"wp","href":"https:\/\/api.w.org\/{rel}","templated":true}]}}