{"id":68213,"date":"2023-11-22T15:58:18","date_gmt":"2023-11-22T19:58:18","guid":{"rendered":"https:\/\/lasprimeras.com.do\/?p=68213"},"modified":"2023-11-22T15:58:20","modified_gmt":"2023-11-22T19:58:20","slug":"abren-un-carril-en-el-paso-a-desnivel-de-la-27-de-febrero-para-descongestionar-el-transito","status":"publish","type":"post","link":"https:\/\/lasprimeras.com.do\/index.php\/2023\/11\/22\/abren-un-carril-en-el-paso-a-desnivel-de-la-27-de-febrero-para-descongestionar-el-transito\/","title":{"rendered":"Abren un carril en el paso a desnivel de la 27 de Febrero para descongestionar el tr\u00e1nsito"},"content":{"rendered":"\n<p>Santo Domingo.-La ma\u00f1ana de este mi\u00e9rcoles fue abierto uno de los carriles en el paso a desnivel de la avenida 27 de Febrero con M\u00e1ximo G\u00f3mez, despu\u00e9s de mantenerse tres d\u00edas cerrado por derrumbe de una pared que prov\u00f3 nueve muertes el pasado s\u00e1bado.<\/p>\n\n\n\n<p>En tanto que equipos contin\u00faan los trabajos y en la zona se mantienen los agentes de la Direcci\u00f3n General de Seguridad de Tr\u00e1nsito y Transporte Terrestre (Digesett) ubicados en diferentes puntos para dirigir en tr\u00e1nsito.<\/p>\n\n\n\n<p>De igual forma, en el lugar no se encuentran ingenieros, seg\u00fan inform\u00f3 a List\u00edn Diario el encargado de transportar a los trabajadores.<\/p>\n\n\n\n<p>Al menos nueve personas fallecieron por el colapso de una pared ubicada en el paso a desnivel de la avenida 27 de Febrero con M\u00e1ximo G\u00f3mez por las fuertes lluvias ocurridas el s\u00e1bado 18 de noviembre.<\/p>\n\n\n\n<p>El muro que colaps\u00f3 cay\u00f3 sobre varios autom\u00f3viles que transitaban el tramo<\/p>\n","protected":false},"excerpt":{"rendered":"<p>Santo Domingo.-La ma\u00f1ana de este mi\u00e9rcoles fue abierto uno de los carriles en el paso a desnivel de la avenida 27 de Febrero con M\u00e1ximo G\u00f3mez, despu\u00e9s de mantenerse tres&hellip;<\/p>\n","protected":false},"author":3,"featured_media":68214,"comment_status":"open","ping_status":"open","sticky":false,"template":"","format":"standard","meta":{"content-type":"","jetpack_post_was_ever_published":false,"_jetpack_newsletter_access":"","_jetpack_dont_email_post_to_subs":false,"_jetpack_newsletter_tier_id":0,"_jetpack_memberships_contains_paywalled_content":false,"_jetpack_memberships_contains_paid_content":false,"footnotes":""},"categories":[25],"tags":[9671],"class_list":["post-68213","post","type-post","status-publish","format-standard","has-post-thumbnail","hentry","category-portada","tag-av-27-de-febrero"],"jetpack_featured_media_url":"https:\/\/lasprimeras.com.do\/wp-content\/uploads\/2023\/11\/Noticias-de-energia-18.jpg","jetpack-related-posts":[{"id":68192,"url":"https:\/\/lasprimeras.com.do\/index.php\/2023\/11\/22\/intrant-habilitara-carril-de-contraflujo-en-la-avenida-27-de-febrero-con-maximo-gomez\/","url_meta":{"origin":68213,"position":0},"title":"Intrant habilitar\u00e1 carril de contraflujo en la avenida 27 de Febrero con M\u00e1ximo G\u00f3mez","author":"Nelson Feliz","date":"22 de noviembre de 2023","format":false,"excerpt":"-.La medida ser\u00e1 aplicada a partir de este mi\u00e9rcoles para viabilizar el tr\u00e1nsito -.Esta ma\u00f1ana se produjo un caos en el tr\u00e1nsito por el cierre de un carril en la zona del derrumbe. El Instituto Nacional de Tr\u00e1nsito Terrestre (Intrant) anunci\u00f3 este mi\u00e9rcoles, a partir de las 6:00 de la\u2026","rel":"","context":"En \u00abNACIONALES\u00bb","block_context":{"text":"NACIONALES","link":"https:\/\/lasprimeras.com.do\/index.php\/category\/nacionales\/"},"img":{"alt_text":"","src":"https:\/\/i0.wp.com\/lasprimeras.com.do\/wp-content\/uploads\/2023\/11\/Paso-a-Desnivel.jpg?resize=350%2C200&ssl=1","width":350,"height":200,"srcset":"https:\/\/i0.wp.com\/lasprimeras.com.do\/wp-content\/uploads\/2023\/11\/Paso-a-Desnivel.jpg?resize=350%2C200&ssl=1 1x, https:\/\/i0.wp.com\/lasprimeras.com.do\/wp-content\/uploads\/2023\/11\/Paso-a-Desnivel.jpg?resize=525%2C300&ssl=1 1.5x, https:\/\/i0.wp.com\/lasprimeras.com.do\/wp-content\/uploads\/2023\/11\/Paso-a-Desnivel.jpg?resize=700%2C400&ssl=1 2x"},"classes":[]},{"id":68088,"url":"https:\/\/lasprimeras.com.do\/index.php\/2023\/11\/21\/cierre-del-paso-a-desnivel-de-la-27-de-febrero-congestiona-el-transito-en-toda-la-periferia\/","url_meta":{"origin":68213,"position":1},"title":"Cierre del paso a desnivel de la 27 de Febrero congestiona el tr\u00e1nsito en toda la periferia","author":"BIMARY DE JES\u00daS Matos","date":"21 de noviembre de 2023","format":false,"excerpt":"Santo Domingo.-El cierre del paso a desnivel de las avenidas 27 de Febrero y M\u00e1ximo G\u00f3mez, donde el pasado s\u00e1bado murieron 9 personas tras desprenderse una de sus paredes, mantiene el tr\u00e1nsito congestionado en las calles aleda\u00f1as. En el sector Miraflores, contiguo a la 27 de Febrero, las calles han\u2026","rel":"","context":"En \u00abNACIONALES\u00bb","block_context":{"text":"NACIONALES","link":"https:\/\/lasprimeras.com.do\/index.php\/category\/nacionales\/"},"img":{"alt_text":"","src":"https:\/\/i0.wp.com\/lasprimeras.com.do\/wp-content\/uploads\/2023\/11\/Noticias-de-energia-6-2.jpg?resize=350%2C200&ssl=1","width":350,"height":200,"srcset":"https:\/\/i0.wp.com\/lasprimeras.com.do\/wp-content\/uploads\/2023\/11\/Noticias-de-energia-6-2.jpg?resize=350%2C200&ssl=1 1x, https:\/\/i0.wp.com\/lasprimeras.com.do\/wp-content\/uploads\/2023\/11\/Noticias-de-energia-6-2.jpg?resize=525%2C300&ssl=1 1.5x"},"classes":[]},{"id":76000,"url":"https:\/\/lasprimeras.com.do\/index.php\/2024\/02\/06\/transito-en-paso-a-desnivel-de-la-27-de-febrero-con-gomez-sera-restringido\/","url_meta":{"origin":68213,"position":2},"title":"Tr\u00e1nsito en paso a desnivel de la 27 de Febrero con G\u00f3mez ser\u00e1 restringido","author":"BIMARY DE JES\u00daS Matos","date":"6 de febrero de 2024","format":false,"excerpt":"Santo Domingo.- El Instituto Nacional de Tr\u00e1nsito y Transporte Terrestre (Intrant) inform\u00f3 que se tendr\u00e1 restricci\u00f3n total al tr\u00e1fico en el paso a desnivel de las avenidas 27 de Febrero con M\u00e1ximo G\u00f3mez a partir de este martes, durante las noches y madrugadas debido a los trabajos de reconstrucci\u00f3n. Indic\u00f3\u2026","rel":"","context":"En \u00abNACIONALES\u00bb","block_context":{"text":"NACIONALES","link":"https:\/\/lasprimeras.com.do\/index.php\/category\/nacionales\/"},"img":{"alt_text":"","src":"https:\/\/i0.wp.com\/lasprimeras.com.do\/wp-content\/uploads\/2024\/02\/401856666_17975663816616261_2394359843360508902_n-853x1024-1.jpg?resize=350%2C200&ssl=1","width":350,"height":200,"srcset":"https:\/\/i0.wp.com\/lasprimeras.com.do\/wp-content\/uploads\/2024\/02\/401856666_17975663816616261_2394359843360508902_n-853x1024-1.jpg?resize=350%2C200&ssl=1 1x, https:\/\/i0.wp.com\/lasprimeras.com.do\/wp-content\/uploads\/2024\/02\/401856666_17975663816616261_2394359843360508902_n-853x1024-1.jpg?resize=525%2C300&ssl=1 1.5x, https:\/\/i0.wp.com\/lasprimeras.com.do\/wp-content\/uploads\/2024\/02\/401856666_17975663816616261_2394359843360508902_n-853x1024-1.jpg?resize=700%2C400&ssl=1 2x"},"classes":[]},{"id":109530,"url":"https:\/\/lasprimeras.com.do\/index.php\/2025\/09\/18\/abinader-supervisa-construccion-del-paso-a-desnivel-en-la-prolongacion-27-de-febrero-con-isabel-aguiar\/","url_meta":{"origin":68213,"position":3},"title":"Abinader supervisa construcci\u00f3n del paso a desnivel en la Prolongaci\u00f3n 27 de Febrero con Isabel Aguiar","author":"Nelson Feliz","date":"18 de septiembre de 2025","format":false,"excerpt":"El presidente Luis Abinader, realiz\u00f3 anoche una visita de supervisi\u00f3n de los trabajos de construcci\u00f3n del paso a desnivel ubicado en la Prolongaci\u00f3n 27 de Febrero con la avenida Isabel Aguiar, una de las obras de infraestructura vial m\u00e1s importantes en ejecuci\u00f3n en Santo Domingo. \u201cEsta noche me detuve en\u2026","rel":"","context":"En \u00abNACIONALES\u00bb","block_context":{"text":"NACIONALES","link":"https:\/\/lasprimeras.com.do\/index.php\/category\/nacionales\/"},"img":{"alt_text":"","src":"https:\/\/i0.wp.com\/lasprimeras.com.do\/wp-content\/uploads\/2025\/09\/abina.jpg?resize=350%2C200&ssl=1","width":350,"height":200,"srcset":"https:\/\/i0.wp.com\/lasprimeras.com.do\/wp-content\/uploads\/2025\/09\/abina.jpg?resize=350%2C200&ssl=1 1x, https:\/\/i0.wp.com\/lasprimeras.com.do\/wp-content\/uploads\/2025\/09\/abina.jpg?resize=525%2C300&ssl=1 1.5x, https:\/\/i0.wp.com\/lasprimeras.com.do\/wp-content\/uploads\/2025\/09\/abina.jpg?resize=700%2C400&ssl=1 2x"},"classes":[]},{"id":72889,"url":"https:\/\/lasprimeras.com.do\/index.php\/2024\/01\/04\/trabajos-de-paso-a-desnivel-de-la-27-de-febrero-marchan-con-lentitud\/","url_meta":{"origin":68213,"position":4},"title":"Trabajos de paso a desnivel de la 27 de Febrero marchan con lentitud","author":"BIMARY DE JES\u00daS Matos","date":"4 de enero de 2024","format":false,"excerpt":"Santo Domingo.-A poco m\u00e1s de un mes de haber iniciado los trabajos de reparaci\u00f3n del desnivel de la avenida 27 de febrero con M\u00e1ximo G\u00f3mez, los trabajos de reconstrucci\u00f3n del mismo contin\u00faan lentas, pese a que se ha pronosticado que la culminaci\u00f3n de la obra tomar\u00eda unas 12 semanas. ,\u2026","rel":"","context":"En \u00abNACIONALES\u00bb","block_context":{"text":"NACIONALES","link":"https:\/\/lasprimeras.com.do\/index.php\/category\/nacionales\/"},"img":{"alt_text":"","src":"https:\/\/i0.wp.com\/lasprimeras.com.do\/wp-content\/uploads\/2024\/01\/WhatsApp-Image-2024-01-03-at-11.55.29-PM.jpeg?resize=350%2C200&ssl=1","width":350,"height":200,"srcset":"https:\/\/i0.wp.com\/lasprimeras.com.do\/wp-content\/uploads\/2024\/01\/WhatsApp-Image-2024-01-03-at-11.55.29-PM.jpeg?resize=350%2C200&ssl=1 1x, https:\/\/i0.wp.com\/lasprimeras.com.do\/wp-content\/uploads\/2024\/01\/WhatsApp-Image-2024-01-03-at-11.55.29-PM.jpeg?resize=525%2C300&ssl=1 1.5x"},"classes":[]},{"id":72653,"url":"https:\/\/lasprimeras.com.do\/index.php\/2024\/01\/02\/mopc-informa-trabajos-realiza-en-paso-a-desnivel-de-la-27-de-febrero\/","url_meta":{"origin":68213,"position":5},"title":"MOPC informa trabajos realiza en paso a desnivel de la 27 de Febrero","author":"BIMARY DE JES\u00daS Matos","date":"2 de enero de 2024","format":false,"excerpt":"Santo Domingo.-El Ministerio de Obras P\u00fablicas inform\u00f3 este fin de semana que como parte del cronograma de trabajo que se lleva a cabo en el paso a Desnivel de la M\u00e1ximo G\u00f3mez con Ave 27 de febrero, donde el pasado mes de noviembre colapsaron las losas de la salida oeste\u2026","rel":"","context":"En \u00abNACIONALES\u00bb","block_context":{"text":"NACIONALES","link":"https:\/\/lasprimeras.com.do\/index.php\/category\/nacionales\/"},"img":{"alt_text":"","src":"https:\/\/i0.wp.com\/lasprimeras.com.do\/wp-content\/uploads\/2024\/01\/esta-1.jpg?resize=350%2C200&ssl=1","width":350,"height":200,"srcset":"https:\/\/i0.wp.com\/lasprimeras.com.do\/wp-content\/uploads\/2024\/01\/esta-1.jpg?resize=350%2C200&ssl=1 1x, https:\/\/i0.wp.com\/lasprimeras.com.do\/wp-content\/uploads\/2024\/01\/esta-1.jpg?resize=525%2C300&ssl=1 1.5x"},"classes":[]}],"jetpack_sharing_enabled":true,"_links":{"self":[{"href":"https:\/\/lasprimeras.com.do\/index.php\/wp-json\/wp\/v2\/posts\/68213","targetHints":{"allow":["GET"]}}],"collection":[{"href":"https:\/\/lasprimeras.com.do\/index.php\/wp-json\/wp\/v2\/posts"}],"about":[{"href":"https:\/\/lasprimeras.com.do\/index.php\/wp-json\/wp\/v2\/types\/post"}],"author":[{"embeddable":true,"href":"https:\/\/lasprimeras.com.do\/index.php\/wp-json\/wp\/v2\/users\/3"}],"replies":[{"embeddable":true,"href":"https:\/\/lasprimeras.com.do\/index.php\/wp-json\/wp\/v2\/comments?post=68213"}],"version-history":[{"count":1,"href":"https:\/\/lasprimeras.com.do\/index.php\/wp-json\/wp\/v2\/posts\/68213\/revisions"}],"predecessor-version":[{"id":68215,"href":"https:\/\/lasprimeras.com.do\/index.php\/wp-json\/wp\/v2\/posts\/68213\/revisions\/68215"}],"wp:featuredmedia":[{"embeddable":true,"href":"https:\/\/lasprimeras.com.do\/index.php\/wp-json\/wp\/v2\/media\/68214"}],"wp:attachment":[{"href":"https:\/\/lasprimeras.com.do\/index.php\/wp-json\/wp\/v2\/media?parent=68213"}],"wp:term":[{"taxonomy":"category","embeddable":true,"href":"https:\/\/lasprimeras.com.do\/index.php\/wp-json\/wp\/v2\/categories?post=68213"},{"taxonomy":"post_tag","embeddable":true,"href":"https:\/\/lasprimeras.com.do\/index.php\/wp-json\/wp\/v2\/tags?post=68213"}],"curies":[{"name":"wp","href":"https:\/\/api.w.org\/{rel}","templated":true}]}}