{"id":68228,"date":"2023-11-22T16:13:22","date_gmt":"2023-11-22T20:13:22","guid":{"rendered":"https:\/\/lasprimeras.com.do\/?p=68228"},"modified":"2023-11-22T16:13:23","modified_gmt":"2023-11-22T20:13:23","slug":"mariposas-de-acero-regresa-al-gran-teatro-del-cibao","status":"publish","type":"post","link":"https:\/\/lasprimeras.com.do\/index.php\/2023\/11\/22\/mariposas-de-acero-regresa-al-gran-teatro-del-cibao\/","title":{"rendered":"\u201cMariposas de Acero\u201d regresa al Gran Teatro del Cibao"},"content":{"rendered":"\n<p>SANTIAGO DE LOS CABALLEROS.- \u201cMariposas de Acero\u201d, el espect\u00e1culo emocionante y conmovedor que narra la vida de nuestras hero\u00ednas nacionales, las Hermanas Mirabal, se presentar\u00e1 nueva vez en el Gran Teatro del Cibao el pr\u00f3ximo s\u00e1bado 25 de noviembre, para conmemorar el \u201cD\u00eda Internacional de la Eliminaci\u00f3n de la Violencia Contra la Mujer\u201d, que se celebra en todo el mundo en honor a estas valientes mujeres dominicanas.<\/p>\n\n\n\n<p>Este montaje de vanguardia que fusiona m\u00fasica urbana, rap y trap ha sido aclamado tanto por el p\u00fablico, como por la cr\u00edtica especializada, ganando tres estatuillas del premio Soberano 2023, incluida la de \u201cMejor Musical del A\u00f1o\u201d.<\/p>\n\n\n\n<p>Cabe destacar que coraje y resistencia ante los abusos del r\u00e9gimen Trujillista, de Las Mirabal, hicieron que la Asamblea General de las Naciones Unidas declarara el d\u00eda de su fallecimiento como s\u00edmbolo de la lucha en contra de la violencia de g\u00e9nero en 1999.<\/p>\n\n\n\n<p>Despu\u00e9s de culminar sus presentaciones en Santiago, \u201cMariposas de Acero\u201d viajar\u00e1 hacia los Estados Unidos para hacer historia al presentarse en la ciudad de Nueva York, sede de los m\u00e1s grandes musicales del mundo.<\/p>\n\n\n\n<p>El experimentado productor y promotor art\u00edstico F\u00e9lix Cabrera, junto a Frank Ceara, Waddys Jaquez, Pablo Garc\u00eda y Yanira Ferry, lideran este destacado evento que enorgullece el arte nacional.<\/p>\n\n\n\n<p>\u201cMariposas de Acero\u201d es una pieza creada por el laureado director y escritor, Waddys Jaquez y el cantautor Pablo Garc\u00eda. La Direcci\u00f3n General y Art\u00edstica del Gran Teatro del Cibao y los productores de \u201cMariposas de Acero\u201d, invitan a toda la comunidad a ser parte de este evento tan importante para todo el pa\u00eds.<\/p>\n","protected":false},"excerpt":{"rendered":"<p>SANTIAGO DE LOS CABALLEROS.- \u201cMariposas de Acero\u201d, el espect\u00e1culo emocionante y conmovedor que narra la vida de nuestras hero\u00ednas nacionales, las Hermanas Mirabal, se presentar\u00e1 nueva vez en el Gran&hellip;<\/p>\n","protected":false},"author":3,"featured_media":68229,"comment_status":"open","ping_status":"open","sticky":false,"template":"","format":"standard","meta":{"content-type":"","jetpack_post_was_ever_published":false,"_jetpack_newsletter_access":"","_jetpack_dont_email_post_to_subs":false,"_jetpack_newsletter_tier_id":0,"_jetpack_memberships_contains_paywalled_content":false,"_jetpack_memberships_contains_paid_content":false,"footnotes":""},"categories":[84],"tags":[],"class_list":["post-68228","post","type-post","status-publish","format-standard","has-post-thumbnail","hentry","category-entretenimiento"],"jetpack_featured_media_url":"https:\/\/lasprimeras.com.do\/wp-content\/uploads\/2023\/11\/Noticias-de-energia-18.png","jetpack-related-posts":[{"id":115934,"url":"https:\/\/lasprimeras.com.do\/index.php\/2025\/11\/25\/festival-cultural-hermanas-mirabal-2025-concluye-con-actos-en-honor-a-las-hermanas-mirabal\/","url_meta":{"origin":68228,"position":0},"title":"Festival Cultural Hermanas Mirabal 2025 concluye con actos en honor a las Hermanas Mirabal","author":"Nelson Feliz","date":"25 de noviembre de 2025","format":false,"excerpt":"Este 25 de noviembre se conmemora el 65 aniversario del asesinato de Las Mariposas. El Festival Cultural Hermanas Mirabal 2025 concluy\u00f3 de manera exitosa con una serie de actos conmemorativos que resaltaron el compromiso y el liderazgo de la legisladora Mar\u00eda Mercedes Ortiz Dilon\u00e9, quien tambi\u00e9n es presidenta ejecutiva del\u2026","rel":"","context":"En \u00abENTRETENIMIENTO\u00bb","block_context":{"text":"ENTRETENIMIENTO","link":"https:\/\/lasprimeras.com.do\/index.php\/category\/entretenimiento\/"},"img":{"alt_text":"","src":"https:\/\/i0.wp.com\/lasprimeras.com.do\/wp-content\/uploads\/2025\/11\/Festival-Cultural-Hermanas-Mirabal-2025.jpg?resize=350%2C200&ssl=1","width":350,"height":200,"srcset":"https:\/\/i0.wp.com\/lasprimeras.com.do\/wp-content\/uploads\/2025\/11\/Festival-Cultural-Hermanas-Mirabal-2025.jpg?resize=350%2C200&ssl=1 1x, https:\/\/i0.wp.com\/lasprimeras.com.do\/wp-content\/uploads\/2025\/11\/Festival-Cultural-Hermanas-Mirabal-2025.jpg?resize=525%2C300&ssl=1 1.5x, https:\/\/i0.wp.com\/lasprimeras.com.do\/wp-content\/uploads\/2025\/11\/Festival-Cultural-Hermanas-Mirabal-2025.jpg?resize=700%2C400&ssl=1 2x"},"classes":[]},{"id":124479,"url":"https:\/\/lasprimeras.com.do\/index.php\/2026\/03\/12\/abinader-destaca-a-minerva-mirabal-como-pilar-de-la-democracia\/","url_meta":{"origin":68228,"position":1},"title":"Abinader destaca a Minerva Mirabal como pilar de la democracia","author":"Nelson Feliz","date":"12 de marzo de 2026","format":false,"excerpt":"El presidente Luis Abinader encabez\u00f3 este jueves los actos conmemorativos del centenario del nacimiento de Minerva Mirabal, donde resalt\u00f3 su liderazgo, su valent\u00eda frente a la tiran\u00eda y el legado de libertad que dej\u00f3 para la Rep\u00fablica Dominicana y el mundo. Durante su intervenci\u00f3n, el mandatario manifest\u00f3 que Minerva Mirabal\u2026","rel":"","context":"En \u00abNACIONALES\u00bb","block_context":{"text":"NACIONALES","link":"https:\/\/lasprimeras.com.do\/index.php\/category\/nacionales\/"},"img":{"alt_text":"Luis Abinader","src":"https:\/\/i0.wp.com\/lasprimeras.com.do\/wp-content\/uploads\/2026\/03\/Luis-Abinader-2.jpg?resize=350%2C200&ssl=1","width":350,"height":200,"srcset":"https:\/\/i0.wp.com\/lasprimeras.com.do\/wp-content\/uploads\/2026\/03\/Luis-Abinader-2.jpg?resize=350%2C200&ssl=1 1x, https:\/\/i0.wp.com\/lasprimeras.com.do\/wp-content\/uploads\/2026\/03\/Luis-Abinader-2.jpg?resize=525%2C300&ssl=1 1.5x, https:\/\/i0.wp.com\/lasprimeras.com.do\/wp-content\/uploads\/2026\/03\/Luis-Abinader-2.jpg?resize=700%2C400&ssl=1 2x"},"classes":[]},{"id":91438,"url":"https:\/\/lasprimeras.com.do\/index.php\/2024\/11\/23\/efecto-mariposa-una-experiencia-unica-para-toda-la-familia-este-domingo-en-el-mirador-sur\/","url_meta":{"origin":68228,"position":2},"title":"Efecto Mariposa: una experiencia \u00fanica para toda la familia este domingo en el Mirador Sur","author":"Nelson Feliz","date":"23 de noviembre de 2024","format":false,"excerpt":"Este domingo 24 de noviembre, de 2:00 a 7:00 de la tarde, el Parque Mirador Sur ser\u00e1 el escenario de un evento sin precedentes: \u201cEfecto Mariposa\u201d, un recorrido interactivo lleno de actividades art\u00edsticas, din\u00e1micas familiares, cuentacuentos y momentos de reflexi\u00f3n, dise\u00f1ado para inspirar y disfrutar en un ambiente acogedor y\u2026","rel":"","context":"En \u00abENTRETENIMIENTO\u00bb","block_context":{"text":"ENTRETENIMIENTO","link":"https:\/\/lasprimeras.com.do\/index.php\/category\/entretenimiento\/"},"img":{"alt_text":"","src":"https:\/\/i0.wp.com\/lasprimeras.com.do\/wp-content\/uploads\/2024\/11\/mariposa.jpg?resize=350%2C200&ssl=1","width":350,"height":200},"classes":[]},{"id":53526,"url":"https:\/\/lasprimeras.com.do\/index.php\/2023\/06\/27\/los-vecinos-de-arriba-llegan-al-gran-teatro-del-cibao\/","url_meta":{"origin":68228,"position":3},"title":"\u201cLos vecinos de arriba\u201d llegan al Gran Teatro del Cibao","author":"Nelson Feliz","date":"27 de junio de 2023","format":false,"excerpt":"En su quinta temporada de presentaci\u00f3n, la afamada comedia de Cesc Gay \u201cLos vecinos de arriba\u201d, llegar\u00e1 a Santiago de los Caballeros, por primera vez en la sala de la Restauraci\u00f3n del Gran Teatro del Cibao. La \u201cCiudad Coraz\u00f3n\u201d recibir\u00e1 la comedia los d\u00edas jueves 10 y viernes 11 de\u2026","rel":"","context":"En \u00abENTRETENIMIENTO\u00bb","block_context":{"text":"ENTRETENIMIENTO","link":"https:\/\/lasprimeras.com.do\/index.php\/category\/entretenimiento\/"},"img":{"alt_text":"Los actores Jos\u00e9 Guillermo Cortines, Nashla Bogaert, Luis Jos\u00e9 Germ\u00e1n y Pamela Sued..","src":"https:\/\/i0.wp.com\/lasprimeras.com.do\/wp-content\/uploads\/2023\/06\/Los-actores-Jose-Guillermo-Cortines-Nashla-Bogaert-Luis-Jose-German-y-Pamela-Sued.jpg?resize=350%2C200&ssl=1","width":350,"height":200,"srcset":"https:\/\/i0.wp.com\/lasprimeras.com.do\/wp-content\/uploads\/2023\/06\/Los-actores-Jose-Guillermo-Cortines-Nashla-Bogaert-Luis-Jose-German-y-Pamela-Sued.jpg?resize=350%2C200&ssl=1 1x, https:\/\/i0.wp.com\/lasprimeras.com.do\/wp-content\/uploads\/2023\/06\/Los-actores-Jose-Guillermo-Cortines-Nashla-Bogaert-Luis-Jose-German-y-Pamela-Sued.jpg?resize=525%2C300&ssl=1 1.5x, https:\/\/i0.wp.com\/lasprimeras.com.do\/wp-content\/uploads\/2023\/06\/Los-actores-Jose-Guillermo-Cortines-Nashla-Bogaert-Luis-Jose-German-y-Pamela-Sued.jpg?resize=700%2C400&ssl=1 2x"},"classes":[]},{"id":128823,"url":"https:\/\/lasprimeras.com.do\/index.php\/2026\/04\/27\/mas-de-10-mil-estudiantes-viven-experiencia-del-simulador-de-vuelo-en-la-feria-regional-del-libro-y-la-cultura-del-cibao-2026\/","url_meta":{"origin":68228,"position":4},"title":"M\u00e1s de 10 mil estudiantes viven experiencia del simulador de vuelo","author":"Nelson Feliz","date":"27 de abril de 2026","format":false,"excerpt":"Un importante n\u00famero de participantes mostr\u00f3 inter\u00e9s en convertirse en pilotos aviadores en el futuro M\u00e1s de 10 mil estudiantes se dieron cita en el stand del Instituto Dominicano de Aviaci\u00f3n Civil (IDAC) para vivir la experiencia del simulador de vuelo de la Academia Superior de Ciencias Aeron\u00e1uticas (ASCA), donde\u2026","rel":"","context":"En \u00abNACIONALES\u00bb","block_context":{"text":"NACIONALES","link":"https:\/\/lasprimeras.com.do\/index.php\/category\/nacionales\/"},"img":{"alt_text":"","src":"https:\/\/i0.wp.com\/lasprimeras.com.do\/wp-content\/uploads\/2026\/04\/IMG-20260427-WA0160.jpg?resize=350%2C200&ssl=1","width":350,"height":200,"srcset":"https:\/\/i0.wp.com\/lasprimeras.com.do\/wp-content\/uploads\/2026\/04\/IMG-20260427-WA0160.jpg?resize=350%2C200&ssl=1 1x, https:\/\/i0.wp.com\/lasprimeras.com.do\/wp-content\/uploads\/2026\/04\/IMG-20260427-WA0160.jpg?resize=525%2C300&ssl=1 1.5x, https:\/\/i0.wp.com\/lasprimeras.com.do\/wp-content\/uploads\/2026\/04\/IMG-20260427-WA0160.jpg?resize=700%2C400&ssl=1 2x, https:\/\/i0.wp.com\/lasprimeras.com.do\/wp-content\/uploads\/2026\/04\/IMG-20260427-WA0160.jpg?resize=1050%2C600&ssl=1 3x, https:\/\/i0.wp.com\/lasprimeras.com.do\/wp-content\/uploads\/2026\/04\/IMG-20260427-WA0160.jpg?resize=1400%2C800&ssl=1 4x"},"classes":[]},{"id":67771,"url":"https:\/\/lasprimeras.com.do\/index.php\/2023\/11\/18\/regresa-este-domingo-mariposas-en-el-parque-las-praderas\/","url_meta":{"origin":68228,"position":5},"title":"Regresa este domingo \u00abMariposas en el Parque Las Praderas\u00bb","author":"BIMARY DE JES\u00daS Matos","date":"18 de noviembre de 2023","format":false,"excerpt":"SANTO DOMINGO.- Las artistas Adalgisa Pantale\u00f3n, Janina Rosado y Elvira Taveras, unir\u00e1n sus talentos para poner en escena el espect\u00e1culo \u00abMariposas en el Parque Las Praderas\u00bb, el 19 de noviembre a las 06:00 p.m., un evento gratuito para toda la familia. El evento es dedicado a la memoria de las\u2026","rel":"","context":"En \u00abENTRETENIMIENTO\u00bb","block_context":{"text":"ENTRETENIMIENTO","link":"https:\/\/lasprimeras.com.do\/index.php\/category\/entretenimiento\/"},"img":{"alt_text":"","src":"https:\/\/i0.wp.com\/lasprimeras.com.do\/wp-content\/uploads\/2023\/11\/valentin-4.png?resize=350%2C200&ssl=1","width":350,"height":200,"srcset":"https:\/\/i0.wp.com\/lasprimeras.com.do\/wp-content\/uploads\/2023\/11\/valentin-4.png?resize=350%2C200&ssl=1 1x, https:\/\/i0.wp.com\/lasprimeras.com.do\/wp-content\/uploads\/2023\/11\/valentin-4.png?resize=525%2C300&ssl=1 1.5x"},"classes":[]}],"jetpack_sharing_enabled":true,"_links":{"self":[{"href":"https:\/\/lasprimeras.com.do\/index.php\/wp-json\/wp\/v2\/posts\/68228","targetHints":{"allow":["GET"]}}],"collection":[{"href":"https:\/\/lasprimeras.com.do\/index.php\/wp-json\/wp\/v2\/posts"}],"about":[{"href":"https:\/\/lasprimeras.com.do\/index.php\/wp-json\/wp\/v2\/types\/post"}],"author":[{"embeddable":true,"href":"https:\/\/lasprimeras.com.do\/index.php\/wp-json\/wp\/v2\/users\/3"}],"replies":[{"embeddable":true,"href":"https:\/\/lasprimeras.com.do\/index.php\/wp-json\/wp\/v2\/comments?post=68228"}],"version-history":[{"count":1,"href":"https:\/\/lasprimeras.com.do\/index.php\/wp-json\/wp\/v2\/posts\/68228\/revisions"}],"predecessor-version":[{"id":68230,"href":"https:\/\/lasprimeras.com.do\/index.php\/wp-json\/wp\/v2\/posts\/68228\/revisions\/68230"}],"wp:featuredmedia":[{"embeddable":true,"href":"https:\/\/lasprimeras.com.do\/index.php\/wp-json\/wp\/v2\/media\/68229"}],"wp:attachment":[{"href":"https:\/\/lasprimeras.com.do\/index.php\/wp-json\/wp\/v2\/media?parent=68228"}],"wp:term":[{"taxonomy":"category","embeddable":true,"href":"https:\/\/lasprimeras.com.do\/index.php\/wp-json\/wp\/v2\/categories?post=68228"},{"taxonomy":"post_tag","embeddable":true,"href":"https:\/\/lasprimeras.com.do\/index.php\/wp-json\/wp\/v2\/tags?post=68228"}],"curies":[{"name":"wp","href":"https:\/\/api.w.org\/{rel}","templated":true}]}}