{"id":68232,"date":"2023-11-22T20:18:45","date_gmt":"2023-11-23T00:18:45","guid":{"rendered":"https:\/\/lasprimeras.com.do\/?p=68232"},"modified":"2023-11-22T20:18:46","modified_gmt":"2023-11-23T00:18:46","slug":"salud-publica-interviene-el-bajo-yuna-tras-inundaciones","status":"publish","type":"post","link":"https:\/\/lasprimeras.com.do\/index.php\/2023\/11\/22\/salud-publica-interviene-el-bajo-yuna-tras-inundaciones\/","title":{"rendered":"Salud P\u00fablica interviene el Bajo Yuna tras inundaciones"},"content":{"rendered":"\n<p>El ministro de Salud P\u00fablica, Daniel Rivera, se traslad\u00f3 este mi\u00e9rcoles hasta la zona del Bajo Yuna, provincia Duarte, donde hizo un recorrido para constatar las condiciones de salubridad luego de las inundaciones causadas por las fuertes lluvias ca\u00eddas durante el pasado fin de semana.<\/p>\n\n\n\n<p>El funcionario dijo que en estos momentos el enfoque primordial es evitar el brote de enfermedades como leptospirosis, infecciones cut\u00e1neas o cuadros diarreicos y trazar las estrategias para recuperar los cultivos perdidos, reparaci\u00f3n de las viviendas afectadas y suministrarles alimentaci\u00f3n inocua a los residentes de las \u00e1reas inundadas.<\/p>\n\n\n\n<p>&#8220;Salud P\u00fablica lo que quiere es evitar y prevenir enfermedades&#8221;, enfatiz\u00f3 en unas breves declaraciones que ofreci\u00f3 a la prensa.<\/p>\n\n\n\n<p>Rivera recalc\u00f3 la importancia de &#8220;prevenir a trav\u00e9s del agua&#8221;, haciendo un llamado a los moradores a no ingerir el l\u00edquido si no est\u00e1 previamente hervido durante al menos 15 minutos.<\/p>\n\n\n\n<p>Asimismo, pidi\u00f3 clorar el agua que se va a almacenar con cinco gotas de cloro por cada gal\u00f3n.<\/p>\n\n\n\n<p>Estas acciones, sumadas a un lavado continuo de manos, despu\u00e9s de ir al ba\u00f1o y antes de cada comida, y una correcta manipulaci\u00f3n de los alimentos, que incluye lavar bien las frutas, vegetales y los enlatados evitar\u00e1 la aparici\u00f3n de casos de leptospirosis, &#8220;enfermedad end\u00e9mica en esta zona, por los cultivos que ustedes tienen&#8221;, as\u00ed como cuadros de diarrea ocasionados por bacterias tipo shigella, Escherichia coli y ameba, agreg\u00f3 el galeno.<\/p>\n\n\n\n<p>La amplia variedad de cultivos en las tierras f\u00e9rtiles en la rivera atraen la presencia de ratones y al confluir todas las aguas de los afluentes del Yuna, se mezclan con la orina y heces de los roedores, contaminando a todo aquel que entre en contacto con ellas.<\/p>\n\n\n\n<p>&#8220;Toda persona que entr\u00f3 a las aguas, que estuvo ba\u00f1\u00e1ndose o que estuvo expuesto, debe tomarse la doxiciclina. Solamente son dos tabletas que le vamos a entregar, se la toma, e inmediatamente, ya queda (eliminada) la posibilidad de que le d\u00e9 esta enfermedad que, en esta zona es end\u00e9mica, en el caso de la leptospirosis&#8221;, explic\u00f3 el ministro.<\/p>\n\n\n\n<p>Sobre la cantidad de antibi\u00f3ticos disponible, asegur\u00f3: &#8220;Tenemos la cantidad de medicamentos profil\u00e1cticos suficientes, miles de dosis tiene aqu\u00ed la Direcci\u00f3n Provincial de Salud&#8221;.<\/p>\n\n\n\n<p>A las personas que sufrieron alguna herida, los invit\u00f3 a acercarse a un centro hospitalario para evitar futuras infecciones y no recurrir a la automedicaci\u00f3n.<\/p>\n\n\n\n<p>Entrega de insumos<br>Adem\u00e1s de las labores de observaci\u00f3n y supervisi\u00f3n, durante el recorrido, el personal de Salud P\u00fablica entreg\u00f3 cloro, sales de rehidrataci\u00f3n y mosquiteros a los locales del Yuna.<\/p>\n\n\n\n<p>&#8220;Estamos dando facilidades para educar, para dar los insumos, prevenci\u00f3n para que no se desarrollen enfermedades&#8221;, concluy\u00f3 el ministro.<\/p>\n\n\n\n<p>El pasado lunes, las autoridades sanitarias realizaron un recorrido similar por los barrios Arroyo Bonito, Bella Colina y Los Rieles, en Santo Domingo Oeste, mientras que el martes intervinieron la rivera r\u00edo del Ozama, que incluye comunidades del Distrito Nacional, Santo Domingo Este y Norte.<\/p>\n\n\n\n<p>Rivera estuvo acompa\u00f1ado por la directora de Gesti\u00f3n de Riesgos del Ministerio, Gina Estrella, y Nelson Rosario, de las Direcciones Provinciales de Salud.<\/p>\n","protected":false},"excerpt":{"rendered":"<p>El ministro de Salud P\u00fablica, Daniel Rivera, se traslad\u00f3 este mi\u00e9rcoles hasta la zona del Bajo Yuna, provincia Duarte, donde hizo un recorrido para constatar las condiciones de salubridad luego&hellip;<\/p>\n","protected":false},"author":2,"featured_media":67692,"comment_status":"open","ping_status":"open","sticky":false,"template":"","format":"standard","meta":{"content-type":"","jetpack_post_was_ever_published":false,"_jetpack_newsletter_access":"","_jetpack_dont_email_post_to_subs":false,"_jetpack_newsletter_tier_id":0,"_jetpack_memberships_contains_paywalled_content":false,"_jetpack_memberships_contains_paid_content":false,"footnotes":""},"categories":[25],"tags":[9725,7214,1516,2227],"class_list":["post-68232","post","type-post","status-publish","format-standard","has-post-thumbnail","hentry","category-portada","tag-bajo-yuna","tag-interviene","tag-inundaciones","tag-salud-publica"],"jetpack_featured_media_url":"https:\/\/lasprimeras.com.do\/wp-content\/uploads\/2023\/11\/Daniel-Rivera.jpg","jetpack-related-posts":[{"id":52911,"url":"https:\/\/lasprimeras.com.do\/index.php\/2023\/06\/21\/asde-interviene-nueve-canadas-para-evitar-inundaciones-ante-el-paso-de-la-tormenta-bret\/","url_meta":{"origin":68232,"position":0},"title":"ASDE interviene nueve ca\u00f1adas para evitar inundaciones ante el paso de la tormenta Bret","author":"Nelson Feliz","date":"21 de junio de 2023","format":false,"excerpt":"Por Martin Restituyo El Ayuntamiento de Santo Domingo Este (ASDE), a trav\u00e9s de la Direcci\u00f3n de Gesti\u00f3n Ambiental interviene nueve ca\u00f1adas, con el prop\u00f3sito de evitar inundaciones por el c\u00famulo de desechos s\u00f3lidos durante las lluvias que dejar\u00edan los efectos de la tormenta Bret.\u00a0 La informaci\u00f3n fue ofrecida por la\u2026","rel":"","context":"En \u00abNACIONALES\u00bb","block_context":{"text":"NACIONALES","link":"https:\/\/lasprimeras.com.do\/index.php\/category\/nacionales\/"},"img":{"alt_text":"Ayuntamiento de Santo Domingo Este","src":"https:\/\/i0.wp.com\/lasprimeras.com.do\/wp-content\/uploads\/2023\/06\/asde.jpg?resize=350%2C200&ssl=1","width":350,"height":200,"srcset":"https:\/\/i0.wp.com\/lasprimeras.com.do\/wp-content\/uploads\/2023\/06\/asde.jpg?resize=350%2C200&ssl=1 1x, https:\/\/i0.wp.com\/lasprimeras.com.do\/wp-content\/uploads\/2023\/06\/asde.jpg?resize=525%2C300&ssl=1 1.5x, https:\/\/i0.wp.com\/lasprimeras.com.do\/wp-content\/uploads\/2023\/06\/asde.jpg?resize=700%2C400&ssl=1 2x"},"classes":[]},{"id":128717,"url":"https:\/\/lasprimeras.com.do\/index.php\/2026\/04\/26\/presidente-abinader-entrega-circuito-vial-bajo-yuna-en-el-nordeste\/","url_meta":{"origin":68232,"position":1},"title":"Presidente Abinader entrega &#8220;Circuito Vial Bajo Yuna&#8221; en el Nordeste","author":"Nelson Feliz","date":"26 de abril de 2026","format":false,"excerpt":"Se trata de un circuito con 49.2 km de extensi\u00f3n, entre los que se incluyen 6.2 km de v\u00edas internas que conectan con la principal Jefe de Estado reitera que nunca se hab\u00edan construido tantas carreteras como ahora El presidente Luis Abinader encabez\u00f3 la inauguraci\u00f3n del Circuito Vial Bajo Yuna\u2026","rel":"","context":"En \u00abSin categor\u00eda\u00bb","block_context":{"text":"Sin categor\u00eda","link":"https:\/\/lasprimeras.com.do\/index.php\/category\/sin-categoria\/"},"img":{"alt_text":"","src":"https:\/\/i0.wp.com\/lasprimeras.com.do\/wp-content\/uploads\/2026\/04\/Luis-Abinader-4.jpg?resize=350%2C200&ssl=1","width":350,"height":200,"srcset":"https:\/\/i0.wp.com\/lasprimeras.com.do\/wp-content\/uploads\/2026\/04\/Luis-Abinader-4.jpg?resize=350%2C200&ssl=1 1x, https:\/\/i0.wp.com\/lasprimeras.com.do\/wp-content\/uploads\/2026\/04\/Luis-Abinader-4.jpg?resize=525%2C300&ssl=1 1.5x, https:\/\/i0.wp.com\/lasprimeras.com.do\/wp-content\/uploads\/2026\/04\/Luis-Abinader-4.jpg?resize=700%2C400&ssl=1 2x"},"classes":[]},{"id":71420,"url":"https:\/\/lasprimeras.com.do\/index.php\/2023\/12\/19\/salud-publica-llama-a-tomar-medidas-preventivas-ante-inundaciones\/","url_meta":{"origin":68232,"position":2},"title":"Salud P\u00fablica llama a tomar medidas preventivas ante inundaciones","author":"BIMARY DE JES\u00daS Matos","date":"19 de diciembre de 2023","format":false,"excerpt":"Santo Domingo-El Ministerio de Salud llama a la poblaci\u00f3n a asumir las medidas y recomendaciones pertinentes ante las fuertes lluvias e inundaciones que afectan al pa\u00eds y que podr\u00edan contribuir a intensificar la enfermedad diarreica aguda, leptospirosis, infecciones gripales, entre otras afecciones. La instituci\u00f3n instruy\u00f3 a responsables de las Direcciones\u2026","rel":"","context":"En \u00abNACIONALES\u00bb","block_context":{"text":"NACIONALES","link":"https:\/\/lasprimeras.com.do\/index.php\/category\/nacionales\/"},"img":{"alt_text":"","src":"https:\/\/i0.wp.com\/lasprimeras.com.do\/wp-content\/uploads\/2023\/12\/Noticias-5-3.webp?resize=350%2C200&ssl=1","width":350,"height":200,"srcset":"https:\/\/i0.wp.com\/lasprimeras.com.do\/wp-content\/uploads\/2023\/12\/Noticias-5-3.webp?resize=350%2C200&ssl=1 1x, https:\/\/i0.wp.com\/lasprimeras.com.do\/wp-content\/uploads\/2023\/12\/Noticias-5-3.webp?resize=525%2C300&ssl=1 1.5x, https:\/\/i0.wp.com\/lasprimeras.com.do\/wp-content\/uploads\/2023\/12\/Noticias-5-3.webp?resize=700%2C400&ssl=1 2x"},"classes":[]},{"id":127473,"url":"https:\/\/lasprimeras.com.do\/index.php\/2026\/04\/12\/se-inicia-con-exito-programa-abriendo-caminos-en-el-bajo-yuna\/","url_meta":{"origin":68232,"position":3},"title":"Se inicia con \u00e9xito programa \u201cAbriendo Caminos\u201d en el Bajo Yuna","author":"Nelson Feliz","date":"12 de abril de 2026","format":false,"excerpt":".Iniciativa impactar\u00e1 con equipos propios a decenas de productores para sacar sus cultivos. El Ministerio de Agricultura, en coordinaci\u00f3n con el Ministerio de Obras P\u00fablicas y el Instituto Nacional de Recursos Hidr\u00e1ulicos (INDRHI), dieron inicio al programa \u201cAbriendo Caminos\u201d en la zona del Bajo Yuna. Esta acci\u00f3n tiene como prop\u00f3sito\u2026","rel":"","context":"En \u00abNACIONALES\u00bb","block_context":{"text":"NACIONALES","link":"https:\/\/lasprimeras.com.do\/index.php\/category\/nacionales\/"},"img":{"alt_text":"","src":"https:\/\/i0.wp.com\/lasprimeras.com.do\/wp-content\/uploads\/2026\/04\/Abriendo-Caminos-1.jpg?resize=350%2C200&ssl=1","width":350,"height":200,"srcset":"https:\/\/i0.wp.com\/lasprimeras.com.do\/wp-content\/uploads\/2026\/04\/Abriendo-Caminos-1.jpg?resize=350%2C200&ssl=1 1x, https:\/\/i0.wp.com\/lasprimeras.com.do\/wp-content\/uploads\/2026\/04\/Abriendo-Caminos-1.jpg?resize=525%2C300&ssl=1 1.5x, https:\/\/i0.wp.com\/lasprimeras.com.do\/wp-content\/uploads\/2026\/04\/Abriendo-Caminos-1.jpg?resize=700%2C400&ssl=1 2x"},"classes":[]},{"id":84283,"url":"https:\/\/lasprimeras.com.do\/index.php\/2024\/06\/04\/coe-sigue-el-peligro-contra-inundaciones-por-fuertes-aguaceros\/","url_meta":{"origin":68232,"position":4},"title":"COE sigue el peligro contra inundaciones por fuertes aguaceros","author":"Nelson Feliz","date":"4 de junio de 2024","format":false,"excerpt":"Fue descontinuada la alerta para San Juan, Valverde, Independencia, Bahoruco, El\u00edas Pi\u00f1a, Hermanas Mirabal y Espaillat. El Centro de Operaciones de Emergencias (COE) vari\u00f3 las alertas en varias provincias, no obstante la mantiene amarilla para 15 demarcaciones y verde para diez. Mientras que la Oficina Nacional de Meteorolog\u00eda advierte que\u2026","rel":"","context":"En \u00abNACIONALES\u00bb","block_context":{"text":"NACIONALES","link":"https:\/\/lasprimeras.com.do\/index.php\/category\/nacionales\/"},"img":{"alt_text":"","src":"https:\/\/i0.wp.com\/lasprimeras.com.do\/wp-content\/uploads\/2024\/06\/coe.jpeg?resize=350%2C200&ssl=1","width":350,"height":200,"srcset":"https:\/\/i0.wp.com\/lasprimeras.com.do\/wp-content\/uploads\/2024\/06\/coe.jpeg?resize=350%2C200&ssl=1 1x, https:\/\/i0.wp.com\/lasprimeras.com.do\/wp-content\/uploads\/2024\/06\/coe.jpeg?resize=525%2C300&ssl=1 1.5x, https:\/\/i0.wp.com\/lasprimeras.com.do\/wp-content\/uploads\/2024\/06\/coe.jpeg?resize=700%2C400&ssl=1 2x"},"classes":[]},{"id":112922,"url":"https:\/\/lasprimeras.com.do\/index.php\/2025\/10\/28\/preocupaciones-por-enfermedades-derivadas-de-las-inundaciones\/","url_meta":{"origin":68232,"position":5},"title":"Preocupaciones por enfermedades derivadas de las inundaciones","author":"Nelson Feliz","date":"28 de octubre de 2025","format":false,"excerpt":"Las inundaciones que ha dejado la tormenta Melissa, transformada en hurac\u00e1n, ha tra\u00eddo consigo las preocupaciones de m\u00e9dicos especialistas sobre el aumento de enfermedades asociadas a esos eventos clim\u00e1ticos. Epidemi\u00f3logos han advertido que tras lluvias pueden resurgir brotes de gastroenteritis, enfermedades de la piel y los ojos as\u00ed como situaciones\u2026","rel":"","context":"En \u00abSALUD\u00bb","block_context":{"text":"SALUD","link":"https:\/\/lasprimeras.com.do\/index.php\/category\/salud\/"},"img":{"alt_text":"","src":"","width":0,"height":0},"classes":[]}],"jetpack_sharing_enabled":true,"_links":{"self":[{"href":"https:\/\/lasprimeras.com.do\/index.php\/wp-json\/wp\/v2\/posts\/68232","targetHints":{"allow":["GET"]}}],"collection":[{"href":"https:\/\/lasprimeras.com.do\/index.php\/wp-json\/wp\/v2\/posts"}],"about":[{"href":"https:\/\/lasprimeras.com.do\/index.php\/wp-json\/wp\/v2\/types\/post"}],"author":[{"embeddable":true,"href":"https:\/\/lasprimeras.com.do\/index.php\/wp-json\/wp\/v2\/users\/2"}],"replies":[{"embeddable":true,"href":"https:\/\/lasprimeras.com.do\/index.php\/wp-json\/wp\/v2\/comments?post=68232"}],"version-history":[{"count":1,"href":"https:\/\/lasprimeras.com.do\/index.php\/wp-json\/wp\/v2\/posts\/68232\/revisions"}],"predecessor-version":[{"id":68244,"href":"https:\/\/lasprimeras.com.do\/index.php\/wp-json\/wp\/v2\/posts\/68232\/revisions\/68244"}],"wp:featuredmedia":[{"embeddable":true,"href":"https:\/\/lasprimeras.com.do\/index.php\/wp-json\/wp\/v2\/media\/67692"}],"wp:attachment":[{"href":"https:\/\/lasprimeras.com.do\/index.php\/wp-json\/wp\/v2\/media?parent=68232"}],"wp:term":[{"taxonomy":"category","embeddable":true,"href":"https:\/\/lasprimeras.com.do\/index.php\/wp-json\/wp\/v2\/categories?post=68232"},{"taxonomy":"post_tag","embeddable":true,"href":"https:\/\/lasprimeras.com.do\/index.php\/wp-json\/wp\/v2\/tags?post=68232"}],"curies":[{"name":"wp","href":"https:\/\/api.w.org\/{rel}","templated":true}]}}