{"id":68294,"date":"2023-11-23T07:28:48","date_gmt":"2023-11-23T11:28:48","guid":{"rendered":"https:\/\/lasprimeras.com.do\/?p=68294"},"modified":"2023-11-23T07:28:50","modified_gmt":"2023-11-23T11:28:50","slug":"agricultura-estima-perdidas-agro-en-rd4000-millones","status":"publish","type":"post","link":"https:\/\/lasprimeras.com.do\/index.php\/2023\/11\/23\/agricultura-estima-perdidas-agro-en-rd4000-millones\/","title":{"rendered":"Agricultura estima p\u00e9rdidas agro en RD$4,000 millones"},"content":{"rendered":"\n<p>Santo Domingo.-El ministro de Agricultura, L\u00edmber Cruz, estim\u00f3 en m\u00e1s de RD$4,000 millones las p\u00e9rdidas preliminares en el sector agropecuario, provocadas por las lluvias torrenciales ca\u00eddas en el territorio nacional, el pasado s\u00e1bado 18.<\/p>\n\n\n\n<p>Cruz afirm\u00f3 que el Gobierno no escatimar\u00e1 esfuerzos para ir en auxilio de los productores nacionales que fueron afectados por el fen\u00f3meno natural, que hasta el momento ha dejado al menos 25 personas fallecidas.<\/p>\n\n\n\n<p>El funcionario se\u00f1al\u00f3 que el Gabinete Agr\u00edcola ya est\u00e1 preparando el informe preliminar para cuantificar los recursos econ\u00f3micos que hay que desembolsar en favor de los agricultores impactados por las lluvias.<\/p>\n\n\n\n<p>Precis\u00f3 que el presidente Luis Abinader instruy\u00f3 a los funcionarios de su Gobierno buscar soluciones a los problemas generados por las lluvias, sobre todo, en el sector agropecuario.<\/p>\n\n\n\n<p>\u201cEl Gobierno auxiliar\u00e1 a todos y a cada uno de los agricultores cuya producci\u00f3n result\u00f3 afectada por las recientes lluvias ca\u00eddas en el territorio nacional\u201d, indic\u00f3 el ministro de Agricultura.<\/p>\n\n\n\n<p>Cruz record\u00f3 que el mandatario ha visitado los lugares que resultaron afectados por las lluvias ca\u00eddas en el pasado s\u00e1bado y que ha prometido que la mano amiga del Gobierno llegar\u00e1 a cada rinc\u00f3n del territorio nacional.<\/p>\n","protected":false},"excerpt":{"rendered":"<p>Santo Domingo.-El ministro de Agricultura, L\u00edmber Cruz, estim\u00f3 en m\u00e1s de RD$4,000 millones las p\u00e9rdidas preliminares en el sector agropecuario, provocadas por las lluvias torrenciales ca\u00eddas en el territorio nacional,&hellip;<\/p>\n","protected":false},"author":3,"featured_media":68295,"comment_status":"open","ping_status":"open","sticky":false,"template":"","format":"standard","meta":{"content-type":"","jetpack_post_was_ever_published":false,"_jetpack_newsletter_access":"","_jetpack_dont_email_post_to_subs":false,"_jetpack_newsletter_tier_id":0,"_jetpack_memberships_contains_paywalled_content":false,"_jetpack_memberships_contains_paid_content":false,"footnotes":""},"categories":[35],"tags":[4940],"class_list":["post-68294","post","type-post","status-publish","format-standard","has-post-thumbnail","hentry","category-nacionales","tag-agricultura"],"jetpack_featured_media_url":"https:\/\/lasprimeras.com.do\/wp-content\/uploads\/2023\/11\/Noticias-de-energia-19-1.jpg","jetpack-related-posts":[{"id":68249,"url":"https:\/\/lasprimeras.com.do\/index.php\/2023\/11\/22\/agricultura-anuncia-ayudas-a-productores-afectados-por-lluvias-en-san-juan-azua-ocoa-y-peravia\/","url_meta":{"origin":68294,"position":0},"title":"Agricultura anuncia ayudas a productores afectados por lluvias en San Juan, Azua, Ocoa y Peravia","author":"Nelson Feliz","date":"22 de noviembre de 2023","format":false,"excerpt":"El ministro de Agricultura, Limber Cruz, anunci\u00f3 que el Gobierno ir\u00e1 en auxilio de los productores afectados por el disturbio atmosf\u00e9rico del pasado fin de semana, que caus\u00f3 da\u00f1os en distintas zonas del pa\u00eds. \"Vamos a brindar la mano de ayuda del Gobierno, implementaremos un plan de subsidiar por tareas\u2026","rel":"","context":"En \u00abECONOM\u00cdA\u00bb","block_context":{"text":"ECONOM\u00cdA","link":"https:\/\/lasprimeras.com.do\/index.php\/category\/economia\/"},"img":{"alt_text":"El ministro de Agricultura, Limber Cruz, conversa con productores del sur afectados por las lluvias del fin de semana.","src":"https:\/\/i0.wp.com\/lasprimeras.com.do\/wp-content\/uploads\/2023\/11\/Limber-Cruz.jpg?resize=350%2C200&ssl=1","width":350,"height":200,"srcset":"https:\/\/i0.wp.com\/lasprimeras.com.do\/wp-content\/uploads\/2023\/11\/Limber-Cruz.jpg?resize=350%2C200&ssl=1 1x, https:\/\/i0.wp.com\/lasprimeras.com.do\/wp-content\/uploads\/2023\/11\/Limber-Cruz.jpg?resize=525%2C300&ssl=1 1.5x, https:\/\/i0.wp.com\/lasprimeras.com.do\/wp-content\/uploads\/2023\/11\/Limber-Cruz.jpg?resize=700%2C400&ssl=1 2x"},"classes":[]},{"id":68195,"url":"https:\/\/lasprimeras.com.do\/index.php\/2023\/11\/22\/el-agro-encara-perdidas-de-mas-de-rd5000-millones-por-las-lluvias\/","url_meta":{"origin":68294,"position":1},"title":"El agro encara p\u00e9rdidas de m\u00e1s de RD$5,000 millones por las lluvias","author":"Nelson Feliz","date":"22 de noviembre de 2023","format":false,"excerpt":"Las lluvias que azotaron al pa\u00eds durante el pasado fin de semana generaron severas repercusiones sobre unas 11 provincias agr\u00edcolas, evidenci\u00e1ndose da\u00f1os significativos en la parte sur del pa\u00eds, de acuerdo con el Ministerio de Agricultura. Su viceministro de Producci\u00f3n y Mercadeo, Eulalio Ram\u00edrez, puntualiz\u00f3 que los estudios preliminares de\u2026","rel":"","context":"En \u00abNACIONALES\u00bb","block_context":{"text":"NACIONALES","link":"https:\/\/lasprimeras.com.do\/index.php\/category\/nacionales\/"},"img":{"alt_text":"","src":"https:\/\/i0.wp.com\/lasprimeras.com.do\/wp-content\/uploads\/2023\/11\/platanos-focus-min0.06-min0.35-896-504.jpg?resize=350%2C200&ssl=1","width":350,"height":200,"srcset":"https:\/\/i0.wp.com\/lasprimeras.com.do\/wp-content\/uploads\/2023\/11\/platanos-focus-min0.06-min0.35-896-504.jpg?resize=350%2C200&ssl=1 1x, https:\/\/i0.wp.com\/lasprimeras.com.do\/wp-content\/uploads\/2023\/11\/platanos-focus-min0.06-min0.35-896-504.jpg?resize=525%2C300&ssl=1 1.5x, https:\/\/i0.wp.com\/lasprimeras.com.do\/wp-content\/uploads\/2023\/11\/platanos-focus-min0.06-min0.35-896-504.jpg?resize=700%2C400&ssl=1 2x"},"classes":[]},{"id":73567,"url":"https:\/\/lasprimeras.com.do\/index.php\/2024\/01\/13\/entregan-cheques-a-productores-de-invernaderos-afectados-por-lluvias\/","url_meta":{"origin":68294,"position":2},"title":"Entregan cheques a productores de invernaderos afectados por lluvias","author":"BIMARY DE JES\u00daS Matos","date":"13 de enero de 2024","format":false,"excerpt":"San Jose de Ocoa-. El ministro de Agricultura, Limber Cruz, entreg\u00f3 RD$57 millones de pesos a 70 peque\u00f1os productores de invernaderos que fueron afectados por el disturbio tropical del pasado 18 de noviembre. \u201cS\u00f3lo en esta provincia vamos a entregar 187 millones de pesos de un total de 208 millones\u2026","rel":"","context":"En \u00abNACIONALES\u00bb","block_context":{"text":"NACIONALES","link":"https:\/\/lasprimeras.com.do\/index.php\/category\/nacionales\/"},"img":{"alt_text":"","src":"https:\/\/i0.wp.com\/lasprimeras.com.do\/wp-content\/uploads\/2024\/01\/Noticias-de-energia-3-1.webp?resize=350%2C200&ssl=1","width":350,"height":200,"srcset":"https:\/\/i0.wp.com\/lasprimeras.com.do\/wp-content\/uploads\/2024\/01\/Noticias-de-energia-3-1.webp?resize=350%2C200&ssl=1 1x, https:\/\/i0.wp.com\/lasprimeras.com.do\/wp-content\/uploads\/2024\/01\/Noticias-de-energia-3-1.webp?resize=525%2C300&ssl=1 1.5x"},"classes":[]},{"id":67965,"url":"https:\/\/lasprimeras.com.do\/index.php\/2023\/11\/20\/abinader-anuncia-fondo-para-la-mitigacion-del-cambio-climatico\/","url_meta":{"origin":68294,"position":3},"title":"Abinader anuncia Fondo para la Mitigaci\u00f3n del Cambio Clim\u00e1tico","author":"Nelson Feliz","date":"20 de noviembre de 2023","format":false,"excerpt":"El presidente Luis Abinader anunci\u00f3 en Rancho Arriba, provincia San Jos\u00e9 de Ocoa, que crear\u00e1 un Fondo Especial para la Mitigaci\u00f3n del Cambio Clim\u00e1tico que servir\u00e1 para pagar las p\u00e9rdidas que provocan los eventos meteorol\u00f3gicos que ocasiona el calentamiento del planeta. Despu\u00e9s de escuchar el balance de los da\u00f1os de\u2026","rel":"","context":"En \u00abECONOM\u00cdA\u00bb","block_context":{"text":"ECONOM\u00cdA","link":"https:\/\/lasprimeras.com.do\/index.php\/category\/economia\/"},"img":{"alt_text":"Luis Abinader","src":"https:\/\/i0.wp.com\/lasprimeras.com.do\/wp-content\/uploads\/2023\/11\/Luis-Abinader-4.jpg?resize=350%2C200&ssl=1","width":350,"height":200,"srcset":"https:\/\/i0.wp.com\/lasprimeras.com.do\/wp-content\/uploads\/2023\/11\/Luis-Abinader-4.jpg?resize=350%2C200&ssl=1 1x, https:\/\/i0.wp.com\/lasprimeras.com.do\/wp-content\/uploads\/2023\/11\/Luis-Abinader-4.jpg?resize=525%2C300&ssl=1 1.5x, https:\/\/i0.wp.com\/lasprimeras.com.do\/wp-content\/uploads\/2023\/11\/Luis-Abinader-4.jpg?resize=700%2C400&ssl=1 2x"},"classes":[]},{"id":83402,"url":"https:\/\/lasprimeras.com.do\/index.php\/2024\/05\/15\/bagricola-ha-recibido-rd23000-millones-del-presupuesto-nacional-para-prestarlo-a-campesinos\/","url_meta":{"origin":68294,"position":4},"title":"Bagr\u00edcola ha recibido RD$23,000 millones del Presupuesto Nacional para prestarlo a campesinos","author":"Nelson Feliz","date":"15 de mayo de 2024","format":false,"excerpt":"El administrador del Banco Agr\u00edcola (Bagr\u00edcola), Fernando Dur\u00e1n, dijo aqu\u00ed que el D\u00eda del Agricultor encuentra a los productores dominicanos enfrentando los grandes los desaf\u00edos que representan los efectos del cambio clim\u00e1tico y la competencia del comercio internacional. Sin embargo, el funcionario garantiz\u00f3 que el Gobierno realiza las inversiones para\u2026","rel":"","context":"En \u00abECONOM\u00cdA\u00bb","block_context":{"text":"ECONOM\u00cdA","link":"https:\/\/lasprimeras.com.do\/index.php\/category\/economia\/"},"img":{"alt_text":"","src":"https:\/\/i0.wp.com\/lasprimeras.com.do\/wp-content\/uploads\/2024\/05\/DIA-DEL-AGRICULTOR-4.jpg?resize=350%2C200&ssl=1","width":350,"height":200,"srcset":"https:\/\/i0.wp.com\/lasprimeras.com.do\/wp-content\/uploads\/2024\/05\/DIA-DEL-AGRICULTOR-4.jpg?resize=350%2C200&ssl=1 1x, https:\/\/i0.wp.com\/lasprimeras.com.do\/wp-content\/uploads\/2024\/05\/DIA-DEL-AGRICULTOR-4.jpg?resize=525%2C300&ssl=1 1.5x, https:\/\/i0.wp.com\/lasprimeras.com.do\/wp-content\/uploads\/2024\/05\/DIA-DEL-AGRICULTOR-4.jpg?resize=700%2C400&ssl=1 2x"},"classes":[]},{"id":80317,"url":"https:\/\/lasprimeras.com.do\/index.php\/2024\/04\/07\/bagricola-financia-rd30-millones-a-tasa-cero-a-jovenes-del-este\/","url_meta":{"origin":68294,"position":5},"title":"Bagr\u00edcola financia RD$30 millones a tasa cero a j\u00f3venes del Este","author":"Nelson Feliz","date":"7 de abril de 2024","format":false,"excerpt":"El Banco Agr\u00edcola de la Rep\u00fablica Dominicana (Bagr\u00edcola) y el Ministerio de la Juventud entregaron ayer RD$30 millones en pr\u00e9stamos a tasa cero a j\u00f3venes de las provincias del Este del pa\u00eds, con edades entre 18 y 35 a\u00f1os de edad. Se trata de la cuarta etapa del Programa de\u2026","rel":"","context":"En \u00abECONOM\u00cdA\u00bb","block_context":{"text":"ECONOM\u00cdA","link":"https:\/\/lasprimeras.com.do\/index.php\/category\/economia\/"},"img":{"alt_text":"Banco Agr\u00edcola","src":"https:\/\/i0.wp.com\/lasprimeras.com.do\/wp-content\/uploads\/2024\/04\/Banco-Agricola.jpg?resize=350%2C200&ssl=1","width":350,"height":200,"srcset":"https:\/\/i0.wp.com\/lasprimeras.com.do\/wp-content\/uploads\/2024\/04\/Banco-Agricola.jpg?resize=350%2C200&ssl=1 1x, https:\/\/i0.wp.com\/lasprimeras.com.do\/wp-content\/uploads\/2024\/04\/Banco-Agricola.jpg?resize=525%2C300&ssl=1 1.5x, https:\/\/i0.wp.com\/lasprimeras.com.do\/wp-content\/uploads\/2024\/04\/Banco-Agricola.jpg?resize=700%2C400&ssl=1 2x"},"classes":[]}],"jetpack_sharing_enabled":true,"_links":{"self":[{"href":"https:\/\/lasprimeras.com.do\/index.php\/wp-json\/wp\/v2\/posts\/68294","targetHints":{"allow":["GET"]}}],"collection":[{"href":"https:\/\/lasprimeras.com.do\/index.php\/wp-json\/wp\/v2\/posts"}],"about":[{"href":"https:\/\/lasprimeras.com.do\/index.php\/wp-json\/wp\/v2\/types\/post"}],"author":[{"embeddable":true,"href":"https:\/\/lasprimeras.com.do\/index.php\/wp-json\/wp\/v2\/users\/3"}],"replies":[{"embeddable":true,"href":"https:\/\/lasprimeras.com.do\/index.php\/wp-json\/wp\/v2\/comments?post=68294"}],"version-history":[{"count":1,"href":"https:\/\/lasprimeras.com.do\/index.php\/wp-json\/wp\/v2\/posts\/68294\/revisions"}],"predecessor-version":[{"id":68296,"href":"https:\/\/lasprimeras.com.do\/index.php\/wp-json\/wp\/v2\/posts\/68294\/revisions\/68296"}],"wp:featuredmedia":[{"embeddable":true,"href":"https:\/\/lasprimeras.com.do\/index.php\/wp-json\/wp\/v2\/media\/68295"}],"wp:attachment":[{"href":"https:\/\/lasprimeras.com.do\/index.php\/wp-json\/wp\/v2\/media?parent=68294"}],"wp:term":[{"taxonomy":"category","embeddable":true,"href":"https:\/\/lasprimeras.com.do\/index.php\/wp-json\/wp\/v2\/categories?post=68294"},{"taxonomy":"post_tag","embeddable":true,"href":"https:\/\/lasprimeras.com.do\/index.php\/wp-json\/wp\/v2\/tags?post=68294"}],"curies":[{"name":"wp","href":"https:\/\/api.w.org\/{rel}","templated":true}]}}