{"id":68307,"date":"2023-11-23T07:33:49","date_gmt":"2023-11-23T11:33:49","guid":{"rendered":"https:\/\/lasprimeras.com.do\/?p=68307"},"modified":"2023-11-23T07:33:51","modified_gmt":"2023-11-23T11:33:51","slug":"otan-condena-el-lanzamiento-del-satelite-espia","status":"publish","type":"post","link":"https:\/\/lasprimeras.com.do\/index.php\/2023\/11\/23\/otan-condena-el-lanzamiento-del-satelite-espia\/","title":{"rendered":"OTAN condena el lanzamiento del sat\u00e9lite esp\u00eda"},"content":{"rendered":"\n<p>Bruselas. El secretario general de la OTAN, Jens Stoltenberg, conden\u00f3 \u201cfirmemente\u201d este mi\u00e9rcoles el lanzamiento del primer sat\u00e9lite esp\u00eda norcoreano y agreg\u00f3 que Piongyang \u201cdebe poner fin a su conducta temeraria\u201d.<\/p>\n\n\n\n<p>\u201cCondeno firmemente el lanzamiento de un sat\u00e9lite militar por parte de la Rep\u00fablica Popular Democr\u00e1tica de Corea , usando tecnolog\u00eda de misiles bal\u00edsticos en violaci\u00f3n de m\u00faltiples resoluciones del Consejo de Seguridad de las Naciones Unidas\u201d, declar\u00f3 el pol\u00edtico noruego en un comunicado.<\/p>\n\n\n\n<p>A\u00f1adi\u00f3 que el lanzamiento \u201caumenta las tensiones y plantea un grave riesgo para la seguridad regional e internacional\u201d.<\/p>\n\n\n\n<p>\u201cCorea del Norte debe poner fin a su conducta temeraria, abandonar sus programas nucleares y de misiles bal\u00edsticos e implicarse en la diplomacia de buena fe\u201d, asegur\u00f3.<\/p>\n","protected":false},"excerpt":{"rendered":"<p>Bruselas. El secretario general de la OTAN, Jens Stoltenberg, conden\u00f3 \u201cfirmemente\u201d este mi\u00e9rcoles el lanzamiento del primer sat\u00e9lite esp\u00eda norcoreano y agreg\u00f3 que Piongyang \u201cdebe poner fin a su conducta&hellip;<\/p>\n","protected":false},"author":3,"featured_media":68310,"comment_status":"open","ping_status":"open","sticky":false,"template":"","format":"standard","meta":{"content-type":"","jetpack_post_was_ever_published":false,"_jetpack_newsletter_access":"","_jetpack_dont_email_post_to_subs":false,"_jetpack_newsletter_tier_id":0,"_jetpack_memberships_contains_paywalled_content":false,"_jetpack_memberships_contains_paid_content":false,"footnotes":""},"categories":[1],"tags":[4474],"class_list":["post-68307","post","type-post","status-publish","format-standard","has-post-thumbnail","hentry","category-sin-categoria","tag-otan"],"jetpack_featured_media_url":"https:\/\/lasprimeras.com.do\/wp-content\/uploads\/2023\/11\/WhatsApp-Image-2023-11-21-at-4.54.12-PM-2.webp","jetpack-related-posts":[{"id":68231,"url":"https:\/\/lasprimeras.com.do\/index.php\/2023\/11\/22\/g7-condena-lanzamiento-de-un-satelite-espia-por-corea-del-norte\/","url_meta":{"origin":68307,"position":0},"title":"G7 condena lanzamiento de un sat\u00e9lite esp\u00eda por Corea del Norte","author":"BIMARY DE JES\u00daS Matos","date":"22 de noviembre de 2023","format":false,"excerpt":"EFE.-Los pa\u00edses del G7 han condenado este mi\u00e9rcoles \u00abcontundentemente\u00bb el lanzamiento de un sat\u00e9lite militar esp\u00eda por parte de Corea del Norte mediante el uso de \u00abtecnolog\u00eda bal\u00edstica\u00bb y han alertado de que esto supone una \u00abgrave amenaza para la paz y la seguridad en la regi\u00f3n\u00bb. As\u00ed, han se\u00f1alado\u2026","rel":"","context":"En \u00abSin categor\u00eda\u00bb","block_context":{"text":"Sin categor\u00eda","link":"https:\/\/lasprimeras.com.do\/index.php\/category\/sin-categoria\/"},"img":{"alt_text":"","src":"https:\/\/i0.wp.com\/lasprimeras.com.do\/wp-content\/uploads\/2023\/11\/Noticias-de-energia-18-5.jpg?resize=350%2C200&ssl=1","width":350,"height":200},"classes":[]},{"id":68079,"url":"https:\/\/lasprimeras.com.do\/index.php\/2023\/11\/21\/seul-dice-que-pionyang-ha-lanzado-un-cohete-espacial-con-un-satelite-a-bordo\/","url_meta":{"origin":68307,"position":1},"title":"Se\u00fal dice que Pionyang ha lanzado un cohete espacial con un sat\u00e9lite a bordo","author":"Nelson Feliz","date":"21 de noviembre de 2023","format":false,"excerpt":"El ej\u00e9rcito surcoreano inform\u00f3 hoy en un comunicado que \"Corea del Norte ha lanzado un sat\u00e9lite de reconocimiento en direcci\u00f3n sur\", mientras que las autoridades japonesas activaron la alerta de misiles en Okinawa (sur del pa\u00eds) y recomendaron la evacuaci\u00f3n de la poblaci\u00f3n local. El lanzamiento del cohete espacial con\u2026","rel":"","context":"En \u00abSin categor\u00eda\u00bb","block_context":{"text":"Sin categor\u00eda","link":"https:\/\/lasprimeras.com.do\/index.php\/category\/sin-categoria\/"},"img":{"alt_text":"cohete espacial","src":"https:\/\/i0.wp.com\/lasprimeras.com.do\/wp-content\/uploads\/2023\/11\/cohete-espacial.jpeg?resize=350%2C200&ssl=1","width":350,"height":200,"srcset":"https:\/\/i0.wp.com\/lasprimeras.com.do\/wp-content\/uploads\/2023\/11\/cohete-espacial.jpeg?resize=350%2C200&ssl=1 1x, https:\/\/i0.wp.com\/lasprimeras.com.do\/wp-content\/uploads\/2023\/11\/cohete-espacial.jpeg?resize=525%2C300&ssl=1 1.5x, https:\/\/i0.wp.com\/lasprimeras.com.do\/wp-content\/uploads\/2023\/11\/cohete-espacial.jpeg?resize=700%2C400&ssl=1 2x"},"classes":[]},{"id":71182,"url":"https:\/\/lasprimeras.com.do\/index.php\/2023\/12\/18\/corea-del-sur-ordena-respuesta-al-lanzamiento-de-misil-norcoreano\/","url_meta":{"origin":68307,"position":2},"title":"Corea del Sur ordena respuesta al lanzamiento de misil norcoreano","author":"BIMARY DE JES\u00daS Matos","date":"18 de diciembre de 2023","format":false,"excerpt":"Jap\u00f3n.-El presidente de Corea del Sur, Yoon Suk Yeol, ha ordenado este lunes responder de forma \u00abinmediata\u00bb y coordinada con los gobiernos de Estados Unidos y Jap\u00f3n al \u00faltimo lanzamiento de un misil bal\u00edstico intercontinental por parte de Corea del Norte hacia el mar de Jap\u00f3n, tambi\u00e9n conocido como mar\u2026","rel":"","context":"En \u00abSin categor\u00eda\u00bb","block_context":{"text":"Sin categor\u00eda","link":"https:\/\/lasprimeras.com.do\/index.php\/category\/sin-categoria\/"},"img":{"alt_text":"","src":"https:\/\/i0.wp.com\/lasprimeras.com.do\/wp-content\/uploads\/2023\/12\/Jose-Horacio-dice-hay-que-cumplir-las-leyes-de-compras-y-contrataciones-1-5.jpg?resize=350%2C200&ssl=1","width":350,"height":200,"srcset":"https:\/\/i0.wp.com\/lasprimeras.com.do\/wp-content\/uploads\/2023\/12\/Jose-Horacio-dice-hay-que-cumplir-las-leyes-de-compras-y-contrataciones-1-5.jpg?resize=350%2C200&ssl=1 1x, https:\/\/i0.wp.com\/lasprimeras.com.do\/wp-content\/uploads\/2023\/12\/Jose-Horacio-dice-hay-que-cumplir-las-leyes-de-compras-y-contrataciones-1-5.jpg?resize=525%2C300&ssl=1 1.5x"},"classes":[]},{"id":68901,"url":"https:\/\/lasprimeras.com.do\/index.php\/2023\/11\/28\/satelite-corea-del-norte-tomo-fotos-casa-blanca-y-el-pentagono\/","url_meta":{"origin":68307,"position":3},"title":"Sat\u00e9lite Corea del Norte tom\u00f3 fotos Casa Blanca y el Pent\u00e1gono","author":"BIMARY DE JES\u00daS Matos","date":"28 de noviembre de 2023","format":false,"excerpt":"PYONGYANG.- El sat\u00e9lite esp\u00eda militar de Corea del Norte ha captado im\u00e1genes de la Casa Blanca y el Pent\u00e1gono, informa la agencia surcoreana Yonhap con referencia a la Agencia Central de Noticias de Corea. De acuerdo con el medio, el l\u00edder norcoreano, Kim Jong-un, ya ha visto dichas fotograf\u00edas. Seg\u00fan\u2026","rel":"","context":"En \u00abENTRETENIMIENTO\u00bb","block_context":{"text":"ENTRETENIMIENTO","link":"https:\/\/lasprimeras.com.do\/index.php\/category\/entretenimiento\/"},"img":{"alt_text":"","src":"https:\/\/i0.wp.com\/lasprimeras.com.do\/wp-content\/uploads\/2023\/11\/WhatsApp-Image-2023-11-28-at-12.36.42-PM-1.jpeg?resize=350%2C200&ssl=1","width":350,"height":200,"srcset":"https:\/\/i0.wp.com\/lasprimeras.com.do\/wp-content\/uploads\/2023\/11\/WhatsApp-Image-2023-11-28-at-12.36.42-PM-1.jpeg?resize=350%2C200&ssl=1 1x, https:\/\/i0.wp.com\/lasprimeras.com.do\/wp-content\/uploads\/2023\/11\/WhatsApp-Image-2023-11-28-at-12.36.42-PM-1.jpeg?resize=525%2C300&ssl=1 1.5x"},"classes":[]},{"id":72142,"url":"https:\/\/lasprimeras.com.do\/index.php\/2023\/12\/27\/kim-de-corea-del-norte-se-jacta-de-sus-logros-al-inaugurar-una-reunion-politica-clave-de-fin-de-ano\/","url_meta":{"origin":68307,"position":4},"title":"Kim de Corea del Norte se jacta de sus logros al inaugurar una reuni\u00f3n pol\u00edtica clave de fin de a\u00f1o","author":"Nelson Feliz","date":"27 de diciembre de 2023","format":false,"excerpt":"POR HYUNG-JIN KIM SE\u00daL, Corea del Sur (AP) \u2014 El l\u00edder norcoreano Kim Jong Un elogi\u00f3 lo que llam\u00f3 logros y victorias que fortalecieron el poder nacional e impulsaron el prestigio del pa\u00eds este a\u00f1o, al inaugurar una reuni\u00f3n pol\u00edtica clave para establecer nuevos objetivos pol\u00edticos para 2024, informaron medios\u2026","rel":"","context":"En \u00abSin categor\u00eda\u00bb","block_context":{"text":"Sin categor\u00eda","link":"https:\/\/lasprimeras.com.do\/index.php\/category\/sin-categoria\/"},"img":{"alt_text":"Kim Jong Un","src":"https:\/\/i0.wp.com\/lasprimeras.com.do\/wp-content\/uploads\/2023\/12\/Kim-Jong-Un.jpg?resize=350%2C200&ssl=1","width":350,"height":200,"srcset":"https:\/\/i0.wp.com\/lasprimeras.com.do\/wp-content\/uploads\/2023\/12\/Kim-Jong-Un.jpg?resize=350%2C200&ssl=1 1x, https:\/\/i0.wp.com\/lasprimeras.com.do\/wp-content\/uploads\/2023\/12\/Kim-Jong-Un.jpg?resize=525%2C300&ssl=1 1.5x, https:\/\/i0.wp.com\/lasprimeras.com.do\/wp-content\/uploads\/2023\/12\/Kim-Jong-Un.jpg?resize=700%2C400&ssl=1 2x"},"classes":[]},{"id":71299,"url":"https:\/\/lasprimeras.com.do\/index.php\/2023\/12\/19\/norcorea-califica-de-exitoso-el-ultimo-lanzamiento-misil-balistico\/","url_meta":{"origin":68307,"position":5},"title":"Norcorea califica de \u00abexitoso\u00bb el \u00faltimo lanzamiento misil bal\u00edstico","author":"BIMARY DE JES\u00daS Matos","date":"19 de diciembre de 2023","format":false,"excerpt":"MPYONGYANG.- Las autoridades norcoreanas han calificado de \u00abexitoso\u00bb el lanzamiento del misil bal\u00edstico intercontinental del lunes, cuyo alcance fue de m\u00e1s de 16.000 kil\u00f3metros, por lo que podr\u00eda alcanzar cualquier punto de Estados Unidos. \u00abEl misil lanzado se ha elevado a una altura m\u00e1xima de 6.518,2 kil\u00f3metros y ha volado\u2026","rel":"","context":"En \u00abSin categor\u00eda\u00bb","block_context":{"text":"Sin categor\u00eda","link":"https:\/\/lasprimeras.com.do\/index.php\/category\/sin-categoria\/"},"img":{"alt_text":"","src":"https:\/\/i0.wp.com\/lasprimeras.com.do\/wp-content\/uploads\/2023\/12\/con-6-6.jpg?resize=350%2C200&ssl=1","width":350,"height":200,"srcset":"https:\/\/i0.wp.com\/lasprimeras.com.do\/wp-content\/uploads\/2023\/12\/con-6-6.jpg?resize=350%2C200&ssl=1 1x, https:\/\/i0.wp.com\/lasprimeras.com.do\/wp-content\/uploads\/2023\/12\/con-6-6.jpg?resize=525%2C300&ssl=1 1.5x"},"classes":[]}],"jetpack_sharing_enabled":true,"_links":{"self":[{"href":"https:\/\/lasprimeras.com.do\/index.php\/wp-json\/wp\/v2\/posts\/68307","targetHints":{"allow":["GET"]}}],"collection":[{"href":"https:\/\/lasprimeras.com.do\/index.php\/wp-json\/wp\/v2\/posts"}],"about":[{"href":"https:\/\/lasprimeras.com.do\/index.php\/wp-json\/wp\/v2\/types\/post"}],"author":[{"embeddable":true,"href":"https:\/\/lasprimeras.com.do\/index.php\/wp-json\/wp\/v2\/users\/3"}],"replies":[{"embeddable":true,"href":"https:\/\/lasprimeras.com.do\/index.php\/wp-json\/wp\/v2\/comments?post=68307"}],"version-history":[{"count":1,"href":"https:\/\/lasprimeras.com.do\/index.php\/wp-json\/wp\/v2\/posts\/68307\/revisions"}],"predecessor-version":[{"id":68311,"href":"https:\/\/lasprimeras.com.do\/index.php\/wp-json\/wp\/v2\/posts\/68307\/revisions\/68311"}],"wp:featuredmedia":[{"embeddable":true,"href":"https:\/\/lasprimeras.com.do\/index.php\/wp-json\/wp\/v2\/media\/68310"}],"wp:attachment":[{"href":"https:\/\/lasprimeras.com.do\/index.php\/wp-json\/wp\/v2\/media?parent=68307"}],"wp:term":[{"taxonomy":"category","embeddable":true,"href":"https:\/\/lasprimeras.com.do\/index.php\/wp-json\/wp\/v2\/categories?post=68307"},{"taxonomy":"post_tag","embeddable":true,"href":"https:\/\/lasprimeras.com.do\/index.php\/wp-json\/wp\/v2\/tags?post=68307"}],"curies":[{"name":"wp","href":"https:\/\/api.w.org\/{rel}","templated":true}]}}