{"id":68354,"date":"2023-11-23T10:23:47","date_gmt":"2023-11-23T14:23:47","guid":{"rendered":"https:\/\/lasprimeras.com.do\/?p=68354"},"modified":"2023-11-23T10:23:48","modified_gmt":"2023-11-23T14:23:48","slug":"el-recuadro-en-blanco-en-la-boleta-del-pld-y-el-ave-fenix","status":"publish","type":"post","link":"https:\/\/lasprimeras.com.do\/index.php\/2023\/11\/23\/el-recuadro-en-blanco-en-la-boleta-del-pld-y-el-ave-fenix\/","title":{"rendered":"El recuadro en blanco en la boleta del PLD y el Ave F\u00e9nix"},"content":{"rendered":"\n<p>Por: Pedro Julio Abreu Columna<\/p>\n\n\n\n<p>El recuadro en blanco en la boleta del PLD, fue el inicio de la salida del Partido de la Liberaci\u00f3n Dominicana, del poder. Era el final del mes de noviembre del a\u00f1o 2018, cuando esa fuerza poderosa, nos manifest\u00f3 inicia, que viene un cambio y el n\u00famero 3 del PLD, al frente y la conducci\u00f3n del Estado, eres t\u00fa.<\/p>\n\n\n\n<p>Creyendo en esa fuerza poderosa, que no se equivoca. En diciembre 2018, comenzamos a realizar nuestra propuesta de naci\u00f3n, procediendo hacer los contactos por todo el pa\u00eds, con dirigentes, militantes, persona de la sociedad organizada, medios de comunicaci\u00f3n, el exterior y por todo el pa\u00eds.<\/p>\n\n\n\n<p>El discurso, estaba siendo asimilado por los que escuchaban el mensaje, a tal nivel que, al terminar mi discurso, las personas se acercaban a expresarme su respaldo, nuestra participaci\u00f3n en los medios de comunicaci\u00f3n, se llenaban las l\u00edneas telef\u00f3nicas de los ciudadanos, para expresar su respaldo a nuestras propuestas y apoyo a la f\u00f3rmula de la soluci\u00f3n a los problemas nacionales, que planteamos.<\/p>\n\n\n\n<p>Pero el crecimiento que se estaba produciendo, comenz\u00f3 a preocuparle a ciertas personas, dentro del partido.<\/p>\n\n\n\n<p>Se establece que este movimiento, estuvo encabezado por un Trujillista de todos los tiempos, fueron seis o menos las personas que se dedicaron a tener ese objetivo, que el recuadro de la boleta, apareciera en blanco.<\/p>\n\n\n\n<p>Como Dios, no se equivoca, entre esos seis, adem\u00e1s hab\u00eda un personaje de la ciudad de Trujillo, la ciudad de San Crist\u00f3bal. Esto como una forma de confirmar, lo planificado.<\/p>\n\n\n\n<p>El Trujillista que dirigi\u00f3, la trama, fue el mismo que llamo a Miguel Coco, para decirle que fueron, cosas del hoy expresidente de la Rep\u00fablica Dominicana y presidente del PLD, en ese entonces expresidente de la c\u00e1mara de los diputados, por apoyar ese carajo, que donde ese carajo, iba conseguir votos para ganarle a \u00e9l, como le gano de manera abrumadora con alrededor del 90% de los votos emitidos.<\/p>\n\n\n\n<p>Algo que este nunca le ha perdonado, al hoy expresidente de la Rep\u00fablica Dominicana.<\/p>\n\n\n\n<p>Desconociendo el Trujillista, que el profesor Juan Bosch, hab\u00eda dicho a\u00f1os antes de esas elecciones, que ese joven al que \u00e9l le llamo y le llama carajo, \u201cEs una mina de Oro\u201d expresado por el profesor Juan Bosch, l\u00edder del PLD en esa ocasi\u00f3n.<\/p>\n\n\n\n<p>Luego ese carajo, fue el primer y tres veces presidente de la Rep\u00fablica del PLD. Al igual como dijo el profesor Bosch, refiri\u00e9ndose al hoy presidente del PLD.<\/p>\n\n\n\n<p>\u201cSe est\u00e1 preparando para ser presidente de la Rep\u00fablica\u201d convirti\u00e9ndose este despu\u00e9s de la muerte de Juan Bosch, en el segundo (2do) presidente de la Rep\u00fablica Dominicana, por el PLD.<\/p>\n\n\n\n<p>El mismo Trujillista, en un proceso de elecci\u00f3n a posiciones internas en el partido PLD, de manera dictatorial, quer\u00eda imponer su voluntad, desconociendo la voluntad de la Democracia, expresado en las urnas por los miembros del partido.<\/p>\n\n\n\n<p>Y tuvo que decirle el Tribunal Superior Electoral, que \u00e9l estaba equivocado, d\u00e1ndole ganancia de causa a la Democracia y la voluntad popular.<\/p>\n\n\n\n<p>Luego de nosotros haber recorrido, el pa\u00eds en el a\u00f1o 2019, y haber llenado los procedimientos de lugar, llega el 6 de agosto, el mes (8) del a\u00f1o 2019, el d\u00eda de la proclamaci\u00f3n de los precandidatos.<\/p>\n\n\n\n<p>Manifiesta el presidente de la Rep\u00fablica de la Rep\u00fablica y actual presidente del PLD, van todos los precandidatos a la candidatura a la presidencia por el PLD.<\/p>\n\n\n\n<p>Pero el recuadro en blanco apareci\u00f3. No sabiendo que con ese recuadro en blanco se inicio la salida del poder, la salida del poder del estado.<\/p>\n\n\n\n<p>A pesar de haberse llenado los requisitos de lugar y de haber llenado los requisitos de la organizaci\u00f3n y de la constituci\u00f3n. Si se observa la boleta de ese proceso interno del a\u00f1o 2019, se puede ver un descuadre, porque falta un recuadro por llenar, por lo tanto, se observa una falta de armon\u00eda a la vista humana en esa boleta.<\/p>\n\n\n\n<p>Un grupo de juristas de renombre incluyendo el presidente del Colegio de Abogados de la Rep\u00fablica Dominicana CARD, que analizaron el caso consideraron la inscripci\u00f3n como buena y valida, porque llenaba los requisitos de lugar y adem\u00e1s se estableci\u00f3 por decisi\u00f3n del presidente de la Rep\u00fablica \u201cvan todos\u201d.<\/p>\n\n\n\n<p>Evidentemente se observa en la boleta el desequilibrio que lo llevar\u00eda a la ca\u00edda, al no estar cuadradita y en armon\u00eda. Como una mesa cuando le falta una pata que definitivamente se ir\u00eda o se caer\u00eda de lado, como ocurri\u00f3.<\/p>\n\n\n\n<p>Hay que decir, que la comisi\u00f3n electoral del PLD, a trav\u00e9s del vocero oficial del partido hab\u00eda informado a la prensa nacional, el d\u00eda antes los precandidatos inscritos entre los que menciona, el que luego se convierte en el faltante en la boleta a trav\u00e9s del recuadro en blanco.<\/p>\n\n\n\n<p>Pero el golpe de gracia, por parte del trujillista y sus aliados lo perpetraron el 6 de octubre del a\u00f1o 2019, con la celebraci\u00f3n de la convenci\u00f3n interna del PLD, que culmino con la salida del precandidato a la presidencia y presidente del PLD, llevado a salir del partido que presidia.<\/p>\n\n\n\n<p>Este al abandonar el partido, manifest\u00f3, de la persecuci\u00f3n que sufri\u00f3 por el trujillista de todos los tiempos y su par de aliados.<\/p>\n\n\n\n<p>Este Trujillista que hab\u00eda sido derrotado en varias ocasiones, arrastro con sus acostumbradas derrotas a todo el partido a una derrota colectiva, que lo saco del poder y a millones de miembros y simpatizantes que confiaban en el partido y los ideales de Juan Bosch, el Partido de la Liberaci\u00f3n Dominicana.<\/p>\n\n\n\n<p>Se puede observar que evidentemente, en el caso del recuadro en blanco en la boleta, ha habido y hubo, una franca violaci\u00f3n a un derecho humano, una violaci\u00f3n a un derecho fundamental, una violaci\u00f3n a un derecho universal, una violaci\u00f3n a un derecho constitucional, una violaci\u00f3n a un derecho ciudadano, una violaci\u00f3n al derecho a la igualdad, como es el derecho a elegir y a ser elegido.<\/p>\n\n\n\n<p>Un derecho que atenta contra la Democracia y la Libertad de los hombres.<\/p>\n\n\n\n<p>Derecho por el cual han luchado los hombres, por los siglos de los siglos o por miles de a\u00f1os, desde que se habl\u00f3 de Democracia, por Plat\u00f3n, en la antigua Grecia, en el siglo V a.C, hace m\u00e1s de dos mil a\u00f1os.<\/p>\n\n\n\n<p>La fuerza poderosa que gobierna el mundo, la fuerza de la naturaleza, la fuerza que llamamos Dios, que es la que quita y pone, dice que falta el n\u00famero 3.<\/p>\n\n\n\n<p>Es imposible luchar contra la ley de la naturaleza, por eso ocurren fen\u00f3menos que las personas no entendemos.<\/p>\n\n\n\n<p>Hay que renacer de las cenizas, como el Ave F\u00e9nix. Como lo establece la leyenda, de los imperios grecorromanos y de otras culturas antiguas que hoy se perfilan como potencias, \u201chay que renacer de las cenizas\u201d, \u201cRenacer de las Cenizas, como el Ave F\u00e9nix\u201d. El recuadro en blanco en la boleta del PLD y el Ave F\u00e9nix.<\/p>\n","protected":false},"excerpt":{"rendered":"<p>Por: Pedro Julio Abreu Columna El recuadro en blanco en la boleta del PLD, fue el inicio de la salida del Partido de la Liberaci\u00f3n Dominicana, del poder. Era el&hellip;<\/p>\n","protected":false},"author":2,"featured_media":68355,"comment_status":"open","ping_status":"open","sticky":false,"template":"","format":"standard","meta":{"content-type":"","jetpack_post_was_ever_published":false,"_jetpack_newsletter_access":"","_jetpack_dont_email_post_to_subs":false,"_jetpack_newsletter_tier_id":0,"_jetpack_memberships_contains_paywalled_content":false,"_jetpack_memberships_contains_paid_content":false,"footnotes":""},"categories":[95],"tags":[9759],"class_list":["post-68354","post","type-post","status-publish","format-standard","has-post-thumbnail","hentry","category-opinion","tag-el-recuadro-en-blanco-en-la-boleta-del-pld-y-el-ave-fenix"],"jetpack_featured_media_url":"https:\/\/lasprimeras.com.do\/wp-content\/uploads\/2023\/11\/Boleta-eleccion-interna-presidencial-2019-PLD.jpg","jetpack-related-posts":[{"id":90666,"url":"https:\/\/lasprimeras.com.do\/index.php\/2024\/10\/26\/boletas-del-pld-confeccionadas-por-orden-alfabetico-de-apellidos\/","url_meta":{"origin":68354,"position":0},"title":"Boletas del PLD confeccionadas por orden alfab\u00e9tico de apellidos","author":"Nelson Feliz","date":"26 de octubre de 2024","format":false,"excerpt":"101 son los candidatos y candidatas a la membres\u00eda del Comit\u00e9 Pol\u00edtico del Partido de la Liberaci\u00f3n Dominicana (PLD). En poder de los miembros del Comit\u00e9 Central del Partido de la Liberaci\u00f3n Dominicana (PLD) se tiene una r\u00e9plica de la boleta digital en la que aparecen los nombres y n\u00fameros\u2026","rel":"","context":"En \u00abSin categor\u00eda\u00bb","block_context":{"text":"Sin categor\u00eda","link":"https:\/\/lasprimeras.com.do\/index.php\/category\/sin-categoria\/"},"img":{"alt_text":"","src":"","width":0,"height":0},"classes":[]},{"id":73234,"url":"https:\/\/lasprimeras.com.do\/index.php\/2024\/01\/07\/jce-y-organizaciones-politicas-inician-revision-de-boletas-para-elecciones-municipales-2024\/","url_meta":{"origin":68354,"position":1},"title":"JCE y organizaciones pol\u00edticas inician revisi\u00f3n de boletas para elecciones municipales 2024","author":"Nelson Feliz","date":"7 de enero de 2024","format":false,"excerpt":"Proceso comenz\u00f3 este viernes 5 y finalizar\u00e1 este martes 9 del presente mes. La Junta Central Electoral inici\u00f3 junto a los delegados de las organizaciones pol\u00edticas reconocidas ante la instituci\u00f3n, el proceso de revisi\u00f3n y validaci\u00f3n de las boletas, el contenido de los recuadros, las caracter\u00edsticas y las candidaturas registradas\u2026","rel":"","context":"En \u00abSin categor\u00eda\u00bb","block_context":{"text":"Sin categor\u00eda","link":"https:\/\/lasprimeras.com.do\/index.php\/category\/sin-categoria\/"},"img":{"alt_text":"Boleta","src":"https:\/\/i0.wp.com\/lasprimeras.com.do\/wp-content\/uploads\/2024\/01\/Boleta-2.jpg?resize=350%2C200&ssl=1","width":350,"height":200,"srcset":"https:\/\/i0.wp.com\/lasprimeras.com.do\/wp-content\/uploads\/2024\/01\/Boleta-2.jpg?resize=350%2C200&ssl=1 1x, https:\/\/i0.wp.com\/lasprimeras.com.do\/wp-content\/uploads\/2024\/01\/Boleta-2.jpg?resize=525%2C300&ssl=1 1.5x, https:\/\/i0.wp.com\/lasprimeras.com.do\/wp-content\/uploads\/2024\/01\/Boleta-2.jpg?resize=700%2C400&ssl=1 2x"},"classes":[]},{"id":82433,"url":"https:\/\/lasprimeras.com.do\/index.php\/2024\/05\/02\/abinader-barriria\/","url_meta":{"origin":68354,"position":2},"title":"Abinader barrer\u00eda","author":"Nelson Feliz","date":"2 de mayo de 2024","format":false,"excerpt":"Danilo Cruz Pichardo El d\u00eda 19 del presente mes se celebran en el pa\u00eds las elecciones presidenciales y legislativas y en lo que concierne a las primeras he sostenido, con\u00a0 mucha anticipaci\u00f3n, que el candidato del Partido Revolucionario Moderno es favorito y por un margen que podr\u00eda romper el r\u00e9cord\u2026","rel":"","context":"En \u00abOPINI\u00d3N\u00bb","block_context":{"text":"OPINI\u00d3N","link":"https:\/\/lasprimeras.com.do\/index.php\/category\/opinion\/"},"img":{"alt_text":"Luis Abinader","src":"https:\/\/i0.wp.com\/lasprimeras.com.do\/wp-content\/uploads\/2024\/03\/Luis-Abinader-5-e1710726563339.jpg?resize=350%2C200&ssl=1","width":350,"height":200,"srcset":"https:\/\/i0.wp.com\/lasprimeras.com.do\/wp-content\/uploads\/2024\/03\/Luis-Abinader-5-e1710726563339.jpg?resize=350%2C200&ssl=1 1x, https:\/\/i0.wp.com\/lasprimeras.com.do\/wp-content\/uploads\/2024\/03\/Luis-Abinader-5-e1710726563339.jpg?resize=525%2C300&ssl=1 1.5x"},"classes":[]},{"id":121875,"url":"https:\/\/lasprimeras.com.do\/index.php\/2026\/02\/11\/victor-terrero-respalda-postura-de-danilo-medina-sobre-alianzas-el-voto-del-pld-es-solo-para-la-boleta-morada\/","url_meta":{"origin":68354,"position":3},"title":"V\u00edctor Terrero respalda postura de Danilo Medina sobre alianzas: &#8220;El voto del PLD es solo para la boleta morada&#8221;","author":"Nelson Feliz","date":"11 de febrero de 2026","format":false,"excerpt":"El miembro del Comit\u00e9 Central del Partido de la Liberaci\u00f3n Dominicana (PLD), doctor V\u00edctor Manuel Terrero, manifest\u00f3 su total respaldo a las recientes declaraciones del presidente de la organizaci\u00f3n, Danilo Medina, respecto a la estrategia electoral de cara a los pr\u00f3ximos comicios. Terrero enfatiz\u00f3 que la militancia se mantiene firme\u2026","rel":"","context":"En \u00abPOLITICA\u00bb","block_context":{"text":"POLITICA","link":"https:\/\/lasprimeras.com.do\/index.php\/category\/politica\/"},"img":{"alt_text":"V\u00edctor Terrero","src":"https:\/\/i0.wp.com\/lasprimeras.com.do\/wp-content\/uploads\/2023\/07\/Victor-Terrero.jpeg?resize=350%2C200&ssl=1","width":350,"height":200,"srcset":"https:\/\/i0.wp.com\/lasprimeras.com.do\/wp-content\/uploads\/2023\/07\/Victor-Terrero.jpeg?resize=350%2C200&ssl=1 1x, https:\/\/i0.wp.com\/lasprimeras.com.do\/wp-content\/uploads\/2023\/07\/Victor-Terrero.jpeg?resize=525%2C300&ssl=1 1.5x, https:\/\/i0.wp.com\/lasprimeras.com.do\/wp-content\/uploads\/2023\/07\/Victor-Terrero.jpeg?resize=700%2C400&ssl=1 2x"},"classes":[]},{"id":78998,"url":"https:\/\/lasprimeras.com.do\/index.php\/2024\/03\/22\/jce-concluye-revision-de-boletas-electorales\/","url_meta":{"origin":68354,"position":4},"title":"JCE concluye revisi\u00f3n de boletas electorales","author":"BIMARY DE JES\u00daS Matos","date":"22 de marzo de 2024","format":false,"excerpt":"SANTO DOMINGO.-La Junta Central Electoral y los delegados de las organizaciones pol\u00edticas reconocidas ante la instituci\u00f3n concluyeron ayer mi\u00e9rcoles el proceso de verificaci\u00f3n y validaci\u00f3n de las boletas que se utilizar\u00e1n en las elecciones presidenciales y congresuales del pr\u00f3ximo 19 de mayo del presente a\u00f1o. Los delegados pol\u00edticos, junto al\u2026","rel":"","context":"En \u00abSin categor\u00eda\u00bb","block_context":{"text":"Sin categor\u00eda","link":"https:\/\/lasprimeras.com.do\/index.php\/category\/sin-categoria\/"},"img":{"alt_text":"","src":"https:\/\/i0.wp.com\/lasprimeras.com.do\/wp-content\/uploads\/2024\/03\/WhatsApp-Image-2024-03-22-at-7.14.23-AM-5.jpeg?resize=350%2C200&ssl=1","width":350,"height":200,"srcset":"https:\/\/i0.wp.com\/lasprimeras.com.do\/wp-content\/uploads\/2024\/03\/WhatsApp-Image-2024-03-22-at-7.14.23-AM-5.jpeg?resize=350%2C200&ssl=1 1x, https:\/\/i0.wp.com\/lasprimeras.com.do\/wp-content\/uploads\/2024\/03\/WhatsApp-Image-2024-03-22-at-7.14.23-AM-5.jpeg?resize=525%2C300&ssl=1 1.5x, https:\/\/i0.wp.com\/lasprimeras.com.do\/wp-content\/uploads\/2024\/03\/WhatsApp-Image-2024-03-22-at-7.14.23-AM-5.jpeg?resize=700%2C400&ssl=1 2x, https:\/\/i0.wp.com\/lasprimeras.com.do\/wp-content\/uploads\/2024\/03\/WhatsApp-Image-2024-03-22-at-7.14.23-AM-5.jpeg?resize=1050%2C600&ssl=1 3x"},"classes":[]},{"id":90655,"url":"https:\/\/lasprimeras.com.do\/index.php\/2024\/10\/26\/pld-juramenta-este-domingo-su-comite-central-y-escogera-su-presidente-y-secretario-general\/","url_meta":{"origin":68354,"position":5},"title":"PLD juramenta este domingo su Comit\u00e9 Central y escoger\u00e1 su presidente y Secretario General","author":"Nelson Feliz","date":"26 de octubre de 2024","format":false,"excerpt":"La Comisi\u00f3n Organizadora del X Congreso Ordinario Reinaldo Pared P\u00e9rez del Partido de la Liberaci\u00f3n Dominicana (PLD) inform\u00f3 que el escenario est\u00e1 preparado para la celebraci\u00f3n del acto de juramentaci\u00f3n del nuevo Comit\u00e9 Central de esa organizaci\u00f3n y la elecci\u00f3n del Presidente, Secretario General y los miembros de su nuevo\u2026","rel":"","context":"En \u00abPORTADA\u00bb","block_context":{"text":"PORTADA","link":"https:\/\/lasprimeras.com.do\/index.php\/category\/portada\/"},"img":{"alt_text":"","src":"https:\/\/i0.wp.com\/lasprimeras.com.do\/wp-content\/uploads\/2024\/10\/Montaje2.jpg?resize=350%2C200&ssl=1","width":350,"height":200,"srcset":"https:\/\/i0.wp.com\/lasprimeras.com.do\/wp-content\/uploads\/2024\/10\/Montaje2.jpg?resize=350%2C200&ssl=1 1x, https:\/\/i0.wp.com\/lasprimeras.com.do\/wp-content\/uploads\/2024\/10\/Montaje2.jpg?resize=525%2C300&ssl=1 1.5x, https:\/\/i0.wp.com\/lasprimeras.com.do\/wp-content\/uploads\/2024\/10\/Montaje2.jpg?resize=700%2C400&ssl=1 2x"},"classes":[]}],"jetpack_sharing_enabled":true,"_links":{"self":[{"href":"https:\/\/lasprimeras.com.do\/index.php\/wp-json\/wp\/v2\/posts\/68354","targetHints":{"allow":["GET"]}}],"collection":[{"href":"https:\/\/lasprimeras.com.do\/index.php\/wp-json\/wp\/v2\/posts"}],"about":[{"href":"https:\/\/lasprimeras.com.do\/index.php\/wp-json\/wp\/v2\/types\/post"}],"author":[{"embeddable":true,"href":"https:\/\/lasprimeras.com.do\/index.php\/wp-json\/wp\/v2\/users\/2"}],"replies":[{"embeddable":true,"href":"https:\/\/lasprimeras.com.do\/index.php\/wp-json\/wp\/v2\/comments?post=68354"}],"version-history":[{"count":1,"href":"https:\/\/lasprimeras.com.do\/index.php\/wp-json\/wp\/v2\/posts\/68354\/revisions"}],"predecessor-version":[{"id":68356,"href":"https:\/\/lasprimeras.com.do\/index.php\/wp-json\/wp\/v2\/posts\/68354\/revisions\/68356"}],"wp:featuredmedia":[{"embeddable":true,"href":"https:\/\/lasprimeras.com.do\/index.php\/wp-json\/wp\/v2\/media\/68355"}],"wp:attachment":[{"href":"https:\/\/lasprimeras.com.do\/index.php\/wp-json\/wp\/v2\/media?parent=68354"}],"wp:term":[{"taxonomy":"category","embeddable":true,"href":"https:\/\/lasprimeras.com.do\/index.php\/wp-json\/wp\/v2\/categories?post=68354"},{"taxonomy":"post_tag","embeddable":true,"href":"https:\/\/lasprimeras.com.do\/index.php\/wp-json\/wp\/v2\/tags?post=68354"}],"curies":[{"name":"wp","href":"https:\/\/api.w.org\/{rel}","templated":true}]}}