{"id":68412,"date":"2023-11-23T22:25:44","date_gmt":"2023-11-24T02:25:44","guid":{"rendered":"https:\/\/lasprimeras.com.do\/?p=68412"},"modified":"2023-11-23T22:25:45","modified_gmt":"2023-11-24T02:25:45","slug":"dominguez-brito-el-gobierno-va-por-un-camino-equivocado-endeudando-al-pais","status":"publish","type":"post","link":"https:\/\/lasprimeras.com.do\/index.php\/2023\/11\/23\/dominguez-brito-el-gobierno-va-por-un-camino-equivocado-endeudando-al-pais\/","title":{"rendered":"Dom\u00ednguez Brito: &#8220;El gobierno va por un camino equivocado endeudando al pa\u00eds&#8221;"},"content":{"rendered":"\n<p>El miembro del Comit\u00e9 Pol\u00edtico del Partido de la Liberaci\u00f3n Dominicana,<br>Francisco Dom\u00ednguez Brito, consider\u00f3 que el gobierno de Luis Abinader y el PRM debe revisarse, porque va por un camino equivocado endeudando al pa\u00eds con pr\u00e9stamos, para tratar de enmendar situaciones que debieron ser prevenidas, pero cuyo dinero el pueblo no ve ni siente en qu\u00e9 se invierte.<\/p>\n\n\n\n<p>Al referirse a los desastres causados por las lluvias reci\u00e9n ca\u00eddas, record\u00f3 que las medidas de adaptaci\u00f3n son mandatorias por el Convenio de Cambio Clim\u00e1tico, porque ya se sabe que se producir\u00e1n periodos intensos de lluvia como nunca antes en la historia de la Rep\u00fablica Dominicana, por lo que no se justifica lo sucedido en el pa\u00eds.<\/p>\n\n\n\n<p>Dom\u00ednguez Brito, manifest\u00f3 que el gran problema del gobierno es que sab\u00edan que ven\u00edan en esas aguas, adem\u00e1s de que ten\u00eda el precedente de noviembre del a\u00f1o pasado, y no tomaron absolutamente ninguna medida de precauci\u00f3n.<\/p>\n\n\n\n<p>\u201cY si ya manejamos esos datos, c\u00f3mo no advertir a la ciudadan\u00eda, Como en los sitios cr\u00edticos, no tomar decisiones, como en la Ca\u00f1ada de Guajim\u00eda; como no limpiar para que el pl\u00e1stico no tapara esa ca\u00f1ada y se produjeran esas muertes y los da\u00f1os materiales tambi\u00e9n\u201d, precis\u00f3 el dirigente pelede\u00edsta en declaraciones rese\u00f1adas por la Secretar\u00eda de Comunicaciones del PLD.<\/p>\n\n\n\n<p>Dom\u00ednguez Brito consider\u00f3 que ahora el gobierno utiliza la excusa de esta tragedia para buscar m\u00e1s dinero en pr\u00e9stamos, cuando tampoco se sabe qu\u00e9 se hace con todo el dinero que se ha cogido prestado.<\/p>\n\n\n\n<p>\u201cRep\u00fablica Dominicana en los \u00faltimos tres a\u00f1os ha tomado m\u00e1s dinero prestado que en casi toda la historia del pa\u00eds, dinero que la gente no ve ni siente, que no observa en qu\u00e9 se invierte y entonces queremos usar este dolor para m\u00e1s pr\u00e9stamo\u201d, puntualiz\u00f3.<\/p>\n\n\n\n<p>Francisco Dom\u00ednguez Brito, reiter\u00f3 que el gobierno debe revisarse debe revisarse, porque hay situaciones que no est\u00e1n bien, que no est\u00e1n caminando como deben ser y siempre en detrimento del bienestar de los dominicanos.<\/p>\n","protected":false},"excerpt":{"rendered":"<p>El miembro del Comit\u00e9 Pol\u00edtico del Partido de la Liberaci\u00f3n Dominicana,Francisco Dom\u00ednguez Brito, consider\u00f3 que el gobierno de Luis Abinader y el PRM debe revisarse, porque va por un camino&hellip;<\/p>\n","protected":false},"author":2,"featured_media":68413,"comment_status":"open","ping_status":"open","sticky":false,"template":"","format":"standard","meta":{"content-type":"","jetpack_post_was_ever_published":false,"_jetpack_newsletter_access":"","_jetpack_dont_email_post_to_subs":false,"_jetpack_newsletter_tier_id":0,"_jetpack_memberships_contains_paywalled_content":false,"_jetpack_memberships_contains_paid_content":false,"footnotes":""},"categories":[1],"tags":[9775,9776,7940,171,898],"class_list":["post-68412","post","type-post","status-publish","format-standard","has-post-thumbnail","hentry","category-sin-categoria","tag-aberrante","tag-endeudando","tag-francisco-dominguez-brito","tag-gobierno","tag-transparencia"],"jetpack_featured_media_url":"https:\/\/lasprimeras.com.do\/wp-content\/uploads\/2023\/11\/dominguez.jpg","jetpack-related-posts":[{"id":111329,"url":"https:\/\/lasprimeras.com.do\/index.php\/2025\/10\/07\/dominguez-brito-abinader-busca-desviar-la-atencion-de-los-escandalos-de-su-gobierno-y-el-colapso-de-los-servicios-publicos\/","url_meta":{"origin":68412,"position":0},"title":"Dom\u00ednguez Brito: \u201c Abinader busca desviar la atenci\u00f3n de los esc\u00e1ndalos de su gobierno y el colapso de los servicios p\u00fablicos\u201d.","author":"Nelson Feliz","date":"7 de octubre de 2025","format":false,"excerpt":"El dirigente pol\u00edtico Francisco Dom\u00ednguez Brito asegur\u00f3 que las recientes declaraciones del presidente Luis Abinader sobre el endeudamiento p\u00fablico no solo son falsas, sino que pretenden distraer al pa\u00eds de los verdaderos problemas que enfrenta la Rep\u00fablica Dominicana: el aumento de la corrupci\u00f3n en sus gobiernos, el colapso de los\u2026","rel":"","context":"En \u00abPOLITICA\u00bb","block_context":{"text":"POLITICA","link":"https:\/\/lasprimeras.com.do\/index.php\/category\/politica\/"},"img":{"alt_text":"","src":"","width":0,"height":0},"classes":[]},{"id":100880,"url":"https:\/\/lasprimeras.com.do\/index.php\/2025\/06\/13\/dominguez-brito-exhorta-al-gobierno-a-proteger-al-pueblo-de-irregularidades-ambientales-y-judiciales\/","url_meta":{"origin":68412,"position":1},"title":"Dom\u00ednguez Brito exhorta al gobierno a proteger al pueblo de irregularidades ambientales y judiciales","author":"Nelson Feliz","date":"13 de junio de 2025","format":false,"excerpt":"\u201cEste es el gobierno m\u00e1s inepto e ineficaz en la historia del manejo de los recursos nacionales\u201d, afirm\u00f3 Francisco Dom\u00ednguez Brito. El miembro del Comit\u00e9 Pol\u00edtico del Partido de la Liberaci\u00f3n Dominicana (PLD) y exprocurador General de la Rep\u00fablica, Francisco Dom\u00ednguez Brito, denunci\u00f3 serias irregularidades en el manejo de temas\u2026","rel":"","context":"En \u00abPOLITICA\u00bb","block_context":{"text":"POLITICA","link":"https:\/\/lasprimeras.com.do\/index.php\/category\/politica\/"},"img":{"alt_text":"Francisco Dom\u00ednguez Brito","src":"https:\/\/i0.wp.com\/lasprimeras.com.do\/wp-content\/uploads\/2025\/06\/Francisco-Dominguez-Brito.jpg?resize=350%2C200&ssl=1","width":350,"height":200,"srcset":"https:\/\/i0.wp.com\/lasprimeras.com.do\/wp-content\/uploads\/2025\/06\/Francisco-Dominguez-Brito.jpg?resize=350%2C200&ssl=1 1x, https:\/\/i0.wp.com\/lasprimeras.com.do\/wp-content\/uploads\/2025\/06\/Francisco-Dominguez-Brito.jpg?resize=525%2C300&ssl=1 1.5x, https:\/\/i0.wp.com\/lasprimeras.com.do\/wp-content\/uploads\/2025\/06\/Francisco-Dominguez-Brito.jpg?resize=700%2C400&ssl=1 2x"},"classes":[]},{"id":119685,"url":"https:\/\/lasprimeras.com.do\/index.php\/2026\/01\/15\/francisco-dominguez-brito-fusionar-los-ministerios-de-educacion-seria-un-grave-retroceso\/","url_meta":{"origin":68412,"position":2},"title":"Francisco Dom\u00ednguez Brito: Fusionar los ministerios de Educaci\u00f3n ser\u00eda un grave retroceso","author":"Nelson Feliz","date":"15 de enero de 2026","format":false,"excerpt":"El miembro del Comit\u00e9 Pol\u00edtico del Partido de la Liberaci\u00f3n Dominicana (PLD), Francisco Dom\u00ednguez Brito, advirti\u00f3 sobre las consecuencias que tendr\u00eda la eventual fusi\u00f3n del Ministerio de Educaci\u00f3n con el Ministerio de Educaci\u00f3n Superior, al considerar que no se trata de un simple ajuste administrativo, sino de una decisi\u00f3n con\u2026","rel":"","context":"En \u00abPOLITICA\u00bb","block_context":{"text":"POLITICA","link":"https:\/\/lasprimeras.com.do\/index.php\/category\/politica\/"},"img":{"alt_text":"","src":"https:\/\/i0.wp.com\/lasprimeras.com.do\/wp-content\/uploads\/2026\/01\/fusion.jpg?resize=350%2C200&ssl=1","width":350,"height":200,"srcset":"https:\/\/i0.wp.com\/lasprimeras.com.do\/wp-content\/uploads\/2026\/01\/fusion.jpg?resize=350%2C200&ssl=1 1x, https:\/\/i0.wp.com\/lasprimeras.com.do\/wp-content\/uploads\/2026\/01\/fusion.jpg?resize=525%2C300&ssl=1 1.5x, https:\/\/i0.wp.com\/lasprimeras.com.do\/wp-content\/uploads\/2026\/01\/fusion.jpg?resize=700%2C400&ssl=1 2x, https:\/\/i0.wp.com\/lasprimeras.com.do\/wp-content\/uploads\/2026\/01\/fusion.jpg?resize=1050%2C600&ssl=1 3x"},"classes":[]},{"id":120398,"url":"https:\/\/lasprimeras.com.do\/index.php\/2026\/01\/23\/dominguez-brito-la-corrupcion-es-el-pecado-social-que-mas-duele-al-pueblo-dominicano\/","url_meta":{"origin":68412,"position":3},"title":"Dom\u00ednguez Brito: La corrupci\u00f3n es el pecado social que m\u00e1s duele al pueblo dominicano","author":"Nelson Feliz","date":"23 de enero de 2026","format":false,"excerpt":"El precandidato presidencial por el Partido de la Liberaci\u00f3n Dominicana (PLD), Francisco Dom\u00ednguez Brito, valor\u00f3 la carta pastoral emitida por la Conferencia del Episcopado Dominicano y los pronunciamientos realizados con motivo del \"D\u00eda de Nuestra Se\u00f1ora de la Altagracia \" , destacando el llamado firme de la Iglesia a la\u2026","rel":"","context":"En \u00abPOLITICA\u00bb","block_context":{"text":"POLITICA","link":"https:\/\/lasprimeras.com.do\/index.php\/category\/politica\/"},"img":{"alt_text":"Francisco Dom\u00ednguez Brito","src":"https:\/\/i0.wp.com\/lasprimeras.com.do\/wp-content\/uploads\/2025\/06\/Francisco-Dominguez-Brito.jpg?resize=350%2C200&ssl=1","width":350,"height":200,"srcset":"https:\/\/i0.wp.com\/lasprimeras.com.do\/wp-content\/uploads\/2025\/06\/Francisco-Dominguez-Brito.jpg?resize=350%2C200&ssl=1 1x, https:\/\/i0.wp.com\/lasprimeras.com.do\/wp-content\/uploads\/2025\/06\/Francisco-Dominguez-Brito.jpg?resize=525%2C300&ssl=1 1.5x, https:\/\/i0.wp.com\/lasprimeras.com.do\/wp-content\/uploads\/2025\/06\/Francisco-Dominguez-Brito.jpg?resize=700%2C400&ssl=1 2x"},"classes":[]},{"id":106142,"url":"https:\/\/lasprimeras.com.do\/index.php\/2025\/08\/11\/dominguez-brito-es-imperdonable-la-improvisacion-del-gobierno-en-el-sistema-educativo-hay-que-planificar\/","url_meta":{"origin":68412,"position":4},"title":"Dom\u00ednguez Brito: \u201cEs imperdonable la improvisaci\u00f3n del gobierno en el sistema educativo. Hay que planificar\u201d","author":"Nelson Feliz","date":"11 de agosto de 2025","format":false,"excerpt":"El miembro del Comit\u00e9 Pol\u00edtico del Partido de la Liberaci\u00f3n Dominicana (PLD) Francisco Dom\u00ednguez Brito, calific\u00f3 como \u201cimperdonable\u201d la improvisaci\u00f3n del gobierno en el sistema educativo nacional, se\u00f1alando que la falta de planificaci\u00f3n est\u00e1 afectando directamente el inicio del a\u00f1o escolar, la calidad de la ense\u00f1anza y las condiciones en\u2026","rel":"","context":"En \u00abPOLITICA\u00bb","block_context":{"text":"POLITICA","link":"https:\/\/lasprimeras.com.do\/index.php\/category\/politica\/"},"img":{"alt_text":"","src":"https:\/\/i0.wp.com\/lasprimeras.com.do\/wp-content\/uploads\/2025\/08\/Francisco-Dominguez-Brito.jpg?resize=350%2C200&ssl=1","width":350,"height":200,"srcset":"https:\/\/i0.wp.com\/lasprimeras.com.do\/wp-content\/uploads\/2025\/08\/Francisco-Dominguez-Brito.jpg?resize=350%2C200&ssl=1 1x, https:\/\/i0.wp.com\/lasprimeras.com.do\/wp-content\/uploads\/2025\/08\/Francisco-Dominguez-Brito.jpg?resize=525%2C300&ssl=1 1.5x, https:\/\/i0.wp.com\/lasprimeras.com.do\/wp-content\/uploads\/2025\/08\/Francisco-Dominguez-Brito.jpg?resize=700%2C400&ssl=1 2x"},"classes":[]},{"id":105138,"url":"https:\/\/lasprimeras.com.do\/index.php\/2025\/07\/30\/francisco-dominguez-preocupado-por-el-deterioro-del-sistema-educativo\/","url_meta":{"origin":68412,"position":5},"title":"Francisco Dom\u00ednguez: Preocupado por el deterioro del sistema educativo","author":"Nelson Feliz","date":"30 de julio de 2025","format":false,"excerpt":"Francisco Dom\u00ednguez Brito precisa que no hay posibilidad de que la Rep\u00fablica Dominicana se desarrolle sin mejoras en el sistema formativo. El miembro del Comit\u00e9 Pol\u00edtico del Partido de la Liberaci\u00f3n Dominicana (PLD) Francisco Dom\u00ednguez Brito, lament\u00f3 qu,e previo al inicio del a\u00f1o escolar el debate est\u00e9 concentrado en la\u2026","rel":"","context":"En \u00abPOLITICA\u00bb","block_context":{"text":"POLITICA","link":"https:\/\/lasprimeras.com.do\/index.php\/category\/politica\/"},"img":{"alt_text":"","src":"https:\/\/i0.wp.com\/lasprimeras.com.do\/wp-content\/uploads\/2025\/07\/Francisco-Dominguez-Brito.jpg?resize=350%2C200&ssl=1","width":350,"height":200,"srcset":"https:\/\/i0.wp.com\/lasprimeras.com.do\/wp-content\/uploads\/2025\/07\/Francisco-Dominguez-Brito.jpg?resize=350%2C200&ssl=1 1x, https:\/\/i0.wp.com\/lasprimeras.com.do\/wp-content\/uploads\/2025\/07\/Francisco-Dominguez-Brito.jpg?resize=525%2C300&ssl=1 1.5x, https:\/\/i0.wp.com\/lasprimeras.com.do\/wp-content\/uploads\/2025\/07\/Francisco-Dominguez-Brito.jpg?resize=700%2C400&ssl=1 2x"},"classes":[]}],"jetpack_sharing_enabled":true,"_links":{"self":[{"href":"https:\/\/lasprimeras.com.do\/index.php\/wp-json\/wp\/v2\/posts\/68412","targetHints":{"allow":["GET"]}}],"collection":[{"href":"https:\/\/lasprimeras.com.do\/index.php\/wp-json\/wp\/v2\/posts"}],"about":[{"href":"https:\/\/lasprimeras.com.do\/index.php\/wp-json\/wp\/v2\/types\/post"}],"author":[{"embeddable":true,"href":"https:\/\/lasprimeras.com.do\/index.php\/wp-json\/wp\/v2\/users\/2"}],"replies":[{"embeddable":true,"href":"https:\/\/lasprimeras.com.do\/index.php\/wp-json\/wp\/v2\/comments?post=68412"}],"version-history":[{"count":1,"href":"https:\/\/lasprimeras.com.do\/index.php\/wp-json\/wp\/v2\/posts\/68412\/revisions"}],"predecessor-version":[{"id":68414,"href":"https:\/\/lasprimeras.com.do\/index.php\/wp-json\/wp\/v2\/posts\/68412\/revisions\/68414"}],"wp:featuredmedia":[{"embeddable":true,"href":"https:\/\/lasprimeras.com.do\/index.php\/wp-json\/wp\/v2\/media\/68413"}],"wp:attachment":[{"href":"https:\/\/lasprimeras.com.do\/index.php\/wp-json\/wp\/v2\/media?parent=68412"}],"wp:term":[{"taxonomy":"category","embeddable":true,"href":"https:\/\/lasprimeras.com.do\/index.php\/wp-json\/wp\/v2\/categories?post=68412"},{"taxonomy":"post_tag","embeddable":true,"href":"https:\/\/lasprimeras.com.do\/index.php\/wp-json\/wp\/v2\/tags?post=68412"}],"curies":[{"name":"wp","href":"https:\/\/api.w.org\/{rel}","templated":true}]}}