{"id":68465,"date":"2023-11-24T12:45:52","date_gmt":"2023-11-24T16:45:52","guid":{"rendered":"https:\/\/lasprimeras.com.do\/?p=68465"},"modified":"2023-11-24T12:46:11","modified_gmt":"2023-11-24T16:46:11","slug":"china-asegura-a-la-oms-que-brote-de-infecciones-respiratorias-es-por-patogenos-conocidos","status":"publish","type":"post","link":"https:\/\/lasprimeras.com.do\/index.php\/2023\/11\/24\/china-asegura-a-la-oms-que-brote-de-infecciones-respiratorias-es-por-patogenos-conocidos\/","title":{"rendered":"China asegura a la OMS que brote de infecciones respiratorias es por &#8220;pat\u00f3genos conocidos&#8221;"},"content":{"rendered":"\n<p><strong>La notificaci\u00f3n se produce despu\u00e9s de que la OMS pidiera esta semana a China informaci\u00f3n detallada sobre el reciente incremento en casos de enfermedades respiratorias.<\/strong><\/p>\n\n\n\n<p>Las autoridades chinas informaron este jueves a la Organizaci\u00f3n Mundial de la Salud (OMS) de que el brote de infecciones respiratorias que sufre estos d\u00edas el pa\u00eds asi\u00e1tico se debe a &#8220;pat\u00f3genos conocidos&#8221;.<\/p>\n\n\n\n<p>Representantes de la Comisi\u00f3n de Sanidad de China mantuvieron una reuni\u00f3n por videoconferencia con funcionarios de la OMS en la que los funcionarios chinos expusieron los datos de vigilancia y detecci\u00f3n de los agentes pat\u00f3genos causantes de las enfermedades respiratorias, as\u00ed como los protocolos de diagn\u00f3stico y tratamiento, inform\u00f3 hoy la principal autoridad sanitaria del pa\u00eds asi\u00e1tico en una rueda de prensa.<\/p>\n\n\n\n<p>La notificaci\u00f3n se produce despu\u00e9s de que la OMS pidiera esta semana a China informaci\u00f3n detallada sobre el reciente incremento en casos de enfermedades respiratorias y de brotes de neumon\u00eda infantil.<\/p>\n\n\n\n<p>El portavoz de la Comisi\u00f3n Hu Qiangqiang asegur\u00f3 que, seg\u00fan los informes de los sistemas de control y de los hospitales, los casos reportados en China &#8220;son provocados por pat\u00f3genos conocidos&#8221;.<\/p>\n\n\n\n<p>Tambi\u00e9n este viernes, las autoridades sanitarias de Pek\u00edn informaron de que &#8220;una combinaci\u00f3n de pat\u00f3genos&#8221; est\u00e1 detr\u00e1s del reciente brote de infecciones respiratorias, entre los que destac\u00f3 el adenovirus, el RSV y la gripe estacional como los m\u00e1s comunes.<\/p>\n\n\n\n<p>Los expertos del organismo subrayaron la importancia de la vacunaci\u00f3n de la ciudadan\u00eda, en especial la poblaci\u00f3n anciana y las personas con enfermedades subyacentes.<\/p>\n\n\n\n<p>Las autoridades chinas pidieron este jueves reforzar la atenci\u00f3n primaria y la coordinaci\u00f3n entre los hospitales para hacer frente al aumento de casos de infecciones respiratorias.<\/p>\n\n\n\n<p>Seg\u00fan un responsable de la Comisi\u00f3n Nacional de Salud citado por la agencia oficial Xinhua, el organismo ha emitido una serie de medidas para &#8220;mejorar la capacidad de diagn\u00f3stico y tratamiento de las infecciones respiratorias comunes en los centros de salud comunitarios y los hospitales&#8221;, as\u00ed como para &#8220;facilitar la identificaci\u00f3n y derivaci\u00f3n de los casos graves&#8221;.<\/p>\n\n\n\n<p>El organismo emiti\u00f3 estas recomendaciones despu\u00e9s de que las autoridades sanitarias chinas informaran de un aumento de la incidencia de enfermedades respiratorias en el pa\u00eds, algo que atribuyeron en parte al levantamiento de las medidas preventivas contra la covid-19 a comienzos de este a\u00f1o. AGENCIA EFE<\/p>\n","protected":false},"excerpt":{"rendered":"<p>La notificaci\u00f3n se produce despu\u00e9s de que la OMS pidiera esta semana a China informaci\u00f3n detallada sobre el reciente incremento en casos de enfermedades respiratorias. Las autoridades chinas informaron este&hellip;<\/p>\n","protected":false},"author":2,"featured_media":68466,"comment_status":"open","ping_status":"open","sticky":false,"template":"","format":"standard","meta":{"content-type":"","jetpack_post_was_ever_published":false,"_jetpack_newsletter_access":"","_jetpack_dont_email_post_to_subs":false,"_jetpack_newsletter_tier_id":0,"_jetpack_memberships_contains_paywalled_content":false,"_jetpack_memberships_contains_paid_content":false,"footnotes":""},"categories":[1],"tags":[1346,583,9792,4325,1522,9791,9790],"class_list":["post-68465","post","type-post","status-publish","format-standard","has-post-thumbnail","hentry","category-sin-categoria","tag-brote","tag-china","tag-conocidos","tag-infecciones","tag-oms","tag-patogenos","tag-respiratorias"],"jetpack_featured_media_url":"https:\/\/lasprimeras.com.do\/wp-content\/uploads\/2023\/11\/656098758b934.jpeg","jetpack-related-posts":[{"id":86985,"url":"https:\/\/lasprimeras.com.do\/index.php\/2024\/08\/05\/oms-actualiza-lista-de-virus-y-bacterias-que-podrian-causar-proxima-pandemia\/","url_meta":{"origin":68465,"position":0},"title":"OMS actualiza lista de virus y bacterias que podr\u00edan causar pr\u00f3xima pandemia","author":"Nelson Feliz","date":"5 de agosto de 2024","format":false,"excerpt":"El organismo sanitario present\u00f3 un informe en el que participaron cient\u00edficos de m\u00e1s de 50 pa\u00edses. All\u00ed, analizaron pat\u00f3genos con el objetivo de acelerar la vigilancia y \u201cadaptarse r\u00e1pidamente a las amenazas emergentes\u201d, seg\u00fan informaron. La Organizaci\u00f3n Mundial de la Salud (OMS) le solicit\u00f3 a investigadores y gobiernos expandir la\u2026","rel":"","context":"En \u00abSin categor\u00eda\u00bb","block_context":{"text":"Sin categor\u00eda","link":"https:\/\/lasprimeras.com.do\/index.php\/category\/sin-categoria\/"},"img":{"alt_text":"","src":"https:\/\/i0.wp.com\/lasprimeras.com.do\/wp-content\/uploads\/2024\/08\/OMS.png?resize=350%2C200&ssl=1","width":350,"height":200,"srcset":"https:\/\/i0.wp.com\/lasprimeras.com.do\/wp-content\/uploads\/2024\/08\/OMS.png?resize=350%2C200&ssl=1 1x, https:\/\/i0.wp.com\/lasprimeras.com.do\/wp-content\/uploads\/2024\/08\/OMS.png?resize=525%2C300&ssl=1 1.5x, https:\/\/i0.wp.com\/lasprimeras.com.do\/wp-content\/uploads\/2024\/08\/OMS.png?resize=700%2C400&ssl=1 2x"},"classes":[]},{"id":73301,"url":"https:\/\/lasprimeras.com.do\/index.php\/2024\/01\/08\/oms-pide-vuelta-de-las-mascarillas-y-volver-a-vacunarse-contra\/","url_meta":{"origin":68465,"position":1},"title":"OMS pide vuelta de las mascarillas y volver a vacunarse contra el Covid-19","author":"BIMARY DE JES\u00daS Matos","date":"8 de enero de 2024","format":false,"excerpt":"Santo Domingo.-El director general de la Organizaci\u00f3n Mundial de la Salud (OMS), Tedros Adhanom Ghebreyesus, inst\u00f3 al mundo a usar mascarillas. Asimismo, a vacunarse por la creciente incidencia de patolog\u00edas relacionadas con el covid-19. \u201cLas enfermedades respiratorias causadas por covid-19, la gripe y otros pat\u00f3genos aumentaron en muchos pa\u00edses durante\u2026","rel":"","context":"En \u00abSin categor\u00eda\u00bb","block_context":{"text":"Sin categor\u00eda","link":"https:\/\/lasprimeras.com.do\/index.php\/category\/sin-categoria\/"},"img":{"alt_text":"","src":"https:\/\/i0.wp.com\/lasprimeras.com.do\/wp-content\/uploads\/2024\/01\/Noticias-de-energia-2024-01-08T102410.429.jpg?resize=350%2C200&ssl=1","width":350,"height":200,"srcset":"https:\/\/i0.wp.com\/lasprimeras.com.do\/wp-content\/uploads\/2024\/01\/Noticias-de-energia-2024-01-08T102410.429.jpg?resize=350%2C200&ssl=1 1x, https:\/\/i0.wp.com\/lasprimeras.com.do\/wp-content\/uploads\/2024\/01\/Noticias-de-energia-2024-01-08T102410.429.jpg?resize=525%2C300&ssl=1 1.5x"},"classes":[]},{"id":73333,"url":"https:\/\/lasprimeras.com.do\/index.php\/2024\/01\/09\/las-vacunas-opcion-para-frenar-virus-respiratorios\/","url_meta":{"origin":68465,"position":2},"title":"Las vacunas, opci\u00f3n para frenar virus respiratorios","author":"BIMARY DE JES\u00daS Matos","date":"9 de enero de 2024","format":false,"excerpt":"Santo Domingo.-Una de las opciones que se plantean los especialistas para hacer frente al repunte de casos por virus respiratorios, es la vacunaci\u00f3n de la poblaci\u00f3n, pero desde la pandemia la confianza en la inmunizaci\u00f3n para diversas enfermedades se ha visto afectada por la campa\u00f1a de los llamados antivacunas. De\u2026","rel":"","context":"En \u00abNACIONALES\u00bb","block_context":{"text":"NACIONALES","link":"https:\/\/lasprimeras.com.do\/index.php\/category\/nacionales\/"},"img":{"alt_text":"","src":"https:\/\/i0.wp.com\/lasprimeras.com.do\/wp-content\/uploads\/2024\/01\/Wander-Franco-sale-de-prision-tras-pagar-garantia-economica-de-2-millones-de-pesos-3-2.webp?resize=350%2C200&ssl=1","width":350,"height":200,"srcset":"https:\/\/i0.wp.com\/lasprimeras.com.do\/wp-content\/uploads\/2024\/01\/Wander-Franco-sale-de-prision-tras-pagar-garantia-economica-de-2-millones-de-pesos-3-2.webp?resize=350%2C200&ssl=1 1x, https:\/\/i0.wp.com\/lasprimeras.com.do\/wp-content\/uploads\/2024\/01\/Wander-Franco-sale-de-prision-tras-pagar-garantia-economica-de-2-millones-de-pesos-3-2.webp?resize=525%2C300&ssl=1 1.5x"},"classes":[]},{"id":84204,"url":"https:\/\/lasprimeras.com.do\/index.php\/2024\/06\/03\/la-oms-advierte-de-una-enfermedad-x-aseguran-que-es-mas-letal-que-el-covid-19\/","url_meta":{"origin":68465,"position":3},"title":"La OMS advierte de una enfermedad X: aseguran que es m\u00e1s letal que el covid-19","author":"Nelson Feliz","date":"3 de junio de 2024","format":false,"excerpt":"Los expertos se preparan para un escenario de esta posible enfermedad que ser\u00eda tan catastr\u00f3fica que podr\u00eda causar 20 veces m\u00e1s muertes que el covid-19. Roc\u00edo Lasheras A lo largo de esta semana, el director general de la Organizaci\u00f3n Mundial de la Salud (OMS), Tedros Adhanom Ghebreyesus, participar\u00e1 en la\u2026","rel":"","context":"En \u00abSin categor\u00eda\u00bb","block_context":{"text":"Sin categor\u00eda","link":"https:\/\/lasprimeras.com.do\/index.php\/category\/sin-categoria\/"},"img":{"alt_text":"OMS","src":"https:\/\/i0.wp.com\/lasprimeras.com.do\/wp-content\/uploads\/2024\/06\/OMS.jpg?resize=350%2C200&ssl=1","width":350,"height":200,"srcset":"https:\/\/i0.wp.com\/lasprimeras.com.do\/wp-content\/uploads\/2024\/06\/OMS.jpg?resize=350%2C200&ssl=1 1x, https:\/\/i0.wp.com\/lasprimeras.com.do\/wp-content\/uploads\/2024\/06\/OMS.jpg?resize=525%2C300&ssl=1 1.5x, https:\/\/i0.wp.com\/lasprimeras.com.do\/wp-content\/uploads\/2024\/06\/OMS.jpg?resize=700%2C400&ssl=1 2x"},"classes":[]},{"id":72935,"url":"https:\/\/lasprimeras.com.do\/index.php\/2024\/01\/04\/el-covid-amenaza-la-salud-global-mientras-la-variante-jn-1-se-vuelve-dominante-en-eeuu-y-otros-paises\/","url_meta":{"origin":68465,"position":4},"title":"El COVID amenaza la salud global, mientras la variante JN.1 se vuelve dominante en EEUU y otros pa\u00edses","author":"Nelson Feliz","date":"4 de enero de 2024","format":false,"excerpt":"La OMS y los cient\u00edficos del mundo vigilan de cerca la evoluci\u00f3n del virus SARS-CoV-2 y sus nuevas variantes m\u00e1s contagiosas. Cu\u00e1l es la situaci\u00f3n en Argentina y qu\u00e9 ocurre con los grupos de personas no vacunadas o que no recibieron los refuerzos. Por Daniela Blanco La pandemia no termin\u00f3\u2026","rel":"","context":"En \u00abPORTADA\u00bb","block_context":{"text":"PORTADA","link":"https:\/\/lasprimeras.com.do\/index.php\/category\/portada\/"},"img":{"alt_text":"","src":"https:\/\/i0.wp.com\/lasprimeras.com.do\/wp-content\/uploads\/2024\/01\/COVID.jpg?resize=350%2C200&ssl=1","width":350,"height":200,"srcset":"https:\/\/i0.wp.com\/lasprimeras.com.do\/wp-content\/uploads\/2024\/01\/COVID.jpg?resize=350%2C200&ssl=1 1x, https:\/\/i0.wp.com\/lasprimeras.com.do\/wp-content\/uploads\/2024\/01\/COVID.jpg?resize=525%2C300&ssl=1 1.5x, https:\/\/i0.wp.com\/lasprimeras.com.do\/wp-content\/uploads\/2024\/01\/COVID.jpg?resize=700%2C400&ssl=1 2x"},"classes":[]},{"id":67865,"url":"https:\/\/lasprimeras.com.do\/index.php\/2023\/11\/20\/lluvias-elevan-riesgo-de-enfemedades-y-brotes\/","url_meta":{"origin":68465,"position":5},"title":"Lluvias elevan riesgo de enfemedades y brotes","author":"BIMARY DE JES\u00daS Matos","date":"20 de noviembre de 2023","format":false,"excerpt":"Santo Domingo.-Las lluvias e inundaciones que han afectado al pa\u00eds colocan a la poblaci\u00f3n en mayor riesgo de contraer enfermedades virales y bacterianas y de tener un recrudecimiento de brotes de patolog\u00edas que en la actualidad tienen alta incidencia en el pa\u00eds como las infecciones respiratorias, la leptospirosis, el c\u00f3lera\u2026","rel":"","context":"En \u00abPORTADA\u00bb","block_context":{"text":"PORTADA","link":"https:\/\/lasprimeras.com.do\/index.php\/category\/portada\/"},"img":{"alt_text":"","src":"","width":0,"height":0},"classes":[]}],"jetpack_sharing_enabled":true,"_links":{"self":[{"href":"https:\/\/lasprimeras.com.do\/index.php\/wp-json\/wp\/v2\/posts\/68465","targetHints":{"allow":["GET"]}}],"collection":[{"href":"https:\/\/lasprimeras.com.do\/index.php\/wp-json\/wp\/v2\/posts"}],"about":[{"href":"https:\/\/lasprimeras.com.do\/index.php\/wp-json\/wp\/v2\/types\/post"}],"author":[{"embeddable":true,"href":"https:\/\/lasprimeras.com.do\/index.php\/wp-json\/wp\/v2\/users\/2"}],"replies":[{"embeddable":true,"href":"https:\/\/lasprimeras.com.do\/index.php\/wp-json\/wp\/v2\/comments?post=68465"}],"version-history":[{"count":1,"href":"https:\/\/lasprimeras.com.do\/index.php\/wp-json\/wp\/v2\/posts\/68465\/revisions"}],"predecessor-version":[{"id":68467,"href":"https:\/\/lasprimeras.com.do\/index.php\/wp-json\/wp\/v2\/posts\/68465\/revisions\/68467"}],"wp:featuredmedia":[{"embeddable":true,"href":"https:\/\/lasprimeras.com.do\/index.php\/wp-json\/wp\/v2\/media\/68466"}],"wp:attachment":[{"href":"https:\/\/lasprimeras.com.do\/index.php\/wp-json\/wp\/v2\/media?parent=68465"}],"wp:term":[{"taxonomy":"category","embeddable":true,"href":"https:\/\/lasprimeras.com.do\/index.php\/wp-json\/wp\/v2\/categories?post=68465"},{"taxonomy":"post_tag","embeddable":true,"href":"https:\/\/lasprimeras.com.do\/index.php\/wp-json\/wp\/v2\/tags?post=68465"}],"curies":[{"name":"wp","href":"https:\/\/api.w.org\/{rel}","templated":true}]}}