{"id":68630,"date":"2023-11-26T11:09:34","date_gmt":"2023-11-26T15:09:34","guid":{"rendered":"https:\/\/lasprimeras.com.do\/?p=68630"},"modified":"2023-11-26T11:09:36","modified_gmt":"2023-11-26T15:09:36","slug":"amaprosado-solicita-representacion-del-comercio-en-organismos-gubernamentales","status":"publish","type":"post","link":"https:\/\/lasprimeras.com.do\/index.php\/2023\/11\/26\/amaprosado-solicita-representacion-del-comercio-en-organismos-gubernamentales\/","title":{"rendered":"Amaprosado solicita representaci\u00f3n del comercio en organismos gubernamentales"},"content":{"rendered":"\n<p><strong>Andr\u00e9s Cosma dice por grandes aportes a la econom\u00eda, Amaprosado requiere donde hacer propuestas.<\/strong><\/p>\n\n\n\n<p>El presidente de la Asociaci\u00f3n de Mayoristas de Provisiones de Santo Domingo (Amaprosado), Andr\u00e9s Cosma, manifest\u00f3 que, a pesar de los aportes del comercio de provisiones a la econom\u00eda nacional, ese sector no dispone de representaci\u00f3n en ning\u00fan organismo gubernamental.<\/p>\n\n\n\n<p>Sostuvo que el comercio en provisiones representa para algunas industrias nacionales el 70% de las ventas totales y que pese a esto no tiene representaci\u00f3n en los ministerios de Trabajo y Agricultura, as\u00ed como tampoco en el Consejo Nacional de Promoci\u00f3n y Apoyo a la Micro, Peque\u00f1a y Mediana Empresa (Promipyme) o el Consejo Econ\u00f3mico y Social, que permita al sector hacer sus aportes en su favor y el de los consumidores.<\/p>\n\n\n\n<p>\u201cObservamos poca incidencia en la pol\u00edtica econ\u00f3mica y social en los \u00faltimos 6 per\u00edodos gubernamentales con poca propuesta para el sector y ausencia en los planes de seguridad, desarrollo y salario\u201d, dijo.<\/p>\n\n\n\n<p>Manifest\u00f3 tambi\u00e9n el deseo de colaborar para poder aportar para el plan de la Estrategia Nacional de Desarrollo.<br>Al pronunciar un discurso con motivo del 62 aniversario de Amaprosado, Cosma se comprometi\u00f3 a colaborar con el Gobierno a trav\u00e9s del Ministerio de Industria y Comercio y su ministro V\u00edctor (Ito) Bison\u00f3 y los organismos correspondientes por la creaci\u00f3n de pol\u00edticas p\u00fablicas sectorizadas para que los comerciantes detallistas y mayoristas ayuden al crecimiento y desarrollo del pa\u00eds.<\/p>\n\n\n\n<p>Andr\u00e9s Cosma fue juramentado para un segundo periodo en frente de Amaprosado para 2023-2025 luego de culminar su primer periodo como presidente de la instituci\u00f3n en el 2021-2023.<\/p>\n\n\n\n<p>Ito Bison\u00f3 destaca unidad del sector<\/p>\n\n\n\n<p>Durante el acto realizado adem\u00e1s con motivo a la celebraci\u00f3n del aniversario de Amaprosado, fue ofrecida una cena conferencia a cargo del ministro de Industria, Comercio y Mipymes, V\u00edctor (Ito) Bison\u00f3, quien destac\u00f3 los aportes del sector del comercio en provisiones a la econom\u00eda.<\/p>\n\n\n\n<p>\u201cEl comercio de provisiones en la Rep\u00fablica Dominicana es un pilar fundamental de la econom\u00eda nacional, representando un sector crucial que abarca la producci\u00f3n, distribuci\u00f3n y comercializaci\u00f3n de alimentos, bebidas y productos b\u00e1sicos necesarios para el sustento diario de la poblaci\u00f3n&#8221;.<\/p>\n\n\n\n<p>En tanto, dijo que la competencia internacional y la presi\u00f3n econ\u00f3mica son factores que exigen innovaci\u00f3n y agilidad en las estrategias comerciales.<\/p>\n\n\n\n<p>\u201cPero en medio de estos desaf\u00edos, se presentan numerosas oportunidades para el crecimiento y la expansi\u00f3n del comercio de provisiones en nuestro pa\u00eds. La implementaci\u00f3n de pr\u00e1cticas innovadoras, el fomento de alianzas estrat\u00e9gicas y la inversi\u00f3n en tecnolog\u00edas avanzadas nos permitir\u00e1n abrir nuevas puertas hacia el desarrollo y la competitividad\u201d, indic\u00f3.<\/p>\n\n\n\n<p>Consider\u00f3 que en este 2023 se ha visto la consolidaci\u00f3n de la uni\u00f3n del sector y establecimiento de lazos estrechos fortaleciendo la capacidad del sector para enfrentar desaf\u00edos comunes, as\u00ed como para promover pr\u00e1cticas empresariales \u00e9ticas.<\/p>\n\n\n\n<p>Importancia del comercio en provisiones<\/p>\n\n\n\n<p>Durante su ponencia, Cosma record\u00f3 que la Encuesta Nacional Continua de Fuerza de Trabajo realizada por el Banco Central arroj\u00f3 que el 58.4 % se concentr\u00f3 en 4 sectores fundamentales siendo el comercio el primero con el 21.20% y el 19% correspondi\u00f3 a otros servicios, lo que significa que el comercio fue de mayor importancia, aportando m\u00e1s de 500 mil empleos directos y unos 300 mil indirectos en todo el pa\u00eds.<\/p>\n\n\n\n<p>\u201cCabe destacar que el comercio de provisiones lleva cerca del 80 % de los alimentos y las bebidas que consume la econom\u00eda nacional\u201d, agreg\u00f3.<\/p>\n\n\n\n<p>Cosma manifest\u00f3 que los colmados y almacenes, seguidos de mini markets y surtidoras son en combinaci\u00f3n el canal tradicional, por consiguiente, el principal soporte para la construcci\u00f3n de las marcas dominicanas de consumo masivo.<\/p>\n\n\n\n<p>\u201cDespu\u00e9s de M\u00e9xico y Colombia somos el canal con mayor incidencia, formalidad, y estructura de Am\u00e9rica latina. Podemos decir que el canal tradicional es el aliado m\u00e1s s\u00f3lido del financiamiento del barrio\u201d, indic\u00f3.<\/p>\n\n\n\n<p>Ofrenda floral y otras actividades<\/p>\n\n\n\n<p>Amaprosado celebr\u00f3 esta semana su 62 aniversario con diferentes actividades que incluyeron la entrega de una ofrenda floral en el Altar de la Patria y una donaci\u00f3n a un hogar de ancianos del sector Cristo Rey, en el Distrito Nacional.<\/p>\n\n\n\n<p>Reconocimientos<\/p>\n\n\n\n<p>En la actividad de juramentaci\u00f3n de la nueva directiva de Amaprosado fueron entregados tres reconocimientos por los aportes realizados a la econom\u00eda.<\/p>\n\n\n\n<p>Uno de los reconocimientos fue entregado a Jos\u00e9 Luis (Pep\u00edn) Corripio, el cual fue recibido por Radham\u00e9s Garc\u00eda, qui\u00e9n acudi\u00f3 en su representaci\u00f3n.<\/p>\n\n\n\n<p>Tambi\u00e9n fueron reconocidos V\u00edctor (Ito) Bison\u00f3 y Olga Payero, vicepresidenta de Amaprosado.<\/p>\n\n\n\n<p>En la actividad estuvieron presentes Iv\u00e1n Hern\u00e1ndez, director del Inespre; Eddy Alc\u00e1ntara, director de Pro Consumidor; Digna Reynoso, directora de Pasaportes; Julio P\u00e9rez, vicepresidente del Consejo Nacional del Comercio en Provisiones (CNCP); Mario Abreu, presidente de Amaprosan; Leonardo Fa\u00f1a, director de Siembra RD; Ronald Rodr\u00edguez, entre otros.<\/p>\n\n\n\n<p>Gesti\u00f3n<\/p>\n\n\n\n<p>Andr\u00e9s Cosma destac\u00f3 adem\u00e1s los logros obtenidos durante su gesti\u00f3n frente a Amaprosado, entre los que destac\u00f3 la uni\u00f3n del comercio, la modernizaci\u00f3n y fortalecimiento de la instituci\u00f3n y la alianza p\u00fablico privada.<\/p>\n\n\n\n<p>Sobre la uni\u00f3n del comercio, Cosma indic\u00f3 que nunca antes las asociaciones y federaciones de comerciantes mayoristas y detallistas hab\u00edan estado tan unidos y enfocados en objetivos comunes como son la defensa del sector y el apoyo a los consumidores.<\/p>\n\n\n\n<p>En cuanto a la modernizaci\u00f3n de la instituci\u00f3n, Cosma destac\u00f3 que se ha trabajado para acondicionar y remozar \u00e1reas de oficinas, salones e instalaci\u00f3n de paneles solares, obra que est\u00e1 en desarrollo.<\/p>\n\n\n\n<p>Destac\u00f3, adem\u00e1s, las alianzas con el Ministerio de Industria y Comercio para utilizar en formaci\u00f3n y preparaci\u00f3n los salones de Amaposado. Tambi\u00e9n las alianzas con el Infotep, Promipyme, Adess, Pro Consumidor, Inespre, Asociaci\u00f3n de Industriales de la Regi\u00f3n Norte (AIREN) y el CEDEF.<\/p>\n","protected":false},"excerpt":{"rendered":"<p>Andr\u00e9s Cosma dice por grandes aportes a la econom\u00eda, Amaprosado requiere donde hacer propuestas. El presidente de la Asociaci\u00f3n de Mayoristas de Provisiones de Santo Domingo (Amaprosado), Andr\u00e9s Cosma, manifest\u00f3&hellip;<\/p>\n","protected":false},"author":2,"featured_media":68631,"comment_status":"open","ping_status":"open","sticky":false,"template":"","format":"standard","meta":{"content-type":"","jetpack_post_was_ever_published":false,"_jetpack_newsletter_access":"","_jetpack_dont_email_post_to_subs":false,"_jetpack_newsletter_tier_id":0,"_jetpack_memberships_contains_paywalled_content":false,"_jetpack_memberships_contains_paid_content":false,"footnotes":""},"categories":[39,25],"tags":[3531,9809,1244,1143,9808,1147,469],"class_list":["post-68630","post","type-post","status-publish","format-standard","has-post-thumbnail","hentry","category-economia","category-portada","tag-amaprosado","tag-andres-cosma","tag-aportes","tag-comercio","tag-gubernamentales","tag-provisiones","tag-sector"],"jetpack_featured_media_url":"https:\/\/lasprimeras.com.do\/wp-content\/uploads\/2023\/11\/Cosma-1.jpg","jetpack-related-posts":[{"id":91255,"url":"https:\/\/lasprimeras.com.do\/index.php\/2024\/11\/15\/favorece-que-amaprosado-tenga-una-representacion-en-el-ces\/","url_meta":{"origin":68630,"position":0},"title":"Favorece que AMAPROSADO tenga una representaci\u00f3n en el CES","author":"Nelson Feliz","date":"15 de noviembre de 2024","format":false,"excerpt":"El presidente de la Asociaci\u00f3n de Mayoristas en Provisiones de Santo Domingo (Amaprosado) Andr\u00e9s Cosma, consider\u00f3 fundamental que el comercio mayorista tenga una representaci\u00f3n formal en el Consejo Econ\u00f3mico y Social (CES) para poder contribuir activamente en las decisiones que impactan la econom\u00eda nacional, y, en particular, la seguridad alimentaria\u2026","rel":"","context":"En \u00abECONOM\u00cdA\u00bb","block_context":{"text":"ECONOM\u00cdA","link":"https:\/\/lasprimeras.com.do\/index.php\/category\/economia\/"},"img":{"alt_text":"","src":"https:\/\/i0.wp.com\/lasprimeras.com.do\/wp-content\/uploads\/2024\/11\/amaprosado-3.jpg?resize=350%2C200&ssl=1","width":350,"height":200,"srcset":"https:\/\/i0.wp.com\/lasprimeras.com.do\/wp-content\/uploads\/2024\/11\/amaprosado-3.jpg?resize=350%2C200&ssl=1 1x, https:\/\/i0.wp.com\/lasprimeras.com.do\/wp-content\/uploads\/2024\/11\/amaprosado-3.jpg?resize=525%2C300&ssl=1 1.5x, https:\/\/i0.wp.com\/lasprimeras.com.do\/wp-content\/uploads\/2024\/11\/amaprosado-3.jpg?resize=700%2C400&ssl=1 2x"},"classes":[]},{"id":59058,"url":"https:\/\/lasprimeras.com.do\/index.php\/2023\/08\/30\/amaprosado-inicia-su-tradicional-encuentro-con-los-candidatos-con-la-asistencia-de-leonel-fernandez\/","url_meta":{"origin":68630,"position":1},"title":"Amaprosado pospone &#8220;Encuentro con los candidatos&#8221; con la asistencia de Leonel Fern\u00e1ndez","author":"Nelson Feliz","date":"30 de agosto de 2023","format":false,"excerpt":"Andr\u00e9s Cosma invita a los comerciantes a acudir a la actividad. La Asociaci\u00f3n de Mayoristas de Provisiones de Santo Domingo (Amaprosado) realizar\u00e1 a partir de este jueves su tradicional encuentro con los candidatos presidenciales, en los cuales los aspirantes podr\u00e1n presentar sus planes de gobierno con relaci\u00f3n a ese sector.\u2026","rel":"","context":"En \u00abECONOM\u00cdA\u00bb","block_context":{"text":"ECONOM\u00cdA","link":"https:\/\/lasprimeras.com.do\/index.php\/category\/economia\/"},"img":{"alt_text":"","src":"https:\/\/i0.wp.com\/lasprimeras.com.do\/wp-content\/uploads\/2023\/08\/WhatsApp-Image-2023-08-30-at-10.40.05-PM.jpeg?resize=350%2C200&ssl=1","width":350,"height":200,"srcset":"https:\/\/i0.wp.com\/lasprimeras.com.do\/wp-content\/uploads\/2023\/08\/WhatsApp-Image-2023-08-30-at-10.40.05-PM.jpeg?resize=350%2C200&ssl=1 1x, https:\/\/i0.wp.com\/lasprimeras.com.do\/wp-content\/uploads\/2023\/08\/WhatsApp-Image-2023-08-30-at-10.40.05-PM.jpeg?resize=525%2C300&ssl=1 1.5x, https:\/\/i0.wp.com\/lasprimeras.com.do\/wp-content\/uploads\/2023\/08\/WhatsApp-Image-2023-08-30-at-10.40.05-PM.jpeg?resize=700%2C400&ssl=1 2x, https:\/\/i0.wp.com\/lasprimeras.com.do\/wp-content\/uploads\/2023\/08\/WhatsApp-Image-2023-08-30-at-10.40.05-PM.jpeg?resize=1050%2C600&ssl=1 3x"},"classes":[]},{"id":104125,"url":"https:\/\/lasprimeras.com.do\/index.php\/2025\/07\/21\/amaprosado-llama-a-convocar-nuevo-dialogo-tripartita-sobre-el-proyecto-de-codigo-laboral\/","url_meta":{"origin":68630,"position":2},"title":"Amaprosado llama a convocar nuevo di\u00e1logo tripartita sobre el proyecto de C\u00f3digo Laboral","author":"Nelson Feliz","date":"21 de julio de 2025","format":false,"excerpt":"Olga Payero asume nueva directiva de esa entidad. La Asociaci\u00f3n de Mayoristas en provisiones de Santo Domingo (Amaprosado) hizo un llamado este domingo a que los diferentes sectores vuelvan a sentarse en la mesa del di\u00e1logo para tratar la reforma al C\u00f3digo Laboral, bajo el argumento de que de aprobarse\u2026","rel":"","context":"En \u00abECONOM\u00cdA\u00bb","block_context":{"text":"ECONOM\u00cdA","link":"https:\/\/lasprimeras.com.do\/index.php\/category\/economia\/"},"img":{"alt_text":"","src":"https:\/\/i0.wp.com\/lasprimeras.com.do\/wp-content\/uploads\/2025\/07\/amaprosado.jpg?resize=350%2C200&ssl=1","width":350,"height":200,"srcset":"https:\/\/i0.wp.com\/lasprimeras.com.do\/wp-content\/uploads\/2025\/07\/amaprosado.jpg?resize=350%2C200&ssl=1 1x, https:\/\/i0.wp.com\/lasprimeras.com.do\/wp-content\/uploads\/2025\/07\/amaprosado.jpg?resize=525%2C300&ssl=1 1.5x, https:\/\/i0.wp.com\/lasprimeras.com.do\/wp-content\/uploads\/2025\/07\/amaprosado.jpg?resize=700%2C400&ssl=1 2x"},"classes":[]},{"id":86056,"url":"https:\/\/lasprimeras.com.do\/index.php\/2024\/07\/16\/amaprosado-confirma-arroz-ha-aumentado-permanentemente-este-ano\/","url_meta":{"origin":68630,"position":3},"title":"AMAPROSADO confirma arroz ha aumentado permanentemente este a\u00f1o","author":"Nelson Feliz","date":"16 de julio de 2024","format":false,"excerpt":"La Asociaci\u00f3n de Mayoristas de Provisiones de Santo Domingo (Amaprosado), Andr\u00e9s Cosma, sostuvo hoy que el precio del arroz ha aumentado permanentemente en los \u00faltimos meses, afectando a la poblaci\u00f3n dominicana. Cosma, manifest\u00f3 que el saco de 125 libras de arroz, se est\u00e1 comercializando a RD $4,100.00 pesos, lo que\u2026","rel":"","context":"En \u00abSin categor\u00eda\u00bb","block_context":{"text":"Sin categor\u00eda","link":"https:\/\/lasprimeras.com.do\/index.php\/category\/sin-categoria\/"},"img":{"alt_text":"Andr\u00e9s Cosma","src":"https:\/\/i0.wp.com\/lasprimeras.com.do\/wp-content\/uploads\/2024\/06\/Andres-Cosma.jpg?resize=350%2C200&ssl=1","width":350,"height":200,"srcset":"https:\/\/i0.wp.com\/lasprimeras.com.do\/wp-content\/uploads\/2024\/06\/Andres-Cosma.jpg?resize=350%2C200&ssl=1 1x, https:\/\/i0.wp.com\/lasprimeras.com.do\/wp-content\/uploads\/2024\/06\/Andres-Cosma.jpg?resize=525%2C300&ssl=1 1.5x, https:\/\/i0.wp.com\/lasprimeras.com.do\/wp-content\/uploads\/2024\/06\/Andres-Cosma.jpg?resize=700%2C400&ssl=1 2x"},"classes":[]},{"id":91252,"url":"https:\/\/lasprimeras.com.do\/index.php\/2024\/11\/15\/amaprosado-propone-al-gobierno-implementar-un-sistema-de-monotributo\/","url_meta":{"origin":68630,"position":4},"title":"Amaprosado propone al gobierno implementar un sistema de monotributo","author":"Nelson Feliz","date":"15 de noviembre de 2024","format":false,"excerpt":"La Asociaci\u00f3n de Mayoristas en Provisiones de Santo Domingo (Amaprosado) llam\u00f3 al gobierno a aplicar una serie de recomendaciones para fortalecer el sector comercial y la cadena de provisiones del pa\u00eds, como son la creaci\u00f3n de un sistema de monotributo para las micro, peque\u00f1as empresas y emprendedores, tambi\u00e9n un seguro\u2026","rel":"","context":"En \u00abECONOM\u00cdA\u00bb","block_context":{"text":"ECONOM\u00cdA","link":"https:\/\/lasprimeras.com.do\/index.php\/category\/economia\/"},"img":{"alt_text":"","src":"https:\/\/i0.wp.com\/lasprimeras.com.do\/wp-content\/uploads\/2024\/11\/amaprosado-1.jpg?resize=350%2C200&ssl=1","width":350,"height":200,"srcset":"https:\/\/i0.wp.com\/lasprimeras.com.do\/wp-content\/uploads\/2024\/11\/amaprosado-1.jpg?resize=350%2C200&ssl=1 1x, https:\/\/i0.wp.com\/lasprimeras.com.do\/wp-content\/uploads\/2024\/11\/amaprosado-1.jpg?resize=525%2C300&ssl=1 1.5x, https:\/\/i0.wp.com\/lasprimeras.com.do\/wp-content\/uploads\/2024\/11\/amaprosado-1.jpg?resize=700%2C400&ssl=1 2x"},"classes":[]},{"id":86092,"url":"https:\/\/lasprimeras.com.do\/index.php\/2024\/07\/18\/amaprosado-confirma-tiene-suficiente-arroz-para-abastecer-la-poblacion\/","url_meta":{"origin":68630,"position":5},"title":"AMAPROSADO confirma tiene suficiente arroz para abastecer la poblaci\u00f3n","author":"Nelson Feliz","date":"18 de julio de 2024","format":false,"excerpt":"La Asociaci\u00f3n de Mayoristas de Provisiones de Santo Domingo (Amaprosado), Andr\u00e9s Cosma, sostuvo hoy que el comercio mayorista cuenta con suficiente arroz en sus almacenes para abastecer a la poblaci\u00f3n dominicana, a un precio menor al que se est\u00e1 comercializando actualmente. Cosma, agradeci\u00f3 al Ministro de Industria y Comercio V\u00edctor\u2026","rel":"","context":"En \u00abECONOM\u00cdA\u00bb","block_context":{"text":"ECONOM\u00cdA","link":"https:\/\/lasprimeras.com.do\/index.php\/category\/economia\/"},"img":{"alt_text":"","src":"https:\/\/i0.wp.com\/lasprimeras.com.do\/wp-content\/uploads\/2024\/07\/Andres-Cosma.jpeg?resize=350%2C200&ssl=1","width":350,"height":200,"srcset":"https:\/\/i0.wp.com\/lasprimeras.com.do\/wp-content\/uploads\/2024\/07\/Andres-Cosma.jpeg?resize=350%2C200&ssl=1 1x, https:\/\/i0.wp.com\/lasprimeras.com.do\/wp-content\/uploads\/2024\/07\/Andres-Cosma.jpeg?resize=525%2C300&ssl=1 1.5x, https:\/\/i0.wp.com\/lasprimeras.com.do\/wp-content\/uploads\/2024\/07\/Andres-Cosma.jpeg?resize=700%2C400&ssl=1 2x"},"classes":[]}],"jetpack_sharing_enabled":true,"_links":{"self":[{"href":"https:\/\/lasprimeras.com.do\/index.php\/wp-json\/wp\/v2\/posts\/68630","targetHints":{"allow":["GET"]}}],"collection":[{"href":"https:\/\/lasprimeras.com.do\/index.php\/wp-json\/wp\/v2\/posts"}],"about":[{"href":"https:\/\/lasprimeras.com.do\/index.php\/wp-json\/wp\/v2\/types\/post"}],"author":[{"embeddable":true,"href":"https:\/\/lasprimeras.com.do\/index.php\/wp-json\/wp\/v2\/users\/2"}],"replies":[{"embeddable":true,"href":"https:\/\/lasprimeras.com.do\/index.php\/wp-json\/wp\/v2\/comments?post=68630"}],"version-history":[{"count":1,"href":"https:\/\/lasprimeras.com.do\/index.php\/wp-json\/wp\/v2\/posts\/68630\/revisions"}],"predecessor-version":[{"id":68632,"href":"https:\/\/lasprimeras.com.do\/index.php\/wp-json\/wp\/v2\/posts\/68630\/revisions\/68632"}],"wp:featuredmedia":[{"embeddable":true,"href":"https:\/\/lasprimeras.com.do\/index.php\/wp-json\/wp\/v2\/media\/68631"}],"wp:attachment":[{"href":"https:\/\/lasprimeras.com.do\/index.php\/wp-json\/wp\/v2\/media?parent=68630"}],"wp:term":[{"taxonomy":"category","embeddable":true,"href":"https:\/\/lasprimeras.com.do\/index.php\/wp-json\/wp\/v2\/categories?post=68630"},{"taxonomy":"post_tag","embeddable":true,"href":"https:\/\/lasprimeras.com.do\/index.php\/wp-json\/wp\/v2\/tags?post=68630"}],"curies":[{"name":"wp","href":"https:\/\/api.w.org\/{rel}","templated":true}]}}