{"id":68633,"date":"2023-11-26T11:49:10","date_gmt":"2023-11-26T15:49:10","guid":{"rendered":"https:\/\/lasprimeras.com.do\/?p=68633"},"modified":"2023-11-26T11:49:12","modified_gmt":"2023-11-26T15:49:12","slug":"caasd-trabaja-en-correccion-de-averia-del-acueducto-barrera-de-salinidad-en-sde","status":"publish","type":"post","link":"https:\/\/lasprimeras.com.do\/index.php\/2023\/11\/26\/caasd-trabaja-en-correccion-de-averia-del-acueducto-barrera-de-salinidad-en-sde\/","title":{"rendered":"CAASD trabaja en correcci\u00f3n de aver\u00eda del Acueducto Barrera de Salinidad en SDE"},"content":{"rendered":"\n<p><strong>El director de la instituci\u00f3n Fellito Suberv\u00ed destac\u00f3 que el sistema de abastecimiento se encuentra en la etapa de ampliaci\u00f3n.<\/strong><\/p>\n\n\n\n<p>La Corporaci\u00f3n del Acueducto y Alcantarillado de Santo Domingo (CAASD) trabaja en la soluci\u00f3n de una aver\u00eda provocada el viernes en horas de la noche por una m\u00e1quina perforadora de una empresa privada a una l\u00ednea de impulsi\u00f3n de 67 pulgadas del Acueducto Oriental Barrera de Salinidad, localizada en las avenidas H\u00edpica esquina La Gr\u00faa, del municipio Santo Domingo Este.<\/p>\n\n\n\n<p>As\u00ed lo inform\u00f3 el director general de la CAASD, Felipe Suberv\u00ed, quien asegur\u00f3 que se trata de una aver\u00eda significativa en una tuber\u00eda del acueducto Oriental, por donde circulan millones de galones de agua diariamente.<\/p>\n\n\n\n<p>\u201cSolo el drenar el agua tan pronto fue cerrada la v\u00eda de abastecimiento tom\u00f3 un tiempo prudente\u201d explic\u00f3 el funcionario.<\/p>\n\n\n\n<p>Dijo que los equipos de la instituci\u00f3n laboran de manera ininterrumpida para corregir a la mayor brevedad la situaci\u00f3n que afecta una de las l\u00edneas de distribuci\u00f3n de ese importante sistema, cuya primera etapa de la ampliaci\u00f3n estaba prevista a entregarse el pr\u00f3ximo mi\u00e9rcoles con la presencia del presidente de la Rep\u00fablica, Luis Abinader.<\/p>\n\n\n\n<p>El titular de la CAASD lament\u00f3 el hecho considerando que esa poblaci\u00f3n hab\u00eda pasado por primera vez, despu\u00e9s de d\u00e9cadas y a ra\u00edz de los trabajos de rehabilitaci\u00f3n realizados por esta gesti\u00f3n al acueducto de sentir una mejor\u00eda sustancial en el suministro del preciado l\u00edquido.<\/p>\n\n\n\n<p>\u201cEsta gesti\u00f3n ha llevado a ese acueducto de producir 2 metros c\u00fabicos (2m3) a 4 m3, de agua para abastecer al municipio, pero esperamos que este contratiempo se solucione a la mayor brevedad y podamos seguir con los planes que tenemos para la entrega de su ampliaci\u00f3n en los pr\u00f3ximos d\u00edas\u201d, se\u00f1al\u00f3 Fellito.<\/p>\n\n\n\n<p>En ese sentido, el ingeniero detall\u00f3 que parcialmente afectados se encuentran Respaldo Villa Carmen, residencial Italia, Alma Rosa II, Ralma, Res. Esperanza, Vecinos Unidos, Savica Loter\u00eda, Res. Nuevo Sol Naciente, Res. Amanda, Res. Los \u00c1ngeles, Mendoza, Invivienda, Villa Faro, La Gr\u00faa, Villa Esfuerzo, Paseo del Este, La Moneda I, barrio El Bonito, Fuerza A\u00e9rea, Nueva Jerusal\u00e9n, Valle del Este, entre otros.<\/p>\n\n\n\n<p>Para asistir a los residentes en los sectores afectados, la instituci\u00f3n inici\u00f3 un operativo de reparto de agua con los camiones-cisterna de la instituci\u00f3n.<\/p>\n\n\n\n<p>Se espera que el martes sea entregada la pieza especial que se mand\u00f3 a elaborar con las medidas correspondientes para dar soluci\u00f3n definitiva a est\u00e1 aver\u00eda. Luego de instalada se realiza la prueba hidrost\u00e1tica y de no presentar ninguna situaci\u00f3n se proceda a restablecer el servicio de agua potable en los sectores afectados.<\/p>\n","protected":false},"excerpt":{"rendered":"<p>El director de la instituci\u00f3n Fellito Suberv\u00ed destac\u00f3 que el sistema de abastecimiento se encuentra en la etapa de ampliaci\u00f3n. La Corporaci\u00f3n del Acueducto y Alcantarillado de Santo Domingo (CAASD)&hellip;<\/p>\n","protected":false},"author":2,"featured_media":68634,"comment_status":"open","ping_status":"open","sticky":false,"template":"","format":"standard","meta":{"content-type":"","jetpack_post_was_ever_published":false,"_jetpack_newsletter_access":"","_jetpack_dont_email_post_to_subs":false,"_jetpack_newsletter_tier_id":0,"_jetpack_memberships_contains_paywalled_content":false,"_jetpack_memberships_contains_paid_content":false,"footnotes":""},"categories":[35,25],"tags":[9811,6092,682,9812,697,3183,9810],"class_list":["post-68633","post","type-post","status-publish","format-standard","has-post-thumbnail","hentry","category-nacionales","category-portada","tag-acelerada","tag-acueducto","tag-averia","tag-barrera-de-salinidad","tag-caasd","tag-correccion","tag-oriental"],"jetpack_featured_media_url":"https:\/\/lasprimeras.com.do\/wp-content\/uploads\/2023\/11\/CAASD-4.jpg","jetpack-related-posts":[{"id":123655,"url":"https:\/\/lasprimeras.com.do\/index.php\/2026\/03\/03\/caasd-optimiza-redes-de-distribucion-en-sectores-de-santo-domingo-este\/","url_meta":{"origin":68633,"position":0},"title":"CAASD optimiza redes de distribuci\u00f3n en sectores de Santo Domingo Este","author":"Nelson Feliz","date":"3 de marzo de 2026","format":false,"excerpt":"Fellito Suberv\u00ed anuncia ampliaci\u00f3n del n\u00famero de brigadas para resolver aver\u00edas en SDE como parte de las acciones desarrolladas por la ampliaci\u00f3n del Acueducto Oriental Barrera de Salinidad. Brigadas de la Corporaci\u00f3n del Acueducto y Alcantarillado de Santo Domingo (CAASD) intervinieron diversos sectores del municipio Santo Domingo Este, con labores\u2026","rel":"","context":"En \u00abNACIONALES\u00bb","block_context":{"text":"NACIONALES","link":"https:\/\/lasprimeras.com.do\/index.php\/category\/nacionales\/"},"img":{"alt_text":"","src":"https:\/\/i0.wp.com\/lasprimeras.com.do\/wp-content\/uploads\/2026\/03\/CAASD-1.jpg?resize=350%2C200&ssl=1","width":350,"height":200,"srcset":"https:\/\/i0.wp.com\/lasprimeras.com.do\/wp-content\/uploads\/2026\/03\/CAASD-1.jpg?resize=350%2C200&ssl=1 1x, https:\/\/i0.wp.com\/lasprimeras.com.do\/wp-content\/uploads\/2026\/03\/CAASD-1.jpg?resize=525%2C300&ssl=1 1.5x, https:\/\/i0.wp.com\/lasprimeras.com.do\/wp-content\/uploads\/2026\/03\/CAASD-1.jpg?resize=700%2C400&ssl=1 2x"},"classes":[]},{"id":68880,"url":"https:\/\/lasprimeras.com.do\/index.php\/2023\/11\/28\/caasd-soluciona-averia-en-linea-del-acueducto-oriental-barrera-de-salinidad\/","url_meta":{"origin":68633,"position":1},"title":"CAASD soluciona aver\u00eda en l\u00ednea del Acueducto Oriental Barrera de Salinidad","author":"Nelson Feliz","date":"28 de noviembre de 2023","format":false,"excerpt":"El ingeniero Felipe Suberv\u00ed destac\u00f3 que el sistema de abastecimiento ejecuta sus operaciones a toda capacidad. La Corporaci\u00f3n del Acueducto y Alcantarillado de Santo Domingo (CAASD), solucion\u00f3 una aver\u00eda en la l\u00ednea de impulsi\u00f3n del Acueducto Oriental Barrera de Salinidad, localizada en la avenida H\u00edpica esquina La Gr\u00faa, en el\u2026","rel":"","context":"En \u00abNACIONALES\u00bb","block_context":{"text":"NACIONALES","link":"https:\/\/lasprimeras.com.do\/index.php\/category\/nacionales\/"},"img":{"alt_text":"CAASD","src":"https:\/\/i0.wp.com\/lasprimeras.com.do\/wp-content\/uploads\/2023\/11\/caasd-1-1.jpg?resize=350%2C200&ssl=1","width":350,"height":200,"srcset":"https:\/\/i0.wp.com\/lasprimeras.com.do\/wp-content\/uploads\/2023\/11\/caasd-1-1.jpg?resize=350%2C200&ssl=1 1x, https:\/\/i0.wp.com\/lasprimeras.com.do\/wp-content\/uploads\/2023\/11\/caasd-1-1.jpg?resize=525%2C300&ssl=1 1.5x, https:\/\/i0.wp.com\/lasprimeras.com.do\/wp-content\/uploads\/2023\/11\/caasd-1-1.jpg?resize=700%2C400&ssl=1 2x"},"classes":[]},{"id":99552,"url":"https:\/\/lasprimeras.com.do\/index.php\/2025\/05\/22\/caasd-avanza-en-la-correccion-de-averia-en-tuberia-acueducto-barrera-de-salinidad\/","url_meta":{"origin":68633,"position":2},"title":"CAASD avanza en la correcci\u00f3n de aver\u00eda en tuber\u00eda acueducto Barrera de Salinidad","author":"Nelson Feliz","date":"22 de mayo de 2025","format":false,"excerpt":"La aver\u00eda, provocada por un cami\u00f3n de una empresa privada, mantiene suspendido el suministro de agua en varios sectores de Santo Domingo Este. La Corporaci\u00f3n del Acueducto y Alcantarillado de Santo Domingo (CAASD) inform\u00f3 que avanzan en la etapa final de los trabajos de reparaci\u00f3n de la tuber\u00eda de 67\u2026","rel":"","context":"En \u00abNACIONALES\u00bb","block_context":{"text":"NACIONALES","link":"https:\/\/lasprimeras.com.do\/index.php\/category\/nacionales\/"},"img":{"alt_text":"","src":"https:\/\/i0.wp.com\/lasprimeras.com.do\/wp-content\/uploads\/2025\/05\/caasd.jpg?resize=350%2C200&ssl=1","width":350,"height":200,"srcset":"https:\/\/i0.wp.com\/lasprimeras.com.do\/wp-content\/uploads\/2025\/05\/caasd.jpg?resize=350%2C200&ssl=1 1x, https:\/\/i0.wp.com\/lasprimeras.com.do\/wp-content\/uploads\/2025\/05\/caasd.jpg?resize=525%2C300&ssl=1 1.5x, https:\/\/i0.wp.com\/lasprimeras.com.do\/wp-content\/uploads\/2025\/05\/caasd.jpg?resize=700%2C400&ssl=1 2x"},"classes":[]},{"id":117068,"url":"https:\/\/lasprimeras.com.do\/index.php\/2025\/12\/07\/caasd-concluye-trabajos-en-el-acueducto-barrera-de-salinidad-y-restablece-servicio-en-sd-este\/","url_meta":{"origin":68633,"position":3},"title":"CAASD concluye trabajos en el Acueducto Barrera de Salinidad y restablece servicio en SD-Este","author":"Nelson Feliz","date":"7 de diciembre de 2025","format":false,"excerpt":"La Corporaci\u00f3n del Acueducto y Alcantarillado de Santo Domingo (CAASD) inform\u00f3 que concluy\u00f3 los trabajos de mantenimiento programados en el Acueducto Oriental Barrera de Salinidad, en el municipio de Santo Domingo Este, y que el sistema ya se encuentra operando con normalidad. En una nota de prensa, la instituci\u00f3n explic\u00f3\u2026","rel":"","context":"En \u00abNACIONALES\u00bb","block_context":{"text":"NACIONALES","link":"https:\/\/lasprimeras.com.do\/index.php\/category\/nacionales\/"},"img":{"alt_text":"","src":"https:\/\/i0.wp.com\/lasprimeras.com.do\/wp-content\/uploads\/2025\/12\/CAASD4.jpg?resize=350%2C200&ssl=1","width":350,"height":200,"srcset":"https:\/\/i0.wp.com\/lasprimeras.com.do\/wp-content\/uploads\/2025\/12\/CAASD4.jpg?resize=350%2C200&ssl=1 1x, https:\/\/i0.wp.com\/lasprimeras.com.do\/wp-content\/uploads\/2025\/12\/CAASD4.jpg?resize=525%2C300&ssl=1 1.5x, https:\/\/i0.wp.com\/lasprimeras.com.do\/wp-content\/uploads\/2025\/12\/CAASD4.jpg?resize=700%2C400&ssl=1 2x"},"classes":[]},{"id":121371,"url":"https:\/\/lasprimeras.com.do\/index.php\/2026\/02\/03\/fellito-subervi-cerca-de-dos-millones-de-personas-seran-beneficiadas-con-entrada-del-acueducto-barrera-de-salinidad\/","url_meta":{"origin":68633,"position":4},"title":"Fellito Suberv\u00ed: Cerca de dos millones de personas ser\u00e1n beneficiadas con entrada del Acueducto Barrera de Salinidad","author":"Nelson Feliz","date":"3 de febrero de 2026","format":false,"excerpt":"El director de la CAASD anuncia ampliaci\u00f3n y remodelaci\u00f3n de esta planta potabilizadora, que entrar\u00e1 en fase de prueba en las pr\u00f3ximas semanas, constituir\u00e1 un hecho sin precedentes en la historia de la Corporaci\u00f3n del Acueducto y Alcantarillado de Santo Domingo, al producir diariamente m\u00e1s de 136 millones de galones\u2026","rel":"","context":"En \u00abNACIONALES\u00bb","block_context":{"text":"NACIONALES","link":"https:\/\/lasprimeras.com.do\/index.php\/category\/nacionales\/"},"img":{"alt_text":"Fellito Subervi","src":"https:\/\/i0.wp.com\/lasprimeras.com.do\/wp-content\/uploads\/2024\/08\/Fellito-Subervi.jpg?resize=350%2C200&ssl=1","width":350,"height":200,"srcset":"https:\/\/i0.wp.com\/lasprimeras.com.do\/wp-content\/uploads\/2024\/08\/Fellito-Subervi.jpg?resize=350%2C200&ssl=1 1x, https:\/\/i0.wp.com\/lasprimeras.com.do\/wp-content\/uploads\/2024\/08\/Fellito-Subervi.jpg?resize=525%2C300&ssl=1 1.5x, https:\/\/i0.wp.com\/lasprimeras.com.do\/wp-content\/uploads\/2024\/08\/Fellito-Subervi.jpg?resize=700%2C400&ssl=1 2x"},"classes":[]},{"id":123398,"url":"https:\/\/lasprimeras.com.do\/index.php\/2026\/02\/28\/caasd-trabaja-en-solucion-de-tres-importantes-averias-en-el-gsd\/","url_meta":{"origin":68633,"position":5},"title":"CAASD trabaja en soluci\u00f3n de tres importantes aver\u00edas en el GSD","author":"Nelson Feliz","date":"28 de febrero de 2026","format":false,"excerpt":"El director general de la Corporaci\u00f3n del Acueducto y Alcantarillado de Santo Domingo (CAASD), ingeniero Felipe -Fellito- Suberv\u00ed, design\u00f3 un equipo de t\u00e9cnicos para que le den acompa\u00f1amiento a la empresa que solucionar\u00e1 una aver\u00eda en la Prolongaci\u00f3n de la Avenida 27 de Febrero en Santo Domingo Oeste, mientras otro\u2026","rel":"","context":"En \u00abNACIONALES\u00bb","block_context":{"text":"NACIONALES","link":"https:\/\/lasprimeras.com.do\/index.php\/category\/nacionales\/"},"img":{"alt_text":"","src":"https:\/\/i0.wp.com\/lasprimeras.com.do\/wp-content\/uploads\/2026\/02\/caasd-1.jpg?resize=350%2C200&ssl=1","width":350,"height":200,"srcset":"https:\/\/i0.wp.com\/lasprimeras.com.do\/wp-content\/uploads\/2026\/02\/caasd-1.jpg?resize=350%2C200&ssl=1 1x, https:\/\/i0.wp.com\/lasprimeras.com.do\/wp-content\/uploads\/2026\/02\/caasd-1.jpg?resize=525%2C300&ssl=1 1.5x, https:\/\/i0.wp.com\/lasprimeras.com.do\/wp-content\/uploads\/2026\/02\/caasd-1.jpg?resize=700%2C400&ssl=1 2x"},"classes":[]}],"jetpack_sharing_enabled":true,"_links":{"self":[{"href":"https:\/\/lasprimeras.com.do\/index.php\/wp-json\/wp\/v2\/posts\/68633","targetHints":{"allow":["GET"]}}],"collection":[{"href":"https:\/\/lasprimeras.com.do\/index.php\/wp-json\/wp\/v2\/posts"}],"about":[{"href":"https:\/\/lasprimeras.com.do\/index.php\/wp-json\/wp\/v2\/types\/post"}],"author":[{"embeddable":true,"href":"https:\/\/lasprimeras.com.do\/index.php\/wp-json\/wp\/v2\/users\/2"}],"replies":[{"embeddable":true,"href":"https:\/\/lasprimeras.com.do\/index.php\/wp-json\/wp\/v2\/comments?post=68633"}],"version-history":[{"count":1,"href":"https:\/\/lasprimeras.com.do\/index.php\/wp-json\/wp\/v2\/posts\/68633\/revisions"}],"predecessor-version":[{"id":68635,"href":"https:\/\/lasprimeras.com.do\/index.php\/wp-json\/wp\/v2\/posts\/68633\/revisions\/68635"}],"wp:featuredmedia":[{"embeddable":true,"href":"https:\/\/lasprimeras.com.do\/index.php\/wp-json\/wp\/v2\/media\/68634"}],"wp:attachment":[{"href":"https:\/\/lasprimeras.com.do\/index.php\/wp-json\/wp\/v2\/media?parent=68633"}],"wp:term":[{"taxonomy":"category","embeddable":true,"href":"https:\/\/lasprimeras.com.do\/index.php\/wp-json\/wp\/v2\/categories?post=68633"},{"taxonomy":"post_tag","embeddable":true,"href":"https:\/\/lasprimeras.com.do\/index.php\/wp-json\/wp\/v2\/tags?post=68633"}],"curies":[{"name":"wp","href":"https:\/\/api.w.org\/{rel}","templated":true}]}}