{"id":68636,"date":"2023-11-26T12:03:45","date_gmt":"2023-11-26T16:03:45","guid":{"rendered":"https:\/\/lasprimeras.com.do\/?p=68636"},"modified":"2023-11-26T12:03:47","modified_gmt":"2023-11-26T16:03:47","slug":"rochy-rd-hace-vibrar-el-cocacola-flow-fest-en-mexico","status":"publish","type":"post","link":"https:\/\/lasprimeras.com.do\/index.php\/2023\/11\/26\/rochy-rd-hace-vibrar-el-cocacola-flow-fest-en-mexico\/","title":{"rendered":"Rochy RD hace vibrar el CocaCola Flow Fest, en M\u00e9xico"},"content":{"rendered":"\n<p class=\"wp-block-paragraph\"><strong>El reconocido artista urbano Rochy RD cautiv\u00f3 al p\u00fablico mexicano con una actuaci\u00f3n inolvidable en el prestigioso CocaCola Flow Fest, la noche del pasado s\u00e1bado.<\/strong><\/p>\n\n\n\n<p class=\"wp-block-paragraph\">El escenario vibr\u00f3 con la energ\u00eda y el talento de Rochy, quien se entreg\u00f3 completamente a los miles de espectadores, llevando la esencia de su m\u00fasica a un nuevo nivel en el \u00e1mbito internacional.<\/p>\n\n\n\n<p class=\"wp-block-paragraph\">Rochy, la \u00fanica estrella de la m\u00fasica dominicana en este gran evento, present\u00f3 un repertorio sin desperdicio, fusionando ritmos contagiosos y l\u00edricas impactantes que resonaron en cada rinc\u00f3n del festival.<\/p>\n\n\n\n<p class=\"wp-block-paragraph\">El p\u00fablico, entregado y entusiasta, respondi\u00f3 con euforia a cada tema, entre ellos su nuevo \u00e9xito \u201cQue la choque\u201d, creando una conexi\u00f3n \u00fanica con sus seguidores.<\/p>\n\n\n\n<p class=\"wp-block-paragraph\">El CocaCola Flow Fest, reconocido por ser un referente en la escena musical urbana, fue testigo de la versatilidad de Rochy, quien demostr\u00f3 por qu\u00e9 es una figura prominente en la m\u00fasica latina actual.<\/p>\n\n\n\n<p class=\"wp-block-paragraph\">Su presentaci\u00f3n no solo fue un espect\u00e1culo visual y sonoro, sino tambi\u00e9n un testimonio de la potencia y autenticidad que caracterizan su propuesta musical.<\/p>\n\n\n\n<p class=\"wp-block-paragraph\">Rochy expres\u00f3 su gratitud hacia el p\u00fablico, en su mayor\u00eda mexicano, por el c\u00e1lido recibimiento y dedic\u00f3 palabras de aprecio a los organizadores del evento por brindarle la oportunidad de compartir su m\u00fasica en un escenario de tan alto calibre.<\/p>\n\n\n\n<p class=\"wp-block-paragraph\">Esta presentaci\u00f3n representa un paso m\u00e1s en la carrera ascendente de Rochy, consolid\u00e1ndose como un referente indiscutible en la escena urbana internacional, de la mano de la compa\u00f1\u00eda Punto Music Group, que preside el empresario Vladimir Mu\u00f1oz.<\/p>\n","protected":false},"excerpt":{"rendered":"<p>El reconocido artista urbano Rochy RD cautiv\u00f3 al p\u00fablico mexicano con una actuaci\u00f3n inolvidable en el prestigioso CocaCola Flow Fest, la noche del pasado s\u00e1bado. El escenario vibr\u00f3 con la&hellip;<\/p>\n","protected":false},"author":2,"featured_media":68637,"comment_status":"open","ping_status":"open","sticky":false,"template":"","format":"standard","meta":{"content-type":"","_jetpack_newsletter_access":"","_jetpack_dont_email_post_to_subs":false,"_jetpack_newsletter_tier_id":0,"_jetpack_memberships_contains_paywalled_content":false,"_jetpack_feature_clip_id":0,"_jetpack_memberships_contains_paid_content":false,"footnotes":"","jetpack_post_was_ever_published":false},"categories":[84],"tags":[9813,9817,9816,906,9815,9814],"class_list":["post-68636","post","type-post","status-publish","format-standard","has-post-thumbnail","hentry","category-entretenimiento","tag-coca-cola","tag-fest","tag-flow","tag-mexico","tag-rochy-rd","tag-vibrar"],"jetpack-related-posts":[{"id":115614,"url":"https:\/\/lasprimeras.com.do\/index.php\/2025\/11\/24\/yoneiry-el-maestro-presenta-su-nuevo-album-a-casa-llena-en-el-alto-manhattan\/","url_meta":{"origin":68636,"position":0},"title":"Yoneiry \u00abEl Maestro\u00bb presenta su nuevo \u00e1lbum a casa llena en el Alto Manhattan","author":"Nelson Feliz","date":"24 de noviembre de 2025","format":false,"excerpt":"https:\/\/www.youtube.com\/watch?v=zc1MYiu2RG0 Por Ram\u00f3n Mercedes NUEVA YORK.- El multifac\u00e9tico artista urbano dominicano Yoneiry Taveras, conocido art\u00edsticamente como \u00abYoneiry -El Maestro-\u00bb, present\u00f3 el pasado fin de semana a casa llena en los exclusivos salones del lujoso Brasier Theater, el Alto Manhattan, su nuevo \u00e1lbum \u00abVers\u00e1tile Reggaeton Pop\u00bb. El proyecto musical incluye temas\u2026","rel":"","context":"En \u00abENTRETENIMIENTO\u00bb","block_context":{"text":"ENTRETENIMIENTO","link":"https:\/\/lasprimeras.com.do\/index.php\/category\/entretenimiento\/"},"img":{"alt_text":"Artista Urbano dominicano \u00abYoneiry El Maestro\u00bb presenta su nuevo \u00e1lbum a casa llena en el Alto Manhattan","src":"https:\/\/i0.wp.com\/lasprimeras.com.do\/wp-content\/uploads\/2025\/11\/WhatsApp-Image-2025-11-24-at-5.46.50-AM.jpeg?resize=350%2C200&ssl=1","width":350,"height":200,"srcset":"https:\/\/i0.wp.com\/lasprimeras.com.do\/wp-content\/uploads\/2025\/11\/WhatsApp-Image-2025-11-24-at-5.46.50-AM.jpeg?resize=350%2C200&ssl=1 1x, https:\/\/i0.wp.com\/lasprimeras.com.do\/wp-content\/uploads\/2025\/11\/WhatsApp-Image-2025-11-24-at-5.46.50-AM.jpeg?resize=525%2C300&ssl=1 1.5x"},"classes":[]},{"id":80635,"url":"https:\/\/lasprimeras.com.do\/index.php\/2024\/04\/10\/realizaran-en-nueva-york-el-dominican-house-fest\/","url_meta":{"origin":68636,"position":1},"title":"Realizaran en Nueva York el \u201cDominican House Fest\u201d","author":"BIMARY DE JES\u00daS Matos","date":"10 de abril de 2024","format":false,"excerpt":"Nueva York, EE. UU. - Dominican House Fest llega a la ciudad de Nueva York para ofrecer a la di\u00e1spora dominicana una oportunidad \u00fanica de invertir en su pa\u00eds de origen de manera inteligente y segura. \u201cDominican House Fest\u201d se llevar\u00e1 a cabo los d\u00edas 13 y 14 de abril\u2026","rel":"","context":"En \u00abSin categor\u00eda\u00bb","block_context":{"text":"Sin categor\u00eda","link":"https:\/\/lasprimeras.com.do\/index.php\/category\/sin-categoria\/"},"img":{"alt_text":"","src":"https:\/\/i0.wp.com\/lasprimeras.com.do\/wp-content\/uploads\/2024\/04\/IMG-20240410-WA0021.jpg?resize=350%2C200&ssl=1","width":350,"height":200,"srcset":"https:\/\/i0.wp.com\/lasprimeras.com.do\/wp-content\/uploads\/2024\/04\/IMG-20240410-WA0021.jpg?resize=350%2C200&ssl=1 1x, https:\/\/i0.wp.com\/lasprimeras.com.do\/wp-content\/uploads\/2024\/04\/IMG-20240410-WA0021.jpg?resize=525%2C300&ssl=1 1.5x, https:\/\/i0.wp.com\/lasprimeras.com.do\/wp-content\/uploads\/2024\/04\/IMG-20240410-WA0021.jpg?resize=700%2C400&ssl=1 2x, https:\/\/i0.wp.com\/lasprimeras.com.do\/wp-content\/uploads\/2024\/04\/IMG-20240410-WA0021.jpg?resize=1050%2C600&ssl=1 3x"},"classes":[]},{"id":82913,"url":"https:\/\/lasprimeras.com.do\/index.php\/2024\/05\/09\/premios-heat-seran-el-11-de-julio-en-rd-este-jueves-se-anuncian-los-nominados\/","url_meta":{"origin":68636,"position":2},"title":"Premios Heat ser\u00e1n el 11 de julio en RD, este jueves se anuncian los nominados","author":"BIMARY DE JES\u00daS Matos","date":"9 de mayo de 2024","format":false,"excerpt":"Los Heat Latin Music Awards 2024 en su d\u00e9cima versi\u00f3n se entregar\u00e1n el pr\u00f3ximo 11 de julio en Rep\u00fablica Dominicana y este jueves 9 de mayo se anunciar\u00e1n los artistas nominados a trav\u00e9s del canal de Youtube Premiosheatoficial. La tradicional noche de nominados de los Heat Awards tendr\u00e1 como anfitriona\u2026","rel":"","context":"En \u00abENTRETENIMIENTO\u00bb","block_context":{"text":"ENTRETENIMIENTO","link":"https:\/\/lasprimeras.com.do\/index.php\/category\/entretenimiento\/"},"img":{"alt_text":"","src":"","width":0,"height":0},"classes":[]},{"id":109166,"url":"https:\/\/lasprimeras.com.do\/index.php\/2025\/09\/15\/milly-joe-veras-manny-cruz-vakero-y-zeo-munoz-aporte-de-rd-a-latinos-en-times-square-este-martes-en-ny\/","url_meta":{"origin":68636,"position":3},"title":"Milly, Joe Veras, Manny Cruz, Vaker\u00f3 y Zeo Mu\u00f1oz aporte de RD a \u201cLatinos en Times Square\u201d este martes en NY","author":"Nelson Feliz","date":"15 de septiembre de 2025","format":false,"excerpt":"Por Ram\u00f3n Mercedes NUEVA YORK.- La Gran Manzana vibrar\u00e1 de emoci\u00f3n ese martes 16 de septiembre con el sabor y la cultura latina a trav\u00e9s de una de las iniciativas m\u00e1s importantes para los hispanos de Nueva York, \u201cLatinos in Times Square\u201d. Este evento que por segundo a\u00f1o consecutivo se\u2026","rel":"","context":"En \u00abENTRETENIMIENTO\u00bb","block_context":{"text":"ENTRETENIMIENTO","link":"https:\/\/lasprimeras.com.do\/index.php\/category\/entretenimiento\/"},"img":{"alt_text":"","src":"https:\/\/i0.wp.com\/lasprimeras.com.do\/wp-content\/uploads\/2025\/09\/WhatsApp-Image-2025-09-15-at-6.03.07-AM-2.jpeg?resize=350%2C200&ssl=1","width":350,"height":200,"srcset":"https:\/\/i0.wp.com\/lasprimeras.com.do\/wp-content\/uploads\/2025\/09\/WhatsApp-Image-2025-09-15-at-6.03.07-AM-2.jpeg?resize=350%2C200&ssl=1 1x, https:\/\/i0.wp.com\/lasprimeras.com.do\/wp-content\/uploads\/2025\/09\/WhatsApp-Image-2025-09-15-at-6.03.07-AM-2.jpeg?resize=525%2C300&ssl=1 1.5x, https:\/\/i0.wp.com\/lasprimeras.com.do\/wp-content\/uploads\/2025\/09\/WhatsApp-Image-2025-09-15-at-6.03.07-AM-2.jpeg?resize=700%2C400&ssl=1 2x"},"classes":[]},{"id":109728,"url":"https:\/\/lasprimeras.com.do\/index.php\/2025\/09\/21\/coopreservas-inaugura-dispensario-medico-con-motivo-de-su-37%cb%9a-aniversario\/","url_meta":{"origin":68636,"position":4},"title":"CoopReservas inaugura dispensario m\u00e9dico con motivo de su 37\u02da Aniversario","author":"Nelson Feliz","date":"21 de septiembre de 2025","format":false,"excerpt":"La Cooperativa Reservas inaugur\u00f3 un dispensario m\u00e9dico como parte de la celebraci\u00f3n de su 37\u02da Aniversario, el cual ofrecer\u00e1 servicios a decenas deasociados, colaboradores del Banco de Reservas y sus filiales. El presidente ejecutivo de Banreservas, doctor Leonardo Aguilera, en una comunicaci\u00f3n enviada a los directivos de CoopReservas,resalt\u00f3 los logros\u2026","rel":"","context":"En \u00abECONOM\u00cdA\u00bb","block_context":{"text":"ECONOM\u00cdA","link":"https:\/\/lasprimeras.com.do\/index.php\/category\/economia\/"},"img":{"alt_text":"","src":"https:\/\/i0.wp.com\/lasprimeras.com.do\/wp-content\/uploads\/2025\/09\/DISPENSARIO.jpg?resize=350%2C200&ssl=1","width":350,"height":200,"srcset":"https:\/\/i0.wp.com\/lasprimeras.com.do\/wp-content\/uploads\/2025\/09\/DISPENSARIO.jpg?resize=350%2C200&ssl=1 1x, https:\/\/i0.wp.com\/lasprimeras.com.do\/wp-content\/uploads\/2025\/09\/DISPENSARIO.jpg?resize=525%2C300&ssl=1 1.5x, https:\/\/i0.wp.com\/lasprimeras.com.do\/wp-content\/uploads\/2025\/09\/DISPENSARIO.jpg?resize=700%2C400&ssl=1 2x"},"classes":[]},{"id":68322,"url":"https:\/\/lasprimeras.com.do\/index.php\/2023\/11\/23\/farruko-se-une-a-yung-wylin-y-maffio-para-transmitir-buena-vibra-a-traves-del-remix-de-good-energy\/","url_meta":{"origin":68636,"position":5},"title":"Farruko se une a Yung Wylin\u2019 y Maffio para transmitir buena vibra a trav\u00e9s del remix de &#8220;Good Energy&#8221;","author":"BIMARY DE JES\u00daS Matos","date":"23 de noviembre de 2023","format":false,"excerpt":"Santo Domingo.-Farruko uni\u00f3 fuerzas con Yung Wylin\u2019 y Maffio para traer \u201cGood Energy (Remix)\u201d, una versi\u00f3n con nuevos ritmos que transmiten buena vibra. Con este tema, Farruko sigue incorporando a su repertorio aportando mensajes positivos en sus l\u00edricas. \u201cGood Energy (Remix)\u201d est\u00e1 disponible en todas las plataformas digitales a partir\u2026","rel":"","context":"En \u00abENTRETENIMIENTO\u00bb","block_context":{"text":"ENTRETENIMIENTO","link":"https:\/\/lasprimeras.com.do\/index.php\/category\/entretenimiento\/"},"img":{"alt_text":"","src":"https:\/\/i0.wp.com\/lasprimeras.com.do\/wp-content\/uploads\/2023\/11\/Noticias-de-hidrocarburos-4-1.jpg?resize=350%2C200&ssl=1","width":350,"height":200,"srcset":"https:\/\/i0.wp.com\/lasprimeras.com.do\/wp-content\/uploads\/2023\/11\/Noticias-de-hidrocarburos-4-1.jpg?resize=350%2C200&ssl=1 1x, https:\/\/i0.wp.com\/lasprimeras.com.do\/wp-content\/uploads\/2023\/11\/Noticias-de-hidrocarburos-4-1.jpg?resize=525%2C300&ssl=1 1.5x, https:\/\/i0.wp.com\/lasprimeras.com.do\/wp-content\/uploads\/2023\/11\/Noticias-de-hidrocarburos-4-1.jpg?resize=700%2C400&ssl=1 2x"},"classes":[]}],"jetpack_sharing_enabled":true,"jetpack_featured_media_url":"https:\/\/lasprimeras.com.do\/wp-content\/uploads\/2023\/11\/Rochy-RD-1.jpg","_links":{"self":[{"href":"https:\/\/lasprimeras.com.do\/index.php\/wp-json\/wp\/v2\/posts\/68636","targetHints":{"allow":["GET"]}}],"collection":[{"href":"https:\/\/lasprimeras.com.do\/index.php\/wp-json\/wp\/v2\/posts"}],"about":[{"href":"https:\/\/lasprimeras.com.do\/index.php\/wp-json\/wp\/v2\/types\/post"}],"author":[{"embeddable":true,"href":"https:\/\/lasprimeras.com.do\/index.php\/wp-json\/wp\/v2\/users\/2"}],"replies":[{"embeddable":true,"href":"https:\/\/lasprimeras.com.do\/index.php\/wp-json\/wp\/v2\/comments?post=68636"}],"version-history":[{"count":1,"href":"https:\/\/lasprimeras.com.do\/index.php\/wp-json\/wp\/v2\/posts\/68636\/revisions"}],"predecessor-version":[{"id":68638,"href":"https:\/\/lasprimeras.com.do\/index.php\/wp-json\/wp\/v2\/posts\/68636\/revisions\/68638"}],"wp:featuredmedia":[{"embeddable":true,"href":"https:\/\/lasprimeras.com.do\/index.php\/wp-json\/wp\/v2\/media\/68637"}],"wp:attachment":[{"href":"https:\/\/lasprimeras.com.do\/index.php\/wp-json\/wp\/v2\/media?parent=68636"}],"wp:term":[{"taxonomy":"category","embeddable":true,"href":"https:\/\/lasprimeras.com.do\/index.php\/wp-json\/wp\/v2\/categories?post=68636"},{"taxonomy":"post_tag","embeddable":true,"href":"https:\/\/lasprimeras.com.do\/index.php\/wp-json\/wp\/v2\/tags?post=68636"}],"curies":[{"name":"wp","href":"https:\/\/api.w.org\/{rel}","templated":true}]}}