{"id":68981,"date":"2023-11-29T08:35:16","date_gmt":"2023-11-29T12:35:16","guid":{"rendered":"https:\/\/lasprimeras.com.do\/?p=68981"},"modified":"2023-11-29T08:35:18","modified_gmt":"2023-11-29T12:35:18","slug":"obispo-reynaldo-franco-aquino-llama-a-la-familia-dominicana-congregarse-y-buscar-direccion-divina","status":"publish","type":"post","link":"https:\/\/lasprimeras.com.do\/index.php\/2023\/11\/29\/obispo-reynaldo-franco-aquino-llama-a-la-familia-dominicana-congregarse-y-buscar-direccion-divina\/","title":{"rendered":"Obispo Reynaldo Franco Aquino llama a la familia dominicana congregarse y buscar direcci\u00f3n divina"},"content":{"rendered":"\n<p><strong>Franco Aquino hace este llamado adem\u00e1s del Mes de la Familia con motivo del inicio de temporada de fin de a\u00f1o.<\/strong><\/p>\n\n\n\n<p>En un mensaje dirigido a las familias de la Rep\u00fablica Dominicana, el doctor Reynaldo Franco Aquino, Obispo Nacional de las Iglesias Pentecostales de Jesucristo (IPJ) y presidente de la Comunidad Apost\u00f3lica Internacional (COAPIN), les inst\u00f3 a unirse en oraci\u00f3n y buscar la direcci\u00f3n de Dios durante esta \u00e9poca, en la que muchas est\u00e1n en preparaci\u00f3n para la temporada navide\u00f1a.<\/p>\n\n\n\n<p>El Obispo destac\u00f3 la importancia del mes de noviembre como el \u201cMes de la Familia\u201d, designado por el decreto 1656 del Poder Ejecutivo en el a\u00f1o 1971.<\/p>\n\n\n\n<p>Este mes tiene como objetivo llevar a cabo campa\u00f1as para la formaci\u00f3n integral de la familia, considerada la c\u00e9lula principal de la sociedad en el territorio nacional.<\/p>\n\n\n\n<p>En el comunicado, el Obispo Franco Aquino enfatiz\u00f3 la importancia de tener a Dios en el centro de la vida de las familias, recordando que la Rep\u00fablica Dominicana es el \u00fanico pa\u00eds que tiene a Dios en su escudo y la Biblia como manual de vida.<\/p>\n\n\n\n<p>Expres\u00f3 su convicci\u00f3n de que, a pesar de las dificultades y juicios pasados y presentes, el Padre Celestial desea bendecir y multiplicar su gracia y favor sobre el pueblo dominicano.<\/p>\n\n\n\n<p>El l\u00edder religioso se\u00f1al\u00f3 que la ausencia de promoci\u00f3n de valores en el contenido que sirven los medios de comunicaci\u00f3n, la pseudo creencia de que la fatiga y el estr\u00e9s son caracter\u00edsticas de una vida productiva y la falta de respeto y de honra a las generaciones anteriores, figuran entre los principales desaf\u00edos que enfrenta la familia en la presente generaci\u00f3n.<\/p>\n\n\n\n<p>Asegur\u00f3 que solo en Dios se encuentra la verdadera salvaci\u00f3n de estos y otros retos y destac\u00f3 la importancia de conocer los c\u00f3digos de honra y honor divinos para evitar caer en la maldad, el pecado y el juicio debido al desconocimiento.<\/p>\n\n\n\n<p>En este contexto, inst\u00f3 a las familias a no dejar de congregarse, especialmente ante los desaf\u00edos experimentados durante y despu\u00e9s la pandemia e invit\u00f3 al pueblo a explorar los diversos ministerios y servir con los dones y talentos que el Se\u00f1or ha otorgado, con el objetivo de dar gloria a su nombre.<\/p>\n\n\n\n<p>Adem\u00e1s, resalt\u00f3 el papel fundamental de la familia como el n\u00facleo desde el cual se aprenden normas, formaciones y sistemas de valores, siendo el espacio donde se experimenta confianza y plenitud, enfatizando as\u00ed la importancia de fortalecer la red de apoyo familiar.<\/p>\n\n\n\n<p>De igual forma llam\u00f3 a ampliar los muros de protecci\u00f3n para que el dise\u00f1o de Dios prevalezca y el legado contin\u00fae en las generaciones futuras. La Rep\u00fablica Dominicana, afirm\u00f3 el Obispo Franco Aquino, \u201ctiene la responsabilidad de ser una punta de lanza ante las naciones para activar la atmosfera prof\u00e9tica de Dios, superando el mal con el bien y manifestando el amor eterno\u201d, finalizo.<\/p>\n","protected":false},"excerpt":{"rendered":"<p>Franco Aquino hace este llamado adem\u00e1s del Mes de la Familia con motivo del inicio de temporada de fin de a\u00f1o. En un mensaje dirigido a las familias de la&hellip;<\/p>\n","protected":false},"author":2,"featured_media":68982,"comment_status":"open","ping_status":"open","sticky":false,"template":"","format":"standard","meta":{"content-type":"","jetpack_post_was_ever_published":false,"_jetpack_newsletter_access":"","_jetpack_dont_email_post_to_subs":false,"_jetpack_newsletter_tier_id":0,"_jetpack_memberships_contains_paywalled_content":false,"_jetpack_memberships_contains_paid_content":false,"footnotes":""},"categories":[35],"tags":[9922,1443,9921,549,2649,126,128],"class_list":["post-68981","post","type-post","status-publish","format-standard","has-post-thumbnail","hentry","category-nacionales","tag-congregarse-2","tag-direccion","tag-divina","tag-dominicana","tag-familia","tag-obispo","tag-reynaldo-franco-aquino"],"jetpack_featured_media_url":"https:\/\/lasprimeras.com.do\/wp-content\/uploads\/2023\/11\/Reynaldo-Franco-Aquino.jpg","jetpack-related-posts":[{"id":79159,"url":"https:\/\/lasprimeras.com.do\/index.php\/2024\/03\/24\/reynaldo-franco-llama-a-meditar-en-la-palabra-de-dios-durante-asueto-de-semana-santa\/","url_meta":{"origin":68981,"position":0},"title":"Reynaldo Franco llama a \u00a0meditar en la \u201cPalabra de Dios\u201d durante asueto de Semana Santa","author":"Nelson Feliz","date":"24 de marzo de 2024","format":false,"excerpt":"El obispo Nacional de las Iglesias Pentecostales de Jesucristo IPJ y la Comunidad Apost\u00f3lica Internacional COAPIN, doctor Reynaldo Franco Aquino, hizo un llamado a la poblaci\u00f3n a la reflexi\u00f3n durante el tiempo de asueto por la Semana Santa. El l\u00edder evang\u00e9lico inst\u00f3 a los ciudadanos a dedicar tiempo de calidad\u2026","rel":"","context":"En \u00abNACIONALES\u00bb","block_context":{"text":"NACIONALES","link":"https:\/\/lasprimeras.com.do\/index.php\/category\/nacionales\/"},"img":{"alt_text":"Reynaldo Franco Aquino","src":"https:\/\/i0.wp.com\/lasprimeras.com.do\/wp-content\/uploads\/2024\/03\/Reynaldo-Franco-Aquino.jpg?resize=350%2C200&ssl=1","width":350,"height":200,"srcset":"https:\/\/i0.wp.com\/lasprimeras.com.do\/wp-content\/uploads\/2024\/03\/Reynaldo-Franco-Aquino.jpg?resize=350%2C200&ssl=1 1x, https:\/\/i0.wp.com\/lasprimeras.com.do\/wp-content\/uploads\/2024\/03\/Reynaldo-Franco-Aquino.jpg?resize=525%2C300&ssl=1 1.5x, https:\/\/i0.wp.com\/lasprimeras.com.do\/wp-content\/uploads\/2024\/03\/Reynaldo-Franco-Aquino.jpg?resize=700%2C400&ssl=1 2x"},"classes":[]},{"id":48504,"url":"https:\/\/lasprimeras.com.do\/index.php\/2023\/05\/01\/franco-aquino-el-dia-del-trabajador-encuentra-a-rd-con-grandes-desafios-en-materia-laboral\/","url_meta":{"origin":68981,"position":1},"title":"Franco Aquino: \u201cEl d\u00eda del trabajador encuentra a RD con grandes desaf\u00edos en materia laboral&#8221;","author":"prenxa100","date":"1 de mayo de 2023","format":false,"excerpt":"Santo Domingo. - En ocasi\u00f3n de conmemorarse este primero de mayo el D\u00eda Internacional del Trabajado, el obispo nacional de las Iglesias Pentecostales de Jesucristo y la Comunidad Apost\u00f3lica Internacional COAPIN, doctor Reynaldo Franco Aquino, llam\u00f3 a los miembros de la iglesia a orar para que el plan de Dios\u2026","rel":"","context":"En \u00abNACIONALES\u00bb","block_context":{"text":"NACIONALES","link":"https:\/\/lasprimeras.com.do\/index.php\/category\/nacionales\/"},"img":{"alt_text":"","src":"","width":0,"height":0},"classes":[]},{"id":86912,"url":"https:\/\/lasprimeras.com.do\/index.php\/2024\/08\/04\/comunidades-cristianas-llaman-a-realizar-cadena-internacional-de-oracion-por-la-paz-en-venezuela\/","url_meta":{"origin":68981,"position":2},"title":"Comunidades Cristianas llaman a realizar Cadena Internacional de Oraci\u00f3n por la paz en Venezuela","author":"Nelson Feliz","date":"4 de agosto de 2024","format":false,"excerpt":"El presidente de la Mesa de Di\u00e1logo y Representaci\u00f3n Cristiana en Rep\u00fablica Dominicana, doctor Reynaldo Franco Aquino, hizo un llamado urgente para que se establezca una Cadena Nacional e Internacional de Oraci\u00f3n por la paz Venezuela durante todo el mes de agosto. Franco Aquino, emiti\u00f3 un comunicado dirigido a las\u2026","rel":"","context":"En \u00abNACIONALES\u00bb","block_context":{"text":"NACIONALES","link":"https:\/\/lasprimeras.com.do\/index.php\/category\/nacionales\/"},"img":{"alt_text":"Reynaldo Franco Aquino","src":"https:\/\/i0.wp.com\/lasprimeras.com.do\/wp-content\/uploads\/2024\/08\/Reynaldo-Franco-Aquino-1.jpg?resize=350%2C200&ssl=1","width":350,"height":200,"srcset":"https:\/\/i0.wp.com\/lasprimeras.com.do\/wp-content\/uploads\/2024\/08\/Reynaldo-Franco-Aquino-1.jpg?resize=350%2C200&ssl=1 1x, https:\/\/i0.wp.com\/lasprimeras.com.do\/wp-content\/uploads\/2024\/08\/Reynaldo-Franco-Aquino-1.jpg?resize=525%2C300&ssl=1 1.5x, https:\/\/i0.wp.com\/lasprimeras.com.do\/wp-content\/uploads\/2024\/08\/Reynaldo-Franco-Aquino-1.jpg?resize=700%2C400&ssl=1 2x"},"classes":[]},{"id":56258,"url":"https:\/\/lasprimeras.com.do\/index.php\/2023\/07\/30\/lider-evangelico-promueve-la-paternidad-responsable\/","url_meta":{"origin":68981,"position":3},"title":"L\u00edder evang\u00e9lico promueve la \u201cpaternidad responsable\u201d","author":"Nelson Feliz","date":"30 de julio de 2023","format":false,"excerpt":"Al conmemorarse este domingo el \u201cD\u00eda de los Padres\u201d, el Obispo Reynaldo Franco Aquino hizo un llamado todos los sectores de la sociedad, a las instituciones que trabajan con la promoci\u00f3n de la educaci\u00f3n y los valores, a los pastores y l\u00edderes cristianos a promover la \u201cpaternidad responsable\u201d, y ense\u00f1ar\u2026","rel":"","context":"En \u00abNACIONALES\u00bb","block_context":{"text":"NACIONALES","link":"https:\/\/lasprimeras.com.do\/index.php\/category\/nacionales\/"},"img":{"alt_text":"","src":"https:\/\/i0.wp.com\/lasprimeras.com.do\/wp-content\/uploads\/2023\/07\/Reynaldo1.jpg?resize=350%2C200&ssl=1","width":350,"height":200},"classes":[]},{"id":83446,"url":"https:\/\/lasprimeras.com.do\/index.php\/2024\/05\/16\/comunidad-cristiana-llama-votar-candidatos-que-defiendan-la-vida-y-la-familia\/","url_meta":{"origin":68981,"position":4},"title":"Comunidad Cristiana llama votar candidatos que defiendan la vida y la familia","author":"Nelson Feliz","date":"16 de mayo de 2024","format":false,"excerpt":"La Mesa de Di\u00e1logo y Representaci\u00f3n Cristiana llam\u00f3 a la comunidad cristiana y ciudadan\u00eda en general a que en las elecciones del pr\u00f3ximo domingo voten por los candidatos que defiendan los valores de la vida y la familia. Mediante una carta pastoral firmada por el obispo Reynaldo Franco Aquino, presidente\u2026","rel":"","context":"En \u00abNACIONALES\u00bb","block_context":{"text":"NACIONALES","link":"https:\/\/lasprimeras.com.do\/index.php\/category\/nacionales\/"},"img":{"alt_text":"Reynaldo Franco Aquino","src":"https:\/\/i0.wp.com\/lasprimeras.com.do\/wp-content\/uploads\/2024\/05\/Reynaldo-Franco-Aquino.jpg?resize=350%2C200&ssl=1","width":350,"height":200,"srcset":"https:\/\/i0.wp.com\/lasprimeras.com.do\/wp-content\/uploads\/2024\/05\/Reynaldo-Franco-Aquino.jpg?resize=350%2C200&ssl=1 1x, https:\/\/i0.wp.com\/lasprimeras.com.do\/wp-content\/uploads\/2024\/05\/Reynaldo-Franco-Aquino.jpg?resize=525%2C300&ssl=1 1.5x, https:\/\/i0.wp.com\/lasprimeras.com.do\/wp-content\/uploads\/2024\/05\/Reynaldo-Franco-Aquino.jpg?resize=700%2C400&ssl=1 2x"},"classes":[]},{"id":72423,"url":"https:\/\/lasprimeras.com.do\/index.php\/2023\/12\/29\/reynaldo-franco-llama-al-gobierno-y-al-sector-productivo-nacional-a-mejorar-politicas-publicas-en-2024\/","url_meta":{"origin":68981,"position":5},"title":"Reynaldo Franco llama al gobierno y al sector productivo nacional a mejorar pol\u00edticas p\u00fablicas en 2024","author":"Nelson Feliz","date":"29 de diciembre de 2023","format":false,"excerpt":"En el umbral de un nuevo a\u00f1o que se avecina, l\u00edder de las Iglesias Pentecostales de Jesucristo IPJ y la Comunidad Apost\u00f3lica Internacional COAPIN, doctor Reynaldo Franco Aquino, hizo un llamado urgente al gobierno y a los sectores productivos del pa\u00eds a reflexionar sobre los desaf\u00edos que enfrentar\u00e1 la Rep\u00fablica\u2026","rel":"","context":"En \u00abNACIONALES\u00bb","block_context":{"text":"NACIONALES","link":"https:\/\/lasprimeras.com.do\/index.php\/category\/nacionales\/"},"img":{"alt_text":"Reynaldo Franco Aquino","src":"https:\/\/i0.wp.com\/lasprimeras.com.do\/wp-content\/uploads\/2023\/12\/Reynaldo-Franco-Aquino.jpg?resize=350%2C200&ssl=1","width":350,"height":200,"srcset":"https:\/\/i0.wp.com\/lasprimeras.com.do\/wp-content\/uploads\/2023\/12\/Reynaldo-Franco-Aquino.jpg?resize=350%2C200&ssl=1 1x, https:\/\/i0.wp.com\/lasprimeras.com.do\/wp-content\/uploads\/2023\/12\/Reynaldo-Franco-Aquino.jpg?resize=525%2C300&ssl=1 1.5x"},"classes":[]}],"jetpack_sharing_enabled":true,"_links":{"self":[{"href":"https:\/\/lasprimeras.com.do\/index.php\/wp-json\/wp\/v2\/posts\/68981","targetHints":{"allow":["GET"]}}],"collection":[{"href":"https:\/\/lasprimeras.com.do\/index.php\/wp-json\/wp\/v2\/posts"}],"about":[{"href":"https:\/\/lasprimeras.com.do\/index.php\/wp-json\/wp\/v2\/types\/post"}],"author":[{"embeddable":true,"href":"https:\/\/lasprimeras.com.do\/index.php\/wp-json\/wp\/v2\/users\/2"}],"replies":[{"embeddable":true,"href":"https:\/\/lasprimeras.com.do\/index.php\/wp-json\/wp\/v2\/comments?post=68981"}],"version-history":[{"count":1,"href":"https:\/\/lasprimeras.com.do\/index.php\/wp-json\/wp\/v2\/posts\/68981\/revisions"}],"predecessor-version":[{"id":68983,"href":"https:\/\/lasprimeras.com.do\/index.php\/wp-json\/wp\/v2\/posts\/68981\/revisions\/68983"}],"wp:featuredmedia":[{"embeddable":true,"href":"https:\/\/lasprimeras.com.do\/index.php\/wp-json\/wp\/v2\/media\/68982"}],"wp:attachment":[{"href":"https:\/\/lasprimeras.com.do\/index.php\/wp-json\/wp\/v2\/media?parent=68981"}],"wp:term":[{"taxonomy":"category","embeddable":true,"href":"https:\/\/lasprimeras.com.do\/index.php\/wp-json\/wp\/v2\/categories?post=68981"},{"taxonomy":"post_tag","embeddable":true,"href":"https:\/\/lasprimeras.com.do\/index.php\/wp-json\/wp\/v2\/tags?post=68981"}],"curies":[{"name":"wp","href":"https:\/\/api.w.org\/{rel}","templated":true}]}}