{"id":68984,"date":"2023-11-29T08:55:54","date_gmt":"2023-11-29T12:55:54","guid":{"rendered":"https:\/\/lasprimeras.com.do\/?p=68984"},"modified":"2023-11-29T08:55:56","modified_gmt":"2023-11-29T12:55:56","slug":"pn-investiga-origen-incendio-consumio-cinco-viviendas-en-montecristi","status":"publish","type":"post","link":"https:\/\/lasprimeras.com.do\/index.php\/2023\/11\/29\/pn-investiga-origen-incendio-consumio-cinco-viviendas-en-montecristi\/","title":{"rendered":"PN investiga origen incendio consumi\u00f3 cinco viviendas en Montecristi"},"content":{"rendered":"\n<p><strong>Pareja de esposos sufre quemaduras.<\/strong><\/p>\n\n\n\n<p><strong>Montecristi.-<\/strong>Miembros de la Policia Nacional investigan el origen de un incendio que esta madrugada consumi\u00f3 cinco viviendas en el municipio de Pepillo Salcedo (Manzanillo), donde una pareja de esposos result\u00f3 con quemaduras de primer y segundo grado.<\/p>\n\n\n\n<p>Las viviendas reducidas a cenizas con todos sus ajuares, estaban ubicadas en el sector Los Barrancones, de dicha localidad.<\/p>\n\n\n\n<figure class=\"wp-block-image size-large is-resized\"><img decoding=\"async\" width=\"576\" height=\"1024\" src=\"https:\/\/lasprimeras.com.do\/wp-content\/uploads\/2023\/11\/Quemadura-576x1024.jpg\" alt=\"\" class=\"wp-image-68986\" style=\"width:840px;height:auto\" srcset=\"https:\/\/lasprimeras.com.do\/wp-content\/uploads\/2023\/11\/Quemadura-576x1024.jpg 576w, https:\/\/lasprimeras.com.do\/wp-content\/uploads\/2023\/11\/Quemadura-169x300.jpg 169w, https:\/\/lasprimeras.com.do\/wp-content\/uploads\/2023\/11\/Quemadura.jpg 720w\" sizes=\"(max-width: 576px) 100vw, 576px\" \/><\/figure>\n\n\n\n<p>La pareja que sufri\u00f3 quemaduras en espalda y brazo, fue identificada como Lenin Inoa y Jacqueline Alc\u00e1ntara, quienes dorm\u00edan cuando se origin\u00f3 el fuego en una de las viviendas.<\/p>\n\n\n\n<p>El siniestro fue sofocado por miembros del Cuerpo de Bomberos del municipio, sin que se produjeran mayores consecuencias.<\/p>\n","protected":false},"excerpt":{"rendered":"<p>Pareja de esposos sufre quemaduras. Montecristi.-Miembros de la Policia Nacional investigan el origen de un incendio que esta madrugada consumi\u00f3 cinco viviendas en el municipio de Pepillo Salcedo (Manzanillo), donde&hellip;<\/p>\n","protected":false},"author":2,"featured_media":68985,"comment_status":"open","ping_status":"open","sticky":false,"template":"","format":"standard","meta":{"content-type":"","jetpack_post_was_ever_published":false,"_jetpack_newsletter_access":"","_jetpack_dont_email_post_to_subs":false,"_jetpack_newsletter_tier_id":0,"_jetpack_memberships_contains_paywalled_content":false,"_jetpack_memberships_contains_paid_content":false,"footnotes":""},"categories":[35,25],"tags":[9923,1399,2022,1311,477,6321,6184,3283],"class_list":["post-68984","post","type-post","status-publish","format-standard","has-post-thumbnail","hentry","category-nacionales","category-portada","tag-consumio","tag-incendio","tag-montecristi","tag-pareja","tag-pn","tag-quemaduras","tag-sufre","tag-viviendas"],"jetpack_featured_media_url":"https:\/\/lasprimeras.com.do\/wp-content\/uploads\/2023\/11\/incendio-1.jpg","jetpack-related-posts":[{"id":50874,"url":"https:\/\/lasprimeras.com.do\/index.php\/2023\/05\/24\/dicrim-persigue-hombre-incendio-vivienda-con-su-pareja-y-su-hijo-dentro\/","url_meta":{"origin":68984,"position":0},"title":"Dicrim persigue hombre incendi\u00f3 vivienda con su pareja y su hijo dentro","author":"prenxa100","date":"24 de mayo de 2023","format":false,"excerpt":"Esperanza, Valverde.-Miembros de Investigaciones Criminales (Dicrim) del Departamento de la Polic\u00eda Nacional, activaron la b\u00fasqueda de un hombre, que incendi\u00f3 la vivienda de su pareja sentimental, con ella y su hijo menor de seis a\u00f1os, dentro de la vivienda. Un informe preliminar suministrado por la Direcci\u00f3n Regional Noroeste de la\u2026","rel":"","context":"En \u00abNACIONALES\u00bb","block_context":{"text":"NACIONALES","link":"https:\/\/lasprimeras.com.do\/index.php\/category\/nacionales\/"},"img":{"alt_text":"","src":"","width":0,"height":0},"classes":[]},{"id":56896,"url":"https:\/\/lasprimeras.com.do\/index.php\/2023\/08\/06\/muere-hombre-que-fue-quemado-por-su-pareja-mientras-dormia-en-moca\/","url_meta":{"origin":68984,"position":1},"title":"Muere hombre que fue quemado por su pareja mientras dorm\u00eda en Moca","author":"Nelson Feliz","date":"6 de agosto de 2023","format":false,"excerpt":"Antonio Valdez luch\u00f3 por su vida durante seis d\u00edas. Falleci\u00f3 en Moca, provincia Espaillat, un hombre que permanec\u00eda en estado cr\u00edtico por graves quemaduras en su cuerpo, luego de que su pareja le rociara gasolina y le prendiera fuego mientras dorm\u00eda. La v\u00edctima es Antonio Valdez, de 36 a\u00f1os de\u2026","rel":"","context":"En \u00abNACIONALES\u00bb","block_context":{"text":"NACIONALES","link":"https:\/\/lasprimeras.com.do\/index.php\/category\/nacionales\/"},"img":{"alt_text":"Antonio Valdez","src":"https:\/\/i0.wp.com\/lasprimeras.com.do\/wp-content\/uploads\/2023\/08\/Antonio-Valdez.jpg?resize=350%2C200&ssl=1","width":350,"height":200,"srcset":"https:\/\/i0.wp.com\/lasprimeras.com.do\/wp-content\/uploads\/2023\/08\/Antonio-Valdez.jpg?resize=350%2C200&ssl=1 1x, https:\/\/i0.wp.com\/lasprimeras.com.do\/wp-content\/uploads\/2023\/08\/Antonio-Valdez.jpg?resize=525%2C300&ssl=1 1.5x, https:\/\/i0.wp.com\/lasprimeras.com.do\/wp-content\/uploads\/2023\/08\/Antonio-Valdez.jpg?resize=700%2C400&ssl=1 2x"},"classes":[]},{"id":84533,"url":"https:\/\/lasprimeras.com.do\/index.php\/2024\/06\/10\/muere-mujer-calcinada-al-incendiarse-vivienda-en-monte-plata\/","url_meta":{"origin":68984,"position":2},"title":"Muere mujer calcinada al incendiarse vivienda en Monte Plata","author":"Nelson Feliz","date":"10 de junio de 2024","format":false,"excerpt":"Por Roberto Rodr\u00edguez Una mujer muri\u00f3calcinada al incendiarse su casa al mediod\u00eda de este domingo, en la comunidad Buena Vista del municipio Sabana Grande de Boy\u00e1, en la provincia de Monte Plata. De acuerdo a informaciones preliminares, el fallecimiento de la mujer a quien todav\u00eda no han podido identificar, fue\u2026","rel":"","context":"En \u00abNACIONALES\u00bb","block_context":{"text":"NACIONALES","link":"https:\/\/lasprimeras.com.do\/index.php\/category\/nacionales\/"},"img":{"alt_text":"","src":"https:\/\/i0.wp.com\/lasprimeras.com.do\/wp-content\/uploads\/2024\/06\/vivienda.jpeg?resize=350%2C200&ssl=1","width":350,"height":200,"srcset":"https:\/\/i0.wp.com\/lasprimeras.com.do\/wp-content\/uploads\/2024\/06\/vivienda.jpeg?resize=350%2C200&ssl=1 1x, https:\/\/i0.wp.com\/lasprimeras.com.do\/wp-content\/uploads\/2024\/06\/vivienda.jpeg?resize=525%2C300&ssl=1 1.5x, https:\/\/i0.wp.com\/lasprimeras.com.do\/wp-content\/uploads\/2024\/06\/vivienda.jpeg?resize=700%2C400&ssl=1 2x, https:\/\/i0.wp.com\/lasprimeras.com.do\/wp-content\/uploads\/2024\/06\/vivienda.jpeg?resize=1050%2C600&ssl=1 3x"},"classes":[]},{"id":96278,"url":"https:\/\/lasprimeras.com.do\/index.php\/2025\/03\/28\/hombre-rocia-gasolina-y-prende-fuego-a-su-pareja-en-vicente-noble\/","url_meta":{"origin":68984,"position":3},"title":"Hombre roc\u00eda gasolina y prende fuego a su pareja en Vicente Noble","author":"Nelson Feliz","date":"28 de marzo de 2025","format":false,"excerpt":"Un hombre identificado como \u00abTaja\u00bb roci\u00f3 con gasolina y prendi\u00f3 fuego a su pareja sentimental, en presencia de sus tres hijas, mientras se encontraban en su vivienda ubicada en el barrio Las Canarias, del municipio de Vicente Noble en Barahona. La v\u00edctima, identificada como Zaony, estaba compartiendo con sus hijas\u2026","rel":"","context":"En \u00abNACIONALES\u00bb","block_context":{"text":"NACIONALES","link":"https:\/\/lasprimeras.com.do\/index.php\/category\/nacionales\/"},"img":{"alt_text":"","src":"","width":0,"height":0},"classes":[]},{"id":125490,"url":"https:\/\/lasprimeras.com.do\/index.php\/2026\/03\/23\/apresan-hombre-provoco-incendio-de-vivienda-donde-murio-su-pareja-sentimental\/","url_meta":{"origin":68984,"position":4},"title":"Apresan hombre provoco incendio de vivienda donde muri\u00f3 su pareja sentimental","author":"Nelson Feliz","date":"23 de marzo de 2026","format":false,"excerpt":"Agentes de la Polic\u00eda Nacional apresaron a un hombre se\u00f1alado como el presunto responsable de provocar un incendio en una vivienda donde result\u00f3 fallecida su pareja sentimental, en un hecho ocurrido la ma\u00f1ana de este lunes 23 de marzo en el sector Maquiteria, Santo Domingo Este. El detenido es Gel\u00edn\u2026","rel":"","context":"En \u00abNACIONALES\u00bb","block_context":{"text":"NACIONALES","link":"https:\/\/lasprimeras.com.do\/index.php\/category\/nacionales\/"},"img":{"alt_text":"","src":"https:\/\/i0.wp.com\/lasprimeras.com.do\/wp-content\/uploads\/2026\/03\/preso-1.jpg?resize=350%2C200&ssl=1","width":350,"height":200},"classes":[]},{"id":78257,"url":"https:\/\/lasprimeras.com.do\/index.php\/2024\/02\/29\/se-entrega-hombre-era-activamente-buscado-por-incendiar-a-su-pareja-sentimental-en-los-mameyes\/","url_meta":{"origin":68984,"position":5},"title":"Se entrega hombre era activamente buscado por incendiar a su pareja sentimental en Los Mameyes","author":"BIMARY DE JES\u00daS Matos","date":"29 de febrero de 2024","format":false,"excerpt":"Los Mameyes.-Se entreg\u00f3 hoy en el Palacio de la Polic\u00eda Nacional el pr\u00f3fugo Robin Amaury Javier Rinc\u00f3n, quien era perseguido de manera activa por haber causado quemaduras de tercer grado a su compa\u00f1era sentimental, Susana Santana Fabi\u00e1n, de 27 a\u00f1os, tras rociarle gasolina y prenderle fuego. El lamentable hecho se\u2026","rel":"","context":"En \u00abPORTADA\u00bb","block_context":{"text":"PORTADA","link":"https:\/\/lasprimeras.com.do\/index.php\/category\/portada\/"},"img":{"alt_text":"","src":"https:\/\/i0.wp.com\/lasprimeras.com.do\/wp-content\/uploads\/2024\/02\/db4da75c-00e7-41cb-9b1c-b7b3a28da7b6-1024x748-1.jpeg?resize=350%2C200&ssl=1","width":350,"height":200,"srcset":"https:\/\/i0.wp.com\/lasprimeras.com.do\/wp-content\/uploads\/2024\/02\/db4da75c-00e7-41cb-9b1c-b7b3a28da7b6-1024x748-1.jpeg?resize=350%2C200&ssl=1 1x, https:\/\/i0.wp.com\/lasprimeras.com.do\/wp-content\/uploads\/2024\/02\/db4da75c-00e7-41cb-9b1c-b7b3a28da7b6-1024x748-1.jpeg?resize=525%2C300&ssl=1 1.5x, https:\/\/i0.wp.com\/lasprimeras.com.do\/wp-content\/uploads\/2024\/02\/db4da75c-00e7-41cb-9b1c-b7b3a28da7b6-1024x748-1.jpeg?resize=700%2C400&ssl=1 2x"},"classes":[]}],"jetpack_sharing_enabled":true,"_links":{"self":[{"href":"https:\/\/lasprimeras.com.do\/index.php\/wp-json\/wp\/v2\/posts\/68984","targetHints":{"allow":["GET"]}}],"collection":[{"href":"https:\/\/lasprimeras.com.do\/index.php\/wp-json\/wp\/v2\/posts"}],"about":[{"href":"https:\/\/lasprimeras.com.do\/index.php\/wp-json\/wp\/v2\/types\/post"}],"author":[{"embeddable":true,"href":"https:\/\/lasprimeras.com.do\/index.php\/wp-json\/wp\/v2\/users\/2"}],"replies":[{"embeddable":true,"href":"https:\/\/lasprimeras.com.do\/index.php\/wp-json\/wp\/v2\/comments?post=68984"}],"version-history":[{"count":1,"href":"https:\/\/lasprimeras.com.do\/index.php\/wp-json\/wp\/v2\/posts\/68984\/revisions"}],"predecessor-version":[{"id":68987,"href":"https:\/\/lasprimeras.com.do\/index.php\/wp-json\/wp\/v2\/posts\/68984\/revisions\/68987"}],"wp:featuredmedia":[{"embeddable":true,"href":"https:\/\/lasprimeras.com.do\/index.php\/wp-json\/wp\/v2\/media\/68985"}],"wp:attachment":[{"href":"https:\/\/lasprimeras.com.do\/index.php\/wp-json\/wp\/v2\/media?parent=68984"}],"wp:term":[{"taxonomy":"category","embeddable":true,"href":"https:\/\/lasprimeras.com.do\/index.php\/wp-json\/wp\/v2\/categories?post=68984"},{"taxonomy":"post_tag","embeddable":true,"href":"https:\/\/lasprimeras.com.do\/index.php\/wp-json\/wp\/v2\/tags?post=68984"}],"curies":[{"name":"wp","href":"https:\/\/api.w.org\/{rel}","templated":true}]}}