{"id":68988,"date":"2023-11-29T09:03:49","date_gmt":"2023-11-29T13:03:49","guid":{"rendered":"https:\/\/lasprimeras.com.do\/?p=68988"},"modified":"2023-11-29T09:03:51","modified_gmt":"2023-11-29T13:03:51","slug":"mide-se-reune-con-oficiales-comando-sur-de-eeuu-para-mejorar-carrera-suboficiales-dominicanos","status":"publish","type":"post","link":"https:\/\/lasprimeras.com.do\/index.php\/2023\/11\/29\/mide-se-reune-con-oficiales-comando-sur-de-eeuu-para-mejorar-carrera-suboficiales-dominicanos\/","title":{"rendered":"MIDE se re\u00fane con oficiales Comando Sur de EEUU para mejorar carrera suboficiales dominicanos"},"content":{"rendered":"\n<p>Por Martin Restituyo<\/p>\n\n\n\n<p>El ministro de Defensa, Carlos Luciano D\u00edaz Morfa (ERD) recibi\u00f3 en su despacho una comitiva de suboficiales estadounidenses, encabezada por el sargento mayor del Comando Sur de los Estados Unidos, Rafael Rodr\u00edguez, con la cual evalu\u00f3 la posibilidad de fomentar avances en la carrera de suboficiales en la Rep\u00fablica Dominicana.<\/p>\n\n\n\n<p>Los suboficiales de Estados Unidos, tambi\u00e9n sostuvieron una reuni\u00f3n, encabezada por el inspector general de las Fuerzas Armadas, Miguel \u00c1ngel Rubio B\u00e1ez, ERD, en el sal\u00f3n de reuniones del Centro de Comando, Control, Comunicaciones, Computadoras, Ciberseguridad e Inteligencia del MIDE (C5i), donde adem\u00e1s de evaluar el tema de referencia se le present\u00f3 una panor\u00e1mica general de la frontera dom\u00ednico-haitiana, destacando las operaciones de inteligencias y las amenazas comunes que se presentan por aire, mar y tierra.<\/p>\n\n\n\n<p>El sargento mayor del Comando Sur de los EE.UU., Rafael Rodr\u00edguez, dijo que con este encuentro se busca profesionalizar e identificar las metodolog\u00edas para ayudar a la certificaci\u00f3n de instructores y facilitadores a trav\u00e9s de diversos programas que eleven la carrera de los suboficiales dominicanos.<\/p>\n\n\n\n<p>De igual modo, el director de la Escuela de Graduados de Altos Estudios Estrat\u00e9gicos (Egaee), coronel, Nelton Baralt Blanco, ERD, present\u00f3 una cronolog\u00eda del estado actual que contempla la carrera de suboficiales en el pa\u00eds, resaltando la creaci\u00f3n de las escuelas, programas y las mejoras de las competencias de los soldados.<\/p>\n\n\n\n<p>El director de la Escuela de Derechos Humanos y Derecho Internacional Humanitario, general de Brigada Ambiorix de Jes\u00fas Cepeda Hern\u00e1ndez, ERD, hizo un recuento de los avances y logros alcanzados por la instituci\u00f3n acad\u00e9mica en la formaci\u00f3n de civiles y militares. Esta primera reuni\u00f3n proporcionar\u00e1 a los representantes del Comando Sur una visi\u00f3n directa y la posibilidad para identificar las debilidades y brindar el apoyo requerido por la instituci\u00f3n militar, en el desarrollo de la carrera de suboficial.<\/p>\n\n\n\n<p>En el encuentro participaron conjuntamente con la comisi\u00f3n antes citada del Ej\u00e9rcito de los EE.UU. los sargentos mayores de Comando, Owen J. Smith, maestro H\u00e9ctor Guillen, el agregado militar de los EE.UU. y los directores de las escuelas de las FF.AA., adem\u00e1s una delegaci\u00f3n que trabaja en la creaci\u00f3n funcional y estructural de la comisi\u00f3n de suboficiales en el pa\u00eds.<\/p>\n","protected":false},"excerpt":{"rendered":"<p>Por Martin Restituyo El ministro de Defensa, Carlos Luciano D\u00edaz Morfa (ERD) recibi\u00f3 en su despacho una comitiva de suboficiales estadounidenses, encabezada por el sargento mayor del Comando Sur de&hellip;<\/p>\n","protected":false},"author":2,"featured_media":68989,"comment_status":"open","ping_status":"open","sticky":false,"template":"","format":"standard","meta":{"content-type":"","jetpack_post_was_ever_published":false,"_jetpack_newsletter_access":"","_jetpack_dont_email_post_to_subs":false,"_jetpack_newsletter_tier_id":0,"_jetpack_memberships_contains_paywalled_content":false,"_jetpack_memberships_contains_paid_content":false,"footnotes":""},"categories":[3057,25],"tags":[566,9924,487,447,5949,9925],"class_list":["post-68988","post","type-post","status-publish","format-standard","has-post-thumbnail","hentry","category-militares","category-portada","tag-carrera","tag-comando-sur-de-eeuu","tag-dominicanos","tag-mide","tag-oficiales","tag-suboficiales"],"jetpack_featured_media_url":"https:\/\/lasprimeras.com.do\/wp-content\/uploads\/2023\/11\/El-ministro-de-Defensa-Carlos-Luciano-Diaz-Morfa-y-el-mayor-del-Comando-Sur-de-los-Estados-Unidos-Rafael-Rodriguez.jpeg","jetpack-related-posts":[{"id":85558,"url":"https:\/\/lasprimeras.com.do\/index.php\/2024\/07\/02\/base-de-infanteria-de-marina-recibe-visita-de-la-guardia-nacional-de-puerto-rico\/","url_meta":{"origin":68988,"position":0},"title":"Base de Infanter\u00eda de Marina recibe visita de la Guardia Nacional de Puerto Rico","author":"Nelson Feliz","date":"2 de julio de 2024","format":false,"excerpt":"La Base de Infanter\u00eda de Marina Vicealmirante Manuel Ram\u00f3n Montes Arache fue el escenario de una importante visita por parte de una delegaci\u00f3n de la Guardia Nacional de Puerto Rico, quienes fueron recibidos por el contralmirante Elio Manuel Cruz Camacho, comandante de la base, junto a una comisi\u00f3n de oficiales\u2026","rel":"","context":"En \u00abMILITARES\u00bb","block_context":{"text":"MILITARES","link":"https:\/\/lasprimeras.com.do\/index.php\/category\/militares\/"},"img":{"alt_text":"","src":"https:\/\/i0.wp.com\/lasprimeras.com.do\/wp-content\/uploads\/2024\/07\/BASE.jpg?resize=350%2C200&ssl=1","width":350,"height":200,"srcset":"https:\/\/i0.wp.com\/lasprimeras.com.do\/wp-content\/uploads\/2024\/07\/BASE.jpg?resize=350%2C200&ssl=1 1x, https:\/\/i0.wp.com\/lasprimeras.com.do\/wp-content\/uploads\/2024\/07\/BASE.jpg?resize=525%2C300&ssl=1 1.5x, https:\/\/i0.wp.com\/lasprimeras.com.do\/wp-content\/uploads\/2024\/07\/BASE.jpg?resize=700%2C400&ssl=1 2x"},"classes":[]},{"id":109198,"url":"https:\/\/lasprimeras.com.do\/index.php\/2025\/09\/15\/mide-conmemora-independencia-de-centroamerica-y-como-parte-de-la-cfac-condecora-a-44-militares-dominicanos\/","url_meta":{"origin":68988,"position":1},"title":"MIDE conmemora Independencia de Centroam\u00e9rica y, como parte de la CFAC, condecora a 44 militares dominicanos","author":"Nelson Feliz","date":"15 de septiembre de 2025","format":false,"excerpt":"El Ministerio de Defensa (MIDE) realiz\u00f3 este lunes una solemne ceremonia de izada de banderas en conmemoraci\u00f3n del 204 aniversario de la Independencia de los pa\u00edses centroamericanos (Costa Rica, El Salvador, Guatemala, Honduras y Nicaragua), reafirmando los lazos hist\u00f3ricos, culturales y de integraci\u00f3n que unen a la Rep\u00fablica Dominicana con\u2026","rel":"","context":"En \u00abMILITARES\u00bb","block_context":{"text":"MILITARES","link":"https:\/\/lasprimeras.com.do\/index.php\/category\/militares\/"},"img":{"alt_text":"","src":"https:\/\/i0.wp.com\/lasprimeras.com.do\/wp-content\/uploads\/2025\/09\/mide.jpg?resize=350%2C200&ssl=1","width":350,"height":200,"srcset":"https:\/\/i0.wp.com\/lasprimeras.com.do\/wp-content\/uploads\/2025\/09\/mide.jpg?resize=350%2C200&ssl=1 1x, https:\/\/i0.wp.com\/lasprimeras.com.do\/wp-content\/uploads\/2025\/09\/mide.jpg?resize=525%2C300&ssl=1 1.5x, https:\/\/i0.wp.com\/lasprimeras.com.do\/wp-content\/uploads\/2025\/09\/mide.jpg?resize=700%2C400&ssl=1 2x"},"classes":[]},{"id":117510,"url":"https:\/\/lasprimeras.com.do\/index.php\/2025\/12\/11\/fard-y-aeofard-anuncian-inicio-de-temporada-navidena-institucional\/","url_meta":{"origin":68988,"position":2},"title":"FARD y AEOFARD anuncian inicio de temporada navide\u00f1a institucional","author":"Nelson Feliz","date":"11 de diciembre de 2025","format":false,"excerpt":"La Fuerza A\u00e9rea de Rep\u00fablica Dominicana (FARD) y la Asociaci\u00f3n de Esposas de Oficiales de la Fuerza A\u00e9rea (AEOFARD) realizaron el encendido del \u00e1rbol navide\u00f1o en las inmediaciones de la Iglesia Nuestra Se\u00f1ora del Carmen, en la Base A\u00e9rea San Isidro. El acto estuvo encabezado por el ministro de Defensa,\u2026","rel":"","context":"En \u00abMILITARES\u00bb","block_context":{"text":"MILITARES","link":"https:\/\/lasprimeras.com.do\/index.php\/category\/militares\/"},"img":{"alt_text":"","src":"https:\/\/i0.wp.com\/lasprimeras.com.do\/wp-content\/uploads\/2025\/12\/una.jpeg?resize=350%2C200&ssl=1","width":350,"height":200,"srcset":"https:\/\/i0.wp.com\/lasprimeras.com.do\/wp-content\/uploads\/2025\/12\/una.jpeg?resize=350%2C200&ssl=1 1x, https:\/\/i0.wp.com\/lasprimeras.com.do\/wp-content\/uploads\/2025\/12\/una.jpeg?resize=525%2C300&ssl=1 1.5x, https:\/\/i0.wp.com\/lasprimeras.com.do\/wp-content\/uploads\/2025\/12\/una.jpeg?resize=700%2C400&ssl=1 2x, https:\/\/i0.wp.com\/lasprimeras.com.do\/wp-content\/uploads\/2025\/12\/una.jpeg?resize=1050%2C600&ssl=1 3x"},"classes":[]},{"id":96031,"url":"https:\/\/lasprimeras.com.do\/index.php\/2025\/03\/24\/se-entrega-policia-que-estaba-profugo-tras-matar-a-su-pareja-y-a-suegra-en-la-vega\/","url_meta":{"origin":68988,"position":3},"title":"Se entrega polic\u00eda que estaba pr\u00f3fugo tras matar a su pareja y a suegra en La Vega","author":"Nelson Feliz","date":"24 de marzo de 2025","format":false,"excerpt":"El suboficial tambi\u00e9n hiri\u00f3 en enero a un empleado de las v\u00edctimas mortales. El segundo teniente de la Polic\u00eda Juan Luis Jim\u00e9nez Adames se entreg\u00f3 a las autoridades para responder a la imputaci\u00f3n de haber matado a su pareja, a su suegra y a un empleado de estas en el\u2026","rel":"","context":"En \u00abNACIONALES\u00bb","block_context":{"text":"NACIONALES","link":"https:\/\/lasprimeras.com.do\/index.php\/category\/nacionales\/"},"img":{"alt_text":"","src":"","width":0,"height":0},"classes":[]},{"id":106809,"url":"https:\/\/lasprimeras.com.do\/index.php\/2025\/08\/19\/mide-gradua-a-cadetes-y-soldados-en-cursos-de-operaciones-tacticas-especiales-en-areas-urbanas\/","url_meta":{"origin":68988,"position":4},"title":"MIDE grad\u00faa a cadetes y soldados en cursos de Operaciones T\u00e1cticas Especiales en \u00c1reas Urbanas","author":"Nelson Feliz","date":"19 de agosto de 2025","format":false,"excerpt":"El Ministerio de Defensa (MIDE) celebr\u00f3 la graduaci\u00f3n de los cursos de \u201cOperaciones T\u00e1cticas Especiales en \u00c1reas Urbanizadas\u201d (Monteros) y Tirador de Alta Precisi\u00f3n (TAP). Los entrenamientos fueron impartidos a los cadetes de cuarto a\u00f1o del glorioso Ej\u00e9rcito de la Rep\u00fablica Dominicana, as\u00ed como a miembros de la Unidad de\u2026","rel":"","context":"En \u00abMILITARES\u00bb","block_context":{"text":"MILITARES","link":"https:\/\/lasprimeras.com.do\/index.php\/category\/militares\/"},"img":{"alt_text":"","src":"https:\/\/i0.wp.com\/lasprimeras.com.do\/wp-content\/uploads\/2025\/08\/ONOFRE-1.jpg?resize=350%2C200&ssl=1","width":350,"height":200,"srcset":"https:\/\/i0.wp.com\/lasprimeras.com.do\/wp-content\/uploads\/2025\/08\/ONOFRE-1.jpg?resize=350%2C200&ssl=1 1x, https:\/\/i0.wp.com\/lasprimeras.com.do\/wp-content\/uploads\/2025\/08\/ONOFRE-1.jpg?resize=525%2C300&ssl=1 1.5x, https:\/\/i0.wp.com\/lasprimeras.com.do\/wp-content\/uploads\/2025\/08\/ONOFRE-1.jpg?resize=700%2C400&ssl=1 2x"},"classes":[]},{"id":111184,"url":"https:\/\/lasprimeras.com.do\/index.php\/2025\/10\/06\/mide-impulsa-cooperacion-internacional-en-formacion-digital-para-la-digev-junto-a-interlat-y-la-universidad-militar-nueva-granada\/","url_meta":{"origin":68988,"position":5},"title":"MIDE impulsa cooperaci\u00f3n internacional en formaci\u00f3n digital para la DIGEV junto a INTERLAT y la Universidad Militar Nueva Granada","author":"Nelson Feliz","date":"6 de octubre de 2025","format":false,"excerpt":"El Ministerio de Defensa de la Rep\u00fablica Dominicana (MIDE), a trav\u00e9s de la Direcci\u00f3n General de las Escuelas Vocacionales de las Fuerzas Armadas y de la Polic\u00eda Nacional (DIGEV), firm\u00f3 una carta de intenci\u00f3n de cooperaci\u00f3n con INTERLAT Colombia SAS y la Universidad Militar Nueva Granada (UMNG), con el prop\u00f3sito\u2026","rel":"","context":"En \u00abMILITARES\u00bb","block_context":{"text":"MILITARES","link":"https:\/\/lasprimeras.com.do\/index.php\/category\/militares\/"},"img":{"alt_text":"","src":"https:\/\/i0.wp.com\/lasprimeras.com.do\/wp-content\/uploads\/2025\/10\/cooperacion-internacional-1.jpg?resize=350%2C200&ssl=1","width":350,"height":200,"srcset":"https:\/\/i0.wp.com\/lasprimeras.com.do\/wp-content\/uploads\/2025\/10\/cooperacion-internacional-1.jpg?resize=350%2C200&ssl=1 1x, https:\/\/i0.wp.com\/lasprimeras.com.do\/wp-content\/uploads\/2025\/10\/cooperacion-internacional-1.jpg?resize=525%2C300&ssl=1 1.5x, https:\/\/i0.wp.com\/lasprimeras.com.do\/wp-content\/uploads\/2025\/10\/cooperacion-internacional-1.jpg?resize=700%2C400&ssl=1 2x"},"classes":[]}],"jetpack_sharing_enabled":true,"_links":{"self":[{"href":"https:\/\/lasprimeras.com.do\/index.php\/wp-json\/wp\/v2\/posts\/68988","targetHints":{"allow":["GET"]}}],"collection":[{"href":"https:\/\/lasprimeras.com.do\/index.php\/wp-json\/wp\/v2\/posts"}],"about":[{"href":"https:\/\/lasprimeras.com.do\/index.php\/wp-json\/wp\/v2\/types\/post"}],"author":[{"embeddable":true,"href":"https:\/\/lasprimeras.com.do\/index.php\/wp-json\/wp\/v2\/users\/2"}],"replies":[{"embeddable":true,"href":"https:\/\/lasprimeras.com.do\/index.php\/wp-json\/wp\/v2\/comments?post=68988"}],"version-history":[{"count":1,"href":"https:\/\/lasprimeras.com.do\/index.php\/wp-json\/wp\/v2\/posts\/68988\/revisions"}],"predecessor-version":[{"id":68990,"href":"https:\/\/lasprimeras.com.do\/index.php\/wp-json\/wp\/v2\/posts\/68988\/revisions\/68990"}],"wp:featuredmedia":[{"embeddable":true,"href":"https:\/\/lasprimeras.com.do\/index.php\/wp-json\/wp\/v2\/media\/68989"}],"wp:attachment":[{"href":"https:\/\/lasprimeras.com.do\/index.php\/wp-json\/wp\/v2\/media?parent=68988"}],"wp:term":[{"taxonomy":"category","embeddable":true,"href":"https:\/\/lasprimeras.com.do\/index.php\/wp-json\/wp\/v2\/categories?post=68988"},{"taxonomy":"post_tag","embeddable":true,"href":"https:\/\/lasprimeras.com.do\/index.php\/wp-json\/wp\/v2\/tags?post=68988"}],"curies":[{"name":"wp","href":"https:\/\/api.w.org\/{rel}","templated":true}]}}