{"id":69044,"date":"2023-11-29T15:25:30","date_gmt":"2023-11-29T19:25:30","guid":{"rendered":"https:\/\/lasprimeras.com.do\/?p=69044"},"modified":"2023-11-29T15:25:31","modified_gmt":"2023-11-29T19:25:31","slug":"la-busqueda-de-kiko-la-quema-cumple-nueve-dias-alterando-la-tranquilidad-en-cambita","status":"publish","type":"post","link":"https:\/\/lasprimeras.com.do\/index.php\/2023\/11\/29\/la-busqueda-de-kiko-la-quema-cumple-nueve-dias-alterando-la-tranquilidad-en-cambita\/","title":{"rendered":"La b\u00fasqueda de Kiko la Quema cumple nueve d\u00edas alterando &#8220;la tranquilidad&#8221; en Cambita"},"content":{"rendered":"\n<p>San Crist\u00f3bal.-Este martes se cumplen nueve d\u00edas de que la vida cambiara su ritmo cotidiano, por miedo, tiroteo y requisas, en el municipio de Cambita Garabitos, en San Crist\u00f3bal.<\/p>\n\n\n\n<p>Fue el martes 21 de noviembre cuando las autoridades policiales arreciaron un operativo de b\u00fasqueda del fugitivo Jos\u00e9 Antonio Figuereo Bautista \u201cKiko la Quema\u201d, se\u00f1alado como presunto jefe del microtr\u00e1fico en gran parte de esa provincia sure\u00f1a.<\/p>\n\n\n\n<p>La noche del martes no se escucharon tiroteos, como la anterior, y eso da tranquilidad a la gente, dijo un se\u00f1or que no se quiso identificar.<\/p>\n\n\n\n<p>Este mi\u00e9rcoles los agentes cambiaron su estrategia, seg\u00fan cuentan mun\u00edcipes, pues est\u00e1n actuando menos agresivo y lo atribuyen a que se han ido entregando personas que la Polic\u00eda los vincula a Kiko la Quema.<\/p>\n\n\n\n<p>La docencia contin\u00faa en la modalidad virtual en todas las escuelas que comprenden Cambita y Los Cacaos, como una medida que busca salvaguardar la vida de los estudiantes, maestros y personal administrativo, en caso de ser sorprendidos en medio de un tiroteo.<\/p>\n","protected":false},"excerpt":{"rendered":"<p>San Crist\u00f3bal.-Este martes se cumplen nueve d\u00edas de que la vida cambiara su ritmo cotidiano, por miedo, tiroteo y requisas, en el municipio de Cambita Garabitos, en San Crist\u00f3bal. Fue&hellip;<\/p>\n","protected":false},"author":3,"featured_media":69045,"comment_status":"open","ping_status":"open","sticky":false,"template":"","format":"standard","meta":{"content-type":"","jetpack_post_was_ever_published":false,"_jetpack_newsletter_access":"","_jetpack_dont_email_post_to_subs":false,"_jetpack_newsletter_tier_id":0,"_jetpack_memberships_contains_paywalled_content":false,"_jetpack_memberships_contains_paid_content":false,"footnotes":""},"categories":[35],"tags":[9825],"class_list":["post-69044","post","type-post","status-publish","format-standard","has-post-thumbnail","hentry","category-nacionales","tag-kiko-la-quema"],"jetpack_featured_media_url":"https:\/\/lasprimeras.com.do\/wp-content\/uploads\/2023\/11\/Hidrocarburos-6-1.jpg","jetpack-related-posts":[{"id":69111,"url":"https:\/\/lasprimeras.com.do\/index.php\/2023\/11\/30\/baja-la-tension-en-cambita-garabito-mientras-continua-el-rastreo-de-kiko-la-quema\/","url_meta":{"origin":69044,"position":0},"title":"Baja la tensi\u00f3n en Cambita Garabito mientras contin\u00faa el rastreo de &#8220;Kiko la Quema&#8221;","author":"BIMARY DE JES\u00daS Matos","date":"30 de noviembre de 2023","format":false,"excerpt":"Santo Domingo.-Hoy, jueves, se cumplen nueve d\u00edas de un cambio radical lineal en el ritmo de vida cotidiano, por una combinaci\u00f3n de miedo, tiroteo y requisas, en el municipio Cambita Garabitos, de la provincia San Crist\u00f3bal. Esto, desde que el martes 21 de noviembre las autoridades policiales arreciaron un operativo\u2026","rel":"","context":"En \u00abNACIONALES\u00bb","block_context":{"text":"NACIONALES","link":"https:\/\/lasprimeras.com.do\/index.php\/category\/nacionales\/"},"img":{"alt_text":"","src":"https:\/\/i0.wp.com\/lasprimeras.com.do\/wp-content\/uploads\/2023\/11\/Noticias-de-energia-30.jpg?resize=350%2C200&ssl=1","width":350,"height":200,"srcset":"https:\/\/i0.wp.com\/lasprimeras.com.do\/wp-content\/uploads\/2023\/11\/Noticias-de-energia-30.jpg?resize=350%2C200&ssl=1 1x, https:\/\/i0.wp.com\/lasprimeras.com.do\/wp-content\/uploads\/2023\/11\/Noticias-de-energia-30.jpg?resize=525%2C300&ssl=1 1.5x"},"classes":[]},{"id":71778,"url":"https:\/\/lasprimeras.com.do\/index.php\/2023\/12\/22\/hija-de-kiko-la-quema-denuncia-policias-destruyeron-sus-pertenencias-buscando-a-su-padre\/","url_meta":{"origin":69044,"position":1},"title":"Hija de &#8220;Kiko la Quema&#8221; denuncia polic\u00edas destruyeron sus pertenencias buscando a su padre","author":"BIMARY DE JES\u00daS Matos","date":"22 de diciembre de 2023","format":false,"excerpt":"Santo Domingo.-Una de las hijas de Jos\u00e9 Antonio Figuereo, alias \"Kiko la Quema\", denunci\u00f3 a trav\u00e9s de Diario Libre que agentes de la Polic\u00eda Nacional ingresaron a su residencia y le destruyeron todas sus pertenencias sin ella estar presente. Flor Mar\u00eda Figuero, de 17 a\u00f1os, manifest\u00f3 que producto de la\u2026","rel":"","context":"En \u00abNACIONALES\u00bb","block_context":{"text":"NACIONALES","link":"https:\/\/lasprimeras.com.do\/index.php\/category\/nacionales\/"},"img":{"alt_text":"","src":"","width":0,"height":0},"classes":[]},{"id":69287,"url":"https:\/\/lasprimeras.com.do\/index.php\/2023\/12\/01\/parientes-de-kiko-la-quema-puestos-nueva-vez-bajo-arresto\/","url_meta":{"origin":69044,"position":2},"title":"Parientes de \u201cKiko la Quema\u201d puestos nueva vez bajo arresto","author":"BIMARY DE JES\u00daS Matos","date":"1 de diciembre de 2023","format":false,"excerpt":"Santo Domingo.-La Polic\u00eda contin\u00faa los arrestos de parientes y presuntos vinculados al fugitivo Jos\u00e9 Antonio Figuereo Bautista, alias \u201cKiko la Quema\u201d, entre ellos una hija de \u00e9ste, de 14 a\u00f1os, seg\u00fan denunciaron ante List\u00edn Diario residentes en Cambita Garabito. Ayer hab\u00eda 11 detenidos confirmados. Nueve en el destacamento de Cambita\u2026","rel":"","context":"En \u00abNACIONALES\u00bb","block_context":{"text":"NACIONALES","link":"https:\/\/lasprimeras.com.do\/index.php\/category\/nacionales\/"},"img":{"alt_text":"","src":"https:\/\/i0.wp.com\/lasprimeras.com.do\/wp-content\/uploads\/2023\/12\/Noticias-de-energia-51-1.jpg?resize=350%2C200&ssl=1","width":350,"height":200,"srcset":"https:\/\/i0.wp.com\/lasprimeras.com.do\/wp-content\/uploads\/2023\/12\/Noticias-de-energia-51-1.jpg?resize=350%2C200&ssl=1 1x, https:\/\/i0.wp.com\/lasprimeras.com.do\/wp-content\/uploads\/2023\/12\/Noticias-de-energia-51-1.jpg?resize=525%2C300&ssl=1 1.5x"},"classes":[]},{"id":69351,"url":"https:\/\/lasprimeras.com.do\/index.php\/2023\/12\/01\/ministro-de-interior-y-policia-pide-a-kiko-la-quema-que-se-entregue-que-le-garantizan-la-vida\/","url_meta":{"origin":69044,"position":3},"title":"Ministro de Interior y Polic\u00eda pide a Kiko la Quema que se entregue, que le garantizan la vida","author":"BIMARY DE JES\u00daS Matos","date":"1 de diciembre de 2023","format":false,"excerpt":"Santo Domingo.-El Ministro de Interior y Polic\u00eda, Jes\u00fas (Ch\u00fa) V\u00e1squez, hizo un llamado a Kiko la Quema para que se entregue, ya que la Polic\u00eda Nacional est\u00e1 tras \u00e9l. \u00abOjal\u00e1 que se entregara. Lo mejor es que se entregue\u00bb, asegur\u00f3 Ch\u00fa V\u00e1squez. Jos\u00e9 Antonio Figuereo Bautista, alias Kiko la Quema,\u2026","rel":"","context":"En \u00abPORTADA\u00bb","block_context":{"text":"PORTADA","link":"https:\/\/lasprimeras.com.do\/index.php\/category\/portada\/"},"img":{"alt_text":"","src":"https:\/\/i0.wp.com\/lasprimeras.com.do\/wp-content\/uploads\/2023\/12\/WhatsApp-Image-2023-11-30-at-8.16.41-PM.jpeg?resize=350%2C200&ssl=1","width":350,"height":200,"srcset":"https:\/\/i0.wp.com\/lasprimeras.com.do\/wp-content\/uploads\/2023\/12\/WhatsApp-Image-2023-11-30-at-8.16.41-PM.jpeg?resize=350%2C200&ssl=1 1x, https:\/\/i0.wp.com\/lasprimeras.com.do\/wp-content\/uploads\/2023\/12\/WhatsApp-Image-2023-11-30-at-8.16.41-PM.jpeg?resize=525%2C300&ssl=1 1.5x"},"classes":[]},{"id":68866,"url":"https:\/\/lasprimeras.com.do\/index.php\/2023\/11\/28\/hermano-de-kiko-la-quema-cuando-menor-lo-entregue-dos-veces-le-pedimos-que-se-entregue\/","url_meta":{"origin":69044,"position":4},"title":"Hermano de Kiko la Quema: Cuando menor lo entregue dos veces; le pedimos que se entregue","author":"Nelson Feliz","date":"28 de noviembre de 2023","format":false,"excerpt":"El campesino, evidentemente indignado,clama para que se detenga el maltrato contra \u00e9l y sus hermanas que no tienen que ver con el fugitivo. \u201cYo quiero que el presidente y la Polic\u00eda entienda que soy la \u00faltima persona que \u00e9l (Kiko la Quema) va a buscar, porque sabe que lo voy\u2026","rel":"","context":"En \u00abNACIONALES\u00bb","block_context":{"text":"NACIONALES","link":"https:\/\/lasprimeras.com.do\/index.php\/category\/nacionales\/"},"img":{"alt_text":"El hermano mayor de >Kiko la Quema es un campesino que dice estar distanciado del fugitivo","src":"https:\/\/i0.wp.com\/lasprimeras.com.do\/wp-content\/uploads\/2023\/11\/El-hermano-mayor-de-Kiko-la-Quema-es-un-campesino-que-dice-estar-distanciado-del-fugitivo.jpeg?resize=350%2C200&ssl=1","width":350,"height":200,"srcset":"https:\/\/i0.wp.com\/lasprimeras.com.do\/wp-content\/uploads\/2023\/11\/El-hermano-mayor-de-Kiko-la-Quema-es-un-campesino-que-dice-estar-distanciado-del-fugitivo.jpeg?resize=350%2C200&ssl=1 1x, https:\/\/i0.wp.com\/lasprimeras.com.do\/wp-content\/uploads\/2023\/11\/El-hermano-mayor-de-Kiko-la-Quema-es-un-campesino-que-dice-estar-distanciado-del-fugitivo.jpeg?resize=525%2C300&ssl=1 1.5x, https:\/\/i0.wp.com\/lasprimeras.com.do\/wp-content\/uploads\/2023\/11\/El-hermano-mayor-de-Kiko-la-Quema-es-un-campesino-que-dice-estar-distanciado-del-fugitivo.jpeg?resize=700%2C400&ssl=1 2x"},"classes":[]},{"id":68660,"url":"https:\/\/lasprimeras.com.do\/index.php\/2023\/11\/26\/pn-mata-hombre-y-apresa-coronel-vinculado-al-microtraficante-kiko-la-quema-en-sc\/","url_meta":{"origin":69044,"position":5},"title":"PN mata hombre y apresa coronel vinculado al microtraficante &#8220;Kiko la Quema&#8221; en SC","author":"Nelson Feliz","date":"26 de noviembre de 2023","format":false,"excerpt":"La Polic\u00eda Nacional inform\u00f3 que mat\u00f3 a un hombre al que se\u00f1ala como miembro de la banda de Jos\u00e9 Antonio Figuereo Bautista, \"Kiko la Quema\", de quien dice, se dedica al microtr\u00e1fico de drogas en San Crist\u00f3bal y est\u00e1 pr\u00f3fugo. Una nota de prensa se\u00f1ala que el occiso es Yunior\u2026","rel":"","context":"En \u00abMILITARES\u00bb","block_context":{"text":"MILITARES","link":"https:\/\/lasprimeras.com.do\/index.php\/category\/militares\/"},"img":{"alt_text":"Armas y dinero ocupado por la Polic\u00eda Nacional al hombre que falleci\u00f3 en San Crist\u00f3bal","src":"https:\/\/i0.wp.com\/lasprimeras.com.do\/wp-content\/uploads\/2023\/11\/Armas-y-dinero-ocupado-por-la-Policia-Nacional-al-hombre-que-fallecio-en-San-Cristobal.jpg?resize=350%2C200&ssl=1","width":350,"height":200,"srcset":"https:\/\/i0.wp.com\/lasprimeras.com.do\/wp-content\/uploads\/2023\/11\/Armas-y-dinero-ocupado-por-la-Policia-Nacional-al-hombre-que-fallecio-en-San-Cristobal.jpg?resize=350%2C200&ssl=1 1x, https:\/\/i0.wp.com\/lasprimeras.com.do\/wp-content\/uploads\/2023\/11\/Armas-y-dinero-ocupado-por-la-Policia-Nacional-al-hombre-que-fallecio-en-San-Cristobal.jpg?resize=525%2C300&ssl=1 1.5x, https:\/\/i0.wp.com\/lasprimeras.com.do\/wp-content\/uploads\/2023\/11\/Armas-y-dinero-ocupado-por-la-Policia-Nacional-al-hombre-que-fallecio-en-San-Cristobal.jpg?resize=700%2C400&ssl=1 2x"},"classes":[]}],"jetpack_sharing_enabled":true,"_links":{"self":[{"href":"https:\/\/lasprimeras.com.do\/index.php\/wp-json\/wp\/v2\/posts\/69044","targetHints":{"allow":["GET"]}}],"collection":[{"href":"https:\/\/lasprimeras.com.do\/index.php\/wp-json\/wp\/v2\/posts"}],"about":[{"href":"https:\/\/lasprimeras.com.do\/index.php\/wp-json\/wp\/v2\/types\/post"}],"author":[{"embeddable":true,"href":"https:\/\/lasprimeras.com.do\/index.php\/wp-json\/wp\/v2\/users\/3"}],"replies":[{"embeddable":true,"href":"https:\/\/lasprimeras.com.do\/index.php\/wp-json\/wp\/v2\/comments?post=69044"}],"version-history":[{"count":1,"href":"https:\/\/lasprimeras.com.do\/index.php\/wp-json\/wp\/v2\/posts\/69044\/revisions"}],"predecessor-version":[{"id":69046,"href":"https:\/\/lasprimeras.com.do\/index.php\/wp-json\/wp\/v2\/posts\/69044\/revisions\/69046"}],"wp:featuredmedia":[{"embeddable":true,"href":"https:\/\/lasprimeras.com.do\/index.php\/wp-json\/wp\/v2\/media\/69045"}],"wp:attachment":[{"href":"https:\/\/lasprimeras.com.do\/index.php\/wp-json\/wp\/v2\/media?parent=69044"}],"wp:term":[{"taxonomy":"category","embeddable":true,"href":"https:\/\/lasprimeras.com.do\/index.php\/wp-json\/wp\/v2\/categories?post=69044"},{"taxonomy":"post_tag","embeddable":true,"href":"https:\/\/lasprimeras.com.do\/index.php\/wp-json\/wp\/v2\/tags?post=69044"}],"curies":[{"name":"wp","href":"https:\/\/api.w.org\/{rel}","templated":true}]}}