{"id":69062,"date":"2023-11-29T19:33:24","date_gmt":"2023-11-29T23:33:24","guid":{"rendered":"https:\/\/lasprimeras.com.do\/?p=69062"},"modified":"2023-11-29T19:33:26","modified_gmt":"2023-11-29T23:33:26","slug":"presidente-de-mochotran-suspende-actividad-en-el-intrant","status":"publish","type":"post","link":"https:\/\/lasprimeras.com.do\/index.php\/2023\/11\/29\/presidente-de-mochotran-suspende-actividad-en-el-intrant\/","title":{"rendered":"Presidente de MOCHOTRAN suspende actividad en el INTRANT"},"content":{"rendered":"\n<p>El presidente del Consorcio de Empresas del Transporte (MOCHOTRAN) Alfredo Pulinario anuncio que fue suspendida la reuni\u00f3n que tenia con el director del Intrant este jueves en la sede de la entidad gubernamental.<\/p>\n\n\n\n<p>Pulinario, informo que dicha actividad ser\u00e1 pospuesta para la pr\u00f3xima semana, pero ser\u00e1 anunciada por la v\u00eda correspondiente-.<\/p>\n\n\n\n<p>El empresario del transporte masivo, pidi\u00f3 disculpa a los medios de comunicaci\u00f3n por los inconvenientes ocasionados.<\/p>\n","protected":false},"excerpt":{"rendered":"<p>El presidente del Consorcio de Empresas del Transporte (MOCHOTRAN) Alfredo Pulinario anuncio que fue suspendida la reuni\u00f3n que tenia con el director del Intrant este jueves en la sede de&hellip;<\/p>\n","protected":false},"author":2,"featured_media":60733,"comment_status":"open","ping_status":"open","sticky":false,"template":"","format":"standard","meta":{"content-type":"","jetpack_post_was_ever_published":false,"_jetpack_newsletter_access":"","_jetpack_dont_email_post_to_subs":false,"_jetpack_newsletter_tier_id":0,"_jetpack_memberships_contains_paywalled_content":false,"_jetpack_memberships_contains_paid_content":false,"footnotes":""},"categories":[35,25],"tags":[3327,349,1860,1524],"class_list":["post-69062","post","type-post","status-publish","format-standard","has-post-thumbnail","hentry","category-nacionales","category-portada","tag-actividad","tag-intrant","tag-mochotran","tag-suspende"],"jetpack_featured_media_url":"https:\/\/lasprimeras.com.do\/wp-content\/uploads\/2023\/09\/Alfredo-Pulinario.jpg","jetpack-related-posts":[{"id":86755,"url":"https:\/\/lasprimeras.com.do\/index.php\/2024\/07\/31\/ejecutivos-de-mochotran-visitan-nuevo-director-del-intrant-milton-morrison\/","url_meta":{"origin":69062,"position":0},"title":"Ejecutivos de Mochotran visitan nuevo director del Intrant, Milton Morrison","author":"Nelson Feliz","date":"31 de julio de 2024","format":false,"excerpt":"Ejecutivos del Grupo de Empresas de transporte Mochotran, giraron una visita de cortes\u00eda al nuevo director del Instituto Nacional de Tr\u00e1nsito y Transporte Terrestre (Intrant), Milton Morrison, con quien intercambiaron ideas sobre los temas inherentes al sector transporte. Durante el encuentro, donde actualizaron al se\u00f1or Morrison sobre los temas en\u2026","rel":"","context":"En \u00abNACIONALES\u00bb","block_context":{"text":"NACIONALES","link":"https:\/\/lasprimeras.com.do\/index.php\/category\/nacionales\/"},"img":{"alt_text":"Alfredo Pulinario Mariot","src":"https:\/\/i0.wp.com\/lasprimeras.com.do\/wp-content\/uploads\/2024\/07\/UNAA.jpg?resize=350%2C200&ssl=1","width":350,"height":200,"srcset":"https:\/\/i0.wp.com\/lasprimeras.com.do\/wp-content\/uploads\/2024\/07\/UNAA.jpg?resize=350%2C200&ssl=1 1x, https:\/\/i0.wp.com\/lasprimeras.com.do\/wp-content\/uploads\/2024\/07\/UNAA.jpg?resize=525%2C300&ssl=1 1.5x, https:\/\/i0.wp.com\/lasprimeras.com.do\/wp-content\/uploads\/2024\/07\/UNAA.jpg?resize=700%2C400&ssl=1 2x"},"classes":[]},{"id":118147,"url":"https:\/\/lasprimeras.com.do\/index.php\/2025\/12\/22\/mochotran-reafirma-estabilidad-en-tarifas-y-proyecta-expansion-del-sistema-de-transporte\/","url_meta":{"origin":69062,"position":1},"title":"Mochotran reafirma estabilidad en tarifas y proyecta expansi\u00f3n del sistema de transporte","author":"Nelson Feliz","date":"22 de diciembre de 2025","format":false,"excerpt":"Por Orlando Arias El Grupo de Empresas del Transporte Mochotran asegur\u00f3 que no aplicar\u00e1 aumentos en el precio de los pasajes durante las festividades navide\u00f1as, garantizando as\u00ed estabilidad tarifaria para los miles de usuarios que a diario utilizan sus unidades en el Gran Santo Domingo. El presidente de la entidad,\u2026","rel":"","context":"En \u00abECONOM\u00cdA\u00bb","block_context":{"text":"ECONOM\u00cdA","link":"https:\/\/lasprimeras.com.do\/index.php\/category\/economia\/"},"img":{"alt_text":"Alfredo Pulinario Mariot","src":"https:\/\/i0.wp.com\/lasprimeras.com.do\/wp-content\/uploads\/2025\/12\/Tito-Pulinario.jpg?resize=350%2C200&ssl=1","width":350,"height":200,"srcset":"https:\/\/i0.wp.com\/lasprimeras.com.do\/wp-content\/uploads\/2025\/12\/Tito-Pulinario.jpg?resize=350%2C200&ssl=1 1x, https:\/\/i0.wp.com\/lasprimeras.com.do\/wp-content\/uploads\/2025\/12\/Tito-Pulinario.jpg?resize=525%2C300&ssl=1 1.5x, https:\/\/i0.wp.com\/lasprimeras.com.do\/wp-content\/uploads\/2025\/12\/Tito-Pulinario.jpg?resize=700%2C400&ssl=1 2x"},"classes":[]},{"id":101315,"url":"https:\/\/lasprimeras.com.do\/index.php\/2025\/06\/18\/honraran-memoria-y-recordaran-legado-del-dirigente-choferil-alfredo-pulinario-cambita\/","url_meta":{"origin":69062,"position":2},"title":"Honrar\u00e1n memoria y recordar\u00e1n legado del dirigente choferil Alfredo Pulinario (Cambita)","author":"Nelson Feliz","date":"18 de junio de 2025","format":false,"excerpt":"El destacado l\u00edder choferil y empresario del transporte, Alfredo Pulinario (Cambita), ser\u00e1 objeto de un homenaje p\u00f3stumo el lunes, 23 de junio de 2025, al cumplirse el primer aniversario de su fallecimiento. Al momento de su muerte, el 23 de junio de 2024, Alfredo Pulinario (Cambita) se desempe\u00f1aba como gerente\u2026","rel":"","context":"En \u00abNACIONALES\u00bb","block_context":{"text":"NACIONALES","link":"https:\/\/lasprimeras.com.do\/index.php\/category\/nacionales\/"},"img":{"alt_text":"","src":"https:\/\/i0.wp.com\/lasprimeras.com.do\/wp-content\/uploads\/2025\/06\/Alfredo-Pulinario.jpg?resize=350%2C200&ssl=1","width":350,"height":200,"srcset":"https:\/\/i0.wp.com\/lasprimeras.com.do\/wp-content\/uploads\/2025\/06\/Alfredo-Pulinario.jpg?resize=350%2C200&ssl=1 1x, https:\/\/i0.wp.com\/lasprimeras.com.do\/wp-content\/uploads\/2025\/06\/Alfredo-Pulinario.jpg?resize=525%2C300&ssl=1 1.5x, https:\/\/i0.wp.com\/lasprimeras.com.do\/wp-content\/uploads\/2025\/06\/Alfredo-Pulinario.jpg?resize=700%2C400&ssl=1 2x"},"classes":[]},{"id":66773,"url":"https:\/\/lasprimeras.com.do\/index.php\/2023\/11\/09\/presidente-de-mochotran-respalda-honestidad-y-transparencia-del-director-de-intrant-hugo-beras\/","url_meta":{"origin":69062,"position":3},"title":"Presidente de MOCHOTRAN respalda honestidad y transparencia del director de Intrant Hugo Beras","author":"Nelson Feliz","date":"9 de noviembre de 2023","format":false,"excerpt":"Por Martin Restituyo El presidente del Grupo de Empresas de transporte Mochotran, Alfredo Pulinario, Cambita, manifest\u00f3 su apoyo al director del Instituto Nacional de Tr\u00e1nsito y Transporte Terrestre (INTRANT), Hugo Beras, con la gesti\u00f3n que realiza en la regulaci\u00f3n del transporte terrestre, el tr\u00e1nsito y la seguridad vial. Cambita, al\u2026","rel":"","context":"En \u00abNACIONALES\u00bb","block_context":{"text":"NACIONALES","link":"https:\/\/lasprimeras.com.do\/index.php\/category\/nacionales\/"},"img":{"alt_text":"Alfredo Pulinario","src":"https:\/\/i0.wp.com\/lasprimeras.com.do\/wp-content\/uploads\/2023\/11\/Alfredo-Pulinario.jpg?resize=350%2C200&ssl=1","width":350,"height":200,"srcset":"https:\/\/i0.wp.com\/lasprimeras.com.do\/wp-content\/uploads\/2023\/11\/Alfredo-Pulinario.jpg?resize=350%2C200&ssl=1 1x, https:\/\/i0.wp.com\/lasprimeras.com.do\/wp-content\/uploads\/2023\/11\/Alfredo-Pulinario.jpg?resize=525%2C300&ssl=1 1.5x, https:\/\/i0.wp.com\/lasprimeras.com.do\/wp-content\/uploads\/2023\/11\/Alfredo-Pulinario.jpg?resize=700%2C400&ssl=1 2x"},"classes":[]},{"id":101762,"url":"https:\/\/lasprimeras.com.do\/index.php\/2025\/06\/23\/rinden-tributo-y-honran-memoria-del-lider-choferil-alfredo-pulinario-cambita\/","url_meta":{"origin":69062,"position":4},"title":"Rinden tributo y honran memoria del l\u00edder choferil Alfredo Pulinario (Cambita)","author":"Nelson Feliz","date":"23 de junio de 2025","format":false,"excerpt":"Cientos de personas se reunieron este lunes para resaltar valores y virtudes de quien fuera presidente de MOCHOTR\u00c1N, Alfredo Pulinario (Cambita), al conmemorarse el primer aniversario de su fallecimiento. Cientos de dirigentes y miembros de empresas y organizaciones del sector transporte se reunieron este lunes, 23 de junio de 2025,\u2026","rel":"","context":"En \u00abNACIONALES\u00bb","block_context":{"text":"NACIONALES","link":"https:\/\/lasprimeras.com.do\/index.php\/category\/nacionales\/"},"img":{"alt_text":"","src":"https:\/\/i0.wp.com\/lasprimeras.com.do\/wp-content\/uploads\/2025\/06\/Alfredo-Pulinario-1.jpg?resize=350%2C200&ssl=1","width":350,"height":200,"srcset":"https:\/\/i0.wp.com\/lasprimeras.com.do\/wp-content\/uploads\/2025\/06\/Alfredo-Pulinario-1.jpg?resize=350%2C200&ssl=1 1x, https:\/\/i0.wp.com\/lasprimeras.com.do\/wp-content\/uploads\/2025\/06\/Alfredo-Pulinario-1.jpg?resize=525%2C300&ssl=1 1.5x, https:\/\/i0.wp.com\/lasprimeras.com.do\/wp-content\/uploads\/2025\/06\/Alfredo-Pulinario-1.jpg?resize=700%2C400&ssl=1 2x"},"classes":[]},{"id":126320,"url":"https:\/\/lasprimeras.com.do\/index.php\/2026\/03\/31\/mochotran-resalta-eficiencia-y-seguridad-en-su-cuarto-aniversario\/","url_meta":{"origin":69062,"position":5},"title":"MOCHOTRAN resalta eficiencia y seguridad en su cuarto aniversario","author":"Nelson Feliz","date":"31 de marzo de 2026","format":false,"excerpt":"Por Martin Restituyo El Grupo de Empresas de Transporte Mochotran destac\u00f3 la calidad, eficiencia y seguridad de sus servicios al conmemorar su cuarto aniversario con una misa de acci\u00f3n de gracias celebrada en la terminal de autobuses ubicada en esta demarcaci\u00f3n. Durante la actividad, el presidente de la empresa, Alfredo\u2026","rel":"","context":"En \u00abNACIONALES\u00bb","block_context":{"text":"NACIONALES","link":"https:\/\/lasprimeras.com.do\/index.php\/category\/nacionales\/"},"img":{"alt_text":"Alfredo Pulinario","src":"https:\/\/i0.wp.com\/lasprimeras.com.do\/wp-content\/uploads\/2026\/03\/Alfredo-Pulinario.jpg?resize=350%2C200&ssl=1","width":350,"height":200,"srcset":"https:\/\/i0.wp.com\/lasprimeras.com.do\/wp-content\/uploads\/2026\/03\/Alfredo-Pulinario.jpg?resize=350%2C200&ssl=1 1x, https:\/\/i0.wp.com\/lasprimeras.com.do\/wp-content\/uploads\/2026\/03\/Alfredo-Pulinario.jpg?resize=525%2C300&ssl=1 1.5x, https:\/\/i0.wp.com\/lasprimeras.com.do\/wp-content\/uploads\/2026\/03\/Alfredo-Pulinario.jpg?resize=700%2C400&ssl=1 2x"},"classes":[]}],"jetpack_sharing_enabled":true,"_links":{"self":[{"href":"https:\/\/lasprimeras.com.do\/index.php\/wp-json\/wp\/v2\/posts\/69062","targetHints":{"allow":["GET"]}}],"collection":[{"href":"https:\/\/lasprimeras.com.do\/index.php\/wp-json\/wp\/v2\/posts"}],"about":[{"href":"https:\/\/lasprimeras.com.do\/index.php\/wp-json\/wp\/v2\/types\/post"}],"author":[{"embeddable":true,"href":"https:\/\/lasprimeras.com.do\/index.php\/wp-json\/wp\/v2\/users\/2"}],"replies":[{"embeddable":true,"href":"https:\/\/lasprimeras.com.do\/index.php\/wp-json\/wp\/v2\/comments?post=69062"}],"version-history":[{"count":1,"href":"https:\/\/lasprimeras.com.do\/index.php\/wp-json\/wp\/v2\/posts\/69062\/revisions"}],"predecessor-version":[{"id":69063,"href":"https:\/\/lasprimeras.com.do\/index.php\/wp-json\/wp\/v2\/posts\/69062\/revisions\/69063"}],"wp:featuredmedia":[{"embeddable":true,"href":"https:\/\/lasprimeras.com.do\/index.php\/wp-json\/wp\/v2\/media\/60733"}],"wp:attachment":[{"href":"https:\/\/lasprimeras.com.do\/index.php\/wp-json\/wp\/v2\/media?parent=69062"}],"wp:term":[{"taxonomy":"category","embeddable":true,"href":"https:\/\/lasprimeras.com.do\/index.php\/wp-json\/wp\/v2\/categories?post=69062"},{"taxonomy":"post_tag","embeddable":true,"href":"https:\/\/lasprimeras.com.do\/index.php\/wp-json\/wp\/v2\/tags?post=69062"}],"curies":[{"name":"wp","href":"https:\/\/api.w.org\/{rel}","templated":true}]}}