{"id":69064,"date":"2023-11-29T19:55:22","date_gmt":"2023-11-29T23:55:22","guid":{"rendered":"https:\/\/lasprimeras.com.do\/?p=69064"},"modified":"2023-11-29T19:55:24","modified_gmt":"2023-11-29T23:55:24","slug":"observatorio-de-medios-digitales-realiza-con-exito-premio-nacional-de-periodismo-digital-2023-en-el-teatro-nacional-2","status":"publish","type":"post","link":"https:\/\/lasprimeras.com.do\/index.php\/2023\/11\/29\/observatorio-de-medios-digitales-realiza-con-exito-premio-nacional-de-periodismo-digital-2023-en-el-teatro-nacional-2\/","title":{"rendered":"Observatorio de Medios Digitales realiza con \u00e9xito \u201cPremio Nacional de Periodismo Digital 2023\u201d en el Teatro Nacional"},"content":{"rendered":"\n<p>El Observatorio de Medios Digitales Dominicanos realiz\u00f3 con \u00e9xito este martes la sexta entrega de la ceremonia del Premio Nacional de Periodismo Digital.<\/p>\n\n\n\n<p>El evento fue realizado en la sala A\u00edda Bonnelly del Teatro Nacional con la asistencia de cientos de comunicadores, periodistas y due\u00f1os de medios digitales de todo el pa\u00eds, quienes se dieron cita para enaltecer lo mejor del periodismo digital dominicano.<\/p>\n\n\n\n<p>Este a\u00f1o, adem\u00e1s de las 22 categor\u00edas comprendidas en la premiaci\u00f3n, fue entregado un reconocimiento especial a la periodista y empresaria Cosette Bonnelly, por sus aportes al periodismo digital. Mientras que el Gran Premio Nacional de Periodismo Digital, m\u00e1ximo galard\u00f3n de esta iniciativa, le fue otorgado al veterano periodista Jos\u00e9 Rafael Sosa, referente de periodismo \u00e9tico y responsable.<\/p>\n\n\n\n<figure class=\"wp-block-image size-full is-resized\"><img decoding=\"async\" width=\"700\" height=\"543\" src=\"https:\/\/lasprimeras.com.do\/wp-content\/uploads\/2023\/11\/sarda.jpg\" alt=\"\" class=\"wp-image-69069\" style=\"width:839px;height:auto\" srcset=\"https:\/\/lasprimeras.com.do\/wp-content\/uploads\/2023\/11\/sarda.jpg 700w, https:\/\/lasprimeras.com.do\/wp-content\/uploads\/2023\/11\/sarda-300x233.jpg 300w\" sizes=\"(max-width: 700px) 100vw, 700px\" \/><\/figure>\n\n\n\n<p>Las estatuillas de esta entrega fueron confeccionadas por la prestigiosa empresa Grabo Estilo, con un moderno dise\u00f1o escogido por su propietaria do\u00f1a Sulin Lantigua.<\/p>\n\n\n\n<p>La realizaci\u00f3n de la premiaci\u00f3n fue posible gracias al respaldo del Banco Popular, el Consorcio Energ\u00e9tico Punta Cana-Macao, Aerom\u00e9xico, Aden Business School, el Instituto Dominicano de Arte y Dise\u00f1o (IDAD), Carrefour, Aerom\u00e9xico, la Direcci\u00f3n de Proyectos Especiales de la Presidencia, Yo Smart y la empresa Cristal Acevedo Consultora de Comunicaci\u00f3n.<\/p>\n\n\n\n<figure class=\"wp-block-image size-full is-resized\"><img decoding=\"async\" width=\"719\" height=\"814\" src=\"https:\/\/lasprimeras.com.do\/wp-content\/uploads\/2023\/11\/Franklin-Mirabal.jpg\" alt=\"\" class=\"wp-image-69066\" style=\"width:840px;height:auto\" srcset=\"https:\/\/lasprimeras.com.do\/wp-content\/uploads\/2023\/11\/Franklin-Mirabal.jpg 719w, https:\/\/lasprimeras.com.do\/wp-content\/uploads\/2023\/11\/Franklin-Mirabal-265x300.jpg 265w\" sizes=\"(max-width: 719px) 100vw, 719px\" \/><\/figure>\n\n\n\n<p><strong>A continuaci\u00f3n la lista de ganadores del Premio Nacional de Periodismo Digital 2023.<\/strong><\/p>\n\n\n\n<p><strong>1. Periodista digital del a\u00f1o<\/strong><\/p>\n\n\n\n<p>Joel Sard\u00e1 de elnuevodiario.com.do<\/p>\n\n\n\n<p><strong>2. Mejor peri\u00f3dico nativo digital<\/strong><\/p>\n\n\n\n<p>robertocavada.com<\/p>\n\n\n\n<p><strong>3. Mejor reportaje en digital<\/strong><\/p>\n\n\n\n<p>\u201cArrecifes de coral: bosques marinos bajo amenaza\u201d, escrito por Massiel de Jes\u00fas Acosta de eldinero.com.do.&nbsp;<\/p>\n\n\n\n<p><strong>4. Mejor proyecto de innovaci\u00f3n en medios digitales<\/strong><\/p>\n\n\n\n<p>Editorial en voz del listindiario.com.do<\/p>\n\n\n\n<p><strong>5. Mejor programa de medios digitales<\/strong><\/p>\n\n\n\n<p>Doctora Controversia de elnuevodiario.com.do<\/p>\n\n\n\n<p><strong>6. Mejor versi\u00f3n digital de un medio impreso<\/strong><\/p>\n\n\n\n<p>El nuevo diario<\/p>\n\n\n\n<p><strong>7. Mejor peri\u00f3dico digital de salud<\/strong><\/p>\n\n\n\n<p>diariodesalud.do&nbsp;<\/p>\n\n\n\n<p><strong>8. Mejor peri\u00f3dico digital de deportes<\/strong><\/p>\n\n\n\n<p>impactodeportivord.com<\/p>\n\n\n\n<p><strong>9. Mejor peri\u00f3dico digital de espect\u00e1culos<\/strong><\/p>\n\n\n\n<p>herrerafarandula.net&nbsp;&nbsp;&nbsp;<\/p>\n\n\n\n<p><strong>10. Mejor peri\u00f3dico digital de turismo<\/strong><\/p>\n\n\n\n<p>recorriendoconsalvador.com<\/p>\n\n\n\n<p><strong>11. Mejor peri\u00f3dico digital de sociales<\/strong><\/p>\n\n\n\n<p>revestida.com<\/p>\n\n\n\n<p><strong>12. Mejor peri\u00f3dico digital de econom\u00eda<\/strong><\/p>\n\n\n\n<p>eldinero.com.do<\/p>\n\n\n\n<p><strong>13. Mejor peri\u00f3dico digital del Sur<\/strong><\/p>\n\n\n\n<p>elfarodelsur.com<\/p>\n\n\n\n<p><strong>14. Mejor peri\u00f3dico digital del Cibao<\/strong><\/p>\n\n\n\n<p>caobadigital.com<\/p>\n\n\n\n<p><strong>15. Mejor peri\u00f3dico digital del Este<\/strong><\/p>\n\n\n\n<p>viphatomayor.com<\/p>\n\n\n\n<p><strong>16. Mejor peri\u00f3dico digital de Santo Domingo Norte<\/strong><\/p>\n\n\n\n<p>periodicoelsol.com&nbsp;&nbsp;<\/p>\n\n\n\n<p><strong>17. Mejor peri\u00f3dico digital de Santo Domingo Oeste<\/strong><\/p>\n\n\n\n<p>portadaoeste.com<\/p>\n\n\n\n<p><strong>18. Mejor peri\u00f3dico digital de Santo Domingo Este<\/strong><\/p>\n\n\n\n<p>atento.com.do<\/p>\n\n\n\n<p><strong>19. Mejor periodista en redes sociales<\/strong><\/p>\n\n\n\n<p>Roberto Cavada<\/p>\n\n\n\n<p><strong>20. Mejor nuevo medio digital<\/strong><\/p>\n\n\n\n<p>gacetadenoticias.com.do&nbsp;<\/p>\n\n\n\n<p><strong>21. Mejor contenido difundido en digital<\/strong><\/p>\n\n\n\n<p>\u201cTe lo explico\u201d de la periodista Nairobi Viloria&nbsp;<\/p>\n\n\n\n<p><strong>22. Mejor dise\u00f1o Web de un medio digital<\/strong><\/p>\n\n\n\n<p>deultimominuto.net<\/p>\n","protected":false},"excerpt":{"rendered":"<p>El Observatorio de Medios Digitales Dominicanos realiz\u00f3 con \u00e9xito este martes la sexta entrega de la ceremonia del Premio Nacional de Periodismo Digital. El evento fue realizado en la sala&hellip;<\/p>\n","protected":false},"author":2,"featured_media":69065,"comment_status":"open","ping_status":"open","sticky":false,"template":"","format":"standard","meta":{"content-type":"","jetpack_post_was_ever_published":false,"_jetpack_newsletter_access":"","_jetpack_dont_email_post_to_subs":false,"_jetpack_newsletter_tier_id":0,"_jetpack_memberships_contains_paywalled_content":false,"_jetpack_memberships_contains_paid_content":false,"footnotes":""},"categories":[84,25],"tags":[9947,83,87,172,6005,8229,1845,9948],"class_list":["post-69064","post","type-post","status-publish","format-standard","has-post-thumbnail","hentry","category-entretenimiento","category-portada","tag-digital-2023","tag-digitales","tag-medios","tag-nacional","tag-observatorio","tag-periodismo","tag-premio","tag-teatro-nacional"],"jetpack_featured_media_url":"https:\/\/lasprimeras.com.do\/wp-content\/uploads\/2023\/11\/Cristal-Acevedo.jpg","jetpack-related-posts":[{"id":90005,"url":"https:\/\/lasprimeras.com.do\/index.php\/2024\/10\/12\/observatorio-de-medios-digitales-abre-convocatoria-a-premio-nacional-de-periodismo-digital-2024\/","url_meta":{"origin":69064,"position":0},"title":"Observatorio de Medios Digitales abre convocatoria a Premio Nacional de Periodismo Digital 2024","author":"Nelson Feliz","date":"12 de octubre de 2024","format":false,"excerpt":"El Observatorio de Medios Digitales Dominicanos anunci\u00f3 este jueves la s\u00e9ptima versi\u00f3n del Premio Nacional de Periodismo Digital de la Rep\u00fablica Dominicana, iniciativa que reconoce la labor de periodistas, comunicadores y due\u00f1os de medios digitales. El anuncio lo hizo la periodista y maestra, Cristal Acevedo, quien explic\u00f3 que el evento\u2026","rel":"","context":"En \u00abNACIONALES\u00bb","block_context":{"text":"NACIONALES","link":"https:\/\/lasprimeras.com.do\/index.php\/category\/nacionales\/"},"img":{"alt_text":"","src":"https:\/\/i0.wp.com\/lasprimeras.com.do\/wp-content\/uploads\/2024\/10\/OBSE.jpg?resize=350%2C200&ssl=1","width":350,"height":200,"srcset":"https:\/\/i0.wp.com\/lasprimeras.com.do\/wp-content\/uploads\/2024\/10\/OBSE.jpg?resize=350%2C200&ssl=1 1x, https:\/\/i0.wp.com\/lasprimeras.com.do\/wp-content\/uploads\/2024\/10\/OBSE.jpg?resize=525%2C300&ssl=1 1.5x, https:\/\/i0.wp.com\/lasprimeras.com.do\/wp-content\/uploads\/2024\/10\/OBSE.jpg?resize=700%2C400&ssl=1 2x"},"classes":[]},{"id":66865,"url":"https:\/\/lasprimeras.com.do\/index.php\/2023\/11\/10\/observatorio-anuncia-nominados-a-premio-nacional-de-periodismo-digital-2023\/","url_meta":{"origin":69064,"position":1},"title":"Observatorio anuncia nominados a Premio Nacional de Periodismo Digital 2023","author":"Nelson Feliz","date":"10 de noviembre de 2023","format":false,"excerpt":"El Observatorio de Medios Digitales Dominicanos anunci\u00f3 este jueves los nominados al Premio Nacional de Periodismo Digital 2023, iniciativa respaldada por el Banco Popular y el Consorcio Energ\u00e9tico Punta Cana-Macao (CEPM). El anuncio lo hizo la periodista Cristal Acevedo, presidenta del Observatorio, quien inform\u00f3 que este a\u00f1o la ceremonia de\u2026","rel":"","context":"En \u00abENTRETENIMIENTO\u00bb","block_context":{"text":"ENTRETENIMIENTO","link":"https:\/\/lasprimeras.com.do\/index.php\/category\/entretenimiento\/"},"img":{"alt_text":"Observatorio de Medios Digitales Dominicanos","src":"https:\/\/i0.wp.com\/lasprimeras.com.do\/wp-content\/uploads\/2023\/11\/Observatorio-de-Medios-Digitales-Dominicanos.jpg?resize=350%2C200&ssl=1","width":350,"height":200},"classes":[]},{"id":63172,"url":"https:\/\/lasprimeras.com.do\/index.php\/2023\/10\/10\/observatorio-de-medios-digitales-anuncia-premio-nacional-de-periodismo-digital-2023\/","url_meta":{"origin":69064,"position":2},"title":"Observatorio de Medios Digitales anuncia Premio Nacional de Periodismo Digital 2023","author":"Nelson Feliz","date":"10 de octubre de 2023","format":false,"excerpt":"La ceremonia de entrega ser\u00e1 el martes 28 de noviembre, en el Centro Indotel de la Zona Colonial. Con el respaldo del Banco Popular y el Consorcio Energ\u00e9tico Punta Cana-Macao, el Observatorio de Medios Digitales anunci\u00f3 la sexta versi\u00f3n del Premio Nacional de Periodismo Digital de la Rep\u00fablica Dominicana, iniciativa\u2026","rel":"","context":"En \u00abENTRETENIMIENTO\u00bb","block_context":{"text":"ENTRETENIMIENTO","link":"https:\/\/lasprimeras.com.do\/index.php\/category\/entretenimiento\/"},"img":{"alt_text":"observatorio","src":"https:\/\/i0.wp.com\/lasprimeras.com.do\/wp-content\/uploads\/2023\/10\/observatorio-1.jpg?resize=350%2C200&ssl=1","width":350,"height":200,"srcset":"https:\/\/i0.wp.com\/lasprimeras.com.do\/wp-content\/uploads\/2023\/10\/observatorio-1.jpg?resize=350%2C200&ssl=1 1x, https:\/\/i0.wp.com\/lasprimeras.com.do\/wp-content\/uploads\/2023\/10\/observatorio-1.jpg?resize=525%2C300&ssl=1 1.5x, https:\/\/i0.wp.com\/lasprimeras.com.do\/wp-content\/uploads\/2023\/10\/observatorio-1.jpg?resize=700%2C400&ssl=1 2x"},"classes":[]},{"id":111662,"url":"https:\/\/lasprimeras.com.do\/index.php\/2025\/10\/12\/observatorio-de-medios-digitales-abre-convocatoria-para-premio-nacional-de-periodismo-digital-2025\/","url_meta":{"origin":69064,"position":3},"title":"Observatorio de Medios Digitales abre convocatoria para Premio Nacional de Periodismo Digital 2025","author":"Nelson Feliz","date":"12 de octubre de 2025","format":false,"excerpt":"El Observatorio de Medios Digitales Dominicanos inform\u00f3 este martes que est\u00e1n abiertas las postulaciones y el proceso de evaluaci\u00f3n para el Premio Nacional de Periodismo Digital de la Rep\u00fablica Dominicana 2025, iniciativa auspiciada por el Banco Popular. As\u00ed lo inform\u00f3 la periodista y maestra, Cristal Acevedo, quien precis\u00f3 que las\u2026","rel":"","context":"En \u00abTECNOL\u00d3GIA\u00bb","block_context":{"text":"TECNOL\u00d3GIA","link":"https:\/\/lasprimeras.com.do\/index.php\/category\/tecnologia\/"},"img":{"alt_text":"","src":"https:\/\/i0.wp.com\/lasprimeras.com.do\/wp-content\/uploads\/2025\/10\/WhatsApp-Image-2025-10-08-at-10.47.54-AM.jpeg?resize=350%2C200&ssl=1","width":350,"height":200,"srcset":"https:\/\/i0.wp.com\/lasprimeras.com.do\/wp-content\/uploads\/2025\/10\/WhatsApp-Image-2025-10-08-at-10.47.54-AM.jpeg?resize=350%2C200&ssl=1 1x, https:\/\/i0.wp.com\/lasprimeras.com.do\/wp-content\/uploads\/2025\/10\/WhatsApp-Image-2025-10-08-at-10.47.54-AM.jpeg?resize=525%2C300&ssl=1 1.5x, https:\/\/i0.wp.com\/lasprimeras.com.do\/wp-content\/uploads\/2025\/10\/WhatsApp-Image-2025-10-08-at-10.47.54-AM.jpeg?resize=700%2C400&ssl=1 2x, https:\/\/i0.wp.com\/lasprimeras.com.do\/wp-content\/uploads\/2025\/10\/WhatsApp-Image-2025-10-08-at-10.47.54-AM.jpeg?resize=1050%2C600&ssl=1 3x"},"classes":[]},{"id":57144,"url":"https:\/\/lasprimeras.com.do\/index.php\/2023\/08\/09\/observatorio-realizara-segundo-estudio-de-uso-de-medios-digitales-en-republica-dominicana\/","url_meta":{"origin":69064,"position":4},"title":"Observatorio realizar\u00e1 Segundo estudio de uso de Medios Digitales en Rep\u00fablica Dominicana","author":"Nelson Feliz","date":"9 de agosto de 2023","format":false,"excerpt":"El Observatorio de Medios Digitales Dominicanos inform\u00f3 este mi\u00e9rcoles que realizar\u00e1 la segunda investigaci\u00f3n cient\u00edfica sobre uso de medios digitales en Rep\u00fablica Dominicana. La informaci\u00f3n fue ofrecida por la presidenta del Observatorio de Medios Digitales Dominicanos, periodista Cristal Acevedo, quien explic\u00f3 que con el estudio buscan verificar c\u00f3mo utilizan los\u2026","rel":"","context":"En \u00abNACIONALES\u00bb","block_context":{"text":"NACIONALES","link":"https:\/\/lasprimeras.com.do\/index.php\/category\/nacionales\/"},"img":{"alt_text":"Observatorio de Medios Digitales","src":"https:\/\/i0.wp.com\/lasprimeras.com.do\/wp-content\/uploads\/2023\/08\/Observatorio-de-Medios-Digitales.jpg?resize=350%2C200&ssl=1","width":350,"height":200,"srcset":"https:\/\/i0.wp.com\/lasprimeras.com.do\/wp-content\/uploads\/2023\/08\/Observatorio-de-Medios-Digitales.jpg?resize=350%2C200&ssl=1 1x, https:\/\/i0.wp.com\/lasprimeras.com.do\/wp-content\/uploads\/2023\/08\/Observatorio-de-Medios-Digitales.jpg?resize=525%2C300&ssl=1 1.5x"},"classes":[]},{"id":88636,"url":"https:\/\/lasprimeras.com.do\/index.php\/2024\/09\/01\/cristal-acevedo-es-designada-como-gerente-de-medios-en-indotel\/","url_meta":{"origin":69064,"position":5},"title":"Cristal Acevedo es designada como gerente de Medios en Indotel","author":"Nelson Feliz","date":"1 de septiembre de 2024","format":false,"excerpt":"La periodista Cristal Acevedo fue designada como gerente de Medios en el Instituto Dominicano de las Telecomunicaciones (Indotel). Su designaci\u00f3n fue hecha por Guido G\u00f3mez Mazara, quien es el nuevo director ejecutivo del Indotel. Acevedo, adem\u00e1s de periodista es escritora y catedr\u00e1tica universitaria. Ha desarrollado una extensa carrera en medios\u2026","rel":"","context":"En \u00abNACIONALES\u00bb","block_context":{"text":"NACIONALES","link":"https:\/\/lasprimeras.com.do\/index.php\/category\/nacionales\/"},"img":{"alt_text":"Cristal Acevedo","src":"https:\/\/i0.wp.com\/lasprimeras.com.do\/wp-content\/uploads\/2024\/01\/Cristal-Acevedo.jpg?resize=350%2C200&ssl=1","width":350,"height":200,"srcset":"https:\/\/i0.wp.com\/lasprimeras.com.do\/wp-content\/uploads\/2024\/01\/Cristal-Acevedo.jpg?resize=350%2C200&ssl=1 1x, https:\/\/i0.wp.com\/lasprimeras.com.do\/wp-content\/uploads\/2024\/01\/Cristal-Acevedo.jpg?resize=525%2C300&ssl=1 1.5x, https:\/\/i0.wp.com\/lasprimeras.com.do\/wp-content\/uploads\/2024\/01\/Cristal-Acevedo.jpg?resize=700%2C400&ssl=1 2x"},"classes":[]}],"jetpack_sharing_enabled":true,"_links":{"self":[{"href":"https:\/\/lasprimeras.com.do\/index.php\/wp-json\/wp\/v2\/posts\/69064","targetHints":{"allow":["GET"]}}],"collection":[{"href":"https:\/\/lasprimeras.com.do\/index.php\/wp-json\/wp\/v2\/posts"}],"about":[{"href":"https:\/\/lasprimeras.com.do\/index.php\/wp-json\/wp\/v2\/types\/post"}],"author":[{"embeddable":true,"href":"https:\/\/lasprimeras.com.do\/index.php\/wp-json\/wp\/v2\/users\/2"}],"replies":[{"embeddable":true,"href":"https:\/\/lasprimeras.com.do\/index.php\/wp-json\/wp\/v2\/comments?post=69064"}],"version-history":[{"count":1,"href":"https:\/\/lasprimeras.com.do\/index.php\/wp-json\/wp\/v2\/posts\/69064\/revisions"}],"predecessor-version":[{"id":69072,"href":"https:\/\/lasprimeras.com.do\/index.php\/wp-json\/wp\/v2\/posts\/69064\/revisions\/69072"}],"wp:featuredmedia":[{"embeddable":true,"href":"https:\/\/lasprimeras.com.do\/index.php\/wp-json\/wp\/v2\/media\/69065"}],"wp:attachment":[{"href":"https:\/\/lasprimeras.com.do\/index.php\/wp-json\/wp\/v2\/media?parent=69064"}],"wp:term":[{"taxonomy":"category","embeddable":true,"href":"https:\/\/lasprimeras.com.do\/index.php\/wp-json\/wp\/v2\/categories?post=69064"},{"taxonomy":"post_tag","embeddable":true,"href":"https:\/\/lasprimeras.com.do\/index.php\/wp-json\/wp\/v2\/tags?post=69064"}],"curies":[{"name":"wp","href":"https:\/\/api.w.org\/{rel}","templated":true}]}}