{"id":69073,"date":"2023-11-29T20:40:46","date_gmt":"2023-11-30T00:40:46","guid":{"rendered":"https:\/\/lasprimeras.com.do\/?p=69073"},"modified":"2023-11-29T20:40:48","modified_gmt":"2023-11-30T00:40:48","slug":"roberto-angel-articula-con-varias-instituciones-del-gobierno-acciones-en-la-provincia-de-monte-plata","status":"publish","type":"post","link":"https:\/\/lasprimeras.com.do\/index.php\/2023\/11\/29\/roberto-angel-articula-con-varias-instituciones-del-gobierno-acciones-en-la-provincia-de-monte-plata\/","title":{"rendered":"Roberto \u00c1ngel articula con varias instituciones del Gobierno, acciones en la provincia de Monte Plata"},"content":{"rendered":"\n<p>Las acciones incluyen reparaci\u00f3n y rehabilitaci\u00f3n de caminos vecinales, tramos de carreteras, puentes, viviendas, entregas de ayudas y enseres domesticos a familias afectadas por lluvias<\/p>\n\n\n\n<p>Yamas\u00e1, Monte Plata. &#8211; El director general de Proyectos Estrat\u00e9gicos y Especiales de la Presidencia, Roberto \u00c1ngel Salcedo, inici\u00f3 la articulaci\u00f3n interinstitucional en esta provincia para llevar acciones del Gobierno, dirigidas a mitigar la situacion de las miles de familias afectadas por el disturbio tropical que golpe\u00f3 al pa\u00eds, hasta restablecer su normalidad.<\/p>\n\n\n\n<p>En conferencia de prensa en la sede del Ayuntamiento municipal de Yamas\u00e1, Roberto \u00c1ngel inform\u00f3 que estas acciones gubernamentales incluyen la reparaci\u00f3n y rehabilitaci\u00f3n de caminos vecinales, tramos de carreteras, puentes, viviendas, entregas de ayudas, enseres dom\u00e9sticos y asistencias m\u00e9dicas a las familias impactadas por el fen\u00f3meno natural, as\u00ed como de sestas alimenticias y medicinas.<\/p>\n\n\n\n<p>A la vez asistencias y acompa\u00f1amiento a los productores agropecuarios que sufrieron da\u00f1os por las lluvias y desbordamientos de r\u00edos y arroyos.<\/p>\n\n\n\n<p>Asegur\u00f3 que el objetivo del presidente Luis Abinader es abarcar con sus acciones a todas las comunidades de Monte Plata, iniciando por La Colorada, en Yamasa, y luego extenderlas a los dem\u00e1s territorios hasta que la provincia recobre la normalidad existente previo al paso por el pa\u00eds dal torbellino tropical.<\/p>\n\n\n\n<p>Explic\u00f3 que por instrucciones del mandatario estas acciones estar\u00e1n coordinadas por Propeep junto al Ministerio Administrativo de la Presidencia, y la integraci\u00f3n institucional de los ministerios de Obras Publicas y Comunicaciones (MOPC), de Agricultura y de la Vivienda y Edificaciones (MIVED), el Banco Agr\u00edcola, el Servicio Nacional de Salud (SNS), el Instituto Nacional de Estabilizaci\u00f3n de Precios (INESPRE), el Plan Social de la Presidencia y los Comedores Economicos del Estado, de las alcaldias y direcciones de distritos municipales.<\/p>\n\n\n\n<p>A\u00f1adi\u00f3 que junto a estos operativos, Propeep desarrolla los programas interinstitucionales con las jornadas de inclusi\u00f3n social &#8220;Primero T\u00fa&#8221; y &#8220;Cerca de T\u00ed&#8221;, a trav\u00e9s de los cuales se entregan raciones alimenticias a las familias m\u00e1s vulnerables y en extrema pobreza, canastillas y nutrientes a las embarazadas, asistencias m\u00e9dicas, entrega de medicinas y el registro de personas para pensiones solidarias, la obtenci\u00f3n de la tarjeta SUP\u00c9RATE y del Seguro Nacional de Salud (SENASA), entre otras acciones.<\/p>\n\n\n\n<p>Adem\u00e1s de una intensa y masiva jornada de fumigacion para prevenir el dengue y otras enfermedades virales.<\/p>\n\n\n\n<p>&#8220;La idea es que esta integraci\u00f3n pueda dar resultados en el menor tiempo posible, porque la l\u00f3gica del presidente Luis Abinader es que las instituciones del Gobierno permanezcan el tiempo necesario en todos los territorios de Monte Plata. Es decir, ser insistentes, consistentes, incisivos, hasta devolver esa anhelada normalidad&#8221;, enfatiz\u00f3 Roberto \u00c1ngel Salcedo.<\/p>\n\n\n\n<p>En el encuentro con los periodistas Salcedo estuvo acompa\u00f1ado del alcalde de Yamasa, Ram\u00f3n (Neno) Bison\u00f3, el diputado Pedro Tineo, los directores de los distritos municipales Don Juan y Peralvillo, Lioncito Jos\u00e9 (Tiro) y Juan Francisco Manzueta, respectivamente, as\u00ed como de Faride Rey, representante del MIVED, y el ingeniero Jos\u00e9 Noboa, encargado del Departamento de Infraestructuras de Propeep, entre otros funcionarios.<\/p>\n\n\n\n<p>Programa &#8220;Cerca de T\u00ed&#8221;<\/p>\n\n\n\n<p>Luego del anuncio de las acciones sociales, Roberto \u00c1ngel Salcedo supervis\u00f3 la entrega de alimentos, canastillas y nutrientes a embarazadas y medicinas a adultos mayores y en envejecientes<br>en la Parroquia Sagrado Coraz\u00f3n de Jes\u00fas, en La Cuaba, de Peralvillo, y en el Liceo Polit\u00e9cnico de Los Botados Yamas\u00e1 .<\/p>\n\n\n\n<p>Adem\u00e1s, se desarroll\u00f3 este programa en el Liceo Profesor Rogelio Guzm\u00e1n, en el paraje El Talao, del distrito municipal Chirino.<\/p>\n","protected":false},"excerpt":{"rendered":"<p>Las acciones incluyen reparaci\u00f3n y rehabilitaci\u00f3n de caminos vecinales, tramos de carreteras, puentes, viviendas, entregas de ayudas y enseres domesticos a familias afectadas por lluvias Yamas\u00e1, Monte Plata. &#8211; El&hellip;<\/p>\n","protected":false},"author":2,"featured_media":69074,"comment_status":"open","ping_status":"open","sticky":false,"template":"","format":"standard","meta":{"content-type":"","jetpack_post_was_ever_published":false,"_jetpack_newsletter_access":"","_jetpack_dont_email_post_to_subs":false,"_jetpack_newsletter_tier_id":0,"_jetpack_memberships_contains_paywalled_content":false,"_jetpack_memberships_contains_paid_content":false,"footnotes":""},"categories":[35,25],"tags":[205,171,1298,805,646],"class_list":["post-69073","post","type-post","status-publish","format-standard","has-post-thumbnail","hentry","category-nacionales","category-portada","tag-acciones","tag-gobierno","tag-monte-plata","tag-provincia","tag-roberto-angel-salcedo"],"jetpack_featured_media_url":"https:\/\/lasprimeras.com.do\/wp-content\/uploads\/2023\/11\/Roberto-Angel-Salcedo-8.jpg","jetpack-related-posts":[{"id":60371,"url":"https:\/\/lasprimeras.com.do\/index.php\/2023\/09\/13\/roberto-angel-afirma-politica-social-de-abinader-es-efectiva-y-permanente-en-monte-plata-y-el-pais\/","url_meta":{"origin":69073,"position":0},"title":"Roberto \u00c1ngel afirma pol\u00edtica social de Abinader es efectiva y permanente en Monte Plata y el pa\u00eds","author":"Nelson Feliz","date":"13 de septiembre de 2023","format":false,"excerpt":"Los Proyectos Estrat\u00e9gicos y Especiales de la Presidencia desarrollan tres d\u00edas de jornadas de inclusi\u00f3n social en comunidades de Sabana Grande de Boy\u00e1, Peralvillo y Yamas\u00e1 El director de Proyectos Estrat\u00e9gicos y Especiales de la Presidencia, Roberto \u00c1ngel Salcedo, afirm\u00f3 este mi\u00e9rcoles que la pol\u00edtica social del presidente Luis Abinader\u2026","rel":"","context":"En \u00abPORTADA\u00bb","block_context":{"text":"PORTADA","link":"https:\/\/lasprimeras.com.do\/index.php\/category\/portada\/"},"img":{"alt_text":"Roberto \u00c1ngel Salcedo","src":"https:\/\/i0.wp.com\/lasprimeras.com.do\/wp-content\/uploads\/2023\/09\/Roberto-Angel-Salcedo-2-2.jpg?resize=350%2C200&ssl=1","width":350,"height":200,"srcset":"https:\/\/i0.wp.com\/lasprimeras.com.do\/wp-content\/uploads\/2023\/09\/Roberto-Angel-Salcedo-2-2.jpg?resize=350%2C200&ssl=1 1x, https:\/\/i0.wp.com\/lasprimeras.com.do\/wp-content\/uploads\/2023\/09\/Roberto-Angel-Salcedo-2-2.jpg?resize=525%2C300&ssl=1 1.5x, https:\/\/i0.wp.com\/lasprimeras.com.do\/wp-content\/uploads\/2023\/09\/Roberto-Angel-Salcedo-2-2.jpg?resize=700%2C400&ssl=1 2x"},"classes":[]},{"id":56778,"url":"https:\/\/lasprimeras.com.do\/index.php\/2023\/08\/04\/roberto-angel-afirma-abinader-combate-pobreza-en-monte-plata-y-todo-el-pais\/","url_meta":{"origin":69073,"position":1},"title":"Roberto \u00c1ngel afirma Abinader combate pobreza en Monte Plata y todo el pa\u00eds","author":"Nelson Feliz","date":"4 de agosto de 2023","format":false,"excerpt":"El director de Proyectos Especiales encabez\u00f3 la jornada de inclusi\u00f3n social \"Primero T\u00fa\" en Sabana Grande de Boy\u00e1 y el programa \"Cerca de Ti\" en los distritos municipales Majagual y Gonzalo. Por Martin Restituyo El director de Proyectos Especiales y Estrat\u00e9gicos de la Presidencia, Roberto \u00c1ngel Salcedo, afirm\u00f3 este viernes\u2026","rel":"","context":"En \u00abPORTADA\u00bb","block_context":{"text":"PORTADA","link":"https:\/\/lasprimeras.com.do\/index.php\/category\/portada\/"},"img":{"alt_text":"Roberto \u00c1ngel Salcedo","src":"https:\/\/i0.wp.com\/lasprimeras.com.do\/wp-content\/uploads\/2023\/08\/Roberto-Angel.jpg?resize=350%2C200&ssl=1","width":350,"height":200,"srcset":"https:\/\/i0.wp.com\/lasprimeras.com.do\/wp-content\/uploads\/2023\/08\/Roberto-Angel.jpg?resize=350%2C200&ssl=1 1x, https:\/\/i0.wp.com\/lasprimeras.com.do\/wp-content\/uploads\/2023\/08\/Roberto-Angel.jpg?resize=525%2C300&ssl=1 1.5x"},"classes":[]},{"id":67737,"url":"https:\/\/lasprimeras.com.do\/index.php\/2023\/11\/17\/roberto-angel-el-gobierno-esta-enfocado-en-romper-circulo-de-pobreza-en-sde-y-monte-plata\/","url_meta":{"origin":69073,"position":2},"title":"Roberto \u00c1ngel: El gobierno est\u00e1 enfocado en romper c\u00edrculo de pobreza en SDE y Monte Plata","author":"Nelson Feliz","date":"17 de noviembre de 2023","format":false,"excerpt":"Encabeza jornadas de inclusi\u00f3n social en los barrios Puerto Rico, de Santo Domingo Este, y Los Suizos, de Monte Plata, donde miles de personas resultaron beneficiadas El director general de Proyectos Estrat\u00e9gicos y Especiales de la Presidencia, Roberto \u00c1ngel Salcedo, asegur\u00f3 que el gobierno del presidente Luis Abinader est\u00e1 enfocado\u2026","rel":"","context":"En \u00abPORTADA\u00bb","block_context":{"text":"PORTADA","link":"https:\/\/lasprimeras.com.do\/index.php\/category\/portada\/"},"img":{"alt_text":"Roberto \u00c1ngel Salcedo","src":"https:\/\/i0.wp.com\/lasprimeras.com.do\/wp-content\/uploads\/2023\/11\/Roberto-Angel-Salcedo-2.jpg?resize=350%2C200&ssl=1","width":350,"height":200,"srcset":"https:\/\/i0.wp.com\/lasprimeras.com.do\/wp-content\/uploads\/2023\/11\/Roberto-Angel-Salcedo-2.jpg?resize=350%2C200&ssl=1 1x, https:\/\/i0.wp.com\/lasprimeras.com.do\/wp-content\/uploads\/2023\/11\/Roberto-Angel-Salcedo-2.jpg?resize=525%2C300&ssl=1 1.5x, https:\/\/i0.wp.com\/lasprimeras.com.do\/wp-content\/uploads\/2023\/11\/Roberto-Angel-Salcedo-2.jpg?resize=700%2C400&ssl=1 2x"},"classes":[]},{"id":68584,"url":"https:\/\/lasprimeras.com.do\/index.php\/2023\/11\/25\/roberto-angel-supervisa-ampliacion-de-acciones-sociales-del-gobierno-y-reparacion-de-viviendas-en-sj-de-ocoa\/","url_meta":{"origin":69073,"position":3},"title":"Roberto \u00c1ngel supervisa ampliaci\u00f3n de acciones sociales del Gobierno y reparaci\u00f3n de viviendas en SJ de Ocoa","author":"BIMARY DE JES\u00daS Matos","date":"25 de noviembre de 2023","format":false,"excerpt":"San Jos\u00e9 de Ocoa. - El director general de Proyectos Estrat\u00e9gicos y Especiales de la Presidencia, Roberto \u00c1ngel Salcedo, inici\u00f3 este viernes un programa masivo de fumigacion en esta provincia y supervis\u00f3 la ampliaci\u00f3n de las acciones sociales del Gobierno en beneficio de las miles de familias afectadas por las\u2026","rel":"","context":"En \u00abPORTADA\u00bb","block_context":{"text":"PORTADA","link":"https:\/\/lasprimeras.com.do\/index.php\/category\/portada\/"},"img":{"alt_text":"","src":"https:\/\/i0.wp.com\/lasprimeras.com.do\/wp-content\/uploads\/2023\/11\/WhatsApp-Image-2023-11-25-at-5.12.29-PM-3.jpeg?resize=350%2C200&ssl=1","width":350,"height":200,"srcset":"https:\/\/i0.wp.com\/lasprimeras.com.do\/wp-content\/uploads\/2023\/11\/WhatsApp-Image-2023-11-25-at-5.12.29-PM-3.jpeg?resize=350%2C200&ssl=1 1x, https:\/\/i0.wp.com\/lasprimeras.com.do\/wp-content\/uploads\/2023\/11\/WhatsApp-Image-2023-11-25-at-5.12.29-PM-3.jpeg?resize=525%2C300&ssl=1 1.5x, https:\/\/i0.wp.com\/lasprimeras.com.do\/wp-content\/uploads\/2023\/11\/WhatsApp-Image-2023-11-25-at-5.12.29-PM-3.jpeg?resize=700%2C400&ssl=1 2x"},"classes":[]},{"id":83023,"url":"https:\/\/lasprimeras.com.do\/index.php\/2024\/05\/10\/roberto-angel-encabezo-junto-al-candidato-a-senador-pedro-tineo-una-gran-marcha-en-monte-plata\/","url_meta":{"origin":69073,"position":4},"title":"Roberto \u00c1ngel encabez\u00f3 junto al candidato a senador, Pedro Tineo, una gran marcha en Monte Plata","author":"BIMARY DE JES\u00daS Matos","date":"10 de mayo de 2024","format":false,"excerpt":"MONTE PLATA. - El destacado dirigente pol\u00edtico Roberto \u00c1ngel Salcedo asegur\u00f3 que con la unidad del Partido Revolucionario Moderno (PRM), la alianza que encabeza y el liderazgo del presidente Luis Abinader la victoria electoral en esta provincia \"es un hecho\" que se har\u00e1 realidad el domingo 19 de mayo. En\u2026","rel":"","context":"En \u00abPORTADA\u00bb","block_context":{"text":"PORTADA","link":"https:\/\/lasprimeras.com.do\/index.php\/category\/portada\/"},"img":{"alt_text":"","src":"https:\/\/i0.wp.com\/lasprimeras.com.do\/wp-content\/uploads\/2024\/05\/WhatsApp-Image-2024-05-10-at-11.42.19-AM-1.jpeg?resize=350%2C200&ssl=1","width":350,"height":200,"srcset":"https:\/\/i0.wp.com\/lasprimeras.com.do\/wp-content\/uploads\/2024\/05\/WhatsApp-Image-2024-05-10-at-11.42.19-AM-1.jpeg?resize=350%2C200&ssl=1 1x, https:\/\/i0.wp.com\/lasprimeras.com.do\/wp-content\/uploads\/2024\/05\/WhatsApp-Image-2024-05-10-at-11.42.19-AM-1.jpeg?resize=525%2C300&ssl=1 1.5x, https:\/\/i0.wp.com\/lasprimeras.com.do\/wp-content\/uploads\/2024\/05\/WhatsApp-Image-2024-05-10-at-11.42.19-AM-1.jpeg?resize=700%2C400&ssl=1 2x, https:\/\/i0.wp.com\/lasprimeras.com.do\/wp-content\/uploads\/2024\/05\/WhatsApp-Image-2024-05-10-at-11.42.19-AM-1.jpeg?resize=1050%2C600&ssl=1 3x, https:\/\/i0.wp.com\/lasprimeras.com.do\/wp-content\/uploads\/2024\/05\/WhatsApp-Image-2024-05-10-at-11.42.19-AM-1.jpeg?resize=1400%2C800&ssl=1 4x"},"classes":[]},{"id":67920,"url":"https:\/\/lasprimeras.com.do\/index.php\/2023\/11\/20\/roberto-angel-encabeza-la-accion-social-del-gobierno-en-san-jose-de-ocoa\/","url_meta":{"origin":69073,"position":5},"title":"Roberto \u00c1ngel encabeza la acci\u00f3n social del Gobierno en San Jos\u00e9 de Ocoa","author":"Nelson Feliz","date":"20 de noviembre de 2023","format":false,"excerpt":"Anuncia Gobierno remozar\u00e1 casas da\u00f1adas por lluvias e inundaciones y supervisa entrega raciones alimenticias, colchones, otros suministros y servicios. El director de Proyectos Estrat\u00e9gicos y Especiales de la Presidencia, Roberto \u00c1ngel Salcedo, encabez\u00f3 este lunes las acciones sociales del Gobierno en esta provincia y por instrucciones del presidente Luis Abinader\u2026","rel":"","context":"En \u00abNACIONALES\u00bb","block_context":{"text":"NACIONALES","link":"https:\/\/lasprimeras.com.do\/index.php\/category\/nacionales\/"},"img":{"alt_text":"Roberto \u00c1ngel Salcedo","src":"https:\/\/i0.wp.com\/lasprimeras.com.do\/wp-content\/uploads\/2023\/11\/Roberto-Angel-Salcedo.jpg?resize=350%2C200&ssl=1","width":350,"height":200,"srcset":"https:\/\/i0.wp.com\/lasprimeras.com.do\/wp-content\/uploads\/2023\/11\/Roberto-Angel-Salcedo.jpg?resize=350%2C200&ssl=1 1x, https:\/\/i0.wp.com\/lasprimeras.com.do\/wp-content\/uploads\/2023\/11\/Roberto-Angel-Salcedo.jpg?resize=525%2C300&ssl=1 1.5x, https:\/\/i0.wp.com\/lasprimeras.com.do\/wp-content\/uploads\/2023\/11\/Roberto-Angel-Salcedo.jpg?resize=700%2C400&ssl=1 2x"},"classes":[]}],"jetpack_sharing_enabled":true,"_links":{"self":[{"href":"https:\/\/lasprimeras.com.do\/index.php\/wp-json\/wp\/v2\/posts\/69073","targetHints":{"allow":["GET"]}}],"collection":[{"href":"https:\/\/lasprimeras.com.do\/index.php\/wp-json\/wp\/v2\/posts"}],"about":[{"href":"https:\/\/lasprimeras.com.do\/index.php\/wp-json\/wp\/v2\/types\/post"}],"author":[{"embeddable":true,"href":"https:\/\/lasprimeras.com.do\/index.php\/wp-json\/wp\/v2\/users\/2"}],"replies":[{"embeddable":true,"href":"https:\/\/lasprimeras.com.do\/index.php\/wp-json\/wp\/v2\/comments?post=69073"}],"version-history":[{"count":1,"href":"https:\/\/lasprimeras.com.do\/index.php\/wp-json\/wp\/v2\/posts\/69073\/revisions"}],"predecessor-version":[{"id":69075,"href":"https:\/\/lasprimeras.com.do\/index.php\/wp-json\/wp\/v2\/posts\/69073\/revisions\/69075"}],"wp:featuredmedia":[{"embeddable":true,"href":"https:\/\/lasprimeras.com.do\/index.php\/wp-json\/wp\/v2\/media\/69074"}],"wp:attachment":[{"href":"https:\/\/lasprimeras.com.do\/index.php\/wp-json\/wp\/v2\/media?parent=69073"}],"wp:term":[{"taxonomy":"category","embeddable":true,"href":"https:\/\/lasprimeras.com.do\/index.php\/wp-json\/wp\/v2\/categories?post=69073"},{"taxonomy":"post_tag","embeddable":true,"href":"https:\/\/lasprimeras.com.do\/index.php\/wp-json\/wp\/v2\/tags?post=69073"}],"curies":[{"name":"wp","href":"https:\/\/api.w.org\/{rel}","templated":true}]}}