{"id":69120,"date":"2023-11-30T06:53:07","date_gmt":"2023-11-30T10:53:07","guid":{"rendered":"https:\/\/lasprimeras.com.do\/?p=69120"},"modified":"2023-11-30T06:53:08","modified_gmt":"2023-11-30T10:53:08","slug":"israel-estima-161-rehenes-siguen-bajo-el-cautiverio-de-grupo-hamas","status":"publish","type":"post","link":"https:\/\/lasprimeras.com.do\/index.php\/2023\/11\/30\/israel-estima-161-rehenes-siguen-bajo-el-cautiverio-de-grupo-hamas\/","title":{"rendered":"Israel estima 161 rehenes siguen bajo el cautiverio de grupo Ham\u00e1s"},"content":{"rendered":"\n<p>Israel.-El portavoz de la oficina del primer ministro de Israel, Eylon Levy, ha se\u00f1alado este mi\u00e9rcoles que el Gobierno estima en 161 los rehenes que siguen todav\u00eda bajo el cautiverio de Ham\u00e1s, a la espera de la entrega prevista para esta jornada y cuando se cumplen ya seis d\u00edas de tregua.<\/p>\n\n\n\n<p>Entre ellas hay quince extranjeros, seg\u00fan estos c\u00e1lculos, si bien muchos de los cautivos israel\u00edes tendr\u00edan doble nacionalidad, explica Levy. Asimismo ha precisado que la cifra total comprende a 126 hombres, 35 mujeres y ocho j\u00f3venes de 20 a\u00f1os.<\/p>\n\n\n\n<p>\u00abIsrael est\u00e1 comprometido a traer a todos los rehenes a casa, ya sea a trav\u00e9s de esta actual pausa tregua o despu\u00e9s de una mayor presi\u00f3n\u00bb, ha dicho Levy.<\/p>\n\n\n\n<p>Por otro lado, una fuente de la oficina del primer ministro ha adelantado que Israel presionara a Ham\u00e1s para que libere como parte del actual acuerdo a las mujeres y los menores que contin\u00faan secuestrados antes de ampliar cualquier negociaci\u00f3n con respecto a los hombres adultos y a los soldados.<\/p>\n\n\n\n<p>\u00abTenemos un acuerdo, el acuerdo concierne a ni\u00f1os y mujeres. Sabemos los nombres de todos los ni\u00f1os y de todas las mujeres que est\u00e1n en la Franja de Gaza\u00bb, ha dicho esta fuente, que rechaza la versi\u00f3n de Ham\u00e1s de que no saben donde est\u00e1n algunas de estas personas, seg\u00fan recoge el diario \u2018Times of Israel\u2019.<\/p>\n\n\n\n<p>As\u00ed, ha subrayado que no dejar\u00e1n a su suerte a estas mujeres y ni\u00f1os \u00abpara discutir un nuevo acuerdo que tambi\u00e9n ser\u00eda violado de la misma manera\u00bb, en referencia a los israel\u00edes tomados como rehenes que no han sido liberados.<\/p>\n\n\n\n<p>Israel y Ham\u00e1s pactaron la semana pasada una tregua de cuatro d\u00edas que entr\u00f3 en vigor el viernes y que fue prorrogada el lunes. La misma llega hoy a su fin, salvo que las partes logren pactar otra extensi\u00f3n, mientras la comunidad internacional reclama un alto el fuego que la parte israel\u00ed rechaza.<\/p>\n\n\n\n<p>En las \u00faltimas horas, el ministro de Defensa, Yoav Gallant, ha advertido de que el Ej\u00e9rcito adem\u00e1s de estar \u00abhaciendo todo lo que est\u00e1 en su poder para devolver a todos los rehenes\u00bb, tambi\u00e9n est\u00e1 \u00ablisto para reanudar los combates inmediatamente\u00bb.<\/p>\n\n\n\n<p>Durante estos d\u00edas de tregua han sido liberados unos 80 rehenes, no solo israel\u00edes sino tambi\u00e9n de otros lugares como Tailandia, Filipinas, o Rusia. A cambio Israel ha excarcelado a 180 palestinos, la mayor\u00eda menores y mujeres.<\/p>\n\n\n\n<p>La toma de rehenes por parte de Ham\u00e1s se produjo el pasado 7 de octubre en una ofensiva sin precedentes sobre territorio israel\u00ed cercano a la Franja de Gaza, que dej\u00f3 tambi\u00e9n 1.200 muertos. En respuesta, Israel ha estado bombardeando diariamente el enclave palestino, matando a 15.000 personas.<\/p>\n","protected":false},"excerpt":{"rendered":"<p>Israel.-El portavoz de la oficina del primer ministro de Israel, Eylon Levy, ha se\u00f1alado este mi\u00e9rcoles que el Gobierno estima en 161 los rehenes que siguen todav\u00eda bajo el cautiverio&hellip;<\/p>\n","protected":false},"author":3,"featured_media":69121,"comment_status":"open","ping_status":"open","sticky":false,"template":"","format":"standard","meta":{"content-type":"","jetpack_post_was_ever_published":false,"_jetpack_newsletter_access":"","_jetpack_dont_email_post_to_subs":false,"_jetpack_newsletter_tier_id":0,"_jetpack_memberships_contains_paywalled_content":false,"_jetpack_memberships_contains_paid_content":false,"footnotes":""},"categories":[1],"tags":[8808],"class_list":["post-69120","post","type-post","status-publish","format-standard","has-post-thumbnail","hentry","category-sin-categoria","tag-rehenes"],"jetpack_featured_media_url":"https:\/\/lasprimeras.com.do\/wp-content\/uploads\/2023\/11\/Noticias-de-energia-29.jpg","jetpack-related-posts":[{"id":94830,"url":"https:\/\/lasprimeras.com.do\/index.php\/2025\/03\/06\/hamas-ignora-la-amenaza-de-trump-y-dice-que-solo-liberara-rehenes-a-cambio-de-una-tregua-duradera\/","url_meta":{"origin":69120,"position":0},"title":"Ham\u00e1s ignora la amenaza de Trump y dice que solo liberar\u00e1 rehenes a cambio de una tregua duradera","author":"Nelson Feliz","date":"6 de marzo de 2025","format":false,"excerpt":"POR SAMY MAGDY EL CAIRO (AP) \u2014 El grupo miliciano Ham\u00e1s desestim\u00f3 el jueves la \u00faltima amenaza del presidente de Estados Unidos, Donald Trump, y reiter\u00f3 que solo liberar\u00e1 a los rehenes israel\u00edes que quedan a cambio de un alto el fuego duradero en la Franja de Gaza. Ham\u00e1s acus\u00f3\u2026","rel":"","context":"En \u00abINTERNACIONALES\u00bb","block_context":{"text":"INTERNACIONALES","link":"https:\/\/lasprimeras.com.do\/index.php\/category\/sin-categoria\/internacionales\/"},"img":{"alt_text":"","src":"https:\/\/i0.wp.com\/lasprimeras.com.do\/wp-content\/uploads\/2025\/03\/grupo-miliciano-Hamas.png?resize=350%2C200&ssl=1","width":350,"height":200,"srcset":"https:\/\/i0.wp.com\/lasprimeras.com.do\/wp-content\/uploads\/2025\/03\/grupo-miliciano-Hamas.png?resize=350%2C200&ssl=1 1x, https:\/\/i0.wp.com\/lasprimeras.com.do\/wp-content\/uploads\/2025\/03\/grupo-miliciano-Hamas.png?resize=525%2C300&ssl=1 1.5x, https:\/\/i0.wp.com\/lasprimeras.com.do\/wp-content\/uploads\/2025\/03\/grupo-miliciano-Hamas.png?resize=700%2C400&ssl=1 2x"},"classes":[]},{"id":68746,"url":"https:\/\/lasprimeras.com.do\/index.php\/2023\/11\/27\/qatar-anuncia-que-el-alto-el-fuego-entre-israel-y-hamas-se-prorroga-dos-dias-mas\/","url_meta":{"origin":69120,"position":1},"title":"Qatar anuncia que el alto el fuego entre Israel y Ham\u00e1s se prorroga dos d\u00edas m\u00e1s","author":"Nelson Feliz","date":"27 de noviembre de 2023","format":false,"excerpt":"Andrea L\u00f3pez-Tom\u00e0s Jerusal\u00e9n.-.Familias palestinas e israel\u00eds a ambos lados de la L\u00ednea Verde disfrutan del ansiado reencuentro con sus seres queridos, con sus mujeres y ni\u00f1os tras una tercera jornada exitosa de intercambio de secuestrados. Este lunes, la Franja de Gaza amanec\u00eda con el temor de que este fuera su\u2026","rel":"","context":"En \u00abSin categor\u00eda\u00bb","block_context":{"text":"Sin categor\u00eda","link":"https:\/\/lasprimeras.com.do\/index.php\/category\/sin-categoria\/"},"img":{"alt_text":"Palestinos","src":"https:\/\/i0.wp.com\/lasprimeras.com.do\/wp-content\/uploads\/2023\/11\/Palestinos-2.jpg?resize=350%2C200&ssl=1","width":350,"height":200,"srcset":"https:\/\/i0.wp.com\/lasprimeras.com.do\/wp-content\/uploads\/2023\/11\/Palestinos-2.jpg?resize=350%2C200&ssl=1 1x, https:\/\/i0.wp.com\/lasprimeras.com.do\/wp-content\/uploads\/2023\/11\/Palestinos-2.jpg?resize=525%2C300&ssl=1 1.5x"},"classes":[]},{"id":66446,"url":"https:\/\/lasprimeras.com.do\/index.php\/2023\/11\/07\/israel-descarta-tregua-en-gaza-hasta-que-israel-libere-a-rehenes\/","url_meta":{"origin":69120,"position":2},"title":"Israel descarta tregua en Gaza hasta que Israel libere a rehenes","author":"BIMARY DE JES\u00daS Matos","date":"7 de noviembre de 2023","format":false,"excerpt":"Israel.-El primer ministro israel\u00ed, Benjam\u00edn Netanyahu, ha descartado de nuevo una tregua en el conflicto en la Franja de Gaza hasta que Ham\u00e1s libere a los rehenes, aunque ha concedido que pueda haber \u00abpausas t\u00e1cticas\u00bb. \u00abNo habr\u00e1 cese al fuego general sin la liberaci\u00f3n de rehenes\u00bb, ha declarado Netanyahu en\u2026","rel":"","context":"En \u00abSin categor\u00eda\u00bb","block_context":{"text":"Sin categor\u00eda","link":"https:\/\/lasprimeras.com.do\/index.php\/category\/sin-categoria\/"},"img":{"alt_text":"","src":"https:\/\/i0.wp.com\/lasprimeras.com.do\/wp-content\/uploads\/2023\/11\/torose-4.jpg?resize=350%2C200&ssl=1","width":350,"height":200,"srcset":"https:\/\/i0.wp.com\/lasprimeras.com.do\/wp-content\/uploads\/2023\/11\/torose-4.jpg?resize=350%2C200&ssl=1 1x, https:\/\/i0.wp.com\/lasprimeras.com.do\/wp-content\/uploads\/2023\/11\/torose-4.jpg?resize=525%2C300&ssl=1 1.5x"},"classes":[]},{"id":69389,"url":"https:\/\/lasprimeras.com.do\/index.php\/2023\/12\/02\/aviones-de-combate-atacan-gaza-mientras-israel-reanuda-ofensiva\/","url_meta":{"origin":69120,"position":3},"title":"Aviones de combate atacan Gaza mientras Israel reanuda ofensiva","author":"BIMARY DE JES\u00daS Matos","date":"2 de diciembre de 2023","format":false,"excerpt":"Israel.-Los combates entre Ham\u00e1s e Israel se reanudaron en Gaza, dijeron este viernes las Fuerzas de Defensa de Israel, que alegaron que Ham\u00e1s viol\u00f3 la tregua temporal y lanz\u00f3 un ataque con cohetes contra Israel. Las FDI dijeron en la plataforma de redes sociales X que hab\u00edan \u00abinterceptado con \u00e9xito\u00bb\u2026","rel":"","context":"En \u00abSin categor\u00eda\u00bb","block_context":{"text":"Sin categor\u00eda","link":"https:\/\/lasprimeras.com.do\/index.php\/category\/sin-categoria\/"},"img":{"alt_text":"","src":"https:\/\/i0.wp.com\/lasprimeras.com.do\/wp-content\/uploads\/2023\/12\/Noticias-9-1.jpg?resize=350%2C200&ssl=1","width":350,"height":200,"srcset":"https:\/\/i0.wp.com\/lasprimeras.com.do\/wp-content\/uploads\/2023\/12\/Noticias-9-1.jpg?resize=350%2C200&ssl=1 1x, https:\/\/i0.wp.com\/lasprimeras.com.do\/wp-content\/uploads\/2023\/12\/Noticias-9-1.jpg?resize=525%2C300&ssl=1 1.5x"},"classes":[]},{"id":92926,"url":"https:\/\/lasprimeras.com.do\/index.php\/2025\/01\/19\/comienza-alto-al-fuego-en-gaza-tras-mas-de-quince-meses-de-guerra\/","url_meta":{"origin":69120,"position":4},"title":"Comienza alto al fuego en Gaza tras m\u00e1s de quince meses de guerra","author":"Nelson Feliz","date":"19 de enero de 2025","format":false,"excerpt":"La tregua empez\u00f3 casi tres horas despu\u00e9s de lo acordado porque Ham\u00e1s comunic\u00f3 con retraso la lista de rehenes que preve\u00eda liberar este domingo. Gaza, AFP.-. Miles de palestinos se echaron a la carretera este domingo para regresar a sus casas en la Franja de Gaza, donde entr\u00f3 en vigor\u2026","rel":"","context":"En \u00abINTERNACIONALES\u00bb","block_context":{"text":"INTERNACIONALES","link":"https:\/\/lasprimeras.com.do\/index.php\/category\/sin-categoria\/internacionales\/"},"img":{"alt_text":"","src":"https:\/\/i0.wp.com\/lasprimeras.com.do\/wp-content\/uploads\/2025\/01\/GUERRA.jpeg?resize=350%2C200&ssl=1","width":350,"height":200,"srcset":"https:\/\/i0.wp.com\/lasprimeras.com.do\/wp-content\/uploads\/2025\/01\/GUERRA.jpeg?resize=350%2C200&ssl=1 1x, https:\/\/i0.wp.com\/lasprimeras.com.do\/wp-content\/uploads\/2025\/01\/GUERRA.jpeg?resize=525%2C300&ssl=1 1.5x, https:\/\/i0.wp.com\/lasprimeras.com.do\/wp-content\/uploads\/2025\/01\/GUERRA.jpeg?resize=700%2C400&ssl=1 2x"},"classes":[]},{"id":68709,"url":"https:\/\/lasprimeras.com.do\/index.php\/2023\/11\/27\/israel-y-hamas-realizaron-tercer-canje-de-presos-por-rehenes\/","url_meta":{"origin":69120,"position":5},"title":"Israel y Ham\u00e1s realizaron tercer canje de presos por rehenes","author":"BIMARY DE JES\u00daS Matos","date":"27 de noviembre de 2023","format":false,"excerpt":"Israel y el grupo islamista palestino Ham\u00e1s concretaron este domingo 26 de noviembre un tercer intercambio de rehenes israel\u00edes por presos palestinos, en el marco de un acuerdo entre las dos partes. El grupo de cautivos liberados est\u00e1 compuesto por 14 israel\u00edes y tres extranjeros (estas tres liberaciones no incluidas\u2026","rel":"","context":"En \u00abSin categor\u00eda\u00bb","block_context":{"text":"Sin categor\u00eda","link":"https:\/\/lasprimeras.com.do\/index.php\/category\/sin-categoria\/"},"img":{"alt_text":"","src":"https:\/\/i0.wp.com\/lasprimeras.com.do\/wp-content\/uploads\/2023\/11\/WhatsApp-Image-2023-11-26-at-2.38.38-PM-2.jpeg?resize=350%2C200&ssl=1","width":350,"height":200,"srcset":"https:\/\/i0.wp.com\/lasprimeras.com.do\/wp-content\/uploads\/2023\/11\/WhatsApp-Image-2023-11-26-at-2.38.38-PM-2.jpeg?resize=350%2C200&ssl=1 1x, https:\/\/i0.wp.com\/lasprimeras.com.do\/wp-content\/uploads\/2023\/11\/WhatsApp-Image-2023-11-26-at-2.38.38-PM-2.jpeg?resize=525%2C300&ssl=1 1.5x"},"classes":[]}],"jetpack_sharing_enabled":true,"_links":{"self":[{"href":"https:\/\/lasprimeras.com.do\/index.php\/wp-json\/wp\/v2\/posts\/69120","targetHints":{"allow":["GET"]}}],"collection":[{"href":"https:\/\/lasprimeras.com.do\/index.php\/wp-json\/wp\/v2\/posts"}],"about":[{"href":"https:\/\/lasprimeras.com.do\/index.php\/wp-json\/wp\/v2\/types\/post"}],"author":[{"embeddable":true,"href":"https:\/\/lasprimeras.com.do\/index.php\/wp-json\/wp\/v2\/users\/3"}],"replies":[{"embeddable":true,"href":"https:\/\/lasprimeras.com.do\/index.php\/wp-json\/wp\/v2\/comments?post=69120"}],"version-history":[{"count":1,"href":"https:\/\/lasprimeras.com.do\/index.php\/wp-json\/wp\/v2\/posts\/69120\/revisions"}],"predecessor-version":[{"id":69122,"href":"https:\/\/lasprimeras.com.do\/index.php\/wp-json\/wp\/v2\/posts\/69120\/revisions\/69122"}],"wp:featuredmedia":[{"embeddable":true,"href":"https:\/\/lasprimeras.com.do\/index.php\/wp-json\/wp\/v2\/media\/69121"}],"wp:attachment":[{"href":"https:\/\/lasprimeras.com.do\/index.php\/wp-json\/wp\/v2\/media?parent=69120"}],"wp:term":[{"taxonomy":"category","embeddable":true,"href":"https:\/\/lasprimeras.com.do\/index.php\/wp-json\/wp\/v2\/categories?post=69120"},{"taxonomy":"post_tag","embeddable":true,"href":"https:\/\/lasprimeras.com.do\/index.php\/wp-json\/wp\/v2\/tags?post=69120"}],"curies":[{"name":"wp","href":"https:\/\/api.w.org\/{rel}","templated":true}]}}