{"id":69132,"date":"2023-11-30T07:01:24","date_gmt":"2023-11-30T11:01:24","guid":{"rendered":"https:\/\/lasprimeras.com.do\/?p=69132"},"modified":"2023-11-30T07:01:26","modified_gmt":"2023-11-30T11:01:26","slug":"rd-logra-57-medallas-y-queda-5to-en-juegos-escolares-centroamerica","status":"publish","type":"post","link":"https:\/\/lasprimeras.com.do\/index.php\/2023\/11\/30\/rd-logra-57-medallas-y-queda-5to-en-juegos-escolares-centroamerica\/","title":{"rendered":"RD logra 57 medallas y queda 5to. en juegos escolares Centroam\u00e9rica"},"content":{"rendered":"\n<p>SANTO DOMINGO.- Rep\u00fablica Dominicana conquist\u00f3 57 medallas y finaliz\u00f3 en el quinto puesto en los VI Juegos Escolares Centroamericanos y del Caribe Venezuela 2023 que concluyeron este mi\u00e9rcoles en ese pa\u00eds, inform\u00f3 el Ministerio de Deportes y Recreaci\u00f3n (Miderec).<\/p>\n\n\n\n<p>La representaci\u00f3n quisqueyana obtuvo 4 medallas de oro, 31 de plata y 22 de bronce, 27 medallas m\u00e1s que en la edici\u00f3n anterior de M\u00e9xico 2015 y la mayor cantidad que ha logrado el pa\u00eds en las cuatro participaciones que ha tenido en este tipo de evento.<\/p>\n\n\n\n<p>Con dos medallas de oro, igual cantidad de plata y otras cuatro de bronce, el taekwondo fue el deporte m\u00e1s destacado en la delegaci\u00f3n dominicana, dijo Miderec en un comunicado.<\/p>\n\n\n\n<p>El equipo de poomsae (formas) mixto, integrado por los atletas Joel Vilorio y Karla Ramos, derrot\u00f3 a Colombia para llevarse el oro con puntuaci\u00f3n de 6.75.<\/p>\n\n\n\n<p>En el la modalidad de combate, los atletas de taekwondo dominicanos lograron dos medallas de plata, una conquistada por Vanessa Corpor\u00e1n, de los +63 kilogramos.<\/p>\n\n\n\n<p>La otra presea de plata fue conseguida por Jes\u00fas Fabi\u00e1n, en los -73 kilogramos, tras vencer a los representantes de Panam\u00e1 y M\u00e9xico en las rondas eliminatorias y semifinales. Perdi\u00f3 la final ante Juan Garc\u00eda, de Colombia.<\/p>\n","protected":false},"excerpt":{"rendered":"<p>SANTO DOMINGO.- Rep\u00fablica Dominicana conquist\u00f3 57 medallas y finaliz\u00f3 en el quinto puesto en los VI Juegos Escolares Centroamericanos y del Caribe Venezuela 2023 que concluyeron este mi\u00e9rcoles en ese&hellip;<\/p>\n","protected":false},"author":3,"featured_media":69133,"comment_status":"open","ping_status":"open","sticky":false,"template":"","format":"standard","meta":{"content-type":"","jetpack_post_was_ever_published":false,"_jetpack_newsletter_access":"","_jetpack_dont_email_post_to_subs":false,"_jetpack_newsletter_tier_id":0,"_jetpack_memberships_contains_paywalled_content":false,"_jetpack_memberships_contains_paid_content":false,"footnotes":""},"categories":[1],"tags":[],"class_list":["post-69132","post","type-post","status-publish","format-standard","has-post-thumbnail","hentry","category-sin-categoria"],"jetpack_featured_media_url":"https:\/\/lasprimeras.com.do\/wp-content\/uploads\/2023\/11\/WhatsApp-Image-2023-11-25-at-5.12.30-PM-3.png","jetpack-related-posts":[{"id":69410,"url":"https:\/\/lasprimeras.com.do\/index.php\/2023\/12\/02\/miderec-recibe-delegacion-atletas-compitieron-en-juegos-escolares\/","url_meta":{"origin":69132,"position":0},"title":"Miderec recibe delegaci\u00f3n atletas compitieron en Juegos Escolares","author":"BIMARY DE JES\u00daS Matos","date":"2 de diciembre de 2023","format":false,"excerpt":"SANTO DOMINGO.- El Ministerio de Deportes recibi\u00f3 con j\u00fabilo la noche del jueves a la delegaci\u00f3n dominicana de j\u00f3venes atletas que compiti\u00f3 en los VI Juegos Escolares Centroamericanos y del Caribe Venezuela 2023, que concluyeron recientemente. En esta oportunidad los atletas escolares quisqueyanos, en edades de 15 a 17 a\u00f1os,\u2026","rel":"","context":"En \u00abSin categor\u00eda\u00bb","block_context":{"text":"Sin categor\u00eda","link":"https:\/\/lasprimeras.com.do\/index.php\/category\/sin-categoria\/"},"img":{"alt_text":"","src":"https:\/\/i0.wp.com\/lasprimeras.com.do\/wp-content\/uploads\/2023\/12\/WhatsApp-Image-2023-11-30-at-12.22.20-PM-7.jpeg?resize=350%2C200&ssl=1","width":350,"height":200,"srcset":"https:\/\/i0.wp.com\/lasprimeras.com.do\/wp-content\/uploads\/2023\/12\/WhatsApp-Image-2023-11-30-at-12.22.20-PM-7.jpeg?resize=350%2C200&ssl=1 1x, https:\/\/i0.wp.com\/lasprimeras.com.do\/wp-content\/uploads\/2023\/12\/WhatsApp-Image-2023-11-30-at-12.22.20-PM-7.jpeg?resize=525%2C300&ssl=1 1.5x"},"classes":[]},{"id":61895,"url":"https:\/\/lasprimeras.com.do\/index.php\/2023\/10\/01\/karate-hace-entrega-del-dinero-del-incentivos-a-los-medallistas-en-juegos-de-el-salvador\/","url_meta":{"origin":69132,"position":1},"title":"Karate hace entrega del dinero del incentivos a los medallistas en Juegos de El Salvador","author":"Nelson Feliz","date":"1 de octubre de 2023","format":false,"excerpt":"La Federaci\u00f3n Dominicana de Karate entreg\u00f3 900 mil pesos de los incentivos econ\u00f3micos a los atletas medallistas de oro, plata y bronce, as\u00ed como a los entrenadores y un incentivo a la Federaci\u00f3n, que fueron aportados por el gobierno de Luis Abinader, a trav\u00e9s del Ministerio de Deportes, que dirige\u2026","rel":"","context":"En \u00abSin categor\u00eda\u00bb","block_context":{"text":"Sin categor\u00eda","link":"https:\/\/lasprimeras.com.do\/index.php\/category\/sin-categoria\/"},"img":{"alt_text":"Karate entreg\u00f3 900 mil pesos de incentivos econ\u00f3micos a los atletas medallistas de oro, plata y bronce, as\u00ed como a los entrenadores y un incentivo a la Federaci\u00f3n.FUENTE EXTERNA","src":"https:\/\/i0.wp.com\/lasprimeras.com.do\/wp-content\/uploads\/2023\/10\/Karate.jpeg?resize=350%2C200&ssl=1","width":350,"height":200,"srcset":"https:\/\/i0.wp.com\/lasprimeras.com.do\/wp-content\/uploads\/2023\/10\/Karate.jpeg?resize=350%2C200&ssl=1 1x, https:\/\/i0.wp.com\/lasprimeras.com.do\/wp-content\/uploads\/2023\/10\/Karate.jpeg?resize=525%2C300&ssl=1 1.5x, https:\/\/i0.wp.com\/lasprimeras.com.do\/wp-content\/uploads\/2023\/10\/Karate.jpeg?resize=700%2C400&ssl=1 2x"},"classes":[]},{"id":61024,"url":"https:\/\/lasprimeras.com.do\/index.php\/2023\/09\/21\/siguen-en-el-limbo-incentivos-a-medallistas-de-centroamericanos\/","url_meta":{"origin":69132,"position":2},"title":"Siguen en el limbo incentivos a medallistas de Centroamericanos","author":"Nelson Feliz","date":"21 de septiembre de 2023","format":false,"excerpt":"En la XXIV versi\u00f3n de los Juegos Centroamericanos y del Caribe, la delegaci\u00f3n dominicana qued\u00f3 quinto en el medallero con un total de 111 medallas. Luego de 74 d\u00edas que se terminaran las acciones de los Juegos Centroamericanos y del Caribe, San Salvador 2023, la fecha para entregar los incentivos\u2026","rel":"","context":"En \u00abSin categor\u00eda\u00bb","block_context":{"text":"Sin categor\u00eda","link":"https:\/\/lasprimeras.com.do\/index.php\/category\/sin-categoria\/"},"img":{"alt_text":"Alexander Ogando fue ganador de dos medallas de oro en El Salvador.FUENTE EXTERNA","src":"https:\/\/i0.wp.com\/lasprimeras.com.do\/wp-content\/uploads\/2023\/09\/Alexander-Ogando.jpeg?resize=350%2C200&ssl=1","width":350,"height":200,"srcset":"https:\/\/i0.wp.com\/lasprimeras.com.do\/wp-content\/uploads\/2023\/09\/Alexander-Ogando.jpeg?resize=350%2C200&ssl=1 1x, https:\/\/i0.wp.com\/lasprimeras.com.do\/wp-content\/uploads\/2023\/09\/Alexander-Ogando.jpeg?resize=525%2C300&ssl=1 1.5x, https:\/\/i0.wp.com\/lasprimeras.com.do\/wp-content\/uploads\/2023\/09\/Alexander-Ogando.jpeg?resize=700%2C400&ssl=1 2x"},"classes":[]},{"id":68947,"url":"https:\/\/lasprimeras.com.do\/index.php\/2023\/11\/29\/dominicana-cerca-de-30-medallas-en-juegos-escolares-en-venezuela\/","url_meta":{"origin":69132,"position":3},"title":"Dominicana cerca de 30 medallas en Juegos Escolares en Venezuela","author":"BIMARY DE JES\u00daS Matos","date":"29 de noviembre de 2023","format":false,"excerpt":"SANTO DOMINGO.- La selecci\u00f3n dominicana que participa en los VI Juegos Escolares Centroamericanos y del Caribe en Venezuela acumula hasta hoy 28 medallas, entre estas dos de oro alcanzadas por Jean Michael Keen, en karate, y King Aquino, en judo. Medios de prensa locales destacan este lunes que Keen y\u2026","rel":"","context":"En \u00abSin categor\u00eda\u00bb","block_context":{"text":"Sin categor\u00eda","link":"https:\/\/lasprimeras.com.do\/index.php\/category\/sin-categoria\/"},"img":{"alt_text":"","src":"https:\/\/i0.wp.com\/lasprimeras.com.do\/wp-content\/uploads\/2023\/11\/PhotoFrame-4.jpg?resize=350%2C200&ssl=1","width":350,"height":200,"srcset":"https:\/\/i0.wp.com\/lasprimeras.com.do\/wp-content\/uploads\/2023\/11\/PhotoFrame-4.jpg?resize=350%2C200&ssl=1 1x, https:\/\/i0.wp.com\/lasprimeras.com.do\/wp-content\/uploads\/2023\/11\/PhotoFrame-4.jpg?resize=525%2C300&ssl=1 1.5x"},"classes":[]},{"id":117083,"url":"https:\/\/lasprimeras.com.do\/index.php\/2025\/12\/07\/dominicana-alcanza-74-medallas-y-el-septimo-lugar-en-bolivarianos\/","url_meta":{"origin":69132,"position":4},"title":"Dominicana alcanza 74 medallas y el s\u00e9ptimo lugar en Bolivarianos","author":"Nelson Feliz","date":"7 de diciembre de 2025","format":false,"excerpt":"La Rep\u00fablica Dominicana participa en los Bolivarianos en calidad de invitada desde el 2013. Lima - La Rep\u00fablica Dominicana cerr\u00f3 un nuevo cap\u00edtulo con la conquista de 74 medallas en los XX Juegos Bolivarianos que concluyeron este domingo en esta ciudad. Con 12 de oro, 17 de plata y 45\u2026","rel":"","context":"En \u00abDEPORTES\u00bb","block_context":{"text":"DEPORTES","link":"https:\/\/lasprimeras.com.do\/index.php\/category\/deportes\/"},"img":{"alt_text":"El equipo de judo celebra el triunfo en los Juegos Bolivarianos que se celebraron en Lima, Per\u00fa.","src":"https:\/\/i0.wp.com\/lasprimeras.com.do\/wp-content\/uploads\/2025\/12\/RD.jpg?resize=350%2C200&ssl=1","width":350,"height":200,"srcset":"https:\/\/i0.wp.com\/lasprimeras.com.do\/wp-content\/uploads\/2025\/12\/RD.jpg?resize=350%2C200&ssl=1 1x, https:\/\/i0.wp.com\/lasprimeras.com.do\/wp-content\/uploads\/2025\/12\/RD.jpg?resize=525%2C300&ssl=1 1.5x, https:\/\/i0.wp.com\/lasprimeras.com.do\/wp-content\/uploads\/2025\/12\/RD.jpg?resize=700%2C400&ssl=1 2x"},"classes":[]},{"id":72072,"url":"https:\/\/lasprimeras.com.do\/index.php\/2023\/12\/26\/el-deporte-dominicano-cierra-un-2023-de-exitos\/","url_meta":{"origin":69132,"position":5},"title":"El deporte dominicano cierra un 2023 de \u00e9xitos","author":"BIMARY DE JES\u00daS Matos","date":"26 de diciembre de 2023","format":false,"excerpt":"Santo Domingo.-El deporte de Rep\u00fablica Dominicana nueva vez puso en alto la bandera nacional durante el 2023, un a\u00f1o en que los atletas dominicanos superaron las dificultades para imponerse en diferentes competencias mundiales y regionales en las que participaron. El 2023 tambi\u00e9n dej\u00f3 al deporte dominicano centenares de instalaciones, construidas\u2026","rel":"","context":"En \u00abSin categor\u00eda\u00bb","block_context":{"text":"Sin categor\u00eda","link":"https:\/\/lasprimeras.com.do\/index.php\/category\/sin-categoria\/"},"img":{"alt_text":"","src":"https:\/\/i0.wp.com\/lasprimeras.com.do\/wp-content\/uploads\/2023\/12\/Noticias-de-energia-89.webp?resize=350%2C200&ssl=1","width":350,"height":200,"srcset":"https:\/\/i0.wp.com\/lasprimeras.com.do\/wp-content\/uploads\/2023\/12\/Noticias-de-energia-89.webp?resize=350%2C200&ssl=1 1x, https:\/\/i0.wp.com\/lasprimeras.com.do\/wp-content\/uploads\/2023\/12\/Noticias-de-energia-89.webp?resize=525%2C300&ssl=1 1.5x"},"classes":[]}],"jetpack_sharing_enabled":true,"_links":{"self":[{"href":"https:\/\/lasprimeras.com.do\/index.php\/wp-json\/wp\/v2\/posts\/69132","targetHints":{"allow":["GET"]}}],"collection":[{"href":"https:\/\/lasprimeras.com.do\/index.php\/wp-json\/wp\/v2\/posts"}],"about":[{"href":"https:\/\/lasprimeras.com.do\/index.php\/wp-json\/wp\/v2\/types\/post"}],"author":[{"embeddable":true,"href":"https:\/\/lasprimeras.com.do\/index.php\/wp-json\/wp\/v2\/users\/3"}],"replies":[{"embeddable":true,"href":"https:\/\/lasprimeras.com.do\/index.php\/wp-json\/wp\/v2\/comments?post=69132"}],"version-history":[{"count":1,"href":"https:\/\/lasprimeras.com.do\/index.php\/wp-json\/wp\/v2\/posts\/69132\/revisions"}],"predecessor-version":[{"id":69134,"href":"https:\/\/lasprimeras.com.do\/index.php\/wp-json\/wp\/v2\/posts\/69132\/revisions\/69134"}],"wp:featuredmedia":[{"embeddable":true,"href":"https:\/\/lasprimeras.com.do\/index.php\/wp-json\/wp\/v2\/media\/69133"}],"wp:attachment":[{"href":"https:\/\/lasprimeras.com.do\/index.php\/wp-json\/wp\/v2\/media?parent=69132"}],"wp:term":[{"taxonomy":"category","embeddable":true,"href":"https:\/\/lasprimeras.com.do\/index.php\/wp-json\/wp\/v2\/categories?post=69132"},{"taxonomy":"post_tag","embeddable":true,"href":"https:\/\/lasprimeras.com.do\/index.php\/wp-json\/wp\/v2\/tags?post=69132"}],"curies":[{"name":"wp","href":"https:\/\/api.w.org\/{rel}","templated":true}]}}