{"id":69179,"date":"2023-11-30T13:16:22","date_gmt":"2023-11-30T17:16:22","guid":{"rendered":"https:\/\/lasprimeras.com.do\/?p=69179"},"modified":"2023-11-30T13:16:23","modified_gmt":"2023-11-30T17:16:23","slug":"paliza-mas-de-un-millon-de-raciones-cocidas-y-400-mil-crudas-han-sido-distribuidas-a-familias-necesitadas","status":"publish","type":"post","link":"https:\/\/lasprimeras.com.do\/index.php\/2023\/11\/30\/paliza-mas-de-un-millon-de-raciones-cocidas-y-400-mil-crudas-han-sido-distribuidas-a-familias-necesitadas\/","title":{"rendered":"Paliza: \u201cM\u00e1s de un mill\u00f3n de raciones cocidas y 400 mil crudas han sido distribuidas a familias necesitadas\u201d"},"content":{"rendered":"\n<p class=\"wp-block-paragraph\">-.En visita a Yamasa reitera que el compromiso es atender a todas las familias afectadas junto a los l\u00edderes comunitarios<\/p>\n\n\n\n<p class=\"wp-block-paragraph\">-.Resalta el impacto de 16 jornadas de inclusi\u00f3n realizadas por el Propeep en Ocoa y Monte Plata<\/p>\n\n\n\n<p class=\"wp-block-paragraph\">Con el compromiso asumido por el Gobierno dominicano de atender a todas las familias afectadas por las lluvias del 17 y 18 de este mes, el ministro Administrativo de la Presidencia, Jos\u00e9 Ignacio Paliza, recorri\u00f3 este jueves el municipio de Yamas\u00e1 donde hizo entrega de ayudas a las familias que sufrieron da\u00f1os.<\/p>\n\n\n\n<p class=\"wp-block-paragraph\">Entre las localidades m\u00e1s afectadas est\u00e1n, Yamas\u00e1, Chirino, Mam\u00e1 Ting\u00f3, Peralvillo, Sabana Grande de Boy\u00e1 y Don Juan afectando directamente a hogares, caminos vecinales y el sector agropecuario.<\/p>\n\n\n\n<p class=\"wp-block-paragraph\">Patanas de zinc, madera, colchones y miles de raciones de alimentos del Plan de Asistencia Social de la Presidencia, fueron entregados a las autoridades y l\u00edderes comunitarios para que sean entregados a las familias que vieron colapsar sus hogares por las lluvias.<\/p>\n\n\n\n<p class=\"wp-block-paragraph\">\u201cEl compromiso que posee el presidente Luis Abinader con cada familia dominicana que fue afectada, no lo ha dejado descansar un d\u00eda, coordinando junto a nosotros cada acci\u00f3n a emprender, por eso estamos hoy para decirles que no importa cuanto dure el proceso, ninguna familia quedar\u00e1 sin ser atendida\u201d, dijo Paliza.<\/p>\n\n\n\n<p class=\"wp-block-paragraph\">\u201cLos cambios clim\u00e1ticos est\u00e1n provocando situaciones inesperadas en diferentes partes del mundo, cada vez son de mayor magnitud los fen\u00f3menos, por eso debemos tomar las precauciones de lugar y en esa direcci\u00f3n trabaja el Gobierno dominicano junto a las autoridades locales, la canalizaci\u00f3n y saneamiento de ca\u00f1adas ha sido una acci\u00f3n importante\u201d, agreg\u00f3.<\/p>\n\n\n\n<p class=\"wp-block-paragraph\">En el recorrido, tambi\u00e9n participaron el ministro de Agricultura, Limber Cruz; Roberto \u00c1ngel Salcedo, director del PROPEEP; Yadira Henr\u00edquez, directora general del Plan de Asistencia Social de la Presidencia; Rafaela Javier Gomera, gobernadora de Monte Plata, Ram\u00f3n de Los Santos Bison\u00f3 Rodriguez (Neno), alcalde de Yamas\u00e1; V\u00edctor Nicol\u00e1s Pichardo, director ejecutivo Aeroportuario, los diputados Pedro Tineo y Ram\u00f3n de Jes\u00fas, entre otras personalidades.<\/p>\n","protected":false},"excerpt":{"rendered":"<p>-.En visita a Yamasa reitera que el compromiso es atender a todas las familias afectadas junto a los l\u00edderes comunitarios -.Resalta el impacto de 16 jornadas de inclusi\u00f3n realizadas por&hellip;<\/p>\n","protected":false},"author":2,"featured_media":69180,"comment_status":"open","ping_status":"open","sticky":false,"template":"","format":"standard","meta":{"content-type":"","_jetpack_newsletter_access":"","_jetpack_dont_email_post_to_subs":false,"_jetpack_newsletter_tier_id":0,"_jetpack_memberships_contains_paywalled_content":false,"_jetpack_feature_clip_id":0,"_jetpack_memberships_contains_paid_content":false,"footnotes":"","jetpack_post_was_ever_published":false},"categories":[35,25],"tags":[9989,9990,1061,1420,1298,7925,9991],"class_list":["post-69179","post","type-post","status-publish","format-standard","has-post-thumbnail","hentry","category-nacionales","category-portada","tag-cocidas","tag-distribuidas","tag-familias","tag-jose-ignacio-paliza","tag-monte-plata","tag-raciones","tag-yamasa-2"],"jetpack-related-posts":[{"id":67926,"url":"https:\/\/lasprimeras.com.do\/index.php\/2023\/11\/20\/ministro-paliza-atender-familias-afectadas-sin-mirar-colores-partidarios\/","url_meta":{"origin":69179,"position":0},"title":"Ministro Paliza: &#8220;Atender familias afectadas sin mirar colores partidarios&#8221;","author":"Nelson Feliz","date":"20 de noviembre de 2023","format":false,"excerpt":"Hoy visitaron los sectores de Arroyo Bonito, Bella Colina y Los Rieles de Santo Domingo Oeste. El ministro Administrativo de la Presidencia, Jos\u00e9 Ignacio Paliza visit\u00f3 hoy el centro de acopio de Santo Domingo Oeste, desde donde se atender\u00e1n a las familias afectadas por las lluvias del fin de semana\u2026","rel":"","context":"En \u00abNACIONALES\u00bb","block_context":{"text":"NACIONALES","link":"https:\/\/lasprimeras.com.do\/index.php\/category\/nacionales\/"},"img":{"alt_text":"Jos\u00e9 Ignacio Paliza","src":"https:\/\/i0.wp.com\/lasprimeras.com.do\/wp-content\/uploads\/2023\/11\/Jose-Ignacio-Paliza-1.jpg?resize=350%2C200&ssl=1","width":350,"height":200,"srcset":"https:\/\/i0.wp.com\/lasprimeras.com.do\/wp-content\/uploads\/2023\/11\/Jose-Ignacio-Paliza-1.jpg?resize=350%2C200&ssl=1 1x, https:\/\/i0.wp.com\/lasprimeras.com.do\/wp-content\/uploads\/2023\/11\/Jose-Ignacio-Paliza-1.jpg?resize=525%2C300&ssl=1 1.5x, https:\/\/i0.wp.com\/lasprimeras.com.do\/wp-content\/uploads\/2023\/11\/Jose-Ignacio-Paliza-1.jpg?resize=700%2C400&ssl=1 2x"},"classes":[]},{"id":114569,"url":"https:\/\/lasprimeras.com.do\/index.php\/2025\/07\/12\/sns-deja-en-funcionamiento-emergencia-hospital-municipal-dr-pedro-heredia-rojas-en-sabana-grande-de-boya\/","url_meta":{"origin":69179,"position":1},"title":"SNS deja en funcionamiento Emergencia Hospital Municipal Dr. Pedro Heredia Rojas en Sabana Grande de Boy\u00e1","author":"Nelson Feliz","date":"12 de julio de 2025","format":false,"excerpt":"El ministro de la Presidencia, Jos\u00e9 Ignacio Paliza y el director del Servicio Nacional de Salud (SNS), doctor Mario Lama, encabezaron este s\u00e1bado la inauguraci\u00f3n de la ampliaci\u00f3n y equipamiento de la Emergencia del Hospital Municipal Dr. Pedro Heredia Rojas, en el municipio Sabana Grande de Boy\u00e1, en beneficio de\u2026","rel":"","context":"En \u00abPORTADA\u00bb","block_context":{"text":"PORTADA","link":"https:\/\/lasprimeras.com.do\/index.php\/category\/portada\/"},"img":{"alt_text":"","src":"https:\/\/i0.wp.com\/lasprimeras.com.do\/wp-content\/uploads\/2025\/11\/Hospital-Municipal-Dr.-Pedro-Heredia-Rojas.jpg?resize=350%2C200&ssl=1","width":350,"height":200,"srcset":"https:\/\/i0.wp.com\/lasprimeras.com.do\/wp-content\/uploads\/2025\/11\/Hospital-Municipal-Dr.-Pedro-Heredia-Rojas.jpg?resize=350%2C200&ssl=1 1x, https:\/\/i0.wp.com\/lasprimeras.com.do\/wp-content\/uploads\/2025\/11\/Hospital-Municipal-Dr.-Pedro-Heredia-Rojas.jpg?resize=525%2C300&ssl=1 1.5x, https:\/\/i0.wp.com\/lasprimeras.com.do\/wp-content\/uploads\/2025\/11\/Hospital-Municipal-Dr.-Pedro-Heredia-Rojas.jpg?resize=700%2C400&ssl=1 2x"},"classes":[]},{"id":135244,"url":"https:\/\/lasprimeras.com.do\/index.php\/2026\/07\/21\/edeeste-fortalece-el-servicio-electrico-en-yamasa-con-nuevas-redes-y-un-transformador\/","url_meta":{"origin":69179,"position":2},"title":"Edeeste fortalece el servicio el\u00e9ctrico en Yamas\u00e1 con nuevas redes y un transformador","author":"Nelson Feliz","date":"21 de julio de 2026","format":false,"excerpt":"La distribuidora ejecut\u00f3 los trabajos en el sector INVI, de Monte Plata, para mejorar la estabilidad del suministro y reforzar la infraestructura el\u00e9ctrica de la comunidad. Monte Plata. \u2013 La Empresa Distribuidora de Electricidad del Este (Edeeste) inform\u00f3 sobre la instalaci\u00f3n de un nuevo transformador y nuevas redes de distribuci\u00f3n\u2026","rel":"","context":"En \u00abNACIONALES\u00bb","block_context":{"text":"NACIONALES","link":"https:\/\/lasprimeras.com.do\/index.php\/category\/nacionales\/"},"img":{"alt_text":"","src":"https:\/\/i0.wp.com\/lasprimeras.com.do\/wp-content\/uploads\/2026\/07\/edeeste.jpg?resize=350%2C200&ssl=1","width":350,"height":200,"srcset":"https:\/\/i0.wp.com\/lasprimeras.com.do\/wp-content\/uploads\/2026\/07\/edeeste.jpg?resize=350%2C200&ssl=1 1x, https:\/\/i0.wp.com\/lasprimeras.com.do\/wp-content\/uploads\/2026\/07\/edeeste.jpg?resize=525%2C300&ssl=1 1.5x, https:\/\/i0.wp.com\/lasprimeras.com.do\/wp-content\/uploads\/2026\/07\/edeeste.jpg?resize=700%2C400&ssl=1 2x"},"classes":[]},{"id":107651,"url":"https:\/\/lasprimeras.com.do\/index.php\/2025\/08\/28\/golpe-mortal-frente-a-su-hija-20-anos-de-prision-por-feminicidio-en-yamasa\/","url_meta":{"origin":69179,"position":3},"title":"Golpe mortal frente a su hija: 20 a\u00f1os de prisi\u00f3n por feminicidio en Yamas\u00e1","author":"Nelson Feliz","date":"28 de agosto de 2025","format":false,"excerpt":"El feminicida fue identificado como Fernando F\u00e9lix de la Cruz. La ma\u00f1ana del 25 de septiembre de 2023, en la comunidad rural de Sabana de Cercadillo, municipio Yamas\u00e1, se quebr\u00f3 la rutina dom\u00e9stica con un acto de violencia que marcar\u00eda para siempre a una familia. En la vivienda donde conviv\u00edan\u2026","rel":"","context":"En \u00abJUSTICIA\u00bb","block_context":{"text":"JUSTICIA","link":"https:\/\/lasprimeras.com.do\/index.php\/category\/justicia\/"},"img":{"alt_text":"","src":"","width":0,"height":0},"classes":[]},{"id":69073,"url":"https:\/\/lasprimeras.com.do\/index.php\/2023\/11\/29\/roberto-angel-articula-con-varias-instituciones-del-gobierno-acciones-en-la-provincia-de-monte-plata\/","url_meta":{"origin":69179,"position":4},"title":"Roberto \u00c1ngel articula con varias instituciones del Gobierno, acciones en la provincia de Monte Plata","author":"Nelson Feliz","date":"29 de noviembre de 2023","format":false,"excerpt":"Las acciones incluyen reparaci\u00f3n y rehabilitaci\u00f3n de caminos vecinales, tramos de carreteras, puentes, viviendas, entregas de ayudas y enseres domesticos a familias afectadas por lluvias Yamas\u00e1, Monte Plata. - El director general de Proyectos Estrat\u00e9gicos y Especiales de la Presidencia, Roberto \u00c1ngel Salcedo, inici\u00f3 la articulaci\u00f3n interinstitucional en esta provincia\u2026","rel":"","context":"En \u00abNACIONALES\u00bb","block_context":{"text":"NACIONALES","link":"https:\/\/lasprimeras.com.do\/index.php\/category\/nacionales\/"},"img":{"alt_text":"Roberto \u00c1ngel Salcedo","src":"https:\/\/i0.wp.com\/lasprimeras.com.do\/wp-content\/uploads\/2023\/11\/Roberto-Angel-Salcedo-8.jpg?resize=350%2C200&ssl=1","width":350,"height":200,"srcset":"https:\/\/i0.wp.com\/lasprimeras.com.do\/wp-content\/uploads\/2023\/11\/Roberto-Angel-Salcedo-8.jpg?resize=350%2C200&ssl=1 1x, https:\/\/i0.wp.com\/lasprimeras.com.do\/wp-content\/uploads\/2023\/11\/Roberto-Angel-Salcedo-8.jpg?resize=525%2C300&ssl=1 1.5x, https:\/\/i0.wp.com\/lasprimeras.com.do\/wp-content\/uploads\/2023\/11\/Roberto-Angel-Salcedo-8.jpg?resize=700%2C400&ssl=1 2x"},"classes":[]},{"id":137326,"url":"https:\/\/lasprimeras.com.do\/index.php\/2026\/08\/15\/ministerio-de-hacienda-fiscaliza-agencias-hipicas-y-decomisa-tragamonedas-irregulares-en-yamasa\/","url_meta":{"origin":69179,"position":5},"title":"Ministerio de Hacienda fiscaliza Agencias H\u00edpicas y decomisa tragamonedas irregulares en Yamas\u00e1","author":"Nelson Feliz","date":"15 de agosto de 2026","format":false,"excerpt":"Yamas\u00e1, Monte Plata.\u2013 El Ministerio de Hacienda realiz\u00f3 un amplio operativo de fiscalizaci\u00f3n en el municipio de Yamas\u00e1, donde fueron intervenidas varias agencias h\u00edpicas que presuntamente operaban m\u00e1quinas tragamonedas sin los permisos correspondientes y sin cumplir con los l\u00edmites de distancia establecidos. Durante la intervenci\u00f3n, las autoridades procedieron al decomiso\u2026","rel":"","context":"En \u00abNACIONALES\u00bb","block_context":{"text":"NACIONALES","link":"https:\/\/lasprimeras.com.do\/index.php\/category\/nacionales\/"},"img":{"alt_text":"Ministerio de Hacienda","src":"https:\/\/i0.wp.com\/lasprimeras.com.do\/wp-content\/uploads\/2026\/08\/Ministerio-de-Hacienda-1.jpg?resize=350%2C200&ssl=1","width":350,"height":200,"srcset":"https:\/\/i0.wp.com\/lasprimeras.com.do\/wp-content\/uploads\/2026\/08\/Ministerio-de-Hacienda-1.jpg?resize=350%2C200&ssl=1 1x, https:\/\/i0.wp.com\/lasprimeras.com.do\/wp-content\/uploads\/2026\/08\/Ministerio-de-Hacienda-1.jpg?resize=525%2C300&ssl=1 1.5x, https:\/\/i0.wp.com\/lasprimeras.com.do\/wp-content\/uploads\/2026\/08\/Ministerio-de-Hacienda-1.jpg?resize=700%2C400&ssl=1 2x"},"classes":[]}],"jetpack_sharing_enabled":true,"jetpack_featured_media_url":"https:\/\/lasprimeras.com.do\/wp-content\/uploads\/2023\/11\/Jose-Ignacio-Paliza-1-1.jpg","_links":{"self":[{"href":"https:\/\/lasprimeras.com.do\/index.php\/wp-json\/wp\/v2\/posts\/69179","targetHints":{"allow":["GET"]}}],"collection":[{"href":"https:\/\/lasprimeras.com.do\/index.php\/wp-json\/wp\/v2\/posts"}],"about":[{"href":"https:\/\/lasprimeras.com.do\/index.php\/wp-json\/wp\/v2\/types\/post"}],"author":[{"embeddable":true,"href":"https:\/\/lasprimeras.com.do\/index.php\/wp-json\/wp\/v2\/users\/2"}],"replies":[{"embeddable":true,"href":"https:\/\/lasprimeras.com.do\/index.php\/wp-json\/wp\/v2\/comments?post=69179"}],"version-history":[{"count":1,"href":"https:\/\/lasprimeras.com.do\/index.php\/wp-json\/wp\/v2\/posts\/69179\/revisions"}],"predecessor-version":[{"id":69181,"href":"https:\/\/lasprimeras.com.do\/index.php\/wp-json\/wp\/v2\/posts\/69179\/revisions\/69181"}],"wp:featuredmedia":[{"embeddable":true,"href":"https:\/\/lasprimeras.com.do\/index.php\/wp-json\/wp\/v2\/media\/69180"}],"wp:attachment":[{"href":"https:\/\/lasprimeras.com.do\/index.php\/wp-json\/wp\/v2\/media?parent=69179"}],"wp:term":[{"taxonomy":"category","embeddable":true,"href":"https:\/\/lasprimeras.com.do\/index.php\/wp-json\/wp\/v2\/categories?post=69179"},{"taxonomy":"post_tag","embeddable":true,"href":"https:\/\/lasprimeras.com.do\/index.php\/wp-json\/wp\/v2\/tags?post=69179"}],"curies":[{"name":"wp","href":"https:\/\/api.w.org\/{rel}","templated":true}]}}