{"id":69204,"date":"2023-11-30T15:47:56","date_gmt":"2023-11-30T19:47:56","guid":{"rendered":"https:\/\/lasprimeras.com.do\/?p=69204"},"modified":"2023-11-30T15:47:58","modified_gmt":"2023-11-30T19:47:58","slug":"paulino-elegida-atleta-del-ano-2022-por-cronistas-deportivos-rd","status":"publish","type":"post","link":"https:\/\/lasprimeras.com.do\/index.php\/2023\/11\/30\/paulino-elegida-atleta-del-ano-2022-por-cronistas-deportivos-rd\/","title":{"rendered":"Paulino elegida Atleta del A\u00f1o 2022 por cronistas deportivos RD"},"content":{"rendered":"\n<p>SANTO DOMINGO.- La velocista dominicana Marileidy Paulino fue seleccionada como la \u00abAtleta del A\u00f1o 2022\u2033 por la Asociaci\u00f3n de Cronistas Deportivos (ACD) de Santo Domingo, por su excelente actuaci\u00f3n en eventos internacionales.<\/p>\n\n\n\n<p>El Comit\u00e9 Ejecutivo de la ACD reconoci\u00f3 el t\u00edtulo logrado por la \u00abreina de las pistas\u00bb en la Liga Diamante, la medalla de plata en la carrera de los 400 metros planos (f) del Mundial de Oreg\u00f3n, evento en el que tambi\u00e9n se colg\u00f3 el oro en el relevo mixto 4\u00d7400.<\/p>\n\n\n\n<p>\u201cEl atletismo se mantiene y se mantendr\u00e1 por la labores que realizan cada uno de nuestros atletas, pero en especial Marileidy\u201d, dijo Gerardo Suero Correa, quien subi\u00f3 al escenario para recibir el galard\u00f3n en nombre de Paulino.<\/p>\n\n\n\n<p>El gremio que preside Am\u00e9rico Celado premi\u00f3 asimismo a los peloteros Julio Rodr\u00edguez y Sandy Alc\u00e1ntara como \u00abAtletas destacados en 2022\u00bb.<\/p>\n\n\n\n<p>Tambi\u00e9n al seleccionado masculino de f\u00fatbol que clasific\u00f3 al Mundial sub-20 y a los Juegos Ol\u00edmpicos, as\u00ed como a la cuarteta 4\u00d7400 mixta que gan\u00f3 la medalla de oro en el Campeonato del Mundo.<\/p>\n","protected":false},"excerpt":{"rendered":"<p>SANTO DOMINGO.- La velocista dominicana Marileidy Paulino fue seleccionada como la \u00abAtleta del A\u00f1o 2022\u2033 por la Asociaci\u00f3n de Cronistas Deportivos (ACD) de Santo Domingo, por su excelente actuaci\u00f3n en&hellip;<\/p>\n","protected":false},"author":3,"featured_media":69205,"comment_status":"open","ping_status":"open","sticky":false,"template":"","format":"standard","meta":{"content-type":"","jetpack_post_was_ever_published":false,"_jetpack_newsletter_access":"","_jetpack_dont_email_post_to_subs":false,"_jetpack_newsletter_tier_id":0,"_jetpack_memberships_contains_paywalled_content":false,"_jetpack_memberships_contains_paid_content":false,"footnotes":""},"categories":[1],"tags":[3317],"class_list":["post-69204","post","type-post","status-publish","format-standard","has-post-thumbnail","hentry","category-sin-categoria","tag-marileidy-paulino"],"jetpack_featured_media_url":"https:\/\/lasprimeras.com.do\/wp-content\/uploads\/2023\/11\/WhatsApp-Image-2023-11-30-at-12.17.32-PM-2.png","jetpack-related-posts":[{"id":111718,"url":"https:\/\/lasprimeras.com.do\/index.php\/2025\/10\/12\/velocista-dominicana-marileidy-paulino-se-destaca-en-carrera-nueva-york\/","url_meta":{"origin":69204,"position":0},"title":"Velocista dominicana Marileidy Paulino se destaca en carrera Nueva York","author":"Nelson Feliz","date":"12 de octubre de 2025","format":false,"excerpt":"Santo Domingo, PL.- Medios de comunicaci\u00f3n dominicanos destacaron el nuevo triunfo de la velocista Marileidy Paulino, quien cerr\u00f3 su temporada 2025 con una victoria en los 400 metros planos del Athlos NYC 2025, celebrado en el Icahn Stadium, en Nueva York. Peri\u00f3dicos, portales digitales y noticieros televisivos coincidieron en resaltar\u2026","rel":"","context":"En \u00abDEPORTES\u00bb","block_context":{"text":"DEPORTES","link":"https:\/\/lasprimeras.com.do\/index.php\/category\/deportes\/"},"img":{"alt_text":"Marileidy Paulino","src":"https:\/\/i0.wp.com\/lasprimeras.com.do\/wp-content\/uploads\/2025\/10\/Marileidy-Paulino.jpg?resize=350%2C200&ssl=1","width":350,"height":200,"srcset":"https:\/\/i0.wp.com\/lasprimeras.com.do\/wp-content\/uploads\/2025\/10\/Marileidy-Paulino.jpg?resize=350%2C200&ssl=1 1x, https:\/\/i0.wp.com\/lasprimeras.com.do\/wp-content\/uploads\/2025\/10\/Marileidy-Paulino.jpg?resize=525%2C300&ssl=1 1.5x, https:\/\/i0.wp.com\/lasprimeras.com.do\/wp-content\/uploads\/2025\/10\/Marileidy-Paulino.jpg?resize=700%2C400&ssl=1 2x, https:\/\/i0.wp.com\/lasprimeras.com.do\/wp-content\/uploads\/2025\/10\/Marileidy-Paulino.jpg?resize=1050%2C600&ssl=1 3x"},"classes":[]},{"id":101423,"url":"https:\/\/lasprimeras.com.do\/index.php\/2025\/06\/20\/marileidy-paulino-gana-los-400-metros-de-paris-en-la-liga-diamante\/","url_meta":{"origin":69204,"position":1},"title":"Marileidy Paulino gana los 400 metros de Par\u00eds en la Liga Diamante","author":"Nelson Feliz","date":"20 de junio de 2025","format":false,"excerpt":"Con el triunfo, la atleta quisqueyana extiende a cuatro sus victorias consecutivas su racha de \u00e9xitos cuando el circuito se corre en la capital francesa. La velocista dominicana Marileidy Paulino registr\u00f3 un tiempo de 48.81 para llevarse el primer lugar del encuentro atl\u00e9tico de Par\u00eds, en su primera presentaci\u00f3n del\u2026","rel":"","context":"En \u00abDEPORTES\u00bb","block_context":{"text":"DEPORTES","link":"https:\/\/lasprimeras.com.do\/index.php\/category\/deportes\/"},"img":{"alt_text":"","src":"https:\/\/i0.wp.com\/lasprimeras.com.do\/wp-content\/uploads\/2025\/06\/Marileydy-Paulino.jpg?resize=350%2C200&ssl=1","width":350,"height":200,"srcset":"https:\/\/i0.wp.com\/lasprimeras.com.do\/wp-content\/uploads\/2025\/06\/Marileydy-Paulino.jpg?resize=350%2C200&ssl=1 1x, https:\/\/i0.wp.com\/lasprimeras.com.do\/wp-content\/uploads\/2025\/06\/Marileydy-Paulino.jpg?resize=525%2C300&ssl=1 1.5x, https:\/\/i0.wp.com\/lasprimeras.com.do\/wp-content\/uploads\/2025\/06\/Marileydy-Paulino.jpg?resize=700%2C400&ssl=1 2x"},"classes":[]},{"id":109458,"url":"https:\/\/lasprimeras.com.do\/index.php\/2025\/09\/18\/marileidy-paulino-logra-plata-en-los-400-metros-del-mundial-con-record-nacional\/","url_meta":{"origin":69204,"position":2},"title":"Marileidy Paulino logra plata en los 400 metros del Mundial con r\u00e9cord nacional","author":"Nelson Feliz","date":"18 de septiembre de 2025","format":false,"excerpt":"Marileidy Paulino va por medalla en el Mundial de Atletismo de Jap\u00f3n. La velocista dominicana Marileidy Paulino conquist\u00f3 este jueves la medalla de plata en la final de los 400 metros planos del Mundial de Atletismo celebrado en Jap\u00f3n, al detener el cron\u00f3metro en 47.98 segundos, nuevo r\u00e9cord nacional para\u2026","rel":"","context":"En \u00abDEPORTES\u00bb","block_context":{"text":"DEPORTES","link":"https:\/\/lasprimeras.com.do\/index.php\/category\/deportes\/"},"img":{"alt_text":"","src":"https:\/\/i0.wp.com\/lasprimeras.com.do\/wp-content\/uploads\/2025\/09\/Marileidy-Paulino-1.jpg?resize=350%2C200&ssl=1","width":350,"height":200,"srcset":"https:\/\/i0.wp.com\/lasprimeras.com.do\/wp-content\/uploads\/2025\/09\/Marileidy-Paulino-1.jpg?resize=350%2C200&ssl=1 1x, https:\/\/i0.wp.com\/lasprimeras.com.do\/wp-content\/uploads\/2025\/09\/Marileidy-Paulino-1.jpg?resize=525%2C300&ssl=1 1.5x, https:\/\/i0.wp.com\/lasprimeras.com.do\/wp-content\/uploads\/2025\/09\/Marileidy-Paulino-1.jpg?resize=700%2C400&ssl=1 2x"},"classes":[]},{"id":109539,"url":"https:\/\/lasprimeras.com.do\/index.php\/2025\/09\/18\/marileidy-a-mclaughlin-levrone-solo-pido-que-se-corra-todo-el-ano-como-hago-yo\/","url_meta":{"origin":69204,"position":3},"title":"Marileidy a McLaughlin-Levrone: &#8220;Solo pido que se corra todo el a\u00f1o, como hago yo&#8221;","author":"Nelson Feliz","date":"18 de septiembre de 2025","format":false,"excerpt":"La dominicana logr\u00f3 la medalla de plata mundial en una carrera memorable Tokio, AFP - Marileidy Paulino lanz\u00f3 un 'dardo' a la ganadora de la medalla de oro en los 400 metros del Mundial de Atletismo, Sydney McLaughlin-Levrone, que apenas corri\u00f3 en la temporada de 400 metros. \"Yo solo pido\u2026","rel":"","context":"En \u00abDEPORTES\u00bb","block_context":{"text":"DEPORTES","link":"https:\/\/lasprimeras.com.do\/index.php\/category\/deportes\/"},"img":{"alt_text":"","src":"https:\/\/i0.wp.com\/lasprimeras.com.do\/wp-content\/uploads\/2025\/09\/Marileidy-Paulino.jpg?resize=350%2C200&ssl=1","width":350,"height":200,"srcset":"https:\/\/i0.wp.com\/lasprimeras.com.do\/wp-content\/uploads\/2025\/09\/Marileidy-Paulino.jpg?resize=350%2C200&ssl=1 1x, https:\/\/i0.wp.com\/lasprimeras.com.do\/wp-content\/uploads\/2025\/09\/Marileidy-Paulino.jpg?resize=525%2C300&ssl=1 1.5x, https:\/\/i0.wp.com\/lasprimeras.com.do\/wp-content\/uploads\/2025\/09\/Marileidy-Paulino.jpg?resize=700%2C400&ssl=1 2x"},"classes":[]},{"id":58544,"url":"https:\/\/lasprimeras.com.do\/index.php\/2023\/08\/24\/marileidy-paulino-agradece-al-presidente-abinader-su-apoyo-al-deporte-dominicano\/","url_meta":{"origin":69204,"position":4},"title":"Marileidy Paulino agradece al presidente Abinader su apoyo al deporte dominicano","author":"Nelson Feliz","date":"24 de agosto de 2023","format":false,"excerpt":"La atleta manifest\u00f3 su agradecimiento v\u00eda un intercambio de Twitter luego que el mandatario la felicitara por su triunfo en el Mundial de Atletismo. La campeona del mundo en los 400 metros planos en atletismo, Marileidy Paulino, agradeci\u00f3 al presidente Luis Abinader por el apoyo al deporte dominicano que ha\u2026","rel":"","context":"En \u00abSin categor\u00eda\u00bb","block_context":{"text":"Sin categor\u00eda","link":"https:\/\/lasprimeras.com.do\/index.php\/category\/sin-categoria\/"},"img":{"alt_text":"Marileidy Paulino","src":"https:\/\/i0.wp.com\/lasprimeras.com.do\/wp-content\/uploads\/2023\/08\/Marileidy-Paulino-1-1.jpg?resize=350%2C200&ssl=1","width":350,"height":200,"srcset":"https:\/\/i0.wp.com\/lasprimeras.com.do\/wp-content\/uploads\/2023\/08\/Marileidy-Paulino-1-1.jpg?resize=350%2C200&ssl=1 1x, https:\/\/i0.wp.com\/lasprimeras.com.do\/wp-content\/uploads\/2023\/08\/Marileidy-Paulino-1-1.jpg?resize=525%2C300&ssl=1 1.5x, https:\/\/i0.wp.com\/lasprimeras.com.do\/wp-content\/uploads\/2023\/08\/Marileidy-Paulino-1-1.jpg?resize=700%2C400&ssl=1 2x"},"classes":[]},{"id":59954,"url":"https:\/\/lasprimeras.com.do\/index.php\/2023\/09\/08\/abinader-recibe-visita-a-la-campeona-en-los-400-metros-planos-de-atletismo-marileidy-paulino\/","url_meta":{"origin":69204,"position":5},"title":"Abinader recibe visita a la campeona en los 400 metros planos de atletismo, Marileidy Paulino","author":"Nelson Feliz","date":"8 de septiembre de 2023","format":false,"excerpt":"Paulino exhort\u00f3 a los j\u00f3venes tener disciplina, mucha fe en Dios y confianza en ellos mismos. El presidente Luis Abinader junto con la primera dama Raquel Arbaje, recibi\u00f3 este viernes en su Despacho Presidencial a la campeona del mundo en los 400 metros planos de atletismo, Marileidy Paulino. El jefe\u2026","rel":"","context":"En \u00abSin categor\u00eda\u00bb","block_context":{"text":"Sin categor\u00eda","link":"https:\/\/lasprimeras.com.do\/index.php\/category\/sin-categoria\/"},"img":{"alt_text":"Luis Abinader recibe Paulino","src":"https:\/\/i0.wp.com\/lasprimeras.com.do\/wp-content\/uploads\/2023\/09\/Luis-Abinader-recibe-Paulino.jpg?resize=350%2C200&ssl=1","width":350,"height":200,"srcset":"https:\/\/i0.wp.com\/lasprimeras.com.do\/wp-content\/uploads\/2023\/09\/Luis-Abinader-recibe-Paulino.jpg?resize=350%2C200&ssl=1 1x, https:\/\/i0.wp.com\/lasprimeras.com.do\/wp-content\/uploads\/2023\/09\/Luis-Abinader-recibe-Paulino.jpg?resize=525%2C300&ssl=1 1.5x, https:\/\/i0.wp.com\/lasprimeras.com.do\/wp-content\/uploads\/2023\/09\/Luis-Abinader-recibe-Paulino.jpg?resize=700%2C400&ssl=1 2x"},"classes":[]}],"jetpack_sharing_enabled":true,"_links":{"self":[{"href":"https:\/\/lasprimeras.com.do\/index.php\/wp-json\/wp\/v2\/posts\/69204","targetHints":{"allow":["GET"]}}],"collection":[{"href":"https:\/\/lasprimeras.com.do\/index.php\/wp-json\/wp\/v2\/posts"}],"about":[{"href":"https:\/\/lasprimeras.com.do\/index.php\/wp-json\/wp\/v2\/types\/post"}],"author":[{"embeddable":true,"href":"https:\/\/lasprimeras.com.do\/index.php\/wp-json\/wp\/v2\/users\/3"}],"replies":[{"embeddable":true,"href":"https:\/\/lasprimeras.com.do\/index.php\/wp-json\/wp\/v2\/comments?post=69204"}],"version-history":[{"count":1,"href":"https:\/\/lasprimeras.com.do\/index.php\/wp-json\/wp\/v2\/posts\/69204\/revisions"}],"predecessor-version":[{"id":69206,"href":"https:\/\/lasprimeras.com.do\/index.php\/wp-json\/wp\/v2\/posts\/69204\/revisions\/69206"}],"wp:featuredmedia":[{"embeddable":true,"href":"https:\/\/lasprimeras.com.do\/index.php\/wp-json\/wp\/v2\/media\/69205"}],"wp:attachment":[{"href":"https:\/\/lasprimeras.com.do\/index.php\/wp-json\/wp\/v2\/media?parent=69204"}],"wp:term":[{"taxonomy":"category","embeddable":true,"href":"https:\/\/lasprimeras.com.do\/index.php\/wp-json\/wp\/v2\/categories?post=69204"},{"taxonomy":"post_tag","embeddable":true,"href":"https:\/\/lasprimeras.com.do\/index.php\/wp-json\/wp\/v2\/tags?post=69204"}],"curies":[{"name":"wp","href":"https:\/\/api.w.org\/{rel}","templated":true}]}}