{"id":69389,"date":"2023-12-02T10:25:01","date_gmt":"2023-12-02T14:25:01","guid":{"rendered":"https:\/\/lasprimeras.com.do\/?p=69389"},"modified":"2023-12-02T10:25:02","modified_gmt":"2023-12-02T14:25:02","slug":"aviones-de-combate-atacan-gaza-mientras-israel-reanuda-ofensiva","status":"publish","type":"post","link":"https:\/\/lasprimeras.com.do\/index.php\/2023\/12\/02\/aviones-de-combate-atacan-gaza-mientras-israel-reanuda-ofensiva\/","title":{"rendered":"Aviones de combate atacan Gaza mientras Israel reanuda ofensiva"},"content":{"rendered":"\n<p>Israel.-Los combates entre Ham\u00e1s e Israel se reanudaron en Gaza, dijeron este viernes las Fuerzas de Defensa de Israel, que alegaron que Ham\u00e1s viol\u00f3 la tregua temporal y lanz\u00f3 un ataque con cohetes contra Israel.<\/p>\n\n\n\n<p>Las FDI dijeron en la plataforma de redes sociales X que hab\u00edan \u00abinterceptado con \u00e9xito\u00bb el lanzamiento del cohete desde Gaza.<\/p>\n\n\n\n<p>Ham\u00e1s no se atribuy\u00f3 de inmediato la responsabilidad por el ataque con cohetes.<\/p>\n\n\n\n<p>Aviones israel\u00edes impactaron blancos en Gaza minutos despu\u00e9s de expirar la tregua. Un humo negro se elev\u00f3 del territorio, mientras Israel lanz\u00f3 volantes sobre partes del sur de la Franja de Gaza que exhortaban a las personas que abandonaran sus casas, lo que suger\u00eda que planeaba ampliar la ofensiva.<\/p>\n\n\n\n<p>En Israel, las sirenas de alarma de cohetes se dispararon en algunas granjas comunales cerca de Gaza, en una se\u00f1al de que Ham\u00e1s tambi\u00e9n reanud\u00f3 sus ataques, pero no hubo reportes de impactos o da\u00f1os.<\/p>\n\n\n\n<p>El regreso a los combates tiene lugar despu\u00e9s de una tregua de siete d\u00edas que permiti\u00f3 el intercambio de rehenes israel\u00edes del ataque de Ham\u00e1s del 7 de octubre a Israel por prisioneros palestinos.<\/p>\n\n\n\n<p>El jueves, Ham\u00e1s liber\u00f3 a ocho rehenes israel\u00edes en Gaza bajo una extensi\u00f3n de la tregua, y poco tiempo despu\u00e9s Israel liber\u00f3 a 30 prisioneros palestinos mientras los negociadores intentaban extender nuevamente la pausa en los combates.<\/p>\n\n\n\n<p>Dos mujeres fueron liberadas por la tarde y seis m\u00e1s poco antes de la medianoche. Fue el s\u00e9ptimo grupo de rehenes liberados bajo el acuerdo de tregua temporal entre Ham\u00e1s e Israel.<\/p>\n\n\n\n<p>Inicialmente, Israel exigi\u00f3 al grupo militante que liberara al menos 10 rehenes diarios para que continuara la tregua, pero un portavoz del Ministerio de Asuntos Exteriores de Qatar dijo que no se liberar\u00edan m\u00e1s rehenes el jueves. Qatar ayud\u00f3 a negociar la tregua.<\/p>\n","protected":false},"excerpt":{"rendered":"<p>Israel.-Los combates entre Ham\u00e1s e Israel se reanudaron en Gaza, dijeron este viernes las Fuerzas de Defensa de Israel, que alegaron que Ham\u00e1s viol\u00f3 la tregua temporal y lanz\u00f3 un&hellip;<\/p>\n","protected":false},"author":3,"featured_media":69390,"comment_status":"open","ping_status":"open","sticky":false,"template":"","format":"standard","meta":{"content-type":"","jetpack_post_was_ever_published":false,"_jetpack_newsletter_access":"","_jetpack_dont_email_post_to_subs":false,"_jetpack_newsletter_tier_id":0,"_jetpack_memberships_contains_paywalled_content":false,"_jetpack_memberships_contains_paid_content":false,"footnotes":""},"categories":[1],"tags":[2953,8295],"class_list":["post-69389","post","type-post","status-publish","format-standard","has-post-thumbnail","hentry","category-sin-categoria","tag-aviones","tag-gaza"],"jetpack_featured_media_url":"https:\/\/lasprimeras.com.do\/wp-content\/uploads\/2023\/12\/Noticias-9-1.jpg","jetpack-related-posts":[{"id":69416,"url":"https:\/\/lasprimeras.com.do\/index.php\/2023\/12\/02\/israel-deja-200-muertos-en-24-horas-tras-reanudar-su-ofensiva-en-gaza-despues-de-la-tregua\/","url_meta":{"origin":69389,"position":0},"title":"Israel deja 200 muertos en 24 horas tras reanudar su ofensiva en Gaza despu\u00e9s de la tregua","author":"BIMARY DE JES\u00daS Matos","date":"2 de diciembre de 2023","format":false,"excerpt":"Jerusal\u00e9n.- El Ej\u00e9rcito de Israel contin\u00faa este s\u00e1bado su ofensiva militar contra el grupo islamista Ham\u00e1s en la Franja de Gaza por segundo d\u00eda consecutivo desde que se rompi\u00f3 la tregua, dejando m\u00e1s de 200 muertos y 600 heridos en el enclave palestino en solo 24 horas. \u00abDurante el \u00faltimo\u2026","rel":"","context":"En \u00abSin categor\u00eda\u00bb","block_context":{"text":"Sin categor\u00eda","link":"https:\/\/lasprimeras.com.do\/index.php\/category\/sin-categoria\/"},"img":{"alt_text":"","src":"https:\/\/i0.wp.com\/lasprimeras.com.do\/wp-content\/uploads\/2023\/12\/WhatsApp-Image-2023-12-02-at-2.43.01-PM-1.jpeg?resize=350%2C200&ssl=1","width":350,"height":200,"srcset":"https:\/\/i0.wp.com\/lasprimeras.com.do\/wp-content\/uploads\/2023\/12\/WhatsApp-Image-2023-12-02-at-2.43.01-PM-1.jpeg?resize=350%2C200&ssl=1 1x, https:\/\/i0.wp.com\/lasprimeras.com.do\/wp-content\/uploads\/2023\/12\/WhatsApp-Image-2023-12-02-at-2.43.01-PM-1.jpeg?resize=525%2C300&ssl=1 1.5x"},"classes":[]},{"id":69297,"url":"https:\/\/lasprimeras.com.do\/index.php\/2023\/12\/01\/tregua-entre-israel-y-hamas-expira-y-se-reanuda-el-combate-en-gaza\/","url_meta":{"origin":69389,"position":1},"title":"Tregua entre Israel y Ham\u00e1s expira y se reanuda el combate en Gaza","author":"BIMARY DE JES\u00daS Matos","date":"1 de diciembre de 2023","format":false,"excerpt":"ISRAEL.-La tregua en la Franja de Gaza ha expirado este viernes y se ha reanudado el intercambio de fuego entre Israel y la milicia islamista palestina de Ham\u00e1s tras siete d\u00edas de cese al fuego que permitieron la liberaci\u00f3n de algunos rehenes capturados por el grupo islamista a cambio de\u2026","rel":"","context":"En \u00abSin categor\u00eda\u00bb","block_context":{"text":"Sin categor\u00eda","link":"https:\/\/lasprimeras.com.do\/index.php\/category\/sin-categoria\/"},"img":{"alt_text":"","src":"https:\/\/i0.wp.com\/lasprimeras.com.do\/wp-content\/uploads\/2023\/12\/Noticias-de-energia-51-4.jpg?resize=350%2C200&ssl=1","width":350,"height":200,"srcset":"https:\/\/i0.wp.com\/lasprimeras.com.do\/wp-content\/uploads\/2023\/12\/Noticias-de-energia-51-4.jpg?resize=350%2C200&ssl=1 1x, https:\/\/i0.wp.com\/lasprimeras.com.do\/wp-content\/uploads\/2023\/12\/Noticias-de-energia-51-4.jpg?resize=525%2C300&ssl=1 1.5x"},"classes":[]},{"id":62910,"url":"https:\/\/lasprimeras.com.do\/index.php\/2023\/10\/09\/mas-de-1100-muertos-en-primeros-dias-de-guerra-entre-israel-y-gaza\/","url_meta":{"origin":69389,"position":2},"title":"M\u00e1s de 1,100 muertos en primeros d\u00edas de guerra entre Israel y Gaza","author":"BIMARY DE JES\u00daS Matos","date":"9 de octubre de 2023","format":false,"excerpt":"EIsrael y las milicias palestinas de Gaza viven hoy su segundo d\u00eda de guerra con intensos combates en zonas israel\u00edes cercanas a la Franja donde todav\u00eda hay presencia de Ham\u00e1s, mientras contin\u00faan el disparo de cohetes y los bombardeos, con m\u00e1s de 1,100 muertos a ambos lados en un conflicto\u2026","rel":"","context":"En \u00abSin categor\u00eda\u00bb","block_context":{"text":"Sin categor\u00eda","link":"https:\/\/lasprimeras.com.do\/index.php\/category\/sin-categoria\/"},"img":{"alt_text":"","src":"https:\/\/i0.wp.com\/lasprimeras.com.do\/wp-content\/uploads\/2023\/10\/WhatsApp-Image-2023-10-08-at-12.09.51-PM-1.png?resize=350%2C200&ssl=1","width":350,"height":200,"srcset":"https:\/\/i0.wp.com\/lasprimeras.com.do\/wp-content\/uploads\/2023\/10\/WhatsApp-Image-2023-10-08-at-12.09.51-PM-1.png?resize=350%2C200&ssl=1 1x, https:\/\/i0.wp.com\/lasprimeras.com.do\/wp-content\/uploads\/2023\/10\/WhatsApp-Image-2023-10-08-at-12.09.51-PM-1.png?resize=525%2C300&ssl=1 1.5x, https:\/\/i0.wp.com\/lasprimeras.com.do\/wp-content\/uploads\/2023\/10\/WhatsApp-Image-2023-10-08-at-12.09.51-PM-1.png?resize=700%2C400&ssl=1 2x"},"classes":[]},{"id":68709,"url":"https:\/\/lasprimeras.com.do\/index.php\/2023\/11\/27\/israel-y-hamas-realizaron-tercer-canje-de-presos-por-rehenes\/","url_meta":{"origin":69389,"position":3},"title":"Israel y Ham\u00e1s realizaron tercer canje de presos por rehenes","author":"BIMARY DE JES\u00daS Matos","date":"27 de noviembre de 2023","format":false,"excerpt":"Israel y el grupo islamista palestino Ham\u00e1s concretaron este domingo 26 de noviembre un tercer intercambio de rehenes israel\u00edes por presos palestinos, en el marco de un acuerdo entre las dos partes. El grupo de cautivos liberados est\u00e1 compuesto por 14 israel\u00edes y tres extranjeros (estas tres liberaciones no incluidas\u2026","rel":"","context":"En \u00abSin categor\u00eda\u00bb","block_context":{"text":"Sin categor\u00eda","link":"https:\/\/lasprimeras.com.do\/index.php\/category\/sin-categoria\/"},"img":{"alt_text":"","src":"https:\/\/i0.wp.com\/lasprimeras.com.do\/wp-content\/uploads\/2023\/11\/WhatsApp-Image-2023-11-26-at-2.38.38-PM-2.jpeg?resize=350%2C200&ssl=1","width":350,"height":200,"srcset":"https:\/\/i0.wp.com\/lasprimeras.com.do\/wp-content\/uploads\/2023\/11\/WhatsApp-Image-2023-11-26-at-2.38.38-PM-2.jpeg?resize=350%2C200&ssl=1 1x, https:\/\/i0.wp.com\/lasprimeras.com.do\/wp-content\/uploads\/2023\/11\/WhatsApp-Image-2023-11-26-at-2.38.38-PM-2.jpeg?resize=525%2C300&ssl=1 1.5x"},"classes":[]},{"id":64753,"url":"https:\/\/lasprimeras.com.do\/index.php\/2023\/10\/23\/israel-ataca-gaza-despues-de-permitir-la-entrada-de-otro-pequeno-convoy-de-ayuda-al-enclave-asediado\/","url_meta":{"origin":69389,"position":4},"title":"Israel ataca Gaza despu\u00e9s de permitir la entrada de otro peque\u00f1o convoy de ayuda al enclave asediado","author":"Nelson Feliz","date":"23 de octubre de 2023","format":false,"excerpt":"POR WAFAA SHURAFA, SAMY MAGDY Y JOSEPH KRAUSS DEIR AL-BALAH, Franja de Gaza (AP) \u2014 Aviones de combate israel\u00edes atacaron objetivos en toda Gaza el lunes, incluso en \u00e1reas donde a los civiles palestinos se les ha dicho que busquen refugio, despu\u00e9s de que se permiti\u00f3 la entrada de otro\u2026","rel":"","context":"En \u00abSin categor\u00eda\u00bb","block_context":{"text":"Sin categor\u00eda","link":"https:\/\/lasprimeras.com.do\/index.php\/category\/sin-categoria\/"},"img":{"alt_text":"bombarde\u00f3","src":"https:\/\/i0.wp.com\/lasprimeras.com.do\/wp-content\/uploads\/2023\/10\/ataques.jpg?resize=350%2C200&ssl=1","width":350,"height":200,"srcset":"https:\/\/i0.wp.com\/lasprimeras.com.do\/wp-content\/uploads\/2023\/10\/ataques.jpg?resize=350%2C200&ssl=1 1x, https:\/\/i0.wp.com\/lasprimeras.com.do\/wp-content\/uploads\/2023\/10\/ataques.jpg?resize=525%2C300&ssl=1 1.5x"},"classes":[]},{"id":63922,"url":"https:\/\/lasprimeras.com.do\/index.php\/2023\/10\/17\/mientras-biden-se-dirige-a-israel-y-jordania-la-ayuda-se-retrasa-para-una-gaza-al-borde-del-colapso-total\/","url_meta":{"origin":69389,"position":5},"title":"Mientras Biden se dirige a Israel y Jordania, la ayuda se retrasa para una Gaza al borde del colapso total","author":"Nelson Feliz","date":"17 de octubre de 2023","format":false,"excerpt":"POR NAJIB JOBAIN, SAMYA KULLAB Y RAVI NESSMAN KHAN YOUNIS, Franja de Gaza (AP) \u2014 Estados Unidos trabaj\u00f3 el martes para salir del estancamiento en la entrega de ayuda a millones de civiles cada vez m\u00e1s desesperados en la Franja de Gaza, que ha sido asediada y atacada por Israel\u2026","rel":"","context":"En \u00abSin categor\u00eda\u00bb","block_context":{"text":"Sin categor\u00eda","link":"https:\/\/lasprimeras.com.do\/index.php\/category\/sin-categoria\/"},"img":{"alt_text":"JOE BIDEN","src":"https:\/\/i0.wp.com\/lasprimeras.com.do\/wp-content\/uploads\/2023\/09\/JOE-BIDEN.jpg?resize=350%2C200&ssl=1","width":350,"height":200,"srcset":"https:\/\/i0.wp.com\/lasprimeras.com.do\/wp-content\/uploads\/2023\/09\/JOE-BIDEN.jpg?resize=350%2C200&ssl=1 1x, https:\/\/i0.wp.com\/lasprimeras.com.do\/wp-content\/uploads\/2023\/09\/JOE-BIDEN.jpg?resize=525%2C300&ssl=1 1.5x, https:\/\/i0.wp.com\/lasprimeras.com.do\/wp-content\/uploads\/2023\/09\/JOE-BIDEN.jpg?resize=700%2C400&ssl=1 2x"},"classes":[]}],"jetpack_sharing_enabled":true,"_links":{"self":[{"href":"https:\/\/lasprimeras.com.do\/index.php\/wp-json\/wp\/v2\/posts\/69389","targetHints":{"allow":["GET"]}}],"collection":[{"href":"https:\/\/lasprimeras.com.do\/index.php\/wp-json\/wp\/v2\/posts"}],"about":[{"href":"https:\/\/lasprimeras.com.do\/index.php\/wp-json\/wp\/v2\/types\/post"}],"author":[{"embeddable":true,"href":"https:\/\/lasprimeras.com.do\/index.php\/wp-json\/wp\/v2\/users\/3"}],"replies":[{"embeddable":true,"href":"https:\/\/lasprimeras.com.do\/index.php\/wp-json\/wp\/v2\/comments?post=69389"}],"version-history":[{"count":1,"href":"https:\/\/lasprimeras.com.do\/index.php\/wp-json\/wp\/v2\/posts\/69389\/revisions"}],"predecessor-version":[{"id":69391,"href":"https:\/\/lasprimeras.com.do\/index.php\/wp-json\/wp\/v2\/posts\/69389\/revisions\/69391"}],"wp:featuredmedia":[{"embeddable":true,"href":"https:\/\/lasprimeras.com.do\/index.php\/wp-json\/wp\/v2\/media\/69390"}],"wp:attachment":[{"href":"https:\/\/lasprimeras.com.do\/index.php\/wp-json\/wp\/v2\/media?parent=69389"}],"wp:term":[{"taxonomy":"category","embeddable":true,"href":"https:\/\/lasprimeras.com.do\/index.php\/wp-json\/wp\/v2\/categories?post=69389"},{"taxonomy":"post_tag","embeddable":true,"href":"https:\/\/lasprimeras.com.do\/index.php\/wp-json\/wp\/v2\/tags?post=69389"}],"curies":[{"name":"wp","href":"https:\/\/api.w.org\/{rel}","templated":true}]}}