{"id":69392,"date":"2023-12-02T10:26:32","date_gmt":"2023-12-02T14:26:32","guid":{"rendered":"https:\/\/lasprimeras.com.do\/?p=69392"},"modified":"2023-12-02T10:26:33","modified_gmt":"2023-12-02T14:26:33","slug":"onu-insiste-en-la-necesidad-de-alto-el-fuego-humanitario-en-gaza","status":"publish","type":"post","link":"https:\/\/lasprimeras.com.do\/index.php\/2023\/12\/02\/onu-insiste-en-la-necesidad-de-alto-el-fuego-humanitario-en-gaza\/","title":{"rendered":"ONU insiste en la necesidad de alto el fuego humanitario en Gaza"},"content":{"rendered":"\n<p>EFE.-El jefe de Asuntos Humanitarios de la ONU, Martin Griffiths, ha insistido este viernes en la necesidad de poner fin a los enfrentamientos entre Israel y Ham\u00e1s en la Franja de Gaza y ha calificado de \u00abinaceptable\u00bb la situaci\u00f3n de los civiles en la regi\u00f3n tras el fin de la tregua iniciada el pasado 24 de noviembre.<\/p>\n\n\n\n<p>Griffiths ha subrayado que, \u00abcasi dos meses despu\u00e9s de (el inicio de) los combates, los ni\u00f1os, mujeres y hombres de Gaza est\u00e1n aterrorizados\u00bb, \u00abno tienen ning\u00fan lugar seguro adonde ir\u00bb y cuentan con \u00abmuy poco con qu\u00e9 sobrevivir\u00bb.<\/p>\n\n\n\n<p>\u00abViven rodeados de enfermedad, destrucci\u00f3n y muerte. Esto es inaceptable\u00bb, ha condenado el representante de Naciones Unidas, que ha insistido nuevamente en la necesidad de un alto el fuego humanitario, de \u00bb mantener -y aprovechar- los avances en la prestaci\u00f3n de ayuda\u00bb, proteger \u00aba los civiles y a la infraestructura de la que dependen para sustentar la vida\u00bb, liberar a los rehenes restantes \u00abde forma inmediata e incondicional\u00bb.<\/p>\n\n\n\n<p>En este sentido, Griffiths ha destacado que la tregua vigente durante la \u00faltima semana \u00abha ofrecido una idea de lo que puede suceder cuando las armas callan\u00bb y que , por el contrario, \u00abla situaci\u00f3n actual en Jan Yunis es un impactaste recordatorio de lo que sucede cuando no lo hacen\u00bb.<\/p>\n\n\n\n<p>\u00abDurante los \u00faltimos siete d\u00edas, se han liberado rehenes, se han reunido familias y m\u00e1s pacientes han recibido atenci\u00f3n m\u00e9dica. El volumen de ayuda hacia Gaza y a trav\u00e9s de ella ha aumentado. Y, aunque apenas ha ara\u00f1ado la superficie de lo que la gente necesita, ha permitido a las agencias de ayuda proporcionar algunos suministros b\u00e1sicos, llegar a zonas que han estado aisladas durante semanas y ofrecer algo de respiro a familias profundamente traumatizadas\u00bb, ha celebrado el responsable de Asuntos Humanitarios de Naciones Unidas.<\/p>\n\n\n\n<p>Sin embargo, ha lamentado, \u00ablas esperanzas se han desvanecido\u00bb en tanto que, \u00aben cuesti\u00f3n de horas, decenas de personas han resultado muertas y heridas\u00bb este viernes tras el fin del alto el fuego temporal entre las partes.<\/p>\n","protected":false},"excerpt":{"rendered":"<p>EFE.-El jefe de Asuntos Humanitarios de la ONU, Martin Griffiths, ha insistido este viernes en la necesidad de poner fin a los enfrentamientos entre Israel y Ham\u00e1s en la Franja&hellip;<\/p>\n","protected":false},"author":3,"featured_media":69393,"comment_status":"open","ping_status":"open","sticky":false,"template":"","format":"standard","meta":{"content-type":"","jetpack_post_was_ever_published":false,"_jetpack_newsletter_access":"","_jetpack_dont_email_post_to_subs":false,"_jetpack_newsletter_tier_id":0,"_jetpack_memberships_contains_paywalled_content":false,"_jetpack_memberships_contains_paid_content":false,"footnotes":""},"categories":[1],"tags":[93],"class_list":["post-69392","post","type-post","status-publish","format-standard","has-post-thumbnail","hentry","category-sin-categoria","tag-onu"],"jetpack_featured_media_url":"https:\/\/lasprimeras.com.do\/wp-content\/uploads\/2023\/12\/WhatsApp-Image-2023-11-30-at-12.22.20-PM-1.jpeg","jetpack-related-posts":[{"id":65733,"url":"https:\/\/lasprimeras.com.do\/index.php\/2023\/10\/31\/onu-gaza-dice-alto-al-fuego-urgente-es-una-cuestion-de-vida-o-muerte-para-millones-de-palestinos\/","url_meta":{"origin":69392,"position":0},"title":"ONU: Gaza dice alto al fuego urgente; es una cuesti\u00f3n de vida o muerte para millones de palestinos","author":"Nelson Feliz","date":"31 de octubre de 2023","format":false,"excerpt":"POR EDITH M. LEDERER NACIONES UNIDAS (AP) \u2014 El jefe de la agencia de las Naciones Unidas para los refugiados palestinos dijo en una reuni\u00f3n de emergencia de la ONU el lunes que \u201cun alto el fuego humanitario inmediato se ha convertido en una cuesti\u00f3n de vida o muerte para\u2026","rel":"","context":"En \u00abSin categor\u00eda\u00bb","block_context":{"text":"Sin categor\u00eda","link":"https:\/\/lasprimeras.com.do\/index.php\/category\/sin-categoria\/"},"img":{"alt_text":"ONU","src":"https:\/\/i0.wp.com\/lasprimeras.com.do\/wp-content\/uploads\/2023\/10\/ONU.jpg?resize=350%2C200&ssl=1","width":350,"height":200,"srcset":"https:\/\/i0.wp.com\/lasprimeras.com.do\/wp-content\/uploads\/2023\/10\/ONU.jpg?resize=350%2C200&ssl=1 1x, https:\/\/i0.wp.com\/lasprimeras.com.do\/wp-content\/uploads\/2023\/10\/ONU.jpg?resize=525%2C300&ssl=1 1.5x, https:\/\/i0.wp.com\/lasprimeras.com.do\/wp-content\/uploads\/2023\/10\/ONU.jpg?resize=700%2C400&ssl=1 2x"},"classes":[]},{"id":78989,"url":"https:\/\/lasprimeras.com.do\/index.php\/2024\/03\/22\/blinken-llega-a-israel-para-conversaciones-onu-se-prepara-para-votar-resolucion-de-alto-el-fuego\/","url_meta":{"origin":69392,"position":1},"title":"Blinken llega a Israel para conversaciones; ONU se prepara para votar resoluci\u00f3n de alto el fuego","author":"BIMARY DE JES\u00daS Matos","date":"22 de marzo de 2024","format":false,"excerpt":"EE.UU.-Estados Unidos apuesta en un doble frente para lograr un alto el fuego en Gaza. Mientras el secretario de Estado Antony Blinken visita Israel para apresurar una negociaci\u00f3n, en la ONU fluye una propuesta de Washington para una tregua inmediata en Gaza. El secretario de Estado de Estados Unidos, Antony\u2026","rel":"","context":"En \u00abSin categor\u00eda\u00bb","block_context":{"text":"Sin categor\u00eda","link":"https:\/\/lasprimeras.com.do\/index.php\/category\/sin-categoria\/"},"img":{"alt_text":"","src":"","width":0,"height":0},"classes":[]},{"id":64077,"url":"https:\/\/lasprimeras.com.do\/index.php\/2023\/10\/17\/consejo-de-seguridad-de-la-onu-se-reunira-este-miercoles-y-votara-resolucion-sobre-gaza\/","url_meta":{"origin":69392,"position":2},"title":"Consejo de Seguridad de la ONU se reunir\u00e1 este mi\u00e9rcoles y votar\u00e1 resoluci\u00f3n sobre Gaza","author":"Nelson Feliz","date":"17 de octubre de 2023","format":false,"excerpt":"La reuni\u00f3n tendr\u00e1 lugar el mi\u00e9rcoles a las 14H00 GMT, seg\u00fan Naciones Unidas. A pedido de Rusia y Emiratos \u00c1rabes Unidos, el Consejo de Seguridad de la ONU celebrar\u00e1 una reuni\u00f3n de emergencia el mi\u00e9rcoles despu\u00e9s del bombardeo de un hospital en Gaza, que mat\u00f3 al menos a 200 personas.\u2026","rel":"","context":"En \u00abSin categor\u00eda\u00bb","block_context":{"text":"Sin categor\u00eda","link":"https:\/\/lasprimeras.com.do\/index.php\/category\/sin-categoria\/"},"img":{"alt_text":"Naciones Unidas","src":"https:\/\/i0.wp.com\/lasprimeras.com.do\/wp-content\/uploads\/2023\/10\/onu-1.jpeg?resize=350%2C200&ssl=1","width":350,"height":200,"srcset":"https:\/\/i0.wp.com\/lasprimeras.com.do\/wp-content\/uploads\/2023\/10\/onu-1.jpeg?resize=350%2C200&ssl=1 1x, https:\/\/i0.wp.com\/lasprimeras.com.do\/wp-content\/uploads\/2023\/10\/onu-1.jpeg?resize=525%2C300&ssl=1 1.5x, https:\/\/i0.wp.com\/lasprimeras.com.do\/wp-content\/uploads\/2023\/10\/onu-1.jpeg?resize=700%2C400&ssl=1 2x"},"classes":[]},{"id":84796,"url":"https:\/\/lasprimeras.com.do\/index.php\/2024\/06\/16\/el-ejercito-de-israel-detendra-combates-diurnos-en-el-sur-de-gaza-para-ayudar-flujo-de-ayuda\/","url_meta":{"origin":69392,"position":3},"title":"El ej\u00e9rcito de Israel detendr\u00e1 combates diurnos en el sur de Gaza para ayudar flujo de ayuda","author":"Nelson Feliz","date":"16 de junio de 2024","format":false,"excerpt":"POR JOSEF FEDERMAN, WAFAA SHURAFA Y JULIA FRANKEL JERUSAL\u00c9N (AP) \u2014 El ej\u00e9rcito de Israel anunci\u00f3 el domingo que suspender\u00e1 los combates durante el d\u00eda a lo largo de una ruta en el sur de Gaza para liberar un retraso en las entregas de ayuda humanitaria para los palestinos desesperados\u2026","rel":"","context":"En \u00abSin categor\u00eda\u00bb","block_context":{"text":"Sin categor\u00eda","link":"https:\/\/lasprimeras.com.do\/index.php\/category\/sin-categoria\/"},"img":{"alt_text":"","src":"https:\/\/i0.wp.com\/lasprimeras.com.do\/wp-content\/uploads\/2024\/06\/Ayuda-Gaza.jpg?resize=350%2C200&ssl=1","width":350,"height":200,"srcset":"https:\/\/i0.wp.com\/lasprimeras.com.do\/wp-content\/uploads\/2024\/06\/Ayuda-Gaza.jpg?resize=350%2C200&ssl=1 1x, https:\/\/i0.wp.com\/lasprimeras.com.do\/wp-content\/uploads\/2024\/06\/Ayuda-Gaza.jpg?resize=525%2C300&ssl=1 1.5x, https:\/\/i0.wp.com\/lasprimeras.com.do\/wp-content\/uploads\/2024\/06\/Ayuda-Gaza.jpg?resize=700%2C400&ssl=1 2x"},"classes":[]},{"id":75829,"url":"https:\/\/lasprimeras.com.do\/index.php\/2024\/02\/05\/un-convoy-de-la-onu-en-gaza-sufre-un-ataque-israeli\/","url_meta":{"origin":69392,"position":4},"title":"Un convoy de la ONU en Gaza sufre un ataque israel\u00ed","author":"Nelson Feliz","date":"5 de febrero de 2024","format":false,"excerpt":"\"No podemos entregar ayuda humanitaria bajo el fuego\", se\u00f1ala Organismo de Obras P\u00fablicas y Socorro de las Naciones Unidas para los Refugiados de Palestina en Oriente Medio. Un convoy de alimentos de la ONU en Gaza fue tiroteado por fuerzas israel\u00edes, seg\u00fan informa el Organismo de Obras P\u00fablicas y Socorro\u2026","rel":"","context":"En \u00abSin categor\u00eda\u00bb","block_context":{"text":"Sin categor\u00eda","link":"https:\/\/lasprimeras.com.do\/index.php\/category\/sin-categoria\/"},"img":{"alt_text":"CONVOY TIROTEADO","src":"https:\/\/i0.wp.com\/lasprimeras.com.do\/wp-content\/uploads\/2024\/02\/CONVOY-TIROTEADO.jpg?resize=350%2C200&ssl=1","width":350,"height":200,"srcset":"https:\/\/i0.wp.com\/lasprimeras.com.do\/wp-content\/uploads\/2024\/02\/CONVOY-TIROTEADO.jpg?resize=350%2C200&ssl=1 1x, https:\/\/i0.wp.com\/lasprimeras.com.do\/wp-content\/uploads\/2024\/02\/CONVOY-TIROTEADO.jpg?resize=525%2C300&ssl=1 1.5x, https:\/\/i0.wp.com\/lasprimeras.com.do\/wp-content\/uploads\/2024\/02\/CONVOY-TIROTEADO.jpg?resize=700%2C400&ssl=1 2x"},"classes":[]},{"id":70142,"url":"https:\/\/lasprimeras.com.do\/index.php\/2023\/12\/08\/estados-unidos-no-apoyara-el-alto-el-fuego-en-gaza-pese-al-urgente-llamamiento-de-guterres\/","url_meta":{"origin":69392,"position":5},"title":"Estados Unidos no apoyar\u00e1 el alto el fuego en Gaza pese al urgente llamamiento de Guterres","author":"BIMARY DE JES\u00daS Matos","date":"8 de diciembre de 2023","format":false,"excerpt":"Naciones Unidas, (EFE).- Estados Unidos no piensa apoyar el llamamiento a actuar en Oriente Medio que el secretario general, Ant\u00f3nio Guterres, hizo este viernes de manera dram\u00e1tica al Consejo de Seguridad, seg\u00fan dej\u00f3 claro ante el Consejo su representante ante la ONU, Robert Wood. Wood arroj\u00f3 as\u00ed un jarro de\u2026","rel":"","context":"En \u00abSin categor\u00eda\u00bb","block_context":{"text":"Sin categor\u00eda","link":"https:\/\/lasprimeras.com.do\/index.php\/category\/sin-categoria\/"},"img":{"alt_text":"","src":"https:\/\/i0.wp.com\/lasprimeras.com.do\/wp-content\/uploads\/2023\/12\/407687961_18403296082008455_1909368182557485689_n-9.jpg?resize=350%2C200&ssl=1","width":350,"height":200,"srcset":"https:\/\/i0.wp.com\/lasprimeras.com.do\/wp-content\/uploads\/2023\/12\/407687961_18403296082008455_1909368182557485689_n-9.jpg?resize=350%2C200&ssl=1 1x, https:\/\/i0.wp.com\/lasprimeras.com.do\/wp-content\/uploads\/2023\/12\/407687961_18403296082008455_1909368182557485689_n-9.jpg?resize=525%2C300&ssl=1 1.5x"},"classes":[]}],"jetpack_sharing_enabled":true,"_links":{"self":[{"href":"https:\/\/lasprimeras.com.do\/index.php\/wp-json\/wp\/v2\/posts\/69392","targetHints":{"allow":["GET"]}}],"collection":[{"href":"https:\/\/lasprimeras.com.do\/index.php\/wp-json\/wp\/v2\/posts"}],"about":[{"href":"https:\/\/lasprimeras.com.do\/index.php\/wp-json\/wp\/v2\/types\/post"}],"author":[{"embeddable":true,"href":"https:\/\/lasprimeras.com.do\/index.php\/wp-json\/wp\/v2\/users\/3"}],"replies":[{"embeddable":true,"href":"https:\/\/lasprimeras.com.do\/index.php\/wp-json\/wp\/v2\/comments?post=69392"}],"version-history":[{"count":1,"href":"https:\/\/lasprimeras.com.do\/index.php\/wp-json\/wp\/v2\/posts\/69392\/revisions"}],"predecessor-version":[{"id":69394,"href":"https:\/\/lasprimeras.com.do\/index.php\/wp-json\/wp\/v2\/posts\/69392\/revisions\/69394"}],"wp:featuredmedia":[{"embeddable":true,"href":"https:\/\/lasprimeras.com.do\/index.php\/wp-json\/wp\/v2\/media\/69393"}],"wp:attachment":[{"href":"https:\/\/lasprimeras.com.do\/index.php\/wp-json\/wp\/v2\/media?parent=69392"}],"wp:term":[{"taxonomy":"category","embeddable":true,"href":"https:\/\/lasprimeras.com.do\/index.php\/wp-json\/wp\/v2\/categories?post=69392"},{"taxonomy":"post_tag","embeddable":true,"href":"https:\/\/lasprimeras.com.do\/index.php\/wp-json\/wp\/v2\/tags?post=69392"}],"curies":[{"name":"wp","href":"https:\/\/api.w.org\/{rel}","templated":true}]}}