{"id":69401,"date":"2023-12-02T14:43:10","date_gmt":"2023-12-02T18:43:10","guid":{"rendered":"https:\/\/lasprimeras.com.do\/?p=69401"},"modified":"2023-12-02T14:43:12","modified_gmt":"2023-12-02T18:43:12","slug":"dio-astacio-inscribe-candidatura-alcalde-de-sde-por-el-prm","status":"publish","type":"post","link":"https:\/\/lasprimeras.com.do\/index.php\/2023\/12\/02\/dio-astacio-inscribe-candidatura-alcalde-de-sde-por-el-prm\/","title":{"rendered":"D\u00edo Astacio inscribe candidatura alcalde de SDE por el PRM"},"content":{"rendered":"\n<p>Santo Domingo, RD.- El candidato alcalde por el Partido Revolucionario Moderno (PRM) en Santo Domingo Este, D\u00edo Astacio, inscribi\u00f3 su candidatura de manera oficial con miras a las pr\u00f3ximas elecciones municipales de febrero del 2024.<\/p>\n\n\n\n<p>Adem\u00e1s, se anunci\u00f3 a Angela Henr\u00edquez como la compa\u00f1era de boleta de D\u00edo Astacio para los comicios.<\/p>\n\n\n\n<p>Henr\u00edquez es la actual vicealcaldesa del Ayuntamiento de Santo Domingo Este y una destacada figura del Partido Alianza Pa\u00eds (AlPa\u00eds).<\/p>\n\n\n\n<p>Astacio tiene entre sus propuestas para el municipio, convertir la demarcaci\u00f3n en una marca ciudad que contemple el desarrollo cultural, tur\u00edstico, econ\u00f3mico y en especial proyectos importantes de educaci\u00f3n.<\/p>\n\n\n\n<p>Sobre su compa\u00f1era de boleta, Angela Henr\u00edquez, es una dirigente con formaci\u00f3n pol\u00edtica, la cual se identifica con los valores y principios de igualdad, justicia, democracia, honestidad y el discurso de valores del patricio Juan Pablo Duarte. En la actualidad se destaca por su continua labor social y comunitaria.<\/p>\n\n\n\n<p>Durante la inscripci\u00f3n, D\u00edo Astacio estuvo acompa\u00f1ado de su esposa Evelyn Garc\u00eda de Astacio, as\u00ed como de la actual vicealcaldesa del municipio, Angela Henr\u00edquez, y otros dirigentes del PRM en esa demarcaci\u00f3n.<\/p>\n","protected":false},"excerpt":{"rendered":"<p>Santo Domingo, RD.- El candidato alcalde por el Partido Revolucionario Moderno (PRM) en Santo Domingo Este, D\u00edo Astacio, inscribi\u00f3 su candidatura de manera oficial con miras a las pr\u00f3ximas elecciones&hellip;<\/p>\n","protected":false},"author":3,"featured_media":69402,"comment_status":"open","ping_status":"open","sticky":false,"template":"","format":"standard","meta":{"content-type":"","jetpack_post_was_ever_published":false,"_jetpack_newsletter_access":"","_jetpack_dont_email_post_to_subs":false,"_jetpack_newsletter_tier_id":0,"_jetpack_memberships_contains_paywalled_content":false,"_jetpack_memberships_contains_paid_content":false,"footnotes":""},"categories":[1],"tags":[31],"class_list":["post-69401","post","type-post","status-publish","format-standard","has-post-thumbnail","hentry","category-sin-categoria","tag-prm"],"jetpack_featured_media_url":"https:\/\/lasprimeras.com.do\/wp-content\/uploads\/2023\/12\/WhatsApp-Image-2023-11-30-at-12.22.20-PM-4.jpeg","jetpack-related-posts":[{"id":70131,"url":"https:\/\/lasprimeras.com.do\/index.php\/2023\/12\/08\/guido-gomez-mazara-pacta-apoyo-politico-a-candidatura-de-dio-astacio\/","url_meta":{"origin":69401,"position":0},"title":"Guido G\u00f3mez Mazara pacta apoyo pol\u00edtico a candidatura de D\u00edo Astacio","author":"BIMARY DE JES\u00daS Matos","date":"8 de diciembre de 2023","format":false,"excerpt":".Santo Domingo . El candidato a alcalde por el municipio de Santo Domingo Este, D\u00edo Astacio , y el alto dirigente pol\u00edtico del Partido Revolucionario Moderno (PRM) doctor Guido G\u00f3mez Mazara , firmaron un acuerdo para unir esfuerzos con acciones a favor de esa demarcaci\u00f3n . La r\u00fabrica del documento\u2026","rel":"","context":"En \u00abSin categor\u00eda\u00bb","block_context":{"text":"Sin categor\u00eda","link":"https:\/\/lasprimeras.com.do\/index.php\/category\/sin-categoria\/"},"img":{"alt_text":"","src":"https:\/\/i0.wp.com\/lasprimeras.com.do\/wp-content\/uploads\/2023\/12\/407687961_18403296082008455_1909368182557485689_n-6.jpg?resize=350%2C200&ssl=1","width":350,"height":200,"srcset":"https:\/\/i0.wp.com\/lasprimeras.com.do\/wp-content\/uploads\/2023\/12\/407687961_18403296082008455_1909368182557485689_n-6.jpg?resize=350%2C200&ssl=1 1x, https:\/\/i0.wp.com\/lasprimeras.com.do\/wp-content\/uploads\/2023\/12\/407687961_18403296082008455_1909368182557485689_n-6.jpg?resize=525%2C300&ssl=1 1.5x"},"classes":[]},{"id":120102,"url":"https:\/\/lasprimeras.com.do\/index.php\/2026\/01\/20\/alcalde-dio-astacio-firma-acuerdo-con-la-universidad-spain-business-school\/","url_meta":{"origin":69401,"position":1},"title":"Alcalde Dio Astacio firma acuerdo con la universidad Spain Business School","author":"Nelson Feliz","date":"20 de enero de 2026","format":false,"excerpt":"El alcalde de Santo Domingo Este, D\u00edo Astacio, en representaci\u00f3n del Ayuntamiento, y Miguel \u00c1ngel Blanco Cedr\u00fan, rector de Spain Business School.","rel":"","context":"En \u00abNACIONALES\u00bb","block_context":{"text":"NACIONALES","link":"https:\/\/lasprimeras.com.do\/index.php\/category\/nacionales\/"},"img":{"alt_text":"El alcalde de Santo Domingo Este, D\u00edo Astacio, en representaci\u00f3n del Ayuntamiento, y Miguel \u00c1ngel Blanco Cedr\u00fan, rector de Spain Business School.","src":"https:\/\/i0.wp.com\/lasprimeras.com.do\/wp-content\/uploads\/2026\/01\/Dio-Astacio-1.jpg?resize=350%2C200&ssl=1","width":350,"height":200,"srcset":"https:\/\/i0.wp.com\/lasprimeras.com.do\/wp-content\/uploads\/2026\/01\/Dio-Astacio-1.jpg?resize=350%2C200&ssl=1 1x, https:\/\/i0.wp.com\/lasprimeras.com.do\/wp-content\/uploads\/2026\/01\/Dio-Astacio-1.jpg?resize=525%2C300&ssl=1 1.5x, https:\/\/i0.wp.com\/lasprimeras.com.do\/wp-content\/uploads\/2026\/01\/Dio-Astacio-1.jpg?resize=700%2C400&ssl=1 2x"},"classes":[]},{"id":105887,"url":"https:\/\/lasprimeras.com.do\/index.php\/2025\/08\/08\/adan-peguero-celebra-triunfo-del-prm-en-el-codia\/","url_meta":{"origin":69401,"position":2},"title":"Ad\u00e1n Peguero celebra triunfo del PRM en el CODIA","author":"Nelson Feliz","date":"8 de agosto de 2025","format":false,"excerpt":"Destaca papel clave de Robert Polanco y Dio Astacio en contundente triunfo del PRM en elecciones del CODIA en Santo Domingo. El presidente del Partido Revolucionario Moderno (PRM) en Santo Domingo Este, Ing. Ad\u00e1n Peguero, calific\u00f3 como \u201chist\u00f3rico y estrat\u00e9gico\u201d el triunfo de la Plancha No. 01 encabezada por el\u2026","rel":"","context":"En \u00abPOLITICA\u00bb","block_context":{"text":"POLITICA","link":"https:\/\/lasprimeras.com.do\/index.php\/category\/politica\/"},"img":{"alt_text":"","src":"https:\/\/i0.wp.com\/lasprimeras.com.do\/wp-content\/uploads\/2025\/08\/AdanPeguero5.04-PM.jpeg?resize=350%2C200&ssl=1","width":350,"height":200,"srcset":"https:\/\/i0.wp.com\/lasprimeras.com.do\/wp-content\/uploads\/2025\/08\/AdanPeguero5.04-PM.jpeg?resize=350%2C200&ssl=1 1x, https:\/\/i0.wp.com\/lasprimeras.com.do\/wp-content\/uploads\/2025\/08\/AdanPeguero5.04-PM.jpeg?resize=525%2C300&ssl=1 1.5x, https:\/\/i0.wp.com\/lasprimeras.com.do\/wp-content\/uploads\/2025\/08\/AdanPeguero5.04-PM.jpeg?resize=700%2C400&ssl=1 2x"},"classes":[]},{"id":57110,"url":"https:\/\/lasprimeras.com.do\/index.php\/2023\/08\/09\/solo-dos-aspirantes-alcalde-con-posibilidad-de-triunfo-en-el-prm-dio-astacio-y-manuel-jimenez\/","url_meta":{"origin":69401,"position":3},"title":"Solo dos aspirantes Alcalde con posibilidad de triunfo en el PRM, Dio Astacio y Manuel Jim\u00e9nez","author":"Nelson Feliz","date":"9 de agosto de 2023","format":false,"excerpt":"El pr\u00f3ximo mes de octubre se sepultar\u00e1 el estado de agon\u00eda que vive el Municipio Santo Domingo Este, por la obtenci\u00f3n de candidaturas a regidores, diputados y senadores.- En lo relacionado con las candidaturas a la Alcald\u00eda de Santo Domingo Este, la correlaci\u00f3n de fuerza por las candidaturas a la\u2026","rel":"","context":"En \u00abSin categor\u00eda\u00bb","block_context":{"text":"Sin categor\u00eda","link":"https:\/\/lasprimeras.com.do\/index.php\/category\/sin-categoria\/"},"img":{"alt_text":"PRM","src":"https:\/\/i0.wp.com\/lasprimeras.com.do\/wp-content\/uploads\/2023\/08\/PRM-1.jpg?resize=350%2C200&ssl=1","width":350,"height":200,"srcset":"https:\/\/i0.wp.com\/lasprimeras.com.do\/wp-content\/uploads\/2023\/08\/PRM-1.jpg?resize=350%2C200&ssl=1 1x, https:\/\/i0.wp.com\/lasprimeras.com.do\/wp-content\/uploads\/2023\/08\/PRM-1.jpg?resize=525%2C300&ssl=1 1.5x, https:\/\/i0.wp.com\/lasprimeras.com.do\/wp-content\/uploads\/2023\/08\/PRM-1.jpg?resize=700%2C400&ssl=1 2x"},"classes":[]},{"id":76477,"url":"https:\/\/lasprimeras.com.do\/index.php\/2024\/02\/11\/terrero-califica-de-vergonzosa-desesperacion-de-paliza-dio-astacio-y-el-prm\/","url_meta":{"origin":69401,"position":4},"title":"Terrero califica de vergonzosa desesperaci\u00f3n de Paliza, Dio Astacio y el PRM","author":"Nelson Feliz","date":"11 de febrero de 2024","format":false,"excerpt":"El ex diputado y miembro del Comit\u00e9 Central del Partido de la Liberaci\u00f3n Dominicana (PLD), doctor V\u00edctor Manuel Terrero, calific\u00f3 hoy como verg\u00fcenza y una falta de consideraci\u00f3n que el PRM y el aspirante alcalde por Santo Domingo Este, aprovechen el concierto del merenguero Juan Luis Guerra en el Estadio\u2026","rel":"","context":"En \u00abPORTADA\u00bb","block_context":{"text":"PORTADA","link":"https:\/\/lasprimeras.com.do\/index.php\/category\/portada\/"},"img":{"alt_text":"Victor Terrero","src":"https:\/\/i0.wp.com\/lasprimeras.com.do\/wp-content\/uploads\/2023\/10\/Victor-Terrero.jpg?resize=350%2C200&ssl=1","width":350,"height":200,"srcset":"https:\/\/i0.wp.com\/lasprimeras.com.do\/wp-content\/uploads\/2023\/10\/Victor-Terrero.jpg?resize=350%2C200&ssl=1 1x, https:\/\/i0.wp.com\/lasprimeras.com.do\/wp-content\/uploads\/2023\/10\/Victor-Terrero.jpg?resize=525%2C300&ssl=1 1.5x, https:\/\/i0.wp.com\/lasprimeras.com.do\/wp-content\/uploads\/2023\/10\/Victor-Terrero.jpg?resize=700%2C400&ssl=1 2x"},"classes":[]},{"id":76711,"url":"https:\/\/lasprimeras.com.do\/index.php\/2024\/02\/13\/kalil-michel-dice-que-dio-astacio-ganara-elecciones-en-santo-domingo-este\/","url_meta":{"origin":69401,"position":5},"title":"Kalil Michel dice que D\u00edo Astacio ganar\u00e1 elecciones en Santo Domingo Este","author":"Nelson Feliz","date":"13 de febrero de 2024","format":false,"excerpt":"El reconocido arquitecto y urbanista Kalil Michel afirm\u00f3 que D\u00edo Astacio ganar\u00e1 la candidatura a la Alcald\u00eda por Santo Domingo Este, pese a la falta de apoyo por parte del alcalde Manuel Jim\u00e9nez. Michel critic\u00f3 la acci\u00f3n del actual alcalde del municipio, quien se pronunci\u00f3 con un \u201cllamado a la\u2026","rel":"","context":"En \u00abSin categor\u00eda\u00bb","block_context":{"text":"Sin categor\u00eda","link":"https:\/\/lasprimeras.com.do\/index.php\/category\/sin-categoria\/"},"img":{"alt_text":"Kalil Michel","src":"https:\/\/i0.wp.com\/lasprimeras.com.do\/wp-content\/uploads\/2024\/02\/Kalil-Michel.jpg?resize=350%2C200&ssl=1","width":350,"height":200,"srcset":"https:\/\/i0.wp.com\/lasprimeras.com.do\/wp-content\/uploads\/2024\/02\/Kalil-Michel.jpg?resize=350%2C200&ssl=1 1x, https:\/\/i0.wp.com\/lasprimeras.com.do\/wp-content\/uploads\/2024\/02\/Kalil-Michel.jpg?resize=525%2C300&ssl=1 1.5x"},"classes":[]}],"jetpack_sharing_enabled":true,"_links":{"self":[{"href":"https:\/\/lasprimeras.com.do\/index.php\/wp-json\/wp\/v2\/posts\/69401","targetHints":{"allow":["GET"]}}],"collection":[{"href":"https:\/\/lasprimeras.com.do\/index.php\/wp-json\/wp\/v2\/posts"}],"about":[{"href":"https:\/\/lasprimeras.com.do\/index.php\/wp-json\/wp\/v2\/types\/post"}],"author":[{"embeddable":true,"href":"https:\/\/lasprimeras.com.do\/index.php\/wp-json\/wp\/v2\/users\/3"}],"replies":[{"embeddable":true,"href":"https:\/\/lasprimeras.com.do\/index.php\/wp-json\/wp\/v2\/comments?post=69401"}],"version-history":[{"count":1,"href":"https:\/\/lasprimeras.com.do\/index.php\/wp-json\/wp\/v2\/posts\/69401\/revisions"}],"predecessor-version":[{"id":69403,"href":"https:\/\/lasprimeras.com.do\/index.php\/wp-json\/wp\/v2\/posts\/69401\/revisions\/69403"}],"wp:featuredmedia":[{"embeddable":true,"href":"https:\/\/lasprimeras.com.do\/index.php\/wp-json\/wp\/v2\/media\/69402"}],"wp:attachment":[{"href":"https:\/\/lasprimeras.com.do\/index.php\/wp-json\/wp\/v2\/media?parent=69401"}],"wp:term":[{"taxonomy":"category","embeddable":true,"href":"https:\/\/lasprimeras.com.do\/index.php\/wp-json\/wp\/v2\/categories?post=69401"},{"taxonomy":"post_tag","embeddable":true,"href":"https:\/\/lasprimeras.com.do\/index.php\/wp-json\/wp\/v2\/tags?post=69401"}],"curies":[{"name":"wp","href":"https:\/\/api.w.org\/{rel}","templated":true}]}}