{"id":69407,"date":"2023-12-02T14:46:22","date_gmt":"2023-12-02T18:46:22","guid":{"rendered":"https:\/\/lasprimeras.com.do\/?p=69407"},"modified":"2023-12-02T14:46:24","modified_gmt":"2023-12-02T18:46:24","slug":"luguelin-santos-sancionado-hasta-2026-por-manipulacion-de-edad","status":"publish","type":"post","link":"https:\/\/lasprimeras.com.do\/index.php\/2023\/12\/02\/luguelin-santos-sancionado-hasta-2026-por-manipulacion-de-edad\/","title":{"rendered":"Luguel\u00edn Santos, sancionado hasta 2026 por manipulaci\u00f3n de edad"},"content":{"rendered":"\n<p>Santo Domingo.- El atleta dominicano Luguel\u00edn Santos ha sido sancionado por la Unidad de Integridad del Atletismo (AIU) durante tres a\u00f1os por \u00abviolaciones de manipulaci\u00f3n de edad\u00bb en el Mundial J\u00fanior de Barcelona 2012 y su per\u00edodo de inhabilitaci\u00f3n, con car\u00e1cter retroactivo desde el 11 marzo de 2023, concluir\u00e1 el 10 de marzo de 2026.<\/p>\n\n\n\n<p>Luguel\u00edn Santos -medallista de oro en los 400 metros en dicho campeonato, actualmente denominado Mundial sub20- fue admitido para competir en el grupo de edad de 2012 con un pasaporte que mostraba una fecha de nacimiento falsificada (12 de noviembre de 1993), cuando hab\u00eda nacido en esa fecha pero de 1992.<\/p>\n\n\n\n<p>Con esa edad no era elegible para participar en el Mundial J\u00fanior que, seg\u00fan las Reglas de Competici\u00f3n de 2012, requer\u00eda que los atletas j\u00fanior fueran de 18 o 19 a\u00f1os el 31 de diciembre del a\u00f1o de competici\u00f3n.<\/p>\n\n\n\n<p>\u00abNuestras investigaciones en curso han descubierto un nivel inquietante de trampas, a trav\u00e9s de manipulaci\u00f3n de la edad, que ha distorsionado los resultados de las competiciones de atletismo juvenil en el nivel m\u00e1s alto. En este caso, un campe\u00f3n mundial juvenil fue coronado err\u00f3neamente y al leg\u00edtimo ganador se le neg\u00f3 su momento de gloria\u00bb, indic\u00f3 en un comunicado el director de la Unidad de Integridad del Atletismo, Brett Clothier.<\/p>\n\n\n\n<p>\u00abM\u00e1s all\u00e1 de eso, la manipulaci\u00f3n de la edad nos desaf\u00eda a enfrentar problemas serios, incluyendo culturas arraigadas que ense\u00f1an a los j\u00f3venes valores inapropiados, adem\u00e1s de proporcionar la medios para modificar las edades de los atletas en los documentos nacionales y, en \u00faltima instancia, celebrar victorias mal habidas. La AIU se opone firmemente a tales acciones y perseguir\u00e1 todas esas medidas\u00bb, agreg\u00f3.<\/p>\n","protected":false},"excerpt":{"rendered":"<p>Santo Domingo.- El atleta dominicano Luguel\u00edn Santos ha sido sancionado por la Unidad de Integridad del Atletismo (AIU) durante tres a\u00f1os por \u00abviolaciones de manipulaci\u00f3n de edad\u00bb en el Mundial&hellip;<\/p>\n","protected":false},"author":3,"featured_media":69408,"comment_status":"open","ping_status":"open","sticky":false,"template":"","format":"standard","meta":{"content-type":"","jetpack_post_was_ever_published":false,"_jetpack_newsletter_access":"","_jetpack_dont_email_post_to_subs":false,"_jetpack_newsletter_tier_id":0,"_jetpack_memberships_contains_paywalled_content":false,"_jetpack_memberships_contains_paid_content":false,"footnotes":""},"categories":[1],"tags":[],"class_list":["post-69407","post","type-post","status-publish","format-standard","has-post-thumbnail","hentry","category-sin-categoria"],"jetpack_featured_media_url":"https:\/\/lasprimeras.com.do\/wp-content\/uploads\/2023\/12\/WhatsApp-Image-2023-11-30-at-12.22.20-PM-6.jpeg","jetpack-related-posts":[{"id":83750,"url":"https:\/\/lasprimeras.com.do\/index.php\/2024\/05\/24\/fallece-la-madre-del-medallista-olimpico-luguelin-santos\/","url_meta":{"origin":69407,"position":0},"title":"Fallece la madre del medallista ol\u00edmpico Luguelin Santos","author":"Nelson Feliz","date":"24 de mayo de 2024","format":false,"excerpt":"La muerte de Yrma Aquino Mej\u00eda fue confirmada en sus redes sociales por Luguelin Santos, medallista de plata en los 400 metros de los\u00a0Juegos Ol\u00edmpicos de Londres\u00a02012. El atleta no ofreci\u00f3 detalles sobre los problemas de salud de su progenitora, pero inform\u00f3 que su cuerpo recibir\u00e1 sepultura en el municipio\u2026","rel":"","context":"En \u00abPORTADA\u00bb","block_context":{"text":"PORTADA","link":"https:\/\/lasprimeras.com.do\/index.php\/category\/portada\/"},"img":{"alt_text":"Luguelin Santos","src":"https:\/\/i0.wp.com\/lasprimeras.com.do\/wp-content\/uploads\/2024\/05\/WhatsApp-Image-2024-05-23-at-6.52.43-PM.jpeg?resize=350%2C200&ssl=1","width":350,"height":200,"srcset":"https:\/\/i0.wp.com\/lasprimeras.com.do\/wp-content\/uploads\/2024\/05\/WhatsApp-Image-2024-05-23-at-6.52.43-PM.jpeg?resize=350%2C200&ssl=1 1x, https:\/\/i0.wp.com\/lasprimeras.com.do\/wp-content\/uploads\/2024\/05\/WhatsApp-Image-2024-05-23-at-6.52.43-PM.jpeg?resize=525%2C300&ssl=1 1.5x, https:\/\/i0.wp.com\/lasprimeras.com.do\/wp-content\/uploads\/2024\/05\/WhatsApp-Image-2024-05-23-at-6.52.43-PM.jpeg?resize=700%2C400&ssl=1 2x"},"classes":[]},{"id":86033,"url":"https:\/\/lasprimeras.com.do\/index.php\/2024\/07\/15\/abinader-despide-representacion-de-57-atletas-dominicanos\/","url_meta":{"origin":69407,"position":1},"title":"Abinader despide representaci\u00f3n de 57 atletas dominicanos","author":"Nelson Feliz","date":"15 de julio de 2024","format":false,"excerpt":"Entrega la Bandera Nacional a la representaci\u00f3n de las Olimpiadas de Par\u00eds 2024. El presidente Luis Abinader entreg\u00f3 la Bandera Nacional y despide una representaci\u00f3n de 57 atletas dominicanos que participar\u00e1n en las Olimpiadas de Par\u00eds 2024, al tiempo que inform\u00f3 que la presente gesti\u00f3n gubernamental ha aportado al Comit\u00e9\u2026","rel":"","context":"En \u00abPORTADA\u00bb","block_context":{"text":"PORTADA","link":"https:\/\/lasprimeras.com.do\/index.php\/category\/portada\/"},"img":{"alt_text":"Luis Abinader","src":"https:\/\/i0.wp.com\/lasprimeras.com.do\/wp-content\/uploads\/2024\/07\/Luis-Abinader-6.jpg?resize=350%2C200&ssl=1","width":350,"height":200,"srcset":"https:\/\/i0.wp.com\/lasprimeras.com.do\/wp-content\/uploads\/2024\/07\/Luis-Abinader-6.jpg?resize=350%2C200&ssl=1 1x, https:\/\/i0.wp.com\/lasprimeras.com.do\/wp-content\/uploads\/2024\/07\/Luis-Abinader-6.jpg?resize=525%2C300&ssl=1 1.5x, https:\/\/i0.wp.com\/lasprimeras.com.do\/wp-content\/uploads\/2024\/07\/Luis-Abinader-6.jpg?resize=700%2C400&ssl=1 2x"},"classes":[]},{"id":116098,"url":"https:\/\/lasprimeras.com.do\/index.php\/2025\/11\/27\/luis-alejandro-cifre-se-corona-campeon-nacional-de-kartismo-en-la-categoria-junior-max\/","url_meta":{"origin":69407,"position":2},"title":"Luis Alejandro Cifre se corona Campe\u00f3n Nacional de Kartismo en la categor\u00eda Junior Max","author":"Nelson Feliz","date":"27 de noviembre de 2025","format":false,"excerpt":"El Club Dominicano de Corredores de Kartismo (CDCK) concluy\u00f3 este domingo su tradicional campeonato nacional, donde se disputaron varias categor\u00edas en funci\u00f3n de la edad y la motorizaci\u00f3n de los karts. En este evento deportivo fue coronado Campe\u00f3n Nacional de la categor\u00eda Junior Max, Luis Alejandro Cifre, quien con apenas\u2026","rel":"","context":"En \u00abDEPORTES\u00bb","block_context":{"text":"DEPORTES","link":"https:\/\/lasprimeras.com.do\/index.php\/category\/deportes\/"},"img":{"alt_text":"","src":"https:\/\/i0.wp.com\/lasprimeras.com.do\/wp-content\/uploads\/2025\/11\/Campeon-Nacional-de-Kartismo-p.jpeg?resize=350%2C200&ssl=1","width":350,"height":200,"srcset":"https:\/\/i0.wp.com\/lasprimeras.com.do\/wp-content\/uploads\/2025\/11\/Campeon-Nacional-de-Kartismo-p.jpeg?resize=350%2C200&ssl=1 1x, https:\/\/i0.wp.com\/lasprimeras.com.do\/wp-content\/uploads\/2025\/11\/Campeon-Nacional-de-Kartismo-p.jpeg?resize=525%2C300&ssl=1 1.5x, https:\/\/i0.wp.com\/lasprimeras.com.do\/wp-content\/uploads\/2025\/11\/Campeon-Nacional-de-Kartismo-p.jpeg?resize=700%2C400&ssl=1 2x, https:\/\/i0.wp.com\/lasprimeras.com.do\/wp-content\/uploads\/2025\/11\/Campeon-Nacional-de-Kartismo-p.jpeg?resize=1050%2C600&ssl=1 3x"},"classes":[]},{"id":81365,"url":"https:\/\/lasprimeras.com.do\/index.php\/2024\/04\/20\/corren-este-sabado-4to-clasico-felix-sanchez-evento-clasificatorio-a-los-juegos-olimpicos-de-paris\/","url_meta":{"origin":69407,"position":3},"title":"Corren este s\u00e1bado &#8220;4to Cl\u00e1sico F\u00e9lix S\u00e1nchez&#8221;; evento clasificatorio a los Juegos Ol\u00edmpicos de Par\u00eds","author":"BIMARY DE JES\u00daS Matos","date":"20 de abril de 2024","format":false,"excerpt":"BAYAGUANA.- Con la participaci\u00f3n de estrellas del atletismo mundial, se correr\u00e1 este s\u00e1bado aqu\u00ed el \u00ab4to Cl\u00e1sico F\u00e9lix S\u00e1nchez\u00bb, a partir de la una de la tarde, en la pista de atletismo \u00abLuguelin Santos\u00bb, en el complejo deportivo de aqu\u00ed, evento que ser\u00e1 clasificatorio para los venideros Juegos Ol\u00edmpicos de\u2026","rel":"","context":"En \u00abSin categor\u00eda\u00bb","block_context":{"text":"Sin categor\u00eda","link":"https:\/\/lasprimeras.com.do\/index.php\/category\/sin-categoria\/"},"img":{"alt_text":"","src":"https:\/\/i0.wp.com\/lasprimeras.com.do\/wp-content\/uploads\/2024\/04\/6a0c8a05-4f4b-48f5-a1d9-1ad180753c4a-9.webp?resize=350%2C200&ssl=1","width":350,"height":200,"srcset":"https:\/\/i0.wp.com\/lasprimeras.com.do\/wp-content\/uploads\/2024\/04\/6a0c8a05-4f4b-48f5-a1d9-1ad180753c4a-9.webp?resize=350%2C200&ssl=1 1x, https:\/\/i0.wp.com\/lasprimeras.com.do\/wp-content\/uploads\/2024\/04\/6a0c8a05-4f4b-48f5-a1d9-1ad180753c4a-9.webp?resize=525%2C300&ssl=1 1.5x, https:\/\/i0.wp.com\/lasprimeras.com.do\/wp-content\/uploads\/2024\/04\/6a0c8a05-4f4b-48f5-a1d9-1ad180753c4a-9.webp?resize=700%2C400&ssl=1 2x, https:\/\/i0.wp.com\/lasprimeras.com.do\/wp-content\/uploads\/2024\/04\/6a0c8a05-4f4b-48f5-a1d9-1ad180753c4a-9.webp?resize=1050%2C600&ssl=1 3x, https:\/\/i0.wp.com\/lasprimeras.com.do\/wp-content\/uploads\/2024\/04\/6a0c8a05-4f4b-48f5-a1d9-1ad180753c4a-9.webp?resize=1400%2C800&ssl=1 4x"},"classes":[]},{"id":119573,"url":"https:\/\/lasprimeras.com.do\/index.php\/2026\/01\/14\/presidente-del-senado-recibe-reconocimiento-de-adoturd-por-su-apoyo-al-deporte-dominicano\/","url_meta":{"origin":69407,"position":4},"title":"Presidente del Senado recibe reconocimiento de ADOTURD por su apoyo al deporte dominicano","author":"Nelson Feliz","date":"14 de enero de 2026","format":false,"excerpt":"Por Adalgisa S\u00e1nchez La Asociaci\u00f3n Dominicana de Turismo Deportivo (ADOTURD) reconoci\u00f3 este mi\u00e9rcoles al presidente de la C\u00e1mara Alta, Ricardo de los Santos, por su trayectoria marcada por el respeto institucional, servicio y fortalecimiento del Estado democr\u00e1tico, y su respaldo al deporte de turismo y a la juventud. La distinci\u00f3n\u2026","rel":"","context":"En \u00abDEPORTES\u00bb","block_context":{"text":"DEPORTES","link":"https:\/\/lasprimeras.com.do\/index.php\/category\/deportes\/"},"img":{"alt_text":"Ricardo de los Santos","src":"https:\/\/i0.wp.com\/lasprimeras.com.do\/wp-content\/uploads\/2026\/01\/Ricardo-de-los-Santos.jpg?resize=350%2C200&ssl=1","width":350,"height":200,"srcset":"https:\/\/i0.wp.com\/lasprimeras.com.do\/wp-content\/uploads\/2026\/01\/Ricardo-de-los-Santos.jpg?resize=350%2C200&ssl=1 1x, https:\/\/i0.wp.com\/lasprimeras.com.do\/wp-content\/uploads\/2026\/01\/Ricardo-de-los-Santos.jpg?resize=525%2C300&ssl=1 1.5x, https:\/\/i0.wp.com\/lasprimeras.com.do\/wp-content\/uploads\/2026\/01\/Ricardo-de-los-Santos.jpg?resize=700%2C400&ssl=1 2x"},"classes":[]},{"id":57298,"url":"https:\/\/lasprimeras.com.do\/index.php\/2023\/08\/10\/fedojudo-anuncia-y-panamericano-cadete-y-junior\/","url_meta":{"origin":69407,"position":5},"title":"Fedojudo anuncia y Panamericano Cadete y Junior","author":"Nelson Feliz","date":"10 de agosto de 2023","format":false,"excerpt":"La Federaci\u00f3n Dominicana de Judo (Fedojudo) anunci\u00f3 que se celebrar\u00e1 en el pa\u00eds el Open Panamericano Cadete y Junior Santo Domingo 2023 en la Casa Nacional de esa disciplina del Centro Ol\u00edmpico. Los torneos, que se celebrar\u00e1n los d\u00edas 19 y 20 de este mes, ser\u00e1n organizados por la Fedojudo,\u2026","rel":"","context":"En \u00abSin categor\u00eda\u00bb","block_context":{"text":"Sin categor\u00eda","link":"https:\/\/lasprimeras.com.do\/index.php\/category\/sin-categoria\/"},"img":{"alt_text":"Los atletas Anthony Matos y Creimalyn Valdez; Wilkin Ogando, Luisa Mart\u00ednez, Maicol Louis y Neolfis Noris junto a Gilberto Garc\u00eda y Leidi Germ\u00e1n","src":"https:\/\/i0.wp.com\/lasprimeras.com.do\/wp-content\/uploads\/2023\/08\/fedojudo.jpeg?resize=350%2C200&ssl=1","width":350,"height":200,"srcset":"https:\/\/i0.wp.com\/lasprimeras.com.do\/wp-content\/uploads\/2023\/08\/fedojudo.jpeg?resize=350%2C200&ssl=1 1x, https:\/\/i0.wp.com\/lasprimeras.com.do\/wp-content\/uploads\/2023\/08\/fedojudo.jpeg?resize=525%2C300&ssl=1 1.5x, https:\/\/i0.wp.com\/lasprimeras.com.do\/wp-content\/uploads\/2023\/08\/fedojudo.jpeg?resize=700%2C400&ssl=1 2x"},"classes":[]}],"jetpack_sharing_enabled":true,"_links":{"self":[{"href":"https:\/\/lasprimeras.com.do\/index.php\/wp-json\/wp\/v2\/posts\/69407","targetHints":{"allow":["GET"]}}],"collection":[{"href":"https:\/\/lasprimeras.com.do\/index.php\/wp-json\/wp\/v2\/posts"}],"about":[{"href":"https:\/\/lasprimeras.com.do\/index.php\/wp-json\/wp\/v2\/types\/post"}],"author":[{"embeddable":true,"href":"https:\/\/lasprimeras.com.do\/index.php\/wp-json\/wp\/v2\/users\/3"}],"replies":[{"embeddable":true,"href":"https:\/\/lasprimeras.com.do\/index.php\/wp-json\/wp\/v2\/comments?post=69407"}],"version-history":[{"count":1,"href":"https:\/\/lasprimeras.com.do\/index.php\/wp-json\/wp\/v2\/posts\/69407\/revisions"}],"predecessor-version":[{"id":69409,"href":"https:\/\/lasprimeras.com.do\/index.php\/wp-json\/wp\/v2\/posts\/69407\/revisions\/69409"}],"wp:featuredmedia":[{"embeddable":true,"href":"https:\/\/lasprimeras.com.do\/index.php\/wp-json\/wp\/v2\/media\/69408"}],"wp:attachment":[{"href":"https:\/\/lasprimeras.com.do\/index.php\/wp-json\/wp\/v2\/media?parent=69407"}],"wp:term":[{"taxonomy":"category","embeddable":true,"href":"https:\/\/lasprimeras.com.do\/index.php\/wp-json\/wp\/v2\/categories?post=69407"},{"taxonomy":"post_tag","embeddable":true,"href":"https:\/\/lasprimeras.com.do\/index.php\/wp-json\/wp\/v2\/tags?post=69407"}],"curies":[{"name":"wp","href":"https:\/\/api.w.org\/{rel}","templated":true}]}}