{"id":69410,"date":"2023-12-02T14:47:35","date_gmt":"2023-12-02T18:47:35","guid":{"rendered":"https:\/\/lasprimeras.com.do\/?p=69410"},"modified":"2023-12-02T14:47:36","modified_gmt":"2023-12-02T18:47:36","slug":"miderec-recibe-delegacion-atletas-compitieron-en-juegos-escolares","status":"publish","type":"post","link":"https:\/\/lasprimeras.com.do\/index.php\/2023\/12\/02\/miderec-recibe-delegacion-atletas-compitieron-en-juegos-escolares\/","title":{"rendered":"Miderec recibe delegaci\u00f3n atletas compitieron en Juegos Escolares"},"content":{"rendered":"\n<p>SANTO DOMINGO.- El Ministerio de Deportes recibi\u00f3 con j\u00fabilo la noche del jueves a la delegaci\u00f3n dominicana de j\u00f3venes atletas que compiti\u00f3 en los VI Juegos Escolares Centroamericanos y del Caribe Venezuela 2023, que concluyeron recientemente.<\/p>\n\n\n\n<p>En esta oportunidad los atletas escolares quisqueyanos, en edades de 15 a 17 a\u00f1os, alcanzaron una hist\u00f3rica actuaci\u00f3n en cuanto al n\u00famero de medallas, con 57, distribuidas en cuatro de oro, 31 de plata y 22 de bronce.<\/p>\n\n\n\n<p>Las medallas de oro las ganaron los atletas Joel David Vilorio y Karla Ramos, en la modalidad de poomsae mixto en el taekwondo, en cuya disciplina tambi\u00e9n se adjudic\u00f3 el oro Wilfrido de la Cruz en el combate de la categor\u00eda -55 kilogramos; en judo, el oro fue para King Aquino en 60 kilos, y en karate, Jean Michael Keen, en la categor\u00eda kumite -55 kilos.<\/p>\n\n\n\n<p>Doce pa\u00edses intervinieron en estos Juegos Escolares que se desarrollaron desde el 24 al 29 de noviembre.<\/p>\n\n\n\n<p>Su arribo se produjo la noche del jueves por el Aeropuerto Internacional de Las Am\u00e9ricas (AILA) desde el Aeropuerto Internacional Sim\u00f3n Bol\u00edvar de Maiquet\u00eda, en Venezuela.<\/p>\n\n\n\n<p>Los atletas fueron recibidos por el viceministro de Deportes, Kennedy Vargas, quien represent\u00f3 al ministro Francisco Camacho, en una delegaci\u00f3n que encabezaron el viceministro de Deportes Escolar y Universitario, Juan Vila, y Rafael P\u00e9rez (Chuchito), director de Deporte Escolar del Ministerio de Deportes, como jefe de misi\u00f3n.<\/p>\n\n\n\n<p>Vargas resalt\u00f3 la alegr\u00eda que reina en el Ministerio de Deportes por la actuaci\u00f3n de los atletas dominicanos, en especial el ministro Francisco Camacho, quien cumple las directrices del presidente Luis Abinader.<\/p>\n\n\n\n<p>Manifest\u00f3 que \u201c57 medallas dicen muchas cosas y les espera, j\u00f3venes, un gran futuro por delante\u201d.<\/p>\n","protected":false},"excerpt":{"rendered":"<p>SANTO DOMINGO.- El Ministerio de Deportes recibi\u00f3 con j\u00fabilo la noche del jueves a la delegaci\u00f3n dominicana de j\u00f3venes atletas que compiti\u00f3 en los VI Juegos Escolares Centroamericanos y del&hellip;<\/p>\n","protected":false},"author":3,"featured_media":69411,"comment_status":"open","ping_status":"open","sticky":false,"template":"","format":"standard","meta":{"content-type":"","jetpack_post_was_ever_published":false,"_jetpack_newsletter_access":"","_jetpack_dont_email_post_to_subs":false,"_jetpack_newsletter_tier_id":0,"_jetpack_memberships_contains_paywalled_content":false,"_jetpack_memberships_contains_paid_content":false,"footnotes":""},"categories":[1],"tags":[],"class_list":["post-69410","post","type-post","status-publish","format-standard","has-post-thumbnail","hentry","category-sin-categoria"],"jetpack_featured_media_url":"https:\/\/lasprimeras.com.do\/wp-content\/uploads\/2023\/12\/WhatsApp-Image-2023-11-30-at-12.22.20-PM-7.jpeg","jetpack-related-posts":[{"id":68947,"url":"https:\/\/lasprimeras.com.do\/index.php\/2023\/11\/29\/dominicana-cerca-de-30-medallas-en-juegos-escolares-en-venezuela\/","url_meta":{"origin":69410,"position":0},"title":"Dominicana cerca de 30 medallas en Juegos Escolares en Venezuela","author":"BIMARY DE JES\u00daS Matos","date":"29 de noviembre de 2023","format":false,"excerpt":"SANTO DOMINGO.- La selecci\u00f3n dominicana que participa en los VI Juegos Escolares Centroamericanos y del Caribe en Venezuela acumula hasta hoy 28 medallas, entre estas dos de oro alcanzadas por Jean Michael Keen, en karate, y King Aquino, en judo. Medios de prensa locales destacan este lunes que Keen y\u2026","rel":"","context":"En \u00abSin categor\u00eda\u00bb","block_context":{"text":"Sin categor\u00eda","link":"https:\/\/lasprimeras.com.do\/index.php\/category\/sin-categoria\/"},"img":{"alt_text":"","src":"https:\/\/i0.wp.com\/lasprimeras.com.do\/wp-content\/uploads\/2023\/11\/PhotoFrame-4.jpg?resize=350%2C200&ssl=1","width":350,"height":200,"srcset":"https:\/\/i0.wp.com\/lasprimeras.com.do\/wp-content\/uploads\/2023\/11\/PhotoFrame-4.jpg?resize=350%2C200&ssl=1 1x, https:\/\/i0.wp.com\/lasprimeras.com.do\/wp-content\/uploads\/2023\/11\/PhotoFrame-4.jpg?resize=525%2C300&ssl=1 1.5x"},"classes":[]},{"id":69132,"url":"https:\/\/lasprimeras.com.do\/index.php\/2023\/11\/30\/rd-logra-57-medallas-y-queda-5to-en-juegos-escolares-centroamerica\/","url_meta":{"origin":69410,"position":1},"title":"RD logra 57 medallas y queda 5to. en juegos escolares Centroam\u00e9rica","author":"BIMARY DE JES\u00daS Matos","date":"30 de noviembre de 2023","format":false,"excerpt":"SANTO DOMINGO.- Rep\u00fablica Dominicana conquist\u00f3 57 medallas y finaliz\u00f3 en el quinto puesto en los VI Juegos Escolares Centroamericanos y del Caribe Venezuela 2023 que concluyeron este mi\u00e9rcoles en ese pa\u00eds, inform\u00f3 el Ministerio de Deportes y Recreaci\u00f3n (Miderec). La representaci\u00f3n quisqueyana obtuvo 4 medallas de oro, 31 de plata\u2026","rel":"","context":"En \u00abSin categor\u00eda\u00bb","block_context":{"text":"Sin categor\u00eda","link":"https:\/\/lasprimeras.com.do\/index.php\/category\/sin-categoria\/"},"img":{"alt_text":"","src":"https:\/\/i0.wp.com\/lasprimeras.com.do\/wp-content\/uploads\/2023\/11\/WhatsApp-Image-2023-11-25-at-5.12.30-PM-3.png?resize=350%2C200&ssl=1","width":350,"height":200,"srcset":"https:\/\/i0.wp.com\/lasprimeras.com.do\/wp-content\/uploads\/2023\/11\/WhatsApp-Image-2023-11-25-at-5.12.30-PM-3.png?resize=350%2C200&ssl=1 1x, https:\/\/i0.wp.com\/lasprimeras.com.do\/wp-content\/uploads\/2023\/11\/WhatsApp-Image-2023-11-25-at-5.12.30-PM-3.png?resize=525%2C300&ssl=1 1.5x"},"classes":[]},{"id":61895,"url":"https:\/\/lasprimeras.com.do\/index.php\/2023\/10\/01\/karate-hace-entrega-del-dinero-del-incentivos-a-los-medallistas-en-juegos-de-el-salvador\/","url_meta":{"origin":69410,"position":2},"title":"Karate hace entrega del dinero del incentivos a los medallistas en Juegos de El Salvador","author":"Nelson Feliz","date":"1 de octubre de 2023","format":false,"excerpt":"La Federaci\u00f3n Dominicana de Karate entreg\u00f3 900 mil pesos de los incentivos econ\u00f3micos a los atletas medallistas de oro, plata y bronce, as\u00ed como a los entrenadores y un incentivo a la Federaci\u00f3n, que fueron aportados por el gobierno de Luis Abinader, a trav\u00e9s del Ministerio de Deportes, que dirige\u2026","rel":"","context":"En \u00abSin categor\u00eda\u00bb","block_context":{"text":"Sin categor\u00eda","link":"https:\/\/lasprimeras.com.do\/index.php\/category\/sin-categoria\/"},"img":{"alt_text":"Karate entreg\u00f3 900 mil pesos de incentivos econ\u00f3micos a los atletas medallistas de oro, plata y bronce, as\u00ed como a los entrenadores y un incentivo a la Federaci\u00f3n.FUENTE EXTERNA","src":"https:\/\/i0.wp.com\/lasprimeras.com.do\/wp-content\/uploads\/2023\/10\/Karate.jpeg?resize=350%2C200&ssl=1","width":350,"height":200,"srcset":"https:\/\/i0.wp.com\/lasprimeras.com.do\/wp-content\/uploads\/2023\/10\/Karate.jpeg?resize=350%2C200&ssl=1 1x, https:\/\/i0.wp.com\/lasprimeras.com.do\/wp-content\/uploads\/2023\/10\/Karate.jpeg?resize=525%2C300&ssl=1 1.5x, https:\/\/i0.wp.com\/lasprimeras.com.do\/wp-content\/uploads\/2023\/10\/Karate.jpeg?resize=700%2C400&ssl=1 2x"},"classes":[]},{"id":54460,"url":"https:\/\/lasprimeras.com.do\/index.php\/2023\/07\/11\/cod-afirma-deporte-dominicano-supero-expectativas-en-jjcc-2023\/","url_meta":{"origin":69410,"position":3},"title":"COD afirma deporte dominicano super\u00f3 expectativas en JJCC 2023","author":"Nelson Feliz","date":"11 de julio de 2023","format":false,"excerpt":"El presidente del Comit\u00e9 Ol\u00edmpico Dominicano (COD), Garibaldy Bautista, afirm\u00f3 que el deporte nacional super\u00f3 las expectativas en su participaci\u00f3n en los Juegos Centroamericanos y del Caribe San Salvador 2023. \u201cMuy complacido de estar de regreso a nuestro pa\u00eds, con la obtenci\u00f3n del quinto lugar en los Juegos Centroamericanos de\u2026","rel":"","context":"En \u00abSin categor\u00eda\u00bb","block_context":{"text":"Sin categor\u00eda","link":"https:\/\/lasprimeras.com.do\/index.php\/category\/sin-categoria\/"},"img":{"alt_text":"Comit\u00e9 Ol\u00edmpico Dominicano","src":"https:\/\/i0.wp.com\/lasprimeras.com.do\/wp-content\/uploads\/2023\/07\/llegada-1.jpeg?resize=350%2C200&ssl=1","width":350,"height":200,"srcset":"https:\/\/i0.wp.com\/lasprimeras.com.do\/wp-content\/uploads\/2023\/07\/llegada-1.jpeg?resize=350%2C200&ssl=1 1x, https:\/\/i0.wp.com\/lasprimeras.com.do\/wp-content\/uploads\/2023\/07\/llegada-1.jpeg?resize=525%2C300&ssl=1 1.5x, https:\/\/i0.wp.com\/lasprimeras.com.do\/wp-content\/uploads\/2023\/07\/llegada-1.jpeg?resize=700%2C400&ssl=1 2x, https:\/\/i0.wp.com\/lasprimeras.com.do\/wp-content\/uploads\/2023\/07\/llegada-1.jpeg?resize=1050%2C600&ssl=1 3x"},"classes":[]},{"id":65724,"url":"https:\/\/lasprimeras.com.do\/index.php\/2023\/10\/31\/rd-obtiene-oro-en-atletismo-y-4-bronce-en-judo-de-panamericanos\/","url_meta":{"origin":69410,"position":4},"title":"RD obtiene oro en atletismo y 4 bronce en judo de Panamericanos","author":"BIMARY DE JES\u00daS Matos","date":"31 de octubre de 2023","format":false,"excerpt":"SANTIAGO, Chile. La Rep\u00fablica Dominicana obtuvo cinco medallas para mantenerse en la novena posici\u00f3n en el medallero de los XIX Juegos Panamericanos que se desarrollan en esta ciudad. El oro de la cuarteta 4\u00d7400 mixta, as\u00ed como los cuatro metales de los judocas Robert Florentino, Eiraima Silvestre, Jos\u00e9 Nova y\u2026","rel":"","context":"En \u00abSin categor\u00eda\u00bb","block_context":{"text":"Sin categor\u00eda","link":"https:\/\/lasprimeras.com.do\/index.php\/category\/sin-categoria\/"},"img":{"alt_text":"","src":"https:\/\/i0.wp.com\/lasprimeras.com.do\/wp-content\/uploads\/2023\/10\/WhatsApp-Image-2023-10-30-at-2.14.31-PM-4.jpeg?resize=350%2C200&ssl=1","width":350,"height":200,"srcset":"https:\/\/i0.wp.com\/lasprimeras.com.do\/wp-content\/uploads\/2023\/10\/WhatsApp-Image-2023-10-30-at-2.14.31-PM-4.jpeg?resize=350%2C200&ssl=1 1x, https:\/\/i0.wp.com\/lasprimeras.com.do\/wp-content\/uploads\/2023\/10\/WhatsApp-Image-2023-10-30-at-2.14.31-PM-4.jpeg?resize=525%2C300&ssl=1 1.5x"},"classes":[]},{"id":87308,"url":"https:\/\/lasprimeras.com.do\/index.php\/2024\/08\/09\/presidente-del-senado-felicita-a-marileidy-paulino-ganadora-medalla-oro-en-juegos-olimpicos-de-paris\/","url_meta":{"origin":69410,"position":5},"title":"Presidente del Senado felicita a Marileidy Paulino ganadora medalla oro en Juegos Ol\u00edmpicos de Par\u00eds","author":"Nelson Feliz","date":"9 de agosto de 2024","format":false,"excerpt":"El presidente del Senado, Ricardo de los Santos, felicit\u00f3 este viernes a la atleta velocista dominicana, Marileidy Paulino, quien conquist\u00f3 la medalla de oro en la final de los 400 metros planos de los XXXIII\u00a0Juegos Ol\u00edmpicos de Par\u00eds, Francia, 2024, con un tiempo de 48.17 segundos, quien adem\u00e1s rompi\u00f3 el\u2026","rel":"","context":"En \u00abNACIONALES\u00bb","block_context":{"text":"NACIONALES","link":"https:\/\/lasprimeras.com.do\/index.php\/category\/nacionales\/"},"img":{"alt_text":"Ricardo de los Santos","src":"https:\/\/i0.wp.com\/lasprimeras.com.do\/wp-content\/uploads\/2024\/08\/Ricardo-de-los-Santos-2.jpg?resize=350%2C200&ssl=1","width":350,"height":200,"srcset":"https:\/\/i0.wp.com\/lasprimeras.com.do\/wp-content\/uploads\/2024\/08\/Ricardo-de-los-Santos-2.jpg?resize=350%2C200&ssl=1 1x, https:\/\/i0.wp.com\/lasprimeras.com.do\/wp-content\/uploads\/2024\/08\/Ricardo-de-los-Santos-2.jpg?resize=525%2C300&ssl=1 1.5x"},"classes":[]}],"jetpack_sharing_enabled":true,"_links":{"self":[{"href":"https:\/\/lasprimeras.com.do\/index.php\/wp-json\/wp\/v2\/posts\/69410","targetHints":{"allow":["GET"]}}],"collection":[{"href":"https:\/\/lasprimeras.com.do\/index.php\/wp-json\/wp\/v2\/posts"}],"about":[{"href":"https:\/\/lasprimeras.com.do\/index.php\/wp-json\/wp\/v2\/types\/post"}],"author":[{"embeddable":true,"href":"https:\/\/lasprimeras.com.do\/index.php\/wp-json\/wp\/v2\/users\/3"}],"replies":[{"embeddable":true,"href":"https:\/\/lasprimeras.com.do\/index.php\/wp-json\/wp\/v2\/comments?post=69410"}],"version-history":[{"count":1,"href":"https:\/\/lasprimeras.com.do\/index.php\/wp-json\/wp\/v2\/posts\/69410\/revisions"}],"predecessor-version":[{"id":69412,"href":"https:\/\/lasprimeras.com.do\/index.php\/wp-json\/wp\/v2\/posts\/69410\/revisions\/69412"}],"wp:featuredmedia":[{"embeddable":true,"href":"https:\/\/lasprimeras.com.do\/index.php\/wp-json\/wp\/v2\/media\/69411"}],"wp:attachment":[{"href":"https:\/\/lasprimeras.com.do\/index.php\/wp-json\/wp\/v2\/media?parent=69410"}],"wp:term":[{"taxonomy":"category","embeddable":true,"href":"https:\/\/lasprimeras.com.do\/index.php\/wp-json\/wp\/v2\/categories?post=69410"},{"taxonomy":"post_tag","embeddable":true,"href":"https:\/\/lasprimeras.com.do\/index.php\/wp-json\/wp\/v2\/tags?post=69410"}],"curies":[{"name":"wp","href":"https:\/\/api.w.org\/{rel}","templated":true}]}}