{"id":69413,"date":"2023-12-02T16:59:46","date_gmt":"2023-12-02T20:59:46","guid":{"rendered":"https:\/\/lasprimeras.com.do\/?p=69413"},"modified":"2023-12-02T16:59:48","modified_gmt":"2023-12-02T20:59:48","slug":"prm-en-barahona-inscribe-sus-candidatos-a-alcalde-y-vice-alcaldesa-municipal","status":"publish","type":"post","link":"https:\/\/lasprimeras.com.do\/index.php\/2023\/12\/02\/prm-en-barahona-inscribe-sus-candidatos-a-alcalde-y-vice-alcaldesa-municipal\/","title":{"rendered":"PRM en Barahona inscribe sus candidatos a alcalde y vice alcaldesa municipal"},"content":{"rendered":"\n<p>Barahona, RD.- El Partido Revolucionario Moderno (PRM) inscribi\u00f3 al actual alcalde M\u00edctor Fern\u00e1ndez como candidato a misma posici\u00f3n y la joven Noelia Suberv\u00ed B\u00e1ez como candidata a vicealcaldesa<\/p>\n\n\n\n<p>Una comisi\u00f3n del PRM integrada por Edgar Augusto F\u00e8liz M\u00e9ndez, presidente del comit\u00e9 provincial, Moises Ayala, Aquiles Ledesma y Elson Pe\u00f1a, acompa\u00f1\u00f3 hasta la Junta Electoral Municipal al binomio Fern\u00e0ndez-Suberv\u00ec.<\/p>\n\n\n\n<p>Una gran parte de la base del partido oficial est\u00e1 de acuerdo conque Noelia Suberv\u00ec B\u00e1ez haya sido escogida como la compa\u00f1era de f\u00f3rmula de M\u00ecctor Fern\u00e1ndez.<\/p>\n\n\n\n<p>Noelia Suberv\u00ec B\u00e1ez es hija del exalcalde municipal Noel Octavio Suberv\u00ec Nin y la se\u00f1ora Ana Dolores B\u00e1ez.<\/p>\n\n\n\n<p>Noel Octavio Suberv\u00ec Nin, exdirigente perrede\u00edsta fue alcalde durante 16 a\u00f1os tras ser elegido en cuatro per\u00edodo consecutivos.<\/p>\n\n\n\n<p>Personas que siguen muy de cerca las actividades de la alcald\u00eda municipal expresan que la gesti\u00f3n de Suberv\u00ec Nin fue una de las m\u00e1s fruct\u00edfera, y que por tal raz\u00f3n fue que el pueblo lo escogi\u00f3 en cuatro per\u00edodo consecutivos como alcalde.<\/p>\n","protected":false},"excerpt":{"rendered":"<p>Barahona, RD.- El Partido Revolucionario Moderno (PRM) inscribi\u00f3 al actual alcalde M\u00edctor Fern\u00e1ndez como candidato a misma posici\u00f3n y la joven Noelia Suberv\u00ed B\u00e1ez como candidata a vicealcaldesa Una comisi\u00f3n&hellip;<\/p>\n","protected":false},"author":3,"featured_media":69414,"comment_status":"open","ping_status":"open","sticky":false,"template":"","format":"standard","meta":{"content-type":"","jetpack_post_was_ever_published":false,"_jetpack_newsletter_access":"","_jetpack_dont_email_post_to_subs":false,"_jetpack_newsletter_tier_id":0,"_jetpack_memberships_contains_paywalled_content":false,"_jetpack_memberships_contains_paid_content":false,"footnotes":""},"categories":[1],"tags":[31],"class_list":["post-69413","post","type-post","status-publish","format-standard","has-post-thumbnail","hentry","category-sin-categoria","tag-prm"],"jetpack_featured_media_url":"https:\/\/lasprimeras.com.do\/wp-content\/uploads\/2023\/12\/WhatsApp-Image-2023-12-02-at-2.43.01-PM.jpeg","jetpack-related-posts":[{"id":103369,"url":"https:\/\/lasprimeras.com.do\/index.php\/2025\/07\/15\/fallece-fello-subervi-exalcalde-de-santo-domingo-y-destacado-dirigente-del-prd-historico\/","url_meta":{"origin":69413,"position":0},"title":"Fallece Fello Suberv\u00ed, exalcalde de Santo Domingo y destacado dirigente del PRD hist\u00f3rico","author":"Nelson Feliz","date":"15 de julio de 2025","format":false,"excerpt":"La noticia fue confirmada por su esposa Miguelina Ortiz, al programa Hoy Mismo. Rafael Antonio \"Fello\" Suberv\u00ed Bonilla, exalcalde del Distrito Nacional y uno de los pol\u00edticos emblem\u00e1ticos del Partido Revolucionario Dominicano (PRD), falleci\u00f3 este martes 15 de julio a los 83 a\u00f1os. La noticia fue confirmada por su esposa\u2026","rel":"","context":"En \u00abNACIONALES\u00bb","block_context":{"text":"NACIONALES","link":"https:\/\/lasprimeras.com.do\/index.php\/category\/nacionales\/"},"img":{"alt_text":"Rafael Antonio \"Fello\" Suberv\u00ed Bonilla","src":"https:\/\/i0.wp.com\/lasprimeras.com.do\/wp-content\/uploads\/2025\/07\/Fello_Subervi-removebg-preview.png?resize=350%2C200&ssl=1","width":350,"height":200,"srcset":"https:\/\/i0.wp.com\/lasprimeras.com.do\/wp-content\/uploads\/2025\/07\/Fello_Subervi-removebg-preview.png?resize=350%2C200&ssl=1 1x, https:\/\/i0.wp.com\/lasprimeras.com.do\/wp-content\/uploads\/2025\/07\/Fello_Subervi-removebg-preview.png?resize=525%2C300&ssl=1 1.5x"},"classes":[]},{"id":125393,"url":"https:\/\/lasprimeras.com.do\/index.php\/2026\/03\/22\/felipe-subervien-el-prm-hay-grandes-hombres-y-mujeres-y-la-mejor-es-carolina-mejia\/","url_meta":{"origin":69413,"position":1},"title":"Felipe Suberv\u00ed:En el PRM hay grandes hombres y mujeres y la mejor es Carolina Mej\u00eda","author":"Nelson Feliz","date":"22 de marzo de 2026","format":false,"excerpt":"El presidente del PRM en la capital resalta liderazgo probado de la alcaldesa del Distrito Nacional y afirma que Carolina est\u00e1 lista para llevar el proyecto del cambio a su siguiente nivel El presidente del Partido Revolucionario Moderno (PRM) en la capital, Felipe -Fellito- Suberv\u00ed, asegur\u00f3 que en esa organizaci\u00f3n\u2026","rel":"","context":"En \u00abPOLITICA\u00bb","block_context":{"text":"POLITICA","link":"https:\/\/lasprimeras.com.do\/index.php\/category\/politica\/"},"img":{"alt_text":"","src":"https:\/\/i0.wp.com\/lasprimeras.com.do\/wp-content\/uploads\/2026\/03\/Fellito-Subervi.jpg?resize=350%2C200&ssl=1","width":350,"height":200,"srcset":"https:\/\/i0.wp.com\/lasprimeras.com.do\/wp-content\/uploads\/2026\/03\/Fellito-Subervi.jpg?resize=350%2C200&ssl=1 1x, https:\/\/i0.wp.com\/lasprimeras.com.do\/wp-content\/uploads\/2026\/03\/Fellito-Subervi.jpg?resize=525%2C300&ssl=1 1.5x, https:\/\/i0.wp.com\/lasprimeras.com.do\/wp-content\/uploads\/2026\/03\/Fellito-Subervi.jpg?resize=700%2C400&ssl=1 2x"},"classes":[]},{"id":123205,"url":"https:\/\/lasprimeras.com.do\/index.php\/2026\/02\/26\/marcial-reyes-critica-gestion-actual-en-la-caleta\/","url_meta":{"origin":69413,"position":2},"title":"Marcial Reyes critica gesti\u00f3n actual en La Caleta","author":"Nelson Feliz","date":"26 de febrero de 2026","format":false,"excerpt":"Asegura que se han recibido RD$40 millones adicionales sin que se reflejen obras visibles en aceras y contenes El exalcalde del municipio La Caleta, Marcial Reyes Suberv\u00ed, cuestion\u00f3 p\u00fablicamente la gesti\u00f3n del actual alcalde, M\u00e1ximo Soriano de los Santos, al se\u00f1alar que, pese a haber recibido aproximadamente 40 millones de\u2026","rel":"","context":"En \u00abPOLITICA\u00bb","block_context":{"text":"POLITICA","link":"https:\/\/lasprimeras.com.do\/index.php\/category\/politica\/"},"img":{"alt_text":"Marcial Reyes Suberv\u00ed","src":"https:\/\/i0.wp.com\/lasprimeras.com.do\/wp-content\/uploads\/2026\/02\/Marcial-Reyes-Subervi.jpg?resize=350%2C200&ssl=1","width":350,"height":200,"srcset":"https:\/\/i0.wp.com\/lasprimeras.com.do\/wp-content\/uploads\/2026\/02\/Marcial-Reyes-Subervi.jpg?resize=350%2C200&ssl=1 1x, https:\/\/i0.wp.com\/lasprimeras.com.do\/wp-content\/uploads\/2026\/02\/Marcial-Reyes-Subervi.jpg?resize=525%2C300&ssl=1 1.5x"},"classes":[]},{"id":101209,"url":"https:\/\/lasprimeras.com.do\/index.php\/2025\/06\/17\/marcial-reyes-dice-que-con-el-prm-el-pueblo-no-ha-tenido-descanso\/","url_meta":{"origin":69413,"position":3},"title":"Marcial Reyes dice que con el PRM el pueblo no ha tenido descanso","author":"Nelson Feliz","date":"17 de junio de 2025","format":false,"excerpt":"Desalojos en La Caleta, Provincia Santo Domingo, est\u00e1n dejando sin hogar decenas de familias, denuncia el exalcalde Marcial Reyes. El dirigente del Partido de la Liberaci\u00f3n Dominicana (PLD), Marcial Reyes Suberv\u00ed, denunci\u00f3 los desalojos que se est\u00e1n realizando en La Caleta, provincia Santo Domingo, los cuales est\u00e1n dejando sin hogar\u2026","rel":"","context":"En \u00abPOLITICA\u00bb","block_context":{"text":"POLITICA","link":"https:\/\/lasprimeras.com.do\/index.php\/category\/politica\/"},"img":{"alt_text":"","src":"https:\/\/i0.wp.com\/lasprimeras.com.do\/wp-content\/uploads\/2025\/06\/Marcial-Reyes-Subervi.png?resize=350%2C200&ssl=1","width":350,"height":200,"srcset":"https:\/\/i0.wp.com\/lasprimeras.com.do\/wp-content\/uploads\/2025\/06\/Marcial-Reyes-Subervi.png?resize=350%2C200&ssl=1 1x, https:\/\/i0.wp.com\/lasprimeras.com.do\/wp-content\/uploads\/2025\/06\/Marcial-Reyes-Subervi.png?resize=525%2C300&ssl=1 1.5x, https:\/\/i0.wp.com\/lasprimeras.com.do\/wp-content\/uploads\/2025\/06\/Marcial-Reyes-Subervi.png?resize=700%2C400&ssl=1 2x"},"classes":[]},{"id":125375,"url":"https:\/\/lasprimeras.com.do\/index.php\/2026\/03\/22\/edgar-a-feliz-destaca-avances-en-servicios-y-areas-estructurales-en-el-hospital-jaime-mota\/","url_meta":{"origin":69413,"position":4},"title":"Edgar A. F\u00e9liz destaca avances en servicios y \u00e1reas estructurales en el Hospital Jaime Mota","author":"Nelson Feliz","date":"22 de marzo de 2026","format":false,"excerpt":"El director de la Direcci\u00f3n de Asistencia Social y alimenticia Comunitaria (DASAC) y presidente provincial del PRM, Edgar Augusto F\u00e9liz Arbona, encabez\u00f3 una visita de supervisi\u00f3n al Hospital Regional Universitario Jaime Mota, con el objetivo de dar seguimiento a las condiciones de los servicios de salud y a las necesidades\u2026","rel":"","context":"En \u00abNACIONALES\u00bb","block_context":{"text":"NACIONALES","link":"https:\/\/lasprimeras.com.do\/index.php\/category\/nacionales\/"},"img":{"alt_text":"Edgar A. F\u00e9liz","src":"https:\/\/i0.wp.com\/lasprimeras.com.do\/wp-content\/uploads\/2026\/03\/Edgar-A.-Feliz-1.jpg?resize=350%2C200&ssl=1","width":350,"height":200,"srcset":"https:\/\/i0.wp.com\/lasprimeras.com.do\/wp-content\/uploads\/2026\/03\/Edgar-A.-Feliz-1.jpg?resize=350%2C200&ssl=1 1x, https:\/\/i0.wp.com\/lasprimeras.com.do\/wp-content\/uploads\/2026\/03\/Edgar-A.-Feliz-1.jpg?resize=525%2C300&ssl=1 1.5x, https:\/\/i0.wp.com\/lasprimeras.com.do\/wp-content\/uploads\/2026\/03\/Edgar-A.-Feliz-1.jpg?resize=700%2C400&ssl=1 2x"},"classes":[]},{"id":67500,"url":"https:\/\/lasprimeras.com.do\/index.php\/2023\/11\/16\/fellito-el-prm-ganara-la-capital-en-todos-los-niveles\/","url_meta":{"origin":69413,"position":5},"title":"Fellito: \u201cEl PRM ganar\u00e1 la capital en todos los niveles\u201d","author":"BIMARY DE JES\u00daS Matos","date":"16 de noviembre de 2023","format":false,"excerpt":"Santo Domingo.-El presidente del Partido Revolucionario Moderno (PRM) en la capital, Felipe (Fellito) Suberv\u00ed, afirm\u00f3 que esa organizaci\u00f3n ganar\u00e1 las elecciones en el Distrito Nacional en la senadur\u00eda, alcald\u00eda y la presidencia en primera vuelta. El dirigente pol\u00edtico asegur\u00f3 que la capital es la demarcaci\u00f3n en la que el PRM\u2026","rel":"","context":"En \u00abSin categor\u00eda\u00bb","block_context":{"text":"Sin categor\u00eda","link":"https:\/\/lasprimeras.com.do\/index.php\/category\/sin-categoria\/"},"img":{"alt_text":"","src":"https:\/\/i0.wp.com\/lasprimeras.com.do\/wp-content\/uploads\/2023\/11\/Portada-Pagina-WEB-2-8-750x375-7.jpg?resize=350%2C200&ssl=1","width":350,"height":200,"srcset":"https:\/\/i0.wp.com\/lasprimeras.com.do\/wp-content\/uploads\/2023\/11\/Portada-Pagina-WEB-2-8-750x375-7.jpg?resize=350%2C200&ssl=1 1x, https:\/\/i0.wp.com\/lasprimeras.com.do\/wp-content\/uploads\/2023\/11\/Portada-Pagina-WEB-2-8-750x375-7.jpg?resize=525%2C300&ssl=1 1.5x"},"classes":[]}],"jetpack_sharing_enabled":true,"_links":{"self":[{"href":"https:\/\/lasprimeras.com.do\/index.php\/wp-json\/wp\/v2\/posts\/69413","targetHints":{"allow":["GET"]}}],"collection":[{"href":"https:\/\/lasprimeras.com.do\/index.php\/wp-json\/wp\/v2\/posts"}],"about":[{"href":"https:\/\/lasprimeras.com.do\/index.php\/wp-json\/wp\/v2\/types\/post"}],"author":[{"embeddable":true,"href":"https:\/\/lasprimeras.com.do\/index.php\/wp-json\/wp\/v2\/users\/3"}],"replies":[{"embeddable":true,"href":"https:\/\/lasprimeras.com.do\/index.php\/wp-json\/wp\/v2\/comments?post=69413"}],"version-history":[{"count":1,"href":"https:\/\/lasprimeras.com.do\/index.php\/wp-json\/wp\/v2\/posts\/69413\/revisions"}],"predecessor-version":[{"id":69415,"href":"https:\/\/lasprimeras.com.do\/index.php\/wp-json\/wp\/v2\/posts\/69413\/revisions\/69415"}],"wp:featuredmedia":[{"embeddable":true,"href":"https:\/\/lasprimeras.com.do\/index.php\/wp-json\/wp\/v2\/media\/69414"}],"wp:attachment":[{"href":"https:\/\/lasprimeras.com.do\/index.php\/wp-json\/wp\/v2\/media?parent=69413"}],"wp:term":[{"taxonomy":"category","embeddable":true,"href":"https:\/\/lasprimeras.com.do\/index.php\/wp-json\/wp\/v2\/categories?post=69413"},{"taxonomy":"post_tag","embeddable":true,"href":"https:\/\/lasprimeras.com.do\/index.php\/wp-json\/wp\/v2\/tags?post=69413"}],"curies":[{"name":"wp","href":"https:\/\/api.w.org\/{rel}","templated":true}]}}