{"id":69416,"date":"2023-12-02T17:04:33","date_gmt":"2023-12-02T21:04:33","guid":{"rendered":"https:\/\/lasprimeras.com.do\/?p=69416"},"modified":"2023-12-02T17:04:34","modified_gmt":"2023-12-02T21:04:34","slug":"israel-deja-200-muertos-en-24-horas-tras-reanudar-su-ofensiva-en-gaza-despues-de-la-tregua","status":"publish","type":"post","link":"https:\/\/lasprimeras.com.do\/index.php\/2023\/12\/02\/israel-deja-200-muertos-en-24-horas-tras-reanudar-su-ofensiva-en-gaza-despues-de-la-tregua\/","title":{"rendered":"Israel deja 200 muertos en 24 horas tras reanudar su ofensiva en Gaza despu\u00e9s de la tregua"},"content":{"rendered":"\n<p>Jerusal\u00e9n.- El Ej\u00e9rcito de Israel contin\u00faa este s\u00e1bado su ofensiva militar contra el grupo islamista Ham\u00e1s en la Franja de Gaza por segundo d\u00eda consecutivo desde que se rompi\u00f3 la tregua, dejando m\u00e1s de 200 muertos y 600 heridos en el enclave palestino en solo 24 horas.<\/p>\n\n\n\n<p>\u00abDurante el \u00faltimo d\u00eda, las Fuerzas de Defensa de Israel atacaron m\u00e1s de 400 objetivos terroristas en toda la Franja de Gaza\u00bb, lo que incluy\u00f3 fuego de artiller\u00eda y bombardeos, indic\u00f3 un portavoz del Ej\u00e9rcito israel\u00ed.<\/p>\n\n\n\n<p>Uno de los objetivos fue \u00abuna c\u00e9lula terrorista que estaba tendiendo una emboscada a las tropas israel\u00edes\u00bb, adem\u00e1s de \u00abuna mezquita utilizada por la Yihad Isl\u00e1mica como centro de mando operativo\u00bb, y un complejo de almacenamiento de armas, a\u00f1adi\u00f3 el vocero.<\/p>\n\n\n\n<p>En el sur, la Armada israel\u00ed llev\u00f3 a cabo una operaci\u00f3n selectiva en el puerto de Jan Yunis y en Deir al Balah, para atacar objetivos militares de Ham\u00e1s, indic\u00f3 el Ej\u00e9rcito.<\/p>\n\n\n\n<p>El Ej\u00e9rcito de Israel orden\u00f3 la evacuaci\u00f3n de las localidades de Jabalia y barrios barrios de la ciudad de Gaza.<\/p>\n\n\n\n<p>\u00abPor su seguridad, les pedimos que evacuen sus hogares inmediatamente a trav\u00e9s de los ejes Haifa y Jalil al Wazir\u00bb, indic\u00f3 Avichay Adraee, portavoz en \u00e1rabe del Ej\u00e9rcito israel\u00ed, en su red social X.<\/p>\n\n\n\n<p>Israel y Ham\u00e1s rompieron la ma\u00f1ana del viernes una tregua negociada por Catar, Egipto y Estados Unidos, que supuso una pausa de siete d\u00edas en su guerra, que estall\u00f3 el 7 de octubre.<\/p>\n\n\n\n<p>El Ministerio de Sanidad en Gaza, controlado por el grupo islamista Ham\u00e1s, inform\u00f3 que m\u00e1s de 200 palestinos han muerto y m\u00e1s de 600 han resultado heridos, la mayor\u00eda de ellos ni\u00f1os y mujeres, \u00abdesde que finaliz\u00f3 la pausa humanitaria\u00bb por los ataques israel\u00edes.<\/p>\n\n\n\n<p>Las milicias palestinas han lanzado numerosas andanadas de cohetes hacia territorio israel\u00ed desde ayer, pero no se han reportado v\u00edctimas por ello.<\/p>\n\n\n\n<p>La guerra se inici\u00f3 el 7 de octubre tras un ataque del brazo armado de Ham\u00e1s que incluy\u00f3 el lanzamiento de miles de cohetes hacia Israel y la infiltraci\u00f3n de unos 3.000 milicianos que mataron a unas 1.200 personas y secuestraron a otras 240 en aldeas israel\u00edes cercanas a la Franja.<\/p>\n\n\n\n<p>Desde entonces las fuerzas de Israel mantuvieron una implacable ofensiva por aire, tierra y mar sobre el enclave palestino que ha dejado m\u00e1s de 15.000 muertos, unas 6.000 personas sepultadas bajo los escombros, y casi dos millones de desplazados internos que viven una grave crisis humanitaria ante el colapso de los hospitales y la escasez de vivienda, agua potable, alimento, medicinas y electricidad.<\/p>\n","protected":false},"excerpt":{"rendered":"<p>Jerusal\u00e9n.- El Ej\u00e9rcito de Israel contin\u00faa este s\u00e1bado su ofensiva militar contra el grupo islamista Ham\u00e1s en la Franja de Gaza por segundo d\u00eda consecutivo desde que se rompi\u00f3 la&hellip;<\/p>\n","protected":false},"author":3,"featured_media":69417,"comment_status":"open","ping_status":"open","sticky":false,"template":"","format":"standard","meta":{"content-type":"","jetpack_post_was_ever_published":false,"_jetpack_newsletter_access":"","_jetpack_dont_email_post_to_subs":false,"_jetpack_newsletter_tier_id":0,"_jetpack_memberships_contains_paywalled_content":false,"_jetpack_memberships_contains_paid_content":false,"footnotes":""},"categories":[1],"tags":[3499],"class_list":["post-69416","post","type-post","status-publish","format-standard","has-post-thumbnail","hentry","category-sin-categoria","tag-israel"],"jetpack_featured_media_url":"https:\/\/lasprimeras.com.do\/wp-content\/uploads\/2023\/12\/WhatsApp-Image-2023-12-02-at-2.43.01-PM-1.jpeg","jetpack-related-posts":[{"id":69297,"url":"https:\/\/lasprimeras.com.do\/index.php\/2023\/12\/01\/tregua-entre-israel-y-hamas-expira-y-se-reanuda-el-combate-en-gaza\/","url_meta":{"origin":69416,"position":0},"title":"Tregua entre Israel y Ham\u00e1s expira y se reanuda el combate en Gaza","author":"BIMARY DE JES\u00daS Matos","date":"1 de diciembre de 2023","format":false,"excerpt":"ISRAEL.-La tregua en la Franja de Gaza ha expirado este viernes y se ha reanudado el intercambio de fuego entre Israel y la milicia islamista palestina de Ham\u00e1s tras siete d\u00edas de cese al fuego que permitieron la liberaci\u00f3n de algunos rehenes capturados por el grupo islamista a cambio de\u2026","rel":"","context":"En \u00abSin categor\u00eda\u00bb","block_context":{"text":"Sin categor\u00eda","link":"https:\/\/lasprimeras.com.do\/index.php\/category\/sin-categoria\/"},"img":{"alt_text":"","src":"https:\/\/i0.wp.com\/lasprimeras.com.do\/wp-content\/uploads\/2023\/12\/Noticias-de-energia-51-4.jpg?resize=350%2C200&ssl=1","width":350,"height":200,"srcset":"https:\/\/i0.wp.com\/lasprimeras.com.do\/wp-content\/uploads\/2023\/12\/Noticias-de-energia-51-4.jpg?resize=350%2C200&ssl=1 1x, https:\/\/i0.wp.com\/lasprimeras.com.do\/wp-content\/uploads\/2023\/12\/Noticias-de-energia-51-4.jpg?resize=525%2C300&ssl=1 1.5x"},"classes":[]},{"id":70045,"url":"https:\/\/lasprimeras.com.do\/index.php\/2023\/12\/07\/decenas-de-terroristas-de-hamas-se-rinden-ante-el-ejercito-de-israel\/","url_meta":{"origin":69416,"position":1},"title":"Decenas de terroristas de Hamas se rinden ante el Ej\u00e9rcito de Israel","author":"BIMARY DE JES\u00daS Matos","date":"7 de diciembre de 2023","format":false,"excerpt":"GAZA.- Decenas de miembros del grupo terrorista Hamas se rindieron ante las tropas de las Fuerzas de Defensa de Israel, a dos meses del inicio de la guerra. Las im\u00e1genes difundidas en redes sociales muestran a decenas de presuntos combatientes sentados en el piso, en filas y semidesnudos, muchos con\u2026","rel":"","context":"En \u00abSin categor\u00eda\u00bb","block_context":{"text":"Sin categor\u00eda","link":"https:\/\/lasprimeras.com.do\/index.php\/category\/sin-categoria\/"},"img":{"alt_text":"","src":"https:\/\/i0.wp.com\/lasprimeras.com.do\/wp-content\/uploads\/2023\/12\/WhatsApp-Image-2023-12-07-at-1.25.36-PM-5.jpeg?resize=350%2C200&ssl=1","width":350,"height":200,"srcset":"https:\/\/i0.wp.com\/lasprimeras.com.do\/wp-content\/uploads\/2023\/12\/WhatsApp-Image-2023-12-07-at-1.25.36-PM-5.jpeg?resize=350%2C200&ssl=1 1x, https:\/\/i0.wp.com\/lasprimeras.com.do\/wp-content\/uploads\/2023\/12\/WhatsApp-Image-2023-12-07-at-1.25.36-PM-5.jpeg?resize=525%2C300&ssl=1 1.5x"},"classes":[]},{"id":64723,"url":"https:\/\/lasprimeras.com.do\/index.php\/2023\/10\/23\/nuevos-bombardeos-de-israel-en-gaza-dejan-260-muertos-en-24-hs\/","url_meta":{"origin":69416,"position":2},"title":"Nuevos bombardeos de Israel en Gaza dejan 260 muertos en 24 hs.","author":"BIMARY DE JES\u00daS Matos","date":"23 de octubre de 2023","format":false,"excerpt":"Israel.-La guerra desencadenada entre Israel y Ham\u00e1s tras el ataque terrorista del pasado 7 de octubre se ha intensificado este domingo con nuevos bombardeos sobre Gaza -que han dejado m\u00e1s de 260 muertos en 24 horas, la mayor\u00eda ni\u00f1os. Asimismo, Israel habr\u00eda alcanzado los aeropuertos de Alepo y Damasco, seg\u00fan\u2026","rel":"","context":"En \u00abSin categor\u00eda\u00bb","block_context":{"text":"Sin categor\u00eda","link":"https:\/\/lasprimeras.com.do\/index.php\/category\/sin-categoria\/"},"img":{"alt_text":"","src":"https:\/\/i0.wp.com\/lasprimeras.com.do\/wp-content\/uploads\/2023\/10\/WhatsApp-Image-2023-05-20-at-11.41.19-AM-1-2.jpeg?resize=350%2C200&ssl=1","width":350,"height":200,"srcset":"https:\/\/i0.wp.com\/lasprimeras.com.do\/wp-content\/uploads\/2023\/10\/WhatsApp-Image-2023-05-20-at-11.41.19-AM-1-2.jpeg?resize=350%2C200&ssl=1 1x, https:\/\/i0.wp.com\/lasprimeras.com.do\/wp-content\/uploads\/2023\/10\/WhatsApp-Image-2023-05-20-at-11.41.19-AM-1-2.jpeg?resize=525%2C300&ssl=1 1.5x, https:\/\/i0.wp.com\/lasprimeras.com.do\/wp-content\/uploads\/2023\/10\/WhatsApp-Image-2023-05-20-at-11.41.19-AM-1-2.jpeg?resize=700%2C400&ssl=1 2x, https:\/\/i0.wp.com\/lasprimeras.com.do\/wp-content\/uploads\/2023\/10\/WhatsApp-Image-2023-05-20-at-11.41.19-AM-1-2.jpeg?resize=1050%2C600&ssl=1 3x, https:\/\/i0.wp.com\/lasprimeras.com.do\/wp-content\/uploads\/2023\/10\/WhatsApp-Image-2023-05-20-at-11.41.19-AM-1-2.jpeg?resize=1400%2C800&ssl=1 4x"},"classes":[]},{"id":71699,"url":"https:\/\/lasprimeras.com.do\/index.php\/2023\/12\/22\/israel-sigue-bombardeando-gaza-al-margen-de-las-conversaciones-para-lograr-una-tregua\/","url_meta":{"origin":69416,"position":3},"title":"Israel sigue bombardeando Gaza al margen de las conversaciones para lograr una tregua","author":"BIMARY DE JES\u00daS Matos","date":"22 de diciembre de 2023","format":false,"excerpt":"Israel.-El ej\u00e9rcito israel\u00ed sigui\u00f3 bombardeando este jueves la Franja de Gaza, sobre todo Jan Yunis y el paso fronterizo de Kerem Shalom, al margen de las conversaciones para lograr una tregua en el conflicto que lo enfrenta con el movimiento islamista Ham\u00e1s. Jan Yunis, la mayor ciudad del sur del\u2026","rel":"","context":"En \u00abSin categor\u00eda\u00bb","block_context":{"text":"Sin categor\u00eda","link":"https:\/\/lasprimeras.com.do\/index.php\/category\/sin-categoria\/"},"img":{"alt_text":"","src":"https:\/\/i0.wp.com\/lasprimeras.com.do\/wp-content\/uploads\/2023\/12\/Yailin-La-Mas-Viral-fue-arrestada-y-liberada-en-Miami-tras-denuncia-de-Tekashi-6ix9ine-5.jpg?resize=350%2C200&ssl=1","width":350,"height":200,"srcset":"https:\/\/i0.wp.com\/lasprimeras.com.do\/wp-content\/uploads\/2023\/12\/Yailin-La-Mas-Viral-fue-arrestada-y-liberada-en-Miami-tras-denuncia-de-Tekashi-6ix9ine-5.jpg?resize=350%2C200&ssl=1 1x, https:\/\/i0.wp.com\/lasprimeras.com.do\/wp-content\/uploads\/2023\/12\/Yailin-La-Mas-Viral-fue-arrestada-y-liberada-en-Miami-tras-denuncia-de-Tekashi-6ix9ine-5.jpg?resize=525%2C300&ssl=1 1.5x"},"classes":[]},{"id":68709,"url":"https:\/\/lasprimeras.com.do\/index.php\/2023\/11\/27\/israel-y-hamas-realizaron-tercer-canje-de-presos-por-rehenes\/","url_meta":{"origin":69416,"position":4},"title":"Israel y Ham\u00e1s realizaron tercer canje de presos por rehenes","author":"BIMARY DE JES\u00daS Matos","date":"27 de noviembre de 2023","format":false,"excerpt":"Israel y el grupo islamista palestino Ham\u00e1s concretaron este domingo 26 de noviembre un tercer intercambio de rehenes israel\u00edes por presos palestinos, en el marco de un acuerdo entre las dos partes. El grupo de cautivos liberados est\u00e1 compuesto por 14 israel\u00edes y tres extranjeros (estas tres liberaciones no incluidas\u2026","rel":"","context":"En \u00abSin categor\u00eda\u00bb","block_context":{"text":"Sin categor\u00eda","link":"https:\/\/lasprimeras.com.do\/index.php\/category\/sin-categoria\/"},"img":{"alt_text":"","src":"https:\/\/i0.wp.com\/lasprimeras.com.do\/wp-content\/uploads\/2023\/11\/WhatsApp-Image-2023-11-26-at-2.38.38-PM-2.jpeg?resize=350%2C200&ssl=1","width":350,"height":200,"srcset":"https:\/\/i0.wp.com\/lasprimeras.com.do\/wp-content\/uploads\/2023\/11\/WhatsApp-Image-2023-11-26-at-2.38.38-PM-2.jpeg?resize=350%2C200&ssl=1 1x, https:\/\/i0.wp.com\/lasprimeras.com.do\/wp-content\/uploads\/2023\/11\/WhatsApp-Image-2023-11-26-at-2.38.38-PM-2.jpeg?resize=525%2C300&ssl=1 1.5x"},"classes":[]},{"id":72527,"url":"https:\/\/lasprimeras.com.do\/index.php\/2023\/12\/31\/165-muertos-por-ataques-israelies-en-gaza-en-las-ultimas-24-horas\/","url_meta":{"origin":69416,"position":5},"title":"165 muertos por ataques israel\u00edes en Gaza en las \u00faltimas 24 horas","author":"BIMARY DE JES\u00daS Matos","date":"31 de diciembre de 2023","format":false,"excerpt":"JERUSALEN.- Al menos 165 palestinos murieron y otros 250 resultaron heridos por ataques israel\u00edes en Gaza en las \u00faltimas 24 horas, inform\u00f3 el Ministerio de Sanidad de la Franja, controlado por el grupo islamista Ham\u00e1s, en el 85 d\u00eda de guerra en el enclave. \u00abLas fuerzas de ocupaci\u00f3n (Israel) cometieron\u2026","rel":"","context":"En \u00abSin categor\u00eda\u00bb","block_context":{"text":"Sin categor\u00eda","link":"https:\/\/lasprimeras.com.do\/index.php\/category\/sin-categoria\/"},"img":{"alt_text":"","src":"https:\/\/i0.wp.com\/lasprimeras.com.do\/wp-content\/uploads\/2023\/12\/Noticias-de-energia-2023-12-30T231422.287-2.png?resize=350%2C200&ssl=1","width":350,"height":200,"srcset":"https:\/\/i0.wp.com\/lasprimeras.com.do\/wp-content\/uploads\/2023\/12\/Noticias-de-energia-2023-12-30T231422.287-2.png?resize=350%2C200&ssl=1 1x, https:\/\/i0.wp.com\/lasprimeras.com.do\/wp-content\/uploads\/2023\/12\/Noticias-de-energia-2023-12-30T231422.287-2.png?resize=525%2C300&ssl=1 1.5x"},"classes":[]}],"jetpack_sharing_enabled":true,"_links":{"self":[{"href":"https:\/\/lasprimeras.com.do\/index.php\/wp-json\/wp\/v2\/posts\/69416","targetHints":{"allow":["GET"]}}],"collection":[{"href":"https:\/\/lasprimeras.com.do\/index.php\/wp-json\/wp\/v2\/posts"}],"about":[{"href":"https:\/\/lasprimeras.com.do\/index.php\/wp-json\/wp\/v2\/types\/post"}],"author":[{"embeddable":true,"href":"https:\/\/lasprimeras.com.do\/index.php\/wp-json\/wp\/v2\/users\/3"}],"replies":[{"embeddable":true,"href":"https:\/\/lasprimeras.com.do\/index.php\/wp-json\/wp\/v2\/comments?post=69416"}],"version-history":[{"count":1,"href":"https:\/\/lasprimeras.com.do\/index.php\/wp-json\/wp\/v2\/posts\/69416\/revisions"}],"predecessor-version":[{"id":69418,"href":"https:\/\/lasprimeras.com.do\/index.php\/wp-json\/wp\/v2\/posts\/69416\/revisions\/69418"}],"wp:featuredmedia":[{"embeddable":true,"href":"https:\/\/lasprimeras.com.do\/index.php\/wp-json\/wp\/v2\/media\/69417"}],"wp:attachment":[{"href":"https:\/\/lasprimeras.com.do\/index.php\/wp-json\/wp\/v2\/media?parent=69416"}],"wp:term":[{"taxonomy":"category","embeddable":true,"href":"https:\/\/lasprimeras.com.do\/index.php\/wp-json\/wp\/v2\/categories?post=69416"},{"taxonomy":"post_tag","embeddable":true,"href":"https:\/\/lasprimeras.com.do\/index.php\/wp-json\/wp\/v2\/tags?post=69416"}],"curies":[{"name":"wp","href":"https:\/\/api.w.org\/{rel}","templated":true}]}}