{"id":69419,"date":"2023-12-02T17:07:54","date_gmt":"2023-12-02T21:07:54","guid":{"rendered":"https:\/\/lasprimeras.com.do\/?p=69419"},"modified":"2023-12-02T17:07:55","modified_gmt":"2023-12-02T21:07:55","slug":"alerta-de-tsunami-en-el-sur-de-filipinas-tras-un-terremoto","status":"publish","type":"post","link":"https:\/\/lasprimeras.com.do\/index.php\/2023\/12\/02\/alerta-de-tsunami-en-el-sur-de-filipinas-tras-un-terremoto\/","title":{"rendered":"Alerta de tsunami en el sur de Filipinas tras un terremoto"},"content":{"rendered":"\n<p>Bangkok.- Las autoridades filipinas activaron la alerta de tsunami en parte de Mindanao, en el sur de Filipinas, tras un terremoto de magnitud 7,6 en el este de esa isla y pidieron a los residentes de poblaciones costeras evacuar sus hogares.<\/p>\n\n\n\n<p>La fuerte sacudida llev\u00f3 tambi\u00e9n a Jap\u00f3n a activar la alerta en zonas del sureste del pa\u00eds.<\/p>\n\n\n\n<p>\u00abSeg\u00fan la base de datos local de escenarios de tsunamis, se espera que las olas experimenten alturas de m\u00e1s de un metro por encima de las mareas normales y pueden ser m\u00e1s altas en bah\u00edas y estrechos cerrados. Se espera un tsunami destructivo con olas de alturas potencialmente mortales\u00bb, apunt\u00f3 en un comunicado el departamento filipino de sismolog\u00eda.<\/p>\n\n\n\n<p>\u00abSe recomienda encarecidamente a la poblaci\u00f3n de las zonas costeras que evacue inmediatamente a zonas m\u00e1s altas o se traslade hacia el interior\u00bb, apunt\u00f3 el departamento que espera que las primeras olas lleguen entre las 22:37 y las 23:59 hora local (GMT +8).<\/p>\n\n\n\n<p>El servicio geol\u00f3gico de Estados Unidos, que registra la actividad s\u00edsmica en todo el mundo, localiz\u00f3 el hipocentro a 32 kil\u00f3metros de profundidad y a unos 21,2 kil\u00f3metros al sureste de la poblaci\u00f3n de Hinatuan, con m\u00e1s de 40.000 residentes.<\/p>\n\n\n\n<p>La sacudida se sinti\u00f3 en Davao, la ciudad m\u00e1s poblada de Mindanao, donde un grupo de personas abandon\u00f3 a toda prisa un centro comercial que permanec\u00eda abierto hasta la medianoche, seg\u00fan v\u00eddeos colgados en los redes sociales por los testigos.<\/p>\n\n\n\n<p>En otras im\u00e1genes sobre esa misma ciudad, decenas de personas celebran el s\u00e1bado noche en un lugar de entretenimiento nocturno cuando el terremoto comienza a azotar mesas, sillas y dem\u00e1s mobiliario.<\/p>\n\n\n\n<p>La fuerte sacudida ha llevado a la Agencia Meteorol\u00f3gica de Jap\u00f3n a activar la alerta de tsunami para las regiones de Miyakojima y Yaeyama y la perfectura de Chiba, todas en el sureste de Jap\u00f3n y ba\u00f1adas por el oc\u00e9ano Pac\u00edfico.<\/p>\n\n\n\n<p>Filipinas se asienta sobre el llamado Anillo de Fuego del Pac\u00edfico, una zona de gran actividad s\u00edsmica y volc\u00e1nica en la que cada a\u00f1o se registran unos 7.000 terremotos, la mayor\u00eda moderados. EFE<\/p>\n","protected":false},"excerpt":{"rendered":"<p>Bangkok.- Las autoridades filipinas activaron la alerta de tsunami en parte de Mindanao, en el sur de Filipinas, tras un terremoto de magnitud 7,6 en el este de esa isla&hellip;<\/p>\n","protected":false},"author":3,"featured_media":69420,"comment_status":"open","ping_status":"open","sticky":false,"template":"","format":"standard","meta":{"content-type":"","jetpack_post_was_ever_published":false,"_jetpack_newsletter_access":"","_jetpack_dont_email_post_to_subs":false,"_jetpack_newsletter_tier_id":0,"_jetpack_memberships_contains_paywalled_content":false,"_jetpack_memberships_contains_paid_content":false,"footnotes":""},"categories":[1],"tags":[5324],"class_list":["post-69419","post","type-post","status-publish","format-standard","has-post-thumbnail","hentry","category-sin-categoria","tag-filipinas"],"jetpack_featured_media_url":"https:\/\/lasprimeras.com.do\/wp-content\/uploads\/2023\/12\/WhatsApp-Image-2023-11-02-at-11.48.40-AM.png","jetpack-related-posts":[{"id":111527,"url":"https:\/\/lasprimeras.com.do\/index.php\/2025\/10\/10\/potente-sismo-remece-la-costa-sur-de-filipinas-y-causa-5-muertos-danos-y-evacuaciones-por-tsunami\/","url_meta":{"origin":69419,"position":0},"title":"Potente sismo remece la costa sur de Filipinas y causa 5 muertos, da\u00f1os y evacuaciones por tsunami","author":"Nelson Feliz","date":"10 de octubre de 2025","format":false,"excerpt":"POR JIM GOMEZ MANILA, Filipinas (AP) \u2014 Un sismo de magnitud 7,4 registrado el viernes por la ma\u00f1ana frente a la costa sur de Filipinas caus\u00f3 al menos cinco fallecidos, deslaves, da\u00f1os en un hospital y escuelas, cortes de electricidad y evacuaciones en zonas costeras pr\u00f3ximas debido a una alerta\u2026","rel":"","context":"En \u00abINTERNACIONALES\u00bb","block_context":{"text":"INTERNACIONALES","link":"https:\/\/lasprimeras.com.do\/index.php\/category\/sin-categoria\/internacionales\/"},"img":{"alt_text":"","src":"https:\/\/i0.wp.com\/lasprimeras.com.do\/wp-content\/uploads\/2025\/10\/sismo-1.jpg?resize=350%2C200&ssl=1","width":350,"height":200,"srcset":"https:\/\/i0.wp.com\/lasprimeras.com.do\/wp-content\/uploads\/2025\/10\/sismo-1.jpg?resize=350%2C200&ssl=1 1x, https:\/\/i0.wp.com\/lasprimeras.com.do\/wp-content\/uploads\/2025\/10\/sismo-1.jpg?resize=525%2C300&ssl=1 1.5x, https:\/\/i0.wp.com\/lasprimeras.com.do\/wp-content\/uploads\/2025\/10\/sismo-1.jpg?resize=700%2C400&ssl=1 2x"},"classes":[]},{"id":62359,"url":"https:\/\/lasprimeras.com.do\/index.php\/2023\/10\/04\/un-terremoto-de-magnitud-64-sacude-la-isla-de-mindanao-en-el-sur-de-filipinas\/","url_meta":{"origin":69419,"position":1},"title":"Un terremoto de magnitud 6,4 sacude la isla de Mindanao en el sur de Filipinas","author":"BIMARY DE JES\u00daS Matos","date":"4 de octubre de 2023","format":false,"excerpt":"MANILA.- Un terremoto de magnitud 6,4 sacudi\u00f3 este mi\u00e9rcoles la isla de Mindanao, en la regi\u00f3n meridional de Filipinas, sin que las autoridades hayan informado inicialmente de da\u00f1os o de alerta de tsunami. El servicio geol\u00f3gico de Estados Unidos, que registra la actividad s\u00edsmica en todo el mundo, localiz\u00f3 el\u2026","rel":"","context":"En \u00abSin categor\u00eda\u00bb","block_context":{"text":"Sin categor\u00eda","link":"https:\/\/lasprimeras.com.do\/index.php\/category\/sin-categoria\/"},"img":{"alt_text":"","src":"https:\/\/i0.wp.com\/lasprimeras.com.do\/wp-content\/uploads\/2023\/10\/WhatsApp-Image-2023-10-04-at-7.55.08-AM-6.jpeg?resize=350%2C200&ssl=1","width":350,"height":200,"srcset":"https:\/\/i0.wp.com\/lasprimeras.com.do\/wp-content\/uploads\/2023\/10\/WhatsApp-Image-2023-10-04-at-7.55.08-AM-6.jpeg?resize=350%2C200&ssl=1 1x, https:\/\/i0.wp.com\/lasprimeras.com.do\/wp-content\/uploads\/2023\/10\/WhatsApp-Image-2023-10-04-at-7.55.08-AM-6.jpeg?resize=525%2C300&ssl=1 1.5x, https:\/\/i0.wp.com\/lasprimeras.com.do\/wp-content\/uploads\/2023\/10\/WhatsApp-Image-2023-10-04-at-7.55.08-AM-6.jpeg?resize=700%2C400&ssl=1 2x, https:\/\/i0.wp.com\/lasprimeras.com.do\/wp-content\/uploads\/2023\/10\/WhatsApp-Image-2023-10-04-at-7.55.08-AM-6.jpeg?resize=1050%2C600&ssl=1 3x"},"classes":[]},{"id":72581,"url":"https:\/\/lasprimeras.com.do\/index.php\/2024\/01\/01\/terremoto-de-7-6-sacude-a-japon-y-deja-pais-bajo-alertas-de-tsunami\/","url_meta":{"origin":69419,"position":2},"title":"Terremoto de 7.6 sacude a Jap\u00f3n y deja pa\u00eds bajo alertas de tsunami","author":"BIMARY DE JES\u00daS Matos","date":"1 de enero de 2024","format":false,"excerpt":"TOKIO.- Jap\u00f3n emiti\u00f3 alertas por tsunami y orden\u00f3 evacuaciones el lunes tras una serie de potentes sismos que provocaron un incendio y dejaron a varias personas atrapadas bajo los escombros en la costa oeste de su isla principal. La Agencia Meteorol\u00f3gica de Jap\u00f3n report\u00f3 m\u00e1s de una docena de terremotos\u2026","rel":"","context":"En \u00abSin categor\u00eda\u00bb","block_context":{"text":"Sin categor\u00eda","link":"https:\/\/lasprimeras.com.do\/index.php\/category\/sin-categoria\/"},"img":{"alt_text":"","src":"https:\/\/i0.wp.com\/lasprimeras.com.do\/wp-content\/uploads\/2024\/01\/Las-portadas-de-la-semana-EH-13-6.jpg?resize=350%2C200&ssl=1","width":350,"height":200,"srcset":"https:\/\/i0.wp.com\/lasprimeras.com.do\/wp-content\/uploads\/2024\/01\/Las-portadas-de-la-semana-EH-13-6.jpg?resize=350%2C200&ssl=1 1x, https:\/\/i0.wp.com\/lasprimeras.com.do\/wp-content\/uploads\/2024\/01\/Las-portadas-de-la-semana-EH-13-6.jpg?resize=525%2C300&ssl=1 1.5x, https:\/\/i0.wp.com\/lasprimeras.com.do\/wp-content\/uploads\/2024\/01\/Las-portadas-de-la-semana-EH-13-6.jpg?resize=700%2C400&ssl=1 2x"},"classes":[]},{"id":105033,"url":"https:\/\/lasprimeras.com.do\/index.php\/2025\/07\/30\/sismo-de-magnitud-88-causa-tsunami-en-las-costas-de-rusia-japon-y-hawai\/","url_meta":{"origin":69419,"position":3},"title":"Sismo de magnitud 8,8 causa tsunami en las costas de Rusia, Jap\u00f3n y Hawai","author":"Nelson Feliz","date":"30 de julio de 2025","format":false,"excerpt":"POR MARI YAMAGUCHI TOKIO (AP) \u2014 Uno de los terremotos m\u00e1s potentes jam\u00e1s registrados remeci\u00f3 el extremo oriental de Rusia en la madrugada del mi\u00e9rcoles y provoc\u00f3 olas de tsunami en Jap\u00f3n, Hawai y en la costa oeste de Estados Unidos. No se reportaron da\u00f1os significativos por el momento, pero\u2026","rel":"","context":"En \u00abINTERNACIONALES\u00bb","block_context":{"text":"INTERNACIONALES","link":"https:\/\/lasprimeras.com.do\/index.php\/category\/sin-categoria\/internacionales\/"},"img":{"alt_text":"","src":"https:\/\/i0.wp.com\/lasprimeras.com.do\/wp-content\/uploads\/2025\/07\/sismo.jpg?resize=350%2C200&ssl=1","width":350,"height":200,"srcset":"https:\/\/i0.wp.com\/lasprimeras.com.do\/wp-content\/uploads\/2025\/07\/sismo.jpg?resize=350%2C200&ssl=1 1x, https:\/\/i0.wp.com\/lasprimeras.com.do\/wp-content\/uploads\/2025\/07\/sismo.jpg?resize=525%2C300&ssl=1 1.5x, https:\/\/i0.wp.com\/lasprimeras.com.do\/wp-content\/uploads\/2025\/07\/sismo.jpg?resize=700%2C400&ssl=1 2x"},"classes":[]},{"id":105036,"url":"https:\/\/lasprimeras.com.do\/index.php\/2025\/07\/30\/terremoto-frente-a-las-costas-de-rusia-activa-alertas-y-avisos-de-tsunami-esto-es-lo-que-debe-saber\/","url_meta":{"origin":69419,"position":4},"title":"Terremoto frente a las costas de Rusia activa alertas y avisos de tsunami. Esto es lo que debe saber","author":"Nelson Feliz","date":"30 de julio de 2025","format":false,"excerpt":"POR AUDREY McAVOY HONOLULU, Hawai, EE.UU. (AP) \u2014 Un potente terremoto que sacudi\u00f3 la costa de Rusia provoc\u00f3 advertencias y avisos de tsunami para una amplia zona del Pac\u00edfico, incluyendo Alaska, Hawai y la costa oeste de Estados Unidos. El sismo tuvo una magnitud de 8,8 y su epicentro se\u2026","rel":"","context":"En \u00abINTERNACIONALES\u00bb","block_context":{"text":"INTERNACIONALES","link":"https:\/\/lasprimeras.com.do\/index.php\/category\/sin-categoria\/internacionales\/"},"img":{"alt_text":"","src":"https:\/\/i0.wp.com\/lasprimeras.com.do\/wp-content\/uploads\/2025\/07\/alertas.jpg?resize=350%2C200&ssl=1","width":350,"height":200,"srcset":"https:\/\/i0.wp.com\/lasprimeras.com.do\/wp-content\/uploads\/2025\/07\/alertas.jpg?resize=350%2C200&ssl=1 1x, https:\/\/i0.wp.com\/lasprimeras.com.do\/wp-content\/uploads\/2025\/07\/alertas.jpg?resize=525%2C300&ssl=1 1.5x, https:\/\/i0.wp.com\/lasprimeras.com.do\/wp-content\/uploads\/2025\/07\/alertas.jpg?resize=700%2C400&ssl=1 2x"},"classes":[]},{"id":110721,"url":"https:\/\/lasprimeras.com.do\/index.php\/2025\/10\/01\/un-potente-sismo-causa-al-menos-69-muertos-en-filipinas\/","url_meta":{"origin":69419,"position":5},"title":"Un potente sismo causa al menos 69 muertos en Filipinas","author":"Nelson Feliz","date":"1 de octubre de 2025","format":false,"excerpt":"POR JOEAL CALUPITAN and AARON FAVILA CEB\u00da, Filipinas (AP) \u2014 Los rescatistas utilizaban retroexcavadoras y perros rastreadores para buscar sobrevivientes en casas derrumbadas y otros edificios da\u00f1ados en el centro de Filipinas el mi\u00e9rcoles, un d\u00eda despu\u00e9s de un sismo que caus\u00f3 al menos 69 muertes. Se espera que el\u2026","rel":"","context":"En \u00abINTERNACIONALES\u00bb","block_context":{"text":"INTERNACIONALES","link":"https:\/\/lasprimeras.com.do\/index.php\/category\/sin-categoria\/internacionales\/"},"img":{"alt_text":"","src":"https:\/\/i0.wp.com\/lasprimeras.com.do\/wp-content\/uploads\/2025\/10\/SISMO.jpg?resize=350%2C200&ssl=1","width":350,"height":200,"srcset":"https:\/\/i0.wp.com\/lasprimeras.com.do\/wp-content\/uploads\/2025\/10\/SISMO.jpg?resize=350%2C200&ssl=1 1x, https:\/\/i0.wp.com\/lasprimeras.com.do\/wp-content\/uploads\/2025\/10\/SISMO.jpg?resize=525%2C300&ssl=1 1.5x, https:\/\/i0.wp.com\/lasprimeras.com.do\/wp-content\/uploads\/2025\/10\/SISMO.jpg?resize=700%2C400&ssl=1 2x"},"classes":[]}],"jetpack_sharing_enabled":true,"_links":{"self":[{"href":"https:\/\/lasprimeras.com.do\/index.php\/wp-json\/wp\/v2\/posts\/69419","targetHints":{"allow":["GET"]}}],"collection":[{"href":"https:\/\/lasprimeras.com.do\/index.php\/wp-json\/wp\/v2\/posts"}],"about":[{"href":"https:\/\/lasprimeras.com.do\/index.php\/wp-json\/wp\/v2\/types\/post"}],"author":[{"embeddable":true,"href":"https:\/\/lasprimeras.com.do\/index.php\/wp-json\/wp\/v2\/users\/3"}],"replies":[{"embeddable":true,"href":"https:\/\/lasprimeras.com.do\/index.php\/wp-json\/wp\/v2\/comments?post=69419"}],"version-history":[{"count":1,"href":"https:\/\/lasprimeras.com.do\/index.php\/wp-json\/wp\/v2\/posts\/69419\/revisions"}],"predecessor-version":[{"id":69421,"href":"https:\/\/lasprimeras.com.do\/index.php\/wp-json\/wp\/v2\/posts\/69419\/revisions\/69421"}],"wp:featuredmedia":[{"embeddable":true,"href":"https:\/\/lasprimeras.com.do\/index.php\/wp-json\/wp\/v2\/media\/69420"}],"wp:attachment":[{"href":"https:\/\/lasprimeras.com.do\/index.php\/wp-json\/wp\/v2\/media?parent=69419"}],"wp:term":[{"taxonomy":"category","embeddable":true,"href":"https:\/\/lasprimeras.com.do\/index.php\/wp-json\/wp\/v2\/categories?post=69419"},{"taxonomy":"post_tag","embeddable":true,"href":"https:\/\/lasprimeras.com.do\/index.php\/wp-json\/wp\/v2\/tags?post=69419"}],"curies":[{"name":"wp","href":"https:\/\/api.w.org\/{rel}","templated":true}]}}