{"id":69445,"date":"2023-12-03T10:33:16","date_gmt":"2023-12-03T14:33:16","guid":{"rendered":"https:\/\/lasprimeras.com.do\/?p=69445"},"modified":"2023-12-03T10:33:18","modified_gmt":"2023-12-03T14:33:18","slug":"ee-uu-no-permitira-que-china-se-ponga-al-dia-en-el-desarrollo-de-tecnologias-avanzadas","status":"publish","type":"post","link":"https:\/\/lasprimeras.com.do\/index.php\/2023\/12\/03\/ee-uu-no-permitira-que-china-se-ponga-al-dia-en-el-desarrollo-de-tecnologias-avanzadas\/","title":{"rendered":"EE.UU. no permitir\u00e1 que China se &#8220;ponga al d\u00eda&#8221; en el desarrollo de tecnolog\u00edas avanzadas"},"content":{"rendered":"\n<p><strong>La secretaria de Comercio de EE.UU. calific\u00f3 a China como &#8220;la mayor amenaza&#8221; que su pa\u00eds &#8220;ha tenido nunca&#8221; y reiter\u00f3 que no es &#8220;amiga&#8221;.<\/strong><\/p>\n\n\n\n<p>La secretaria de Comercio de EE.UU., Gina Raimondo, insisti\u00f3 este s\u00e1bado en la necesidad de reforzar las restricciones impuestas por la Administraci\u00f3n Biden a las exportaciones de semiconductores y tecnolog\u00edas cr\u00edticas a empresas chinas, inform\u00f3 AFP.<\/p>\n\n\n\n<p>Durante su participaci\u00f3n en el Foro de Defensa Nacional Reagan, celebrado en la ciudad californiana de Simi Valley, Raimondo afirm\u00f3 que EE.UU. est\u00e1 &#8220;un par de a\u00f1os por delante de China&#8221; en t\u00e9rminos de avances tecnol\u00f3gicos, por lo que &#8220;de ninguna manera&#8221; permitir\u00e1 que el gigante asi\u00e1tico lo supere, ni que &#8220;se ponga al d\u00eda&#8221;.<\/p>\n\n\n\n<p>&#8220;As\u00ed que le vamos a negar [a China] nuestra tecnolog\u00eda de punta&#8221;, asegur\u00f3 la alta funcionaria estadounidense, quien tambi\u00e9n asever\u00f3 que cuando la &#8220;supercomputaci\u00f3n&#8221; y la &#8220;tecnolog\u00eda inteligencia artificial (IA)&#8221; caen en &#8220;manos equivocadas&#8221; pueden resultar &#8220;tan mort\u00edferas como cualquier arma&#8221; que su pa\u00eds sea capaz de suministrar.<\/p>\n\n\n\n<p>Raimondo calific\u00f3 a China como &#8220;la mayor amenaza&#8221; que su pa\u00eds &#8220;ha tenido nunca&#8221; y reiter\u00f3 que no es su &#8220;amiga&#8221;. &#8220;Por eso tenemos que ser serios si queremos hacer frente a esta amenaza, serios en la aplicaci\u00f3n de la ley&#8221;, indic\u00f3.<\/p>\n\n\n\n<p>Por otro lado, la funcionaria explic\u00f3 que una de las razones por las que se considera la tecnolog\u00eda como un asunto de &#8220;seguridad nacional&#8221; radica en que el &#8220;aparato militar&#8221; estadounidense est\u00e1 experimentando una mayor &#8220;dependencia&#8221; tecnol\u00f3gica.<\/p>\n\n\n\n<p>&#8220;La democracia es buena&#8221;<\/p>\n\n\n\n<p>En cuanto al tema de los semiconductores, Raimondo mencion\u00f3 que algunos directores ejecutivos de compa\u00f1\u00edas productoras hab\u00edan mostrado su rechazo a los recientes controles sobre la exportaci\u00f3n de estos dispositivos electr\u00f3nicos, incluidos los usados en aplicaciones de IA, puesto que les generan p\u00e9rdidas.<\/p>\n\n\n\n<p>&#8220;As\u00ed es la vida, proteger nuestra seguridad nacional es m\u00e1s importante que los ingresos a corto plazo&#8221;, sostuvo Raimondo, destacando que &#8220;la democracia es buena&#8221; para los negocios de las firmas de semiconductores.<\/p>\n\n\n\n<p>&#8220;El Estado de derecho aqu\u00ed y en todo el mundo es bueno para sus empresas&#8221;, a\u00f1adi\u00f3.<\/p>\n\n\n\n<p>&#8220;Todos los d\u00edas China se despierta tratando de descubrir c\u00f3mo eludir nuestros controles de exportaci\u00f3n&#8221;, manifest\u00f3 Raimondo y detall\u00f3 que es necesario aplicar medidas estrictas con sus &#8220;aliados&#8221; para que se cumplan dichas disposiciones. &#8220;Estamos adoptando un enfoque muy agresivo e innovador&#8221;, concluy\u00f3.<\/p>\n\n\n\n<p>Fuente RT<\/p>\n","protected":false},"excerpt":{"rendered":"<p>La secretaria de Comercio de EE.UU. calific\u00f3 a China como &#8220;la mayor amenaza&#8221; que su pa\u00eds &#8220;ha tenido nunca&#8221; y reiter\u00f3 que no es &#8220;amiga&#8221;. La secretaria de Comercio de&hellip;<\/p>\n","protected":false},"author":2,"featured_media":69446,"comment_status":"open","ping_status":"open","sticky":false,"template":"","format":"standard","meta":{"content-type":"","jetpack_post_was_ever_published":false,"_jetpack_newsletter_access":"","_jetpack_dont_email_post_to_subs":false,"_jetpack_newsletter_tier_id":0,"_jetpack_memberships_contains_paywalled_content":false,"_jetpack_memberships_contains_paid_content":false,"footnotes":""},"categories":[1],"tags":[10061,583,363,206,7885],"class_list":["post-69445","post","type-post","status-publish","format-standard","has-post-thumbnail","hentry","category-sin-categoria","tag-avanzadas","tag-china","tag-desarrollo","tag-ee-uu","tag-tecnologias"],"jetpack_featured_media_url":"https:\/\/lasprimeras.com.do\/wp-content\/uploads\/2023\/12\/Gina-Raimondo.jpg","jetpack-related-posts":[{"id":58721,"url":"https:\/\/lasprimeras.com.do\/index.php\/2023\/08\/27\/pekinla-secretaria-de-comercio-de-ee-uu-intenta-rebajar-tension-con-china\/","url_meta":{"origin":69445,"position":0},"title":"Pek\u00edn:La secretaria de Comercio de EE.UU. intenta rebajar tensi\u00f3n con China","author":"Nelson Feliz","date":"27 de agosto de 2023","format":false,"excerpt":"La secretaria de Comercio de Estados Unidos, Gina Raimondo, lleg\u00f3 a Pek\u00edn el 27 de agosto por la tarde, inform\u00f3 el diario chino Global Times. Se espera que su visita de cuatro d\u00edas contribuya a aliviar las tensas relaciones entre las dos mayores econom\u00edas del mundo. Los expertos chinos creen\u2026","rel":"","context":"En \u00abSin categor\u00eda\u00bb","block_context":{"text":"Sin categor\u00eda","link":"https:\/\/lasprimeras.com.do\/index.php\/category\/sin-categoria\/"},"img":{"alt_text":"Gina Raimondo","src":"https:\/\/i0.wp.com\/lasprimeras.com.do\/wp-content\/uploads\/2023\/08\/Gina-Raimondo.jpg?resize=350%2C200&ssl=1","width":350,"height":200,"srcset":"https:\/\/i0.wp.com\/lasprimeras.com.do\/wp-content\/uploads\/2023\/08\/Gina-Raimondo.jpg?resize=350%2C200&ssl=1 1x, https:\/\/i0.wp.com\/lasprimeras.com.do\/wp-content\/uploads\/2023\/08\/Gina-Raimondo.jpg?resize=525%2C300&ssl=1 1.5x, https:\/\/i0.wp.com\/lasprimeras.com.do\/wp-content\/uploads\/2023\/08\/Gina-Raimondo.jpg?resize=700%2C400&ssl=1 2x"},"classes":[]},{"id":81904,"url":"https:\/\/lasprimeras.com.do\/index.php\/2024\/04\/26\/blinken-pide-manejo-responsable-de-relaciones-entre-china-y-eeuu\/","url_meta":{"origin":69445,"position":1},"title":"Blinken pide manejo responsable de relaciones entre China y EEUU","author":"BIMARY DE JES\u00daS Matos","date":"26 de abril de 2024","format":false,"excerpt":"EE.UU.-El secretario de Estado estadounidense se\u00f1al\u00f3 que \u00abtenemos una obligaci\u00f3n para nuestra gente y, de hecho, una obligaci\u00f3n para el mundo de gestionar la relaci\u00f3n entre nuestros dos pa\u00edses de manera responsable\u00bb. Blinken elogi\u00f3 la evoluci\u00f3n de Shangh\u00e1i como \u00abcentro econ\u00f3mico y comercial\u00bb, al tiempo que pidi\u00f3 que China ofrezca\u2026","rel":"","context":"En \u00abSin categor\u00eda\u00bb","block_context":{"text":"Sin categor\u00eda","link":"https:\/\/lasprimeras.com.do\/index.php\/category\/sin-categoria\/"},"img":{"alt_text":"","src":"https:\/\/i0.wp.com\/lasprimeras.com.do\/wp-content\/uploads\/2024\/04\/6a0c8a05-4f4b-48f5-a1d9-1ad180753c4a-46.jpg?resize=350%2C200&ssl=1","width":350,"height":200,"srcset":"https:\/\/i0.wp.com\/lasprimeras.com.do\/wp-content\/uploads\/2024\/04\/6a0c8a05-4f4b-48f5-a1d9-1ad180753c4a-46.jpg?resize=350%2C200&ssl=1 1x, https:\/\/i0.wp.com\/lasprimeras.com.do\/wp-content\/uploads\/2024\/04\/6a0c8a05-4f4b-48f5-a1d9-1ad180753c4a-46.jpg?resize=525%2C300&ssl=1 1.5x"},"classes":[]},{"id":95181,"url":"https:\/\/lasprimeras.com.do\/index.php\/2025\/03\/11\/ivan-gaton-ve-en-estados-unidos-y-china-la-trampa-de-tucidides\/","url_meta":{"origin":69445,"position":2},"title":"Iv\u00e1n Gat\u00f3n ve en Estados Unidos y China \u201cLa trampa de Tuc\u00eddides\u201d","author":"Nelson Feliz","date":"11 de marzo de 2025","format":false,"excerpt":"Llennis Jim\u00e9nez El especialista en pol\u00edtica internacional Iv\u00e1n Gat\u00f3n declar\u00f3 que la rivalidad entre los Estados Unidos y China radica en una lucha econ\u00f3mica para determinar qui\u00e9n es el mayor en competir y en la actualidad, se torna en una situaci\u00f3n compleja y dif\u00edcil, como la \u201cLa trampa de Tuc\u00eddides\u201d.\u2026","rel":"","context":"En \u00abPOLITICA\u00bb","block_context":{"text":"POLITICA","link":"https:\/\/lasprimeras.com.do\/index.php\/category\/politica\/"},"img":{"alt_text":"","src":"https:\/\/i0.wp.com\/lasprimeras.com.do\/wp-content\/uploads\/2025\/03\/Ivan-Ernesto-Gaton.png?resize=350%2C200&ssl=1","width":350,"height":200,"srcset":"https:\/\/i0.wp.com\/lasprimeras.com.do\/wp-content\/uploads\/2025\/03\/Ivan-Ernesto-Gaton.png?resize=350%2C200&ssl=1 1x, https:\/\/i0.wp.com\/lasprimeras.com.do\/wp-content\/uploads\/2025\/03\/Ivan-Ernesto-Gaton.png?resize=525%2C300&ssl=1 1.5x"},"classes":[]},{"id":67542,"url":"https:\/\/lasprimeras.com.do\/index.php\/2023\/11\/16\/biden-llama-dictador-a-xi-tras-su-reunion-en-san-francisco\/","url_meta":{"origin":69445,"position":3},"title":"Biden llama dictador a Xi tras su reuni\u00f3n en San Francisco","author":"Nelson Feliz","date":"16 de noviembre de 2023","format":false,"excerpt":"Al mismo tiempo, calific\u00f3 el encuentro como uno de las m\u00e1s constructivos y productivos, afirmando que se lograron \"progresos reales\" en las relaciones entre ambos pa\u00edses. El presidente de EE.UU., Joe Biden, dio una conferencia de prensa tras su reuni\u00f3n con el l\u00edder chino, Xi Jinping, quien lleg\u00f3 a la\u2026","rel":"","context":"En \u00abSin categor\u00eda\u00bb","block_context":{"text":"Sin categor\u00eda","link":"https:\/\/lasprimeras.com.do\/index.php\/category\/sin-categoria\/"},"img":{"alt_text":"Joe Biden","src":"https:\/\/i0.wp.com\/lasprimeras.com.do\/wp-content\/uploads\/2023\/08\/Joe-Biden-1.jpg?resize=350%2C200&ssl=1","width":350,"height":200,"srcset":"https:\/\/i0.wp.com\/lasprimeras.com.do\/wp-content\/uploads\/2023\/08\/Joe-Biden-1.jpg?resize=350%2C200&ssl=1 1x, https:\/\/i0.wp.com\/lasprimeras.com.do\/wp-content\/uploads\/2023\/08\/Joe-Biden-1.jpg?resize=525%2C300&ssl=1 1.5x, https:\/\/i0.wp.com\/lasprimeras.com.do\/wp-content\/uploads\/2023\/08\/Joe-Biden-1.jpg?resize=700%2C400&ssl=1 2x"},"classes":[]},{"id":72030,"url":"https:\/\/lasprimeras.com.do\/index.php\/2023\/12\/26\/las-tensiones-entre-ee-uu-y-china-estan-desgastando-lazos-academicos-largamente-cultivados\/","url_meta":{"origin":69445,"position":4},"title":"Las tensiones entre EE.UU. y China est\u00e1n desgastando lazos acad\u00e9micos largamente cultivados","author":"Nelson Feliz","date":"26 de diciembre de 2023","format":false,"excerpt":"\u00bfEl fr\u00edo perjudicar\u00e1 los intereses estadounidenses? POR DIDI TANG WASHINGTON (AP) \u2014 En la d\u00e9cada de 1980, Fu Xiangdong era un joven estudiante chino de virolog\u00eda que lleg\u00f3 a Estados Unidos para estudiar bioqu\u00edmica. M\u00e1s de tres d\u00e9cadas despu\u00e9s, ocupaba una prestigiosa c\u00e1tedra en California y realizaba investigaciones prometedoras sobre\u2026","rel":"","context":"En \u00abSin categor\u00eda\u00bb","block_context":{"text":"Sin categor\u00eda","link":"https:\/\/lasprimeras.com.do\/index.php\/category\/sin-categoria\/"},"img":{"alt_text":"Estados Unidos y China","src":"https:\/\/i0.wp.com\/lasprimeras.com.do\/wp-content\/uploads\/2023\/12\/Estados-Unidos-y-China.jpg?resize=350%2C200&ssl=1","width":350,"height":200,"srcset":"https:\/\/i0.wp.com\/lasprimeras.com.do\/wp-content\/uploads\/2023\/12\/Estados-Unidos-y-China.jpg?resize=350%2C200&ssl=1 1x, https:\/\/i0.wp.com\/lasprimeras.com.do\/wp-content\/uploads\/2023\/12\/Estados-Unidos-y-China.jpg?resize=525%2C300&ssl=1 1.5x, https:\/\/i0.wp.com\/lasprimeras.com.do\/wp-content\/uploads\/2023\/12\/Estados-Unidos-y-China.jpg?resize=700%2C400&ssl=1 2x"},"classes":[]},{"id":67568,"url":"https:\/\/lasprimeras.com.do\/index.php\/2023\/11\/16\/china-esta-lista-para-ser-socio-y-amigo-de-eeuu-afirma-xi\/","url_meta":{"origin":69445,"position":5},"title":"China est\u00e1 lista para ser &#8220;socio y amigo&#8221; de EEUU, afirma Xi","author":"Nelson Feliz","date":"16 de noviembre de 2023","format":false,"excerpt":"China est\u00e1 \"lista para ser un socio y amigo de Estados Unidos\", dijo el presidente Xi Jinping a empresarios estadounidenses en San Francisco, en un contexto de preocupaci\u00f3n por la desaceleraci\u00f3n de su econom\u00eda. Si un pa\u00eds ve al otro como un competidor principal y un desaf\u00edo geopol\u00edtico, \"esto solo\u2026","rel":"","context":"En \u00abSin categor\u00eda\u00bb","block_context":{"text":"Sin categor\u00eda","link":"https:\/\/lasprimeras.com.do\/index.php\/category\/sin-categoria\/"},"img":{"alt_text":"El presidente de Estados Unidos, Joe Biden, camina junto al presidente chino Xi Jinping .(Photo Brendan SMIALOWSKIAFP","src":"https:\/\/i0.wp.com\/lasprimeras.com.do\/wp-content\/uploads\/2023\/11\/Joe-Biden-y-Xi-Jinping.jpeg?resize=350%2C200&ssl=1","width":350,"height":200,"srcset":"https:\/\/i0.wp.com\/lasprimeras.com.do\/wp-content\/uploads\/2023\/11\/Joe-Biden-y-Xi-Jinping.jpeg?resize=350%2C200&ssl=1 1x, https:\/\/i0.wp.com\/lasprimeras.com.do\/wp-content\/uploads\/2023\/11\/Joe-Biden-y-Xi-Jinping.jpeg?resize=525%2C300&ssl=1 1.5x, https:\/\/i0.wp.com\/lasprimeras.com.do\/wp-content\/uploads\/2023\/11\/Joe-Biden-y-Xi-Jinping.jpeg?resize=700%2C400&ssl=1 2x"},"classes":[]}],"jetpack_sharing_enabled":true,"_links":{"self":[{"href":"https:\/\/lasprimeras.com.do\/index.php\/wp-json\/wp\/v2\/posts\/69445","targetHints":{"allow":["GET"]}}],"collection":[{"href":"https:\/\/lasprimeras.com.do\/index.php\/wp-json\/wp\/v2\/posts"}],"about":[{"href":"https:\/\/lasprimeras.com.do\/index.php\/wp-json\/wp\/v2\/types\/post"}],"author":[{"embeddable":true,"href":"https:\/\/lasprimeras.com.do\/index.php\/wp-json\/wp\/v2\/users\/2"}],"replies":[{"embeddable":true,"href":"https:\/\/lasprimeras.com.do\/index.php\/wp-json\/wp\/v2\/comments?post=69445"}],"version-history":[{"count":1,"href":"https:\/\/lasprimeras.com.do\/index.php\/wp-json\/wp\/v2\/posts\/69445\/revisions"}],"predecessor-version":[{"id":69447,"href":"https:\/\/lasprimeras.com.do\/index.php\/wp-json\/wp\/v2\/posts\/69445\/revisions\/69447"}],"wp:featuredmedia":[{"embeddable":true,"href":"https:\/\/lasprimeras.com.do\/index.php\/wp-json\/wp\/v2\/media\/69446"}],"wp:attachment":[{"href":"https:\/\/lasprimeras.com.do\/index.php\/wp-json\/wp\/v2\/media?parent=69445"}],"wp:term":[{"taxonomy":"category","embeddable":true,"href":"https:\/\/lasprimeras.com.do\/index.php\/wp-json\/wp\/v2\/categories?post=69445"},{"taxonomy":"post_tag","embeddable":true,"href":"https:\/\/lasprimeras.com.do\/index.php\/wp-json\/wp\/v2\/tags?post=69445"}],"curies":[{"name":"wp","href":"https:\/\/api.w.org\/{rel}","templated":true}]}}