{"id":69488,"date":"2023-12-03T17:36:04","date_gmt":"2023-12-03T21:36:04","guid":{"rendered":"https:\/\/lasprimeras.com.do\/?p=69488"},"modified":"2023-12-03T17:36:06","modified_gmt":"2023-12-03T21:36:06","slug":"prm-con-alianza-y-sin-alianza-yohan-lopez-gano-las-elecciones-del-colegio-de-abogados","status":"publish","type":"post","link":"https:\/\/lasprimeras.com.do\/index.php\/2023\/12\/03\/prm-con-alianza-y-sin-alianza-yohan-lopez-gano-las-elecciones-del-colegio-de-abogados\/","title":{"rendered":"PRM: &#8220;Con alianza y sin alianza Yohan L\u00f3pez gan\u00f3 las elecciones del Colegio de Abogados&#8221;"},"content":{"rendered":"\n<p>&#8211;<strong>Se\u00f1ala que la oposici\u00f3n solicit\u00f3 una alianza fuera de los plazos legales, pero que a\u00fan asi L\u00f3pez result\u00f3 el triunfador<\/strong>.<\/p>\n\n\n\n<p>El vicepresidente del Partido Revolucionario Moderno (PRM), Eddy Olivares, asegur\u00f3 que Yohan L\u00f3pez gan\u00f3 la presidencia del Colegio de Abogados de la Rep\u00fablica Dominicana (CARD) a\u00fan sum\u00e1ndose los votos de las otras candidaturas en su contra.<\/p>\n\n\n\n<p>Precis\u00f3 que L\u00f3pez alcanz\u00f3 11,205 votos, un 48.18% frente a 35.69% de Trajano Vidal Potentini y 12.19% de Diego Jos\u00e9 Garc\u00eda.<\/p>\n\n\n\n<p>Acus\u00f3 a Trajano Vidal Potentini y a la Fuerza de Pueblo de querer confundir al pa\u00eds con una alianza falsa y de medianoche fuera de los plazos legales.<\/p>\n\n\n\n<p>Olivares resalt\u00f3 que el candidato de la corriente Dignidad Jur\u00eddica del PLD, Diego Jos\u00e9 Garc\u00eda, reconoci\u00f3 de inmediato los resultados la noche del pasado s\u00e1bado, y felicit\u00f3 a Yohan L\u00f3pez, de la corriente Nuevos Tiempos, por haber ganado las elecciones.<\/p>\n\n\n\n<p>La alianza fue fuera de plazo y esto fue admitido por el dirigente Lu\u00eds Yepez Suncar, quien acudi\u00f3 anoche mismo a intentar validar la supuesta alianza, dijo Olivares.<\/p>\n\n\n\n<figure class=\"wp-block-video\"><video height=\"480\" style=\"aspect-ratio: 608 \/ 480;\" width=\"608\" autoplay controls loop src=\"https:\/\/lasprimeras.com.do\/wp-content\/uploads\/2023\/12\/WhatsApp-Video-2023-12-03-at-5.22.20-PM.mp4\"><\/video><\/figure>\n","protected":false},"excerpt":{"rendered":"<p>&#8211;Se\u00f1ala que la oposici\u00f3n solicit\u00f3 una alianza fuera de los plazos legales, pero que a\u00fan asi L\u00f3pez result\u00f3 el triunfador. El vicepresidente del Partido Revolucionario Moderno (PRM), Eddy Olivares, asegur\u00f3&hellip;<\/p>\n","protected":false},"author":2,"featured_media":69489,"comment_status":"open","ping_status":"open","sticky":false,"template":"","format":"standard","meta":{"content-type":"","jetpack_post_was_ever_published":false,"_jetpack_newsletter_access":"","_jetpack_dont_email_post_to_subs":false,"_jetpack_newsletter_tier_id":0,"_jetpack_memberships_contains_paywalled_content":false,"_jetpack_memberships_contains_paid_content":false,"footnotes":""},"categories":[25],"tags":[10090,10088,182,833,31,10089,6675],"class_list":["post-69488","post","type-post","status-publish","format-standard","has-post-thumbnail","hentry","category-portada","tag-colegio-de-abogados","tag-con-alianza","tag-elecciones","tag-gano","tag-prm","tag-sin-alianza","tag-yohan-lopez"],"jetpack_featured_media_url":"https:\/\/lasprimeras.com.do\/wp-content\/uploads\/2023\/12\/Eddy-Olivares.jpg","jetpack-related-posts":[{"id":73817,"url":"https:\/\/lasprimeras.com.do\/index.php\/2024\/01\/16\/yohan-lopez-anuncia-que-asume-presidencia-de-card\/","url_meta":{"origin":69488,"position":0},"title":"Yohan L\u00f3pez anuncia que asume presidencia de CARD","author":"Nelson Feliz","date":"16 de enero de 2024","format":false,"excerpt":"El grupo que declar\u00f3 ganador a Potentini interpuso acci\u00f3n en el Tribunal Constitucional para invalidar sentencia que anul\u00f3 proclamaci\u00f3n. El conflicto por la presidencia del Colegio de Abogados de Rep\u00fablica Dominicana (CARD) contin\u00faa caliente. Este martes, el candidato declarado como perdedor en diciembre por la comisi\u00f3n electoral de ese gremio,\u2026","rel":"","context":"En \u00abNACIONALES\u00bb","block_context":{"text":"NACIONALES","link":"https:\/\/lasprimeras.com.do\/index.php\/category\/nacionales\/"},"img":{"alt_text":"Yoel Lopez","src":"https:\/\/i0.wp.com\/lasprimeras.com.do\/wp-content\/uploads\/2024\/01\/Yoel-Lopez.jpg?resize=350%2C200&ssl=1","width":350,"height":200,"srcset":"https:\/\/i0.wp.com\/lasprimeras.com.do\/wp-content\/uploads\/2024\/01\/Yoel-Lopez.jpg?resize=350%2C200&ssl=1 1x, https:\/\/i0.wp.com\/lasprimeras.com.do\/wp-content\/uploads\/2024\/01\/Yoel-Lopez.jpg?resize=525%2C300&ssl=1 1.5x"},"classes":[]},{"id":69475,"url":"https:\/\/lasprimeras.com.do\/index.php\/2023\/12\/03\/leonel-felicita-a-trajano-potentini-por-elecciones-del-card-faltando-votos-por-computar\/","url_meta":{"origin":69488,"position":1},"title":"Leonel felicita a Trajano Potentini por elecciones del CARD faltando votos por computar","author":"Nelson Feliz","date":"3 de diciembre de 2023","format":false,"excerpt":"Con apenas el 56 % de los votos computados de las elecciones del Colegio de Abogados de la Rep\u00fablica Dominicana (CARD), el expresidente de la Rep\u00fablica Leonel Fern\u00e1ndez, felicit\u00f3 hoy a Trajano Vidal Potentini, declar\u00e1ndolo ganador del comicio gremial. Contrario a lo expresado por el Partido Revolucionario Moderno (PRM) de\u2026","rel":"","context":"En \u00abPORTADA\u00bb","block_context":{"text":"PORTADA","link":"https:\/\/lasprimeras.com.do\/index.php\/category\/portada\/"},"img":{"alt_text":"Leonel Fernandez","src":"https:\/\/i0.wp.com\/lasprimeras.com.do\/wp-content\/uploads\/2023\/10\/Leonel-Fernandez-5.jpg?resize=350%2C200&ssl=1","width":350,"height":200,"srcset":"https:\/\/i0.wp.com\/lasprimeras.com.do\/wp-content\/uploads\/2023\/10\/Leonel-Fernandez-5.jpg?resize=350%2C200&ssl=1 1x, https:\/\/i0.wp.com\/lasprimeras.com.do\/wp-content\/uploads\/2023\/10\/Leonel-Fernandez-5.jpg?resize=525%2C300&ssl=1 1.5x, https:\/\/i0.wp.com\/lasprimeras.com.do\/wp-content\/uploads\/2023\/10\/Leonel-Fernandez-5.jpg?resize=700%2C400&ssl=1 2x"},"classes":[]},{"id":69693,"url":"https:\/\/lasprimeras.com.do\/index.php\/2023\/12\/05\/prm-dice-que-yohan-lopez-gano-elecciones-colegio-de-abogados\/","url_meta":{"origin":69488,"position":2},"title":"PRM dice que Yohan L\u00f3pez gan\u00f3 elecciones Colegio de Abogados","author":"BIMARY DE JES\u00daS Matos","date":"5 de diciembre de 2023","format":false,"excerpt":"SANTO DOMINGO.- El Partido Revolucionario Moderno (PRM) declar\u00f3 que Yohan L\u00f3pez es el ganador de las elecciones del Colegio de Abogados \u00abcon alianza y sin alianza\u00bb y que obtuvo la mayor\u00eda de votos en 26 de 32 seccionales as\u00ed como en el conteo general, con m\u00e1s del 50% de los\u2026","rel":"","context":"En \u00abSin categor\u00eda\u00bb","block_context":{"text":"Sin categor\u00eda","link":"https:\/\/lasprimeras.com.do\/index.php\/category\/sin-categoria\/"},"img":{"alt_text":"","src":"https:\/\/i0.wp.com\/lasprimeras.com.do\/wp-content\/uploads\/2023\/12\/whatsapp-image-2023-11-06-at-84144-pm-1024x681-2.jpeg?resize=350%2C200&ssl=1","width":350,"height":200,"srcset":"https:\/\/i0.wp.com\/lasprimeras.com.do\/wp-content\/uploads\/2023\/12\/whatsapp-image-2023-11-06-at-84144-pm-1024x681-2.jpeg?resize=350%2C200&ssl=1 1x, https:\/\/i0.wp.com\/lasprimeras.com.do\/wp-content\/uploads\/2023\/12\/whatsapp-image-2023-11-06-at-84144-pm-1024x681-2.jpeg?resize=525%2C300&ssl=1 1.5x"},"classes":[]},{"id":75688,"url":"https:\/\/lasprimeras.com.do\/index.php\/2024\/02\/03\/en-dia-del-abogado-presidente-electo-del-card-trajano-potentini-llama-a-la-unidad-para-salvar-el-gremio\/","url_meta":{"origin":69488,"position":3},"title":"En d\u00eda del abogado presidente electo del CARD, Trajano Potentini llama a la unidad para salvar el gremio","author":"Nelson Feliz","date":"3 de febrero de 2024","format":false,"excerpt":"Potentini se queja de tardanza del TSE para entregar la sentencia profundizando a\u00fan m\u00e1s la crisis en el gremio El presidente del Colegio de Abogados de la Rep\u00fablica Dominicana (CARD), Trajano Vidal Potentini, llam\u00f3 a la clase jur\u00eddica nacional al celebrarse hoy el d\u00eda nacional del abogado, para que impere\u2026","rel":"","context":"En \u00abNACIONALES\u00bb","block_context":{"text":"NACIONALES","link":"https:\/\/lasprimeras.com.do\/index.php\/category\/nacionales\/"},"img":{"alt_text":"Trajano Vidal Potentini","src":"https:\/\/i0.wp.com\/lasprimeras.com.do\/wp-content\/uploads\/2024\/02\/Trajano-Vidal-Potentini.jpg?resize=350%2C200&ssl=1","width":350,"height":200,"srcset":"https:\/\/i0.wp.com\/lasprimeras.com.do\/wp-content\/uploads\/2024\/02\/Trajano-Vidal-Potentini.jpg?resize=350%2C200&ssl=1 1x, https:\/\/i0.wp.com\/lasprimeras.com.do\/wp-content\/uploads\/2024\/02\/Trajano-Vidal-Potentini.jpg?resize=525%2C300&ssl=1 1.5x, https:\/\/i0.wp.com\/lasprimeras.com.do\/wp-content\/uploads\/2024\/02\/Trajano-Vidal-Potentini.jpg?resize=700%2C400&ssl=1 2x"},"classes":[]},{"id":77608,"url":"https:\/\/lasprimeras.com.do\/index.php\/2024\/02\/23\/card-informa-hizo-reconteo-de-votos-como-ordeno-el-tse-y-gano-potentini\/","url_meta":{"origin":69488,"position":4},"title":"CARD informa hizo reconteo de votos como orden\u00f3 el TSE y gan\u00f3 Potentini","author":"Nelson Feliz","date":"23 de febrero de 2024","format":false,"excerpt":"El Colegio de Abogados Dominicanos (CARD) inform\u00f3 la noche de este viernes que su comisi\u00f3n electoral emiti\u00f3 una resoluci\u00f3n en cumplimiento de la sentencia del Tribunal Superior Electoral (TSE) que dispuso un nuevo computo de los votos de las elecciones celebradas para escoger un nuevo presidente del gremio, lo cual,\u2026","rel":"","context":"En \u00abNACIONALES\u00bb","block_context":{"text":"NACIONALES","link":"https:\/\/lasprimeras.com.do\/index.php\/category\/nacionales\/"},"img":{"alt_text":"","src":"https:\/\/i0.wp.com\/lasprimeras.com.do\/wp-content\/uploads\/2024\/02\/GG-b9neWMAA3fw0-1.jpg?resize=350%2C200&ssl=1","width":350,"height":200,"srcset":"https:\/\/i0.wp.com\/lasprimeras.com.do\/wp-content\/uploads\/2024\/02\/GG-b9neWMAA3fw0-1.jpg?resize=350%2C200&ssl=1 1x, https:\/\/i0.wp.com\/lasprimeras.com.do\/wp-content\/uploads\/2024\/02\/GG-b9neWMAA3fw0-1.jpg?resize=525%2C300&ssl=1 1.5x"},"classes":[]},{"id":69523,"url":"https:\/\/lasprimeras.com.do\/index.php\/2023\/12\/03\/crisis-en-proceso-de-elecciones-del-colegio-de-abogados-rd\/","url_meta":{"origin":69488,"position":5},"title":"Crisis en proceso de elecciones del Colegio de Abogados RD","author":"Nelson Feliz","date":"3 de diciembre de 2023","format":false,"excerpt":"Por Carlos Manuel Mesa Luego de que el aspirante a la Presidencia del CARD de la Plancha Nuevos Tiempos Johan L\u00f3pez candidato del PRM se declarara virtual ganador de los comicios celebrados el d\u00eda de ayer 2 de diciembre 2023. La comunidad jur\u00eddica y toda la opini\u00f3n p\u00fablica nacional ha\u2026","rel":"","context":"En \u00abOPINI\u00d3N\u00bb","block_context":{"text":"OPINI\u00d3N","link":"https:\/\/lasprimeras.com.do\/index.php\/category\/opinion\/"},"img":{"alt_text":"Carlos Manuel Mesa","src":"https:\/\/i0.wp.com\/lasprimeras.com.do\/wp-content\/uploads\/2023\/12\/Carlos-Manuel-Mesa.jpg?resize=350%2C200&ssl=1","width":350,"height":200},"classes":[]}],"jetpack_sharing_enabled":true,"_links":{"self":[{"href":"https:\/\/lasprimeras.com.do\/index.php\/wp-json\/wp\/v2\/posts\/69488","targetHints":{"allow":["GET"]}}],"collection":[{"href":"https:\/\/lasprimeras.com.do\/index.php\/wp-json\/wp\/v2\/posts"}],"about":[{"href":"https:\/\/lasprimeras.com.do\/index.php\/wp-json\/wp\/v2\/types\/post"}],"author":[{"embeddable":true,"href":"https:\/\/lasprimeras.com.do\/index.php\/wp-json\/wp\/v2\/users\/2"}],"replies":[{"embeddable":true,"href":"https:\/\/lasprimeras.com.do\/index.php\/wp-json\/wp\/v2\/comments?post=69488"}],"version-history":[{"count":1,"href":"https:\/\/lasprimeras.com.do\/index.php\/wp-json\/wp\/v2\/posts\/69488\/revisions"}],"predecessor-version":[{"id":69491,"href":"https:\/\/lasprimeras.com.do\/index.php\/wp-json\/wp\/v2\/posts\/69488\/revisions\/69491"}],"wp:featuredmedia":[{"embeddable":true,"href":"https:\/\/lasprimeras.com.do\/index.php\/wp-json\/wp\/v2\/media\/69489"}],"wp:attachment":[{"href":"https:\/\/lasprimeras.com.do\/index.php\/wp-json\/wp\/v2\/media?parent=69488"}],"wp:term":[{"taxonomy":"category","embeddable":true,"href":"https:\/\/lasprimeras.com.do\/index.php\/wp-json\/wp\/v2\/categories?post=69488"},{"taxonomy":"post_tag","embeddable":true,"href":"https:\/\/lasprimeras.com.do\/index.php\/wp-json\/wp\/v2\/tags?post=69488"}],"curies":[{"name":"wp","href":"https:\/\/api.w.org\/{rel}","templated":true}]}}