{"id":69604,"date":"2023-12-04T13:18:15","date_gmt":"2023-12-04T17:18:15","guid":{"rendered":"https:\/\/lasprimeras.com.do\/?p=69604"},"modified":"2023-12-04T13:18:17","modified_gmt":"2023-12-04T17:18:17","slug":"fiscal-llama-familiares-victimas-de-accidente-de-quita-sueno-querellarse-contra-chofer-de-patana","status":"publish","type":"post","link":"https:\/\/lasprimeras.com.do\/index.php\/2023\/12\/04\/fiscal-llama-familiares-victimas-de-accidente-de-quita-sueno-querellarse-contra-chofer-de-patana\/","title":{"rendered":"Fiscal llama familiares v\u00edctimas de accidente de Quita Sue\u00f1o querellarse contra chofer de patana"},"content":{"rendered":"\n<p>La fiscal que tiene a cargo la investigaci\u00f3n del accidente que cobr\u00f3 la vida de 12 personas en Quita Sue\u00f1o, Haina, exhort\u00f3 hoy a los familiares de las v\u00edctimas querellarse contra el chofer de la patana que arroll\u00f3 el minib\u00fas en que viajaban los hoy fallecidos y los lesionados.<\/p>\n\n\n\n<p>La fiscal Carolina Olivares dijo que los familiares deben querellarse ante la Fiscal\u00eda de San Crist\u00f3bal a los fines de completar el expediente y depositarlo ante el juzgado especializado de tr\u00e1nsito, y tambi\u00e9n para la solicitud de medida de coerci\u00f3n contra Confesor Terrero Cuevas, conductor de la patana que impact\u00f3 por detr\u00e1s el autob\u00fas de la ruta 66.<\/p>\n\n\n\n<p>La Ley de tr\u00e1nsito establece hasta dos a\u00f1os como plazo para que el Ministerio P\u00fablicos solicite medida de contra el chofer por manejo temerario, ya que en ocasiones las v\u00edctimas pueden durar meses con lesiones graves.<\/p>\n\n\n\n<p>El accidente se produjo el pasado mi\u00e9rcoles 29 de noviembre en la llamada \u201cBajada de Yoya\u201d, en Quita Sue\u00f1o, Haina, cuando el referido minib\u00fas estaba estacionado recogiendo unos pasajeros, momento en el cual fue impactado por la patana conducida por Terrero Cuevas.<\/p>\n\n\n\n<p>Once de las v\u00edctimas fallecieron en el acto y una pereci\u00f3 anoche. Otras 18 personas, incluidas dos ni\u00f1as, sufrieron lesiones diversas.<\/p>\n","protected":false},"excerpt":{"rendered":"<p>La fiscal que tiene a cargo la investigaci\u00f3n del accidente que cobr\u00f3 la vida de 12 personas en Quita Sue\u00f1o, Haina, exhort\u00f3 hoy a los familiares de las v\u00edctimas querellarse&hellip;<\/p>\n","protected":false},"author":2,"featured_media":69605,"comment_status":"open","ping_status":"open","sticky":false,"template":"","format":"standard","meta":{"content-type":"","jetpack_post_was_ever_published":false,"_jetpack_newsletter_access":"","_jetpack_dont_email_post_to_subs":false,"_jetpack_newsletter_tier_id":0,"_jetpack_memberships_contains_paywalled_content":false,"_jetpack_memberships_contains_paid_content":false,"footnotes":""},"categories":[35],"tags":[2211,3701,1055,1876,2620,10136,9944,2034],"class_list":["post-69604","post","type-post","status-publish","format-standard","has-post-thumbnail","hentry","category-nacionales","tag-accidente","tag-chofer","tag-familiares","tag-fiscal","tag-patana","tag-querellarse","tag-quita-sueno","tag-victimas"],"jetpack_featured_media_url":"https:\/\/lasprimeras.com.do\/wp-content\/uploads\/2023\/12\/accidente.jpg","jetpack-related-posts":[{"id":69895,"url":"https:\/\/lasprimeras.com.do\/index.php\/2023\/12\/06\/tres-meses-de-prision-preventiva-contra-chofer-de-patana-involucrada-en-accidente-de-quita-sueno\/","url_meta":{"origin":69604,"position":0},"title":"Tres meses de prisi\u00f3n preventiva contra chofer de patana involucrada en accidente de Quita Sue\u00f1o","author":"BIMARY DE JES\u00daS Matos","date":"6 de diciembre de 2023","format":false,"excerpt":"Santo Domingo.-Un tribunal dict\u00f3 tres meses de prisi\u00f3n preventiva en contra del conductor de la patana involucrada en el accidente de Quita Sue\u00f1o, Haina, que dej\u00f3 m\u00e1s de 10 personas fallecidas. Camilo Confesor, de 36 a\u00f1os, deber\u00e1 cumplir la medida en el CCR-15 La Romana. Confesor es acusado por el\u2026","rel":"","context":"En \u00abPORTADA\u00bb","block_context":{"text":"PORTADA","link":"https:\/\/lasprimeras.com.do\/index.php\/category\/portada\/"},"img":{"alt_text":"","src":"https:\/\/i0.wp.com\/lasprimeras.com.do\/wp-content\/uploads\/2023\/12\/Diseno-sin-titulo-1.jpg?resize=350%2C200&ssl=1","width":350,"height":200,"srcset":"https:\/\/i0.wp.com\/lasprimeras.com.do\/wp-content\/uploads\/2023\/12\/Diseno-sin-titulo-1.jpg?resize=350%2C200&ssl=1 1x, https:\/\/i0.wp.com\/lasprimeras.com.do\/wp-content\/uploads\/2023\/12\/Diseno-sin-titulo-1.jpg?resize=525%2C300&ssl=1 1.5x"},"classes":[]},{"id":69034,"url":"https:\/\/lasprimeras.com.do\/index.php\/2023\/11\/29\/dos-ninas-se-salvan-del-accidente-de-transito-en-haina\/","url_meta":{"origin":69604,"position":1},"title":"Dos ni\u00f1as se salvan del accidente de tr\u00e1nsito en Haina","author":"Nelson Feliz","date":"29 de noviembre de 2023","format":false,"excerpt":"Dos ni\u00f1as fueron rescatadas con vida del accidente de tr\u00e1nsito ocurrido este mi\u00e9rcoles en la carretera S\u00e1nchez, Quita Sue\u00f1o, provincia San Crist\u00f3bal, entre una patana y un autob\u00fas. La gobernadora de la provincia San Crist\u00f3bal, Pura Casilla, inform\u00f3 que en total han sido rescatadas 17 personas, dos de ellas son\u2026","rel":"","context":"En \u00abNACIONALES\u00bb","block_context":{"text":"NACIONALES","link":"https:\/\/lasprimeras.com.do\/index.php\/category\/nacionales\/"},"img":{"alt_text":"","src":"https:\/\/i0.wp.com\/lasprimeras.com.do\/wp-content\/uploads\/2023\/11\/Noticias-de-energia-44-1.jpg?resize=350%2C200&ssl=1","width":350,"height":200,"srcset":"https:\/\/i0.wp.com\/lasprimeras.com.do\/wp-content\/uploads\/2023\/11\/Noticias-de-energia-44-1.jpg?resize=350%2C200&ssl=1 1x, https:\/\/i0.wp.com\/lasprimeras.com.do\/wp-content\/uploads\/2023\/11\/Noticias-de-energia-44-1.jpg?resize=525%2C300&ssl=1 1.5x"},"classes":[]},{"id":69000,"url":"https:\/\/lasprimeras.com.do\/index.php\/2023\/11\/29\/al-menos-tres-fallecidos-y-10-rescatados-de-autobus-sepultado-por-patana-en-haina\/","url_meta":{"origin":69604,"position":2},"title":"Al menos cinco fallecidos y 12 rescatados de autob\u00fas sepultado por patana en Haina","author":"Nelson Feliz","date":"29 de noviembre de 2023","format":false,"excerpt":"Los 10 rescatados tienen diferentes conidiciones de salud y fueron trasladados al hospital. El autob\u00fas est\u00e1 sepultado por la patana en un precipicio de la carretera S\u00e1nchez, en Haina, San Crist\u00f3bal, y los organismos de seguridad hacen ingentes esfuerzos para poder sacar a las v\u00edctimas. Por el momento el accidente\u2026","rel":"","context":"En \u00abNACIONALES\u00bb","block_context":{"text":"NACIONALES","link":"https:\/\/lasprimeras.com.do\/index.php\/category\/nacionales\/"},"img":{"alt_text":"","src":"https:\/\/i0.wp.com\/lasprimeras.com.do\/wp-content\/uploads\/2023\/11\/accidente-4.jpg?resize=350%2C200&ssl=1","width":350,"height":200,"srcset":"https:\/\/i0.wp.com\/lasprimeras.com.do\/wp-content\/uploads\/2023\/11\/accidente-4.jpg?resize=350%2C200&ssl=1 1x, https:\/\/i0.wp.com\/lasprimeras.com.do\/wp-content\/uploads\/2023\/11\/accidente-4.jpg?resize=525%2C300&ssl=1 1.5x, https:\/\/i0.wp.com\/lasprimeras.com.do\/wp-content\/uploads\/2023\/11\/accidente-4.jpg?resize=700%2C400&ssl=1 2x"},"classes":[]},{"id":69687,"url":"https:\/\/lasprimeras.com.do\/index.php\/2023\/12\/05\/enfermera-se-convierte-en-victima-14-de-accidente-en-haina\/","url_meta":{"origin":69604,"position":3},"title":"Enfermera se convierte en v\u00edctima 14 de accidente en Haina","author":"BIMARY DE JES\u00daS Matos","date":"5 de diciembre de 2023","format":false,"excerpt":"Haina.-En el sector del Carril de Haina, es velado el cuerpo de la se\u00f1ora Juan\u00edn Rosario, de 45 a\u00f1os, quien es la v\u00edctima n\u00famero 14 del tr\u00e1gico accidente registrado el pasado mi\u00e9rcoles. Sus familiares informaron que Rosario se desempe\u00f1aba como enfermera y al momento de la tragedia se dirig\u00eda a\u2026","rel":"","context":"En \u00abNACIONALES\u00bb","block_context":{"text":"NACIONALES","link":"https:\/\/lasprimeras.com.do\/index.php\/category\/nacionales\/"},"img":{"alt_text":"","src":"https:\/\/i0.wp.com\/lasprimeras.com.do\/wp-content\/uploads\/2023\/12\/whatsapp-image-2023-11-06-at-84144-pm-1024x681-1.png?resize=350%2C200&ssl=1","width":350,"height":200,"srcset":"https:\/\/i0.wp.com\/lasprimeras.com.do\/wp-content\/uploads\/2023\/12\/whatsapp-image-2023-11-06-at-84144-pm-1024x681-1.png?resize=350%2C200&ssl=1 1x, https:\/\/i0.wp.com\/lasprimeras.com.do\/wp-content\/uploads\/2023\/12\/whatsapp-image-2023-11-06-at-84144-pm-1024x681-1.png?resize=525%2C300&ssl=1 1.5x"},"classes":[]},{"id":120299,"url":"https:\/\/lasprimeras.com.do\/index.php\/2026\/01\/22\/patana-destruye-parcialmente-una-estacion-de-combustibles-en-santiago\/","url_meta":{"origin":69604,"position":4},"title":"Patana destruye parcialmente una estaci\u00f3n de combustibles en Santiago","author":"Nelson Feliz","date":"22 de enero de 2026","format":false,"excerpt":"Una patana destruy\u00f3 parcialmente esta madrugada una estaci\u00f3n de expendio de combustibles ubicada en la autopista Joaqu\u00edn Balaguer en Santiago, tras chocar con otro veh\u00edculo, cuyo conductor sali\u00f3 ileso. El accidente se produjo en las inmediaciones de la empresa Madeco, el conductor de la patana perdi\u00f3 el control de la\u2026","rel":"","context":"En \u00abNACIONALES\u00bb","block_context":{"text":"NACIONALES","link":"https:\/\/lasprimeras.com.do\/index.php\/category\/nacionales\/"},"img":{"alt_text":"GASOLINERA","src":"https:\/\/i0.wp.com\/lasprimeras.com.do\/wp-content\/uploads\/2026\/01\/GASOLINERA.jpg?resize=350%2C200&ssl=1","width":350,"height":200,"srcset":"https:\/\/i0.wp.com\/lasprimeras.com.do\/wp-content\/uploads\/2026\/01\/GASOLINERA.jpg?resize=350%2C200&ssl=1 1x, https:\/\/i0.wp.com\/lasprimeras.com.do\/wp-content\/uploads\/2026\/01\/GASOLINERA.jpg?resize=525%2C300&ssl=1 1.5x, https:\/\/i0.wp.com\/lasprimeras.com.do\/wp-content\/uploads\/2026\/01\/GASOLINERA.jpg?resize=700%2C400&ssl=1 2x"},"classes":[]},{"id":69031,"url":"https:\/\/lasprimeras.com.do\/index.php\/2023\/11\/29\/sacan-otros-dos-cadaveres-de-autobus-sepultado-por-patana-y-son-siete-los-fallecidos\/","url_meta":{"origin":69604,"position":5},"title":"Sacan otros dos cad\u00e1veres de autob\u00fas sepultado por patana y son siete los fallecidos","author":"Nelson Feliz","date":"29 de noviembre de 2023","format":false,"excerpt":"Casi a la 1:00 p.m. se recuperaron los cuerpos de una mujer y un hombre. El accidente de tr\u00e1nsito de la ma\u00f1ana de este mi\u00e9rcoles en la carretera S\u00e1nchez, en Haina, San Crist\u00f3bal, ha dejado, por el momento, un saldo de siete fallecidos y 13 personas heridas, luego que minutos\u2026","rel":"","context":"En \u00abSin categor\u00eda\u00bb","block_context":{"text":"Sin categor\u00eda","link":"https:\/\/lasprimeras.com.do\/index.php\/category\/sin-categoria\/"},"img":{"alt_text":"","src":"https:\/\/i0.wp.com\/lasprimeras.com.do\/wp-content\/uploads\/2023\/11\/haina-accidente-foto-neal-cruz-01-scaled.jpg?resize=350%2C200&ssl=1","width":350,"height":200,"srcset":"https:\/\/i0.wp.com\/lasprimeras.com.do\/wp-content\/uploads\/2023\/11\/haina-accidente-foto-neal-cruz-01-scaled.jpg?resize=350%2C200&ssl=1 1x, https:\/\/i0.wp.com\/lasprimeras.com.do\/wp-content\/uploads\/2023\/11\/haina-accidente-foto-neal-cruz-01-scaled.jpg?resize=525%2C300&ssl=1 1.5x, https:\/\/i0.wp.com\/lasprimeras.com.do\/wp-content\/uploads\/2023\/11\/haina-accidente-foto-neal-cruz-01-scaled.jpg?resize=700%2C400&ssl=1 2x, https:\/\/i0.wp.com\/lasprimeras.com.do\/wp-content\/uploads\/2023\/11\/haina-accidente-foto-neal-cruz-01-scaled.jpg?resize=1050%2C600&ssl=1 3x, https:\/\/i0.wp.com\/lasprimeras.com.do\/wp-content\/uploads\/2023\/11\/haina-accidente-foto-neal-cruz-01-scaled.jpg?resize=1400%2C800&ssl=1 4x"},"classes":[]}],"jetpack_sharing_enabled":true,"_links":{"self":[{"href":"https:\/\/lasprimeras.com.do\/index.php\/wp-json\/wp\/v2\/posts\/69604","targetHints":{"allow":["GET"]}}],"collection":[{"href":"https:\/\/lasprimeras.com.do\/index.php\/wp-json\/wp\/v2\/posts"}],"about":[{"href":"https:\/\/lasprimeras.com.do\/index.php\/wp-json\/wp\/v2\/types\/post"}],"author":[{"embeddable":true,"href":"https:\/\/lasprimeras.com.do\/index.php\/wp-json\/wp\/v2\/users\/2"}],"replies":[{"embeddable":true,"href":"https:\/\/lasprimeras.com.do\/index.php\/wp-json\/wp\/v2\/comments?post=69604"}],"version-history":[{"count":1,"href":"https:\/\/lasprimeras.com.do\/index.php\/wp-json\/wp\/v2\/posts\/69604\/revisions"}],"predecessor-version":[{"id":69606,"href":"https:\/\/lasprimeras.com.do\/index.php\/wp-json\/wp\/v2\/posts\/69604\/revisions\/69606"}],"wp:featuredmedia":[{"embeddable":true,"href":"https:\/\/lasprimeras.com.do\/index.php\/wp-json\/wp\/v2\/media\/69605"}],"wp:attachment":[{"href":"https:\/\/lasprimeras.com.do\/index.php\/wp-json\/wp\/v2\/media?parent=69604"}],"wp:term":[{"taxonomy":"category","embeddable":true,"href":"https:\/\/lasprimeras.com.do\/index.php\/wp-json\/wp\/v2\/categories?post=69604"},{"taxonomy":"post_tag","embeddable":true,"href":"https:\/\/lasprimeras.com.do\/index.php\/wp-json\/wp\/v2\/tags?post=69604"}],"curies":[{"name":"wp","href":"https:\/\/api.w.org\/{rel}","templated":true}]}}