{"id":69607,"date":"2023-12-04T13:47:26","date_gmt":"2023-12-04T17:47:26","guid":{"rendered":"https:\/\/lasprimeras.com.do\/?p=69607"},"modified":"2023-12-04T13:47:27","modified_gmt":"2023-12-04T17:47:27","slug":"ray-guevara-reclama-ensenar-la-constitucion-en-escuelas-y-liceos","status":"publish","type":"post","link":"https:\/\/lasprimeras.com.do\/index.php\/2023\/12\/04\/ray-guevara-reclama-ensenar-la-constitucion-en-escuelas-y-liceos\/","title":{"rendered":"Ray Guevara reclama ense\u00f1ar la Constituci\u00f3n en escuelas y liceos"},"content":{"rendered":"\n<p>En las 52 universidades e instituciones de educaci\u00f3n superior de la Rep\u00fablica Dominicana se aprob\u00f3 por exclamaci\u00f3n y unanimidad impartir la asignatura de ense\u00f1anza de la Constituci\u00f3n, pero en los niveles primarios y secundarios aun no se imparte la materia en violaci\u00f3n del Art\u00edculo 63 de la Carta Magna, afirm\u00f3 anoche el presidente del Tribunal Constitucional, Milton Ray Guevara.<\/p>\n\n\n\n<p>El magistrado deplor\u00f3 que mientras las universidades se esfuerzan porque sus estudiantes conozcan la Constituci\u00f3n, en las escuelas primarias y los liceos secundarios no se ense\u00f1a \u201cporque hay dos o tres gentes que no les interesa\u201d, lo que consider\u00f3 \u201cun crimen contra la Rep\u00fablica Dominicana\u201d.<\/p>\n\n\n\n<p>Al ser entrevistado por Pablo McKinney en su programa televisivo \u201cMcKinney\u201d, por Color Visi\u00f3n, Ray Guevara consider\u00f3 que el pa\u00eds necesita que los estudiantes de todos los niveles cursen una asignatura sobre Educaci\u00f3n Constitucional<\/p>\n\n\n\n<p>Declar\u00f3 que ha firmado tres acuerdos \u201ccon tres ministros diferentes y ahora est\u00e1n hablando m\u00e1s que nunca de la transversalidad. Eso es una desconsideraci\u00f3n a la Constituci\u00f3n\u201d.<\/p>\n\n\n\n<p>A su juicio, \u201cla Constituci\u00f3n es la Biblia institucional de un pa\u00eds. Donde m\u00e1s necesitan los j\u00f3venes conocer las normas de convivencia en la Rep\u00fablica Dominicana\u201d.<\/p>\n\n\n\n<p>El juez constitucional lament\u00f3 que en momentos en que en escuela p\u00fablica hay l\u00edos todos los d\u00edas, donde estudiantes \u201csacan navajas, golpean ni\u00f1as, queman butacas\u201d, los funcionarios no se interesen en que los j\u00f3venes conozcan sus derechos y deberes consagrados en la Carta Magna.<\/p>\n\n\n\n<p>En contraste, Ray Guevara dijo que en las universidades reina un clima de tranquilidad y entusiasmo para aprovechar el tiempo en la superaci\u00f3n.<\/p>\n\n\n\n<p>\u201cCincuentaid\u00f3s universidades e institutos van a impartir la ense\u00f1anza de la constituci\u00f3n, empezando con la Universidad del Caribe y Universidad APEC y en enero habr\u00e1 17 universidades con esa asignatura\u201d, exclam\u00f3 el presidente del TC.<\/p>\n\n\n\n<p>Advirti\u00f3 que se confunden quienes creen que la \u201cformaci\u00f3n sobre el contenido de la Constituci\u00f3n no es para los estudiantes de Derecho, porque estos se forman en sus fundamentos, sino que la asignatura es para \u201clos m\u00e9dicos, los ingenieros, administradores de empresas, economistas, enfermeras\u2026\u201d.<\/p>\n\n\n\n<p>Ray Guevara afirm\u00f3 que hay sectores que prefieren que los dominicanos ignoren la Constituci\u00f3n porque \u201cno quieren ciudadanos liberados, que conozcan sus derechos y deberes. Eso est\u00e1 latente\u201d.<\/p>\n\n\n\n<p>Cit\u00f3 que los ni\u00f1os norteamericanos se saben la Constituci\u00f3n con sus enmiendas y en Espa\u00f1a se ense\u00f1an los fundamentos constitucionales, pero en Rep\u00fablica Dominicana se colocan subterfugios para no hacerlo.<\/p>\n\n\n\n<p>\u201cEnse\u00f1ar la Constituci\u00f3n es educar en democracia\u201d, expres\u00f3 Ray Guevara, tras lo cual afirm\u00f3 que \u201cno hay democracia sin dem\u00f3cratas\u201d, que a su juicio se forman sobre la base de los principios de la convivencia.<\/p>\n\n\n\n<p>Inform\u00f3 que ha firmado tres convenios con ministros de Educaci\u00f3n, le regal\u00f3 12,000 ejemplares de la Constituci\u00f3n, con cinco derechos fundamentales, a color \u201cy no hay quien haga cumplir ese mandato del Art\u00edculo 63 de la Constituci\u00f3n\u201d.<\/p>\n\n\n\n<p>El Art\u00edculo 63, numeral 13, de la Constituci\u00f3n vigente dispone que \u201ccon la finalidad de formar ciudadanas y ciudadanos conscientes de sus derechos y deberes, en todas las instituciones de educaci\u00f3n p\u00fablica y privada, ser\u00e1n obligatorias la instrucci\u00f3n en la formaci\u00f3n social y c\u00edvica, la ense\u00f1anza de la Constituci\u00f3n, de los derechos y garant\u00edas fundamentales, de los valores patrios y de los principios de convivencia pac\u00edfica\u201d.<\/p>\n\n\n\n<p>Su retiro del Estado<\/p>\n\n\n\n<p>\u201cDios me dio la oportunidad de servir a mi pueblo\u201d, exclam\u00f3 Ray Guevara al agotar 25 a\u00f1os de servicio en el Estado, donde ha sido ministro, senador y presidente del Tribunal Constitucional.<\/p>\n\n\n\n<p>Indic\u00f3 que a su salida del Tribunal Constitucional el pr\u00f3ximo d\u00eda 28, se dedicar\u00e1 a la ense\u00f1anza y a trabajar en su oficina de consultor\u00eda jur\u00eddica.<\/p>\n\n\n\n<p>Al comentar su nueva condici\u00f3n luego de su retiro del servicio p\u00fablico, Ray Guevara prometi\u00f3 que \u201cel d\u00eda que esta patria est\u00e9 en peligro, ah\u00ed estar\u00e9 yo presente, aunque sea en silla de ruedas\u201d.<\/p>\n","protected":false},"excerpt":{"rendered":"<p>En las 52 universidades e instituciones de educaci\u00f3n superior de la Rep\u00fablica Dominicana se aprob\u00f3 por exclamaci\u00f3n y unanimidad impartir la asignatura de ense\u00f1anza de la Constituci\u00f3n, pero en los&hellip;<\/p>\n","protected":false},"author":2,"featured_media":69608,"comment_status":"open","ping_status":"open","sticky":false,"template":"","format":"standard","meta":{"content-type":"","jetpack_post_was_ever_published":false,"_jetpack_newsletter_access":"","_jetpack_dont_email_post_to_subs":false,"_jetpack_newsletter_tier_id":0,"_jetpack_memberships_contains_paywalled_content":false,"_jetpack_memberships_contains_paid_content":false,"footnotes":""},"categories":[35,25],"tags":[5066],"class_list":["post-69607","post","type-post","status-publish","format-standard","has-post-thumbnail","hentry","category-nacionales","category-portada","tag-milton-ray-guevara"],"jetpack_featured_media_url":"https:\/\/lasprimeras.com.do\/wp-content\/uploads\/2023\/12\/Milton-Ray-Guevara.jpg","jetpack-related-posts":[{"id":93698,"url":"https:\/\/lasprimeras.com.do\/index.php\/2025\/02\/18\/nombran-a-milton-ray-guevara-asesor-honorifico-de-fedomu\/","url_meta":{"origin":69607,"position":0},"title":"Nombran a Milton Ray Guevara asesor honor\u00edfico de Fedomu","author":"Nelson Feliz","date":"18 de febrero de 2025","format":false,"excerpt":"El presidente de la Federaci\u00f3n Dominicana de Municipios (Fedomu) y alcalde de Saman\u00e1, Nelson N\u00fa\u00f1ez, nombr\u00f3 este martes al doctor Milton Ray Guevara como asesor honorifico de esa entidad. El alcalde N\u00fa\u00f1ez hizo el anuncio durante la primera sesi\u00f3n del Consejo Directivo de la instituci\u00f3n asociativa municipalista, la cual aprob\u00f3\u2026","rel":"","context":"En \u00abNACIONALES\u00bb","block_context":{"text":"NACIONALES","link":"https:\/\/lasprimeras.com.do\/index.php\/category\/nacionales\/"},"img":{"alt_text":"","src":"https:\/\/i0.wp.com\/lasprimeras.com.do\/wp-content\/uploads\/2025\/02\/fedomu.jpg?resize=350%2C200&ssl=1","width":350,"height":200,"srcset":"https:\/\/i0.wp.com\/lasprimeras.com.do\/wp-content\/uploads\/2025\/02\/fedomu.jpg?resize=350%2C200&ssl=1 1x, https:\/\/i0.wp.com\/lasprimeras.com.do\/wp-content\/uploads\/2025\/02\/fedomu.jpg?resize=525%2C300&ssl=1 1.5x"},"classes":[]},{"id":70552,"url":"https:\/\/lasprimeras.com.do\/index.php\/2023\/12\/12\/unibe-reconoce-como-profesor-meritisimo-al-magistrado-milton-ray-guevara\/","url_meta":{"origin":69607,"position":1},"title":"Unibe reconoce como profesor merit\u00edsimo al magistrado Milton Ray Guevara","author":"Nelson Feliz","date":"12 de diciembre de 2023","format":false,"excerpt":"En una emotiva ceremonia realizada en sus instalaciones, la Universidad Iberoamericana, Unibe, otorg\u00f3 el grado de profesor merit\u00edsimo al magistrado Milton Ray Guevara, presidente del Tribunal Constitucional (TC). Es un reconocimiento a su excelente labor docente, su contribuci\u00f3n a la consolidaci\u00f3n de la maestr\u00eda en Derecho Constitucional de la universidad,\u2026","rel":"","context":"En \u00abNACIONALES\u00bb","block_context":{"text":"NACIONALES","link":"https:\/\/lasprimeras.com.do\/index.php\/category\/nacionales\/"},"img":{"alt_text":"Reconocimiento a magistrados fundadores del TC por UNIBE","src":"https:\/\/i0.wp.com\/lasprimeras.com.do\/wp-content\/uploads\/2023\/12\/Reconocimiento-a-magistrados-fundadores-del-TC-por-UNIBE-1.jpeg?resize=350%2C200&ssl=1","width":350,"height":200,"srcset":"https:\/\/i0.wp.com\/lasprimeras.com.do\/wp-content\/uploads\/2023\/12\/Reconocimiento-a-magistrados-fundadores-del-TC-por-UNIBE-1.jpeg?resize=350%2C200&ssl=1 1x, https:\/\/i0.wp.com\/lasprimeras.com.do\/wp-content\/uploads\/2023\/12\/Reconocimiento-a-magistrados-fundadores-del-TC-por-UNIBE-1.jpeg?resize=525%2C300&ssl=1 1.5x"},"classes":[]},{"id":72342,"url":"https:\/\/lasprimeras.com.do\/index.php\/2023\/12\/28\/seccional-de-abogados-del-dn-reconoce-trayectoria-profesional-de-milton-ray-guevara\/","url_meta":{"origin":69607,"position":2},"title":"Seccional de Abogados del DN reconoce trayectoria profesional de Milton Ray Guevara","author":"Nelson Feliz","date":"28 de diciembre de 2023","format":false,"excerpt":"La presidenta de la Seccional del CARD, Yudelka Laureano, resalt\u00f3 el compromiso y la entrega del doctor Ray Guevara por el respeto, ense\u00f1anza y conservaci\u00f3n de la Constituci\u00f3n dominicana. La Seccional de Abogados del Distrito Nacional (CARD) reconoci\u00f3 al doctor Milton Ray Guevara, presidente saliente del Tribunal Constitucional, por su\u2026","rel":"","context":"En \u00abNACIONALES\u00bb","block_context":{"text":"NACIONALES","link":"https:\/\/lasprimeras.com.do\/index.php\/category\/nacionales\/"},"img":{"alt_text":"Milton Ray Guevara","src":"https:\/\/i0.wp.com\/lasprimeras.com.do\/wp-content\/uploads\/2023\/12\/Milton-Ray-Guevara-3.jpg?resize=350%2C200&ssl=1","width":350,"height":200,"srcset":"https:\/\/i0.wp.com\/lasprimeras.com.do\/wp-content\/uploads\/2023\/12\/Milton-Ray-Guevara-3.jpg?resize=350%2C200&ssl=1 1x, https:\/\/i0.wp.com\/lasprimeras.com.do\/wp-content\/uploads\/2023\/12\/Milton-Ray-Guevara-3.jpg?resize=525%2C300&ssl=1 1.5x"},"classes":[]},{"id":63232,"url":"https:\/\/lasprimeras.com.do\/index.php\/2023\/10\/11\/milton-ray-guevara-afirma-consolidacion-de-democracia-constitucional-es-tarea-de-todos\/","url_meta":{"origin":69607,"position":3},"title":"Milton Ray Guevara afirma consolidaci\u00f3n de democracia constitucional es tarea de todos","author":"Nelson Feliz","date":"11 de octubre de 2023","format":false,"excerpt":"El presidente del Tribunal Constitucional, magistrado Milton Ray Guevara, dict\u00f3 la conferencia magistral \u00abConstituci\u00f3n, democracia, Congreso, rendici\u00f3n de cuentas y control del poder\u00bb, en el sal\u00f3n de la Asamblea Nacional del Congreso Nacional, en la que manifest\u00f3 que la consolidaci\u00f3n de una democracia constitucional es tarea de todos. \u00abLa responsabilidad\u2026","rel":"","context":"En \u00abNACIONALES\u00bb","block_context":{"text":"NACIONALES","link":"https:\/\/lasprimeras.com.do\/index.php\/category\/nacionales\/"},"img":{"alt_text":"Milton Ray Guevara","src":"https:\/\/i0.wp.com\/lasprimeras.com.do\/wp-content\/uploads\/2023\/10\/Magistrado-durante-conferencia.jpg?resize=350%2C200&ssl=1","width":350,"height":200,"srcset":"https:\/\/i0.wp.com\/lasprimeras.com.do\/wp-content\/uploads\/2023\/10\/Magistrado-durante-conferencia.jpg?resize=350%2C200&ssl=1 1x, https:\/\/i0.wp.com\/lasprimeras.com.do\/wp-content\/uploads\/2023\/10\/Magistrado-durante-conferencia.jpg?resize=525%2C300&ssl=1 1.5x"},"classes":[]},{"id":66379,"url":"https:\/\/lasprimeras.com.do\/index.php\/2023\/11\/06\/ray-guevara-destaca-proximo-ano-sera-de-grandes-desafios\/","url_meta":{"origin":69607,"position":4},"title":"Ray Guevara destaca pr\u00f3ximo a\u00f1o ser\u00e1 de grandes desaf\u00edos","author":"Nelson Feliz","date":"6 de noviembre de 2023","format":false,"excerpt":"El presidente del Tribunal Constitucional, Milton Ray Guevara destac\u00f3 que el a\u00f1o que se aproxima ser\u00e1 de grandes desaf\u00edos, debido al proceso electoral, el pueblo dominicano merece y quiere unas elecciones libres, di\u00e1fanas y transparentes, que se constituyan en la reiteraci\u00f3n de la voluntad de nuestro pueblo de decidir, por\u2026","rel":"","context":"En \u00abNACIONALES\u00bb","block_context":{"text":"NACIONALES","link":"https:\/\/lasprimeras.com.do\/index.php\/category\/nacionales\/"},"img":{"alt_text":"Milton Ray Guevara","src":"https:\/\/i0.wp.com\/lasprimeras.com.do\/wp-content\/uploads\/2023\/11\/Milton-Ray-Guebara-1.jpg?resize=350%2C200&ssl=1","width":350,"height":200,"srcset":"https:\/\/i0.wp.com\/lasprimeras.com.do\/wp-content\/uploads\/2023\/11\/Milton-Ray-Guebara-1.jpg?resize=350%2C200&ssl=1 1x, https:\/\/i0.wp.com\/lasprimeras.com.do\/wp-content\/uploads\/2023\/11\/Milton-Ray-Guebara-1.jpg?resize=525%2C300&ssl=1 1.5x, https:\/\/i0.wp.com\/lasprimeras.com.do\/wp-content\/uploads\/2023\/11\/Milton-Ray-Guebara-1.jpg?resize=700%2C400&ssl=1 2x"},"classes":[]},{"id":66376,"url":"https:\/\/lasprimeras.com.do\/index.php\/2023\/11\/06\/presidente-tc-reconoce-abinader-ha-demostrado-lealtad-y-respeto-a-la-constitucion\/","url_meta":{"origin":69607,"position":5},"title":"Presidente TC reconoce Abinader ha demostrado lealtad y respeto a la Constituci\u00f3n","author":"Nelson Feliz","date":"6 de noviembre de 2023","format":false,"excerpt":"Magistrado llama a fortalecer la democracia dominicana y el fortalecimiento institucional que son ejemplos para otros pa\u00edses de la regi\u00f3n. El presidente del Tribunal Constitucional, Milton Ray Guevara, resalt\u00f3 la presencia del presidente de la Rep\u00fablica, Luis Abinader a la audiencia solemne por la conmemoraci\u00f3n de cada aniversario de la\u2026","rel":"","context":"En \u00abNACIONALES\u00bb","block_context":{"text":"NACIONALES","link":"https:\/\/lasprimeras.com.do\/index.php\/category\/nacionales\/"},"img":{"alt_text":"Milton Ray Guevara","src":"https:\/\/i0.wp.com\/lasprimeras.com.do\/wp-content\/uploads\/2023\/11\/Milton-Ray-Guebara-1.jpg?resize=350%2C200&ssl=1","width":350,"height":200,"srcset":"https:\/\/i0.wp.com\/lasprimeras.com.do\/wp-content\/uploads\/2023\/11\/Milton-Ray-Guebara-1.jpg?resize=350%2C200&ssl=1 1x, https:\/\/i0.wp.com\/lasprimeras.com.do\/wp-content\/uploads\/2023\/11\/Milton-Ray-Guebara-1.jpg?resize=525%2C300&ssl=1 1.5x, https:\/\/i0.wp.com\/lasprimeras.com.do\/wp-content\/uploads\/2023\/11\/Milton-Ray-Guebara-1.jpg?resize=700%2C400&ssl=1 2x"},"classes":[]}],"jetpack_sharing_enabled":true,"_links":{"self":[{"href":"https:\/\/lasprimeras.com.do\/index.php\/wp-json\/wp\/v2\/posts\/69607","targetHints":{"allow":["GET"]}}],"collection":[{"href":"https:\/\/lasprimeras.com.do\/index.php\/wp-json\/wp\/v2\/posts"}],"about":[{"href":"https:\/\/lasprimeras.com.do\/index.php\/wp-json\/wp\/v2\/types\/post"}],"author":[{"embeddable":true,"href":"https:\/\/lasprimeras.com.do\/index.php\/wp-json\/wp\/v2\/users\/2"}],"replies":[{"embeddable":true,"href":"https:\/\/lasprimeras.com.do\/index.php\/wp-json\/wp\/v2\/comments?post=69607"}],"version-history":[{"count":1,"href":"https:\/\/lasprimeras.com.do\/index.php\/wp-json\/wp\/v2\/posts\/69607\/revisions"}],"predecessor-version":[{"id":69609,"href":"https:\/\/lasprimeras.com.do\/index.php\/wp-json\/wp\/v2\/posts\/69607\/revisions\/69609"}],"wp:featuredmedia":[{"embeddable":true,"href":"https:\/\/lasprimeras.com.do\/index.php\/wp-json\/wp\/v2\/media\/69608"}],"wp:attachment":[{"href":"https:\/\/lasprimeras.com.do\/index.php\/wp-json\/wp\/v2\/media?parent=69607"}],"wp:term":[{"taxonomy":"category","embeddable":true,"href":"https:\/\/lasprimeras.com.do\/index.php\/wp-json\/wp\/v2\/categories?post=69607"},{"taxonomy":"post_tag","embeddable":true,"href":"https:\/\/lasprimeras.com.do\/index.php\/wp-json\/wp\/v2\/tags?post=69607"}],"curies":[{"name":"wp","href":"https:\/\/api.w.org\/{rel}","templated":true}]}}