{"id":69664,"date":"2023-12-04T22:52:45","date_gmt":"2023-12-05T02:52:45","guid":{"rendered":"https:\/\/lasprimeras.com.do\/?p=69664"},"modified":"2023-12-04T22:52:47","modified_gmt":"2023-12-05T02:52:47","slug":"alianza-prm-udc-presenta-candidatos-a-diputado-alcalde-y-regidor-por-la-caleta-y-valiente-sde","status":"publish","type":"post","link":"https:\/\/lasprimeras.com.do\/index.php\/2023\/12\/04\/alianza-prm-udc-presenta-candidatos-a-diputado-alcalde-y-regidor-por-la-caleta-y-valiente-sde\/","title":{"rendered":"Alianza PRM-UDC presenta candidatos a diputado, alcalde y regidor por La Caleta y Valiente SDE"},"content":{"rendered":"\n<p>La alianza de los partidos Uni\u00f3n Dem\u00f3crata Cristiana \u2013UDC- y Revolucionario Moderno -PRM- proclam\u00f3 en el fin de semana a sus candidatos a diputada, alcalde y regidor, en el sector Valiente, la Caleta, en Santo Domingo Este.<\/p>\n\n\n\n<p>Por la Unidad de la UDC y PRM, Mar\u00eda Su\u00e1rez, ser\u00e1 candidata a diputada, mientras que aspirar\u00e1 a la alcald\u00eda M\u00e1ximo Soriano y como regidor, Leandro Polanco.<\/p>\n\n\n\n<p>En el discurso central del acto, Luis Acosta Moreta, Luis \u201cEl Gallo\u201d, presidente de la UDC, dijo que la unidad monol\u00edtica con el presidente Luis Abinader y el PRM para las venideras elecciones garantiza la victoria en la primera vuelta.<\/p>\n\n\n\n<p>Enfatiz\u00f3 que con los programas sociales que lleva a cabo el presidente Abinader, y los trabajos para lograr el desarrollo nacional, la oposici\u00f3n no tiene nada que buscar, y ya pueden comenzar a recoger sus deseos de volver al poder.<\/p>\n\n\n\n<p>Hizo un llamado a los comunitarios de La Caleta, y Valiente, en Santo Domingo Este, para que en las elecciones presidenciales y municipales voten en la casilla 20 de la UDC, que siempre trabaja por El Bien Com\u00fan, y apoya resueltamente al presidente Abinader, para que gane en primera vuelta.-<\/p>\n\n\n\n<p>En la apertura del acto, dio la bienvenida el presidente de la UDC, en La Caleta, Juan Manuel Villanueva Fajardo. Al acto asistieron los miembros del comit\u00e9 pol\u00edtico de la UDC, encabezados por V\u00edctor Silverio, secretario general; ArielRosario, secretario de organizaci\u00f3n; Ariel Rosario, Damaris P\u00e9rez, secretaria Electoral; V\u00edctor Ram\u00edrez, secretario de asuntos municipales y Ariel Montero, secretario de Inform\u00e1tica.<\/p>\n","protected":false},"excerpt":{"rendered":"<p>La alianza de los partidos Uni\u00f3n Dem\u00f3crata Cristiana \u2013UDC- y Revolucionario Moderno -PRM- proclam\u00f3 en el fin de semana a sus candidatos a diputada, alcalde y regidor, en el sector&hellip;<\/p>\n","protected":false},"author":2,"featured_media":69665,"comment_status":"open","ping_status":"open","sticky":false,"template":"","format":"standard","meta":{"content-type":"","jetpack_post_was_ever_published":false,"_jetpack_newsletter_access":"","_jetpack_dont_email_post_to_subs":false,"_jetpack_newsletter_tier_id":0,"_jetpack_memberships_contains_paywalled_content":false,"_jetpack_memberships_contains_paid_content":false,"footnotes":""},"categories":[25],"tags":[161,50,2621,78,1317,10145,32,10146],"class_list":["post-69664","post","type-post","status-publish","format-standard","has-post-thumbnail","hentry","category-portada","tag-alcalde","tag-alianza","tag-candidatos","tag-diputado","tag-la-caleta","tag-prm-udc","tag-regidor","tag-valiente-sde"],"jetpack_featured_media_url":"https:\/\/lasprimeras.com.do\/wp-content\/uploads\/2023\/12\/Luis-Acosta-Moreta-1.jpg","jetpack-related-posts":[{"id":80395,"url":"https:\/\/lasprimeras.com.do\/index.php\/2024\/04\/08\/udc-proclama-a-maria-suarez-candidata-a-diputada-en-sde\/","url_meta":{"origin":69664,"position":0},"title":"UDC proclama a Mar\u00eda Su\u00e1rez candidata a diputada en SDE","author":"BIMARY DE JES\u00daS Matos","date":"8 de abril de 2024","format":false,"excerpt":"SANTO DOMINGO ESTE, RD-. El Partido Uni\u00f3n Dem\u00f3crata Cristiana (UDC) ha anunciado oficialmente a Mar\u00eda Su\u00e1rez como su candidata a diputada por la Circunscripci\u00f3n N\u00famero 3 en la provincia de Santo Domingo Este. Su\u00e1rez, actualmente diputada por esta circunscripci\u00f3n, el (PRM) y La UDC tienen un Pacto de alianzas en\u2026","rel":"","context":"En \u00abSin categor\u00eda\u00bb","block_context":{"text":"Sin categor\u00eda","link":"https:\/\/lasprimeras.com.do\/index.php\/category\/sin-categoria\/"},"img":{"alt_text":"","src":"https:\/\/i0.wp.com\/lasprimeras.com.do\/wp-content\/uploads\/2024\/04\/WhatsApp-Image-2024-04-08-at-7.29.44-AM.jpeg?resize=350%2C200&ssl=1","width":350,"height":200,"srcset":"https:\/\/i0.wp.com\/lasprimeras.com.do\/wp-content\/uploads\/2024\/04\/WhatsApp-Image-2024-04-08-at-7.29.44-AM.jpeg?resize=350%2C200&ssl=1 1x, https:\/\/i0.wp.com\/lasprimeras.com.do\/wp-content\/uploads\/2024\/04\/WhatsApp-Image-2024-04-08-at-7.29.44-AM.jpeg?resize=525%2C300&ssl=1 1.5x, https:\/\/i0.wp.com\/lasprimeras.com.do\/wp-content\/uploads\/2024\/04\/WhatsApp-Image-2024-04-08-at-7.29.44-AM.jpeg?resize=700%2C400&ssl=1 2x, https:\/\/i0.wp.com\/lasprimeras.com.do\/wp-content\/uploads\/2024\/04\/WhatsApp-Image-2024-04-08-at-7.29.44-AM.jpeg?resize=1050%2C600&ssl=1 3x"},"classes":[]},{"id":75977,"url":"https:\/\/lasprimeras.com.do\/index.php\/2024\/02\/06\/udc-proclama-a-francisco-pena-como-su-candidato-a-la-alcaldia-por-sd-oeste\/","url_meta":{"origin":69664,"position":1},"title":"UDC proclama a Francisco Pe\u00f1a como su candidato a la Alcald\u00eda por SD-Oeste","author":"Nelson Feliz","date":"6 de febrero de 2024","format":false,"excerpt":"Tambi\u00e9n a Jos\u00e9 Radham\u00e9s candidato a regidor por Santo Domingo Oeste. El Partido Uni\u00f3n Dem\u00f3crata Cristiana (UDC), proclam\u00f3 este lunes a Francisco Pe\u00f1a, como su candidato a la Alcald\u00eda de este municipio en un acto en el que el candidato a regidor Jos\u00e9 Radham\u00e9s entreg\u00f3 al candidato las propuestas que\u2026","rel":"","context":"En \u00abPORTADA\u00bb","block_context":{"text":"PORTADA","link":"https:\/\/lasprimeras.com.do\/index.php\/category\/portada\/"},"img":{"alt_text":"Luis Acosta Moreta y Francisco Pe\u00f1a","src":"https:\/\/i0.wp.com\/lasprimeras.com.do\/wp-content\/uploads\/2024\/02\/Luis-Acosta-Moreta-y-Francisco-Pena.jpg?resize=350%2C200&ssl=1","width":350,"height":200,"srcset":"https:\/\/i0.wp.com\/lasprimeras.com.do\/wp-content\/uploads\/2024\/02\/Luis-Acosta-Moreta-y-Francisco-Pena.jpg?resize=350%2C200&ssl=1 1x, https:\/\/i0.wp.com\/lasprimeras.com.do\/wp-content\/uploads\/2024\/02\/Luis-Acosta-Moreta-y-Francisco-Pena.jpg?resize=525%2C300&ssl=1 1.5x, https:\/\/i0.wp.com\/lasprimeras.com.do\/wp-content\/uploads\/2024\/02\/Luis-Acosta-Moreta-y-Francisco-Pena.jpg?resize=700%2C400&ssl=1 2x"},"classes":[]},{"id":110201,"url":"https:\/\/lasprimeras.com.do\/index.php\/2025\/09\/25\/propeep-desarrolla-jornada-primero-tu-en-valiente-la-caleta\/","url_meta":{"origin":69664,"position":2},"title":"Propeep desarrolla jornada \u201cPrimero T\u00fa\u201d en Valiente, La Caleta","author":"Nelson Feliz","date":"25 de septiembre de 2025","format":false,"excerpt":"\u201dAqu\u00ed estamos reafirmando el compromiso del presidente Luis Abinader, de trabajar en favor de los sectores m\u00e1s necesitados del pa\u00eds\u201d Bajo una copiosa lluvia, pero con el compromiso social de seguir transformando la vida de los ni\u00f1os, j\u00f3venes, adultos y madres solteras del pa\u00eds, el director general de Proyectos Estrat\u00e9gicos\u2026","rel":"","context":"En \u00abPORTADA\u00bb","block_context":{"text":"PORTADA","link":"https:\/\/lasprimeras.com.do\/index.php\/category\/portada\/"},"img":{"alt_text":"","src":"https:\/\/i0.wp.com\/lasprimeras.com.do\/wp-content\/uploads\/2025\/09\/Robert-Polanco-1.jpg?resize=350%2C200&ssl=1","width":350,"height":200,"srcset":"https:\/\/i0.wp.com\/lasprimeras.com.do\/wp-content\/uploads\/2025\/09\/Robert-Polanco-1.jpg?resize=350%2C200&ssl=1 1x, https:\/\/i0.wp.com\/lasprimeras.com.do\/wp-content\/uploads\/2025\/09\/Robert-Polanco-1.jpg?resize=525%2C300&ssl=1 1.5x, https:\/\/i0.wp.com\/lasprimeras.com.do\/wp-content\/uploads\/2025\/09\/Robert-Polanco-1.jpg?resize=700%2C400&ssl=1 2x"},"classes":[]},{"id":122687,"url":"https:\/\/lasprimeras.com.do\/index.php\/2026\/02\/20\/udc-pide-se-impulse-artesania-local-en-la-ruta-del-encuentro-de-dos-civilizaciones\/","url_meta":{"origin":69664,"position":3},"title":"UDC pide se impulse artesan\u00eda local en la ruta del encuentro de dos civilizaciones","author":"Nelson Feliz","date":"20 de febrero de 2026","format":false,"excerpt":"El l\u00edder de la Uni\u00f3n Dem\u00f3crata Cristiana \u2013UDC-, Luis Acosta Moreta, Luis \u201cEl Gallo\u201d, salud\u00f3 hoy la presentaci\u00f3n por el presidente Luis Abinader de la Ruta del Encuentro de Dos Civilizaciones, que impulsar\u00e1 el desarrollo del turismo. Al mismo tiempo reclam\u00f3 que se impulse a la artesan\u00eda local, incluyendo al\u2026","rel":"","context":"En \u00abPOLITICA\u00bb","block_context":{"text":"POLITICA","link":"https:\/\/lasprimeras.com.do\/index.php\/category\/politica\/"},"img":{"alt_text":"","src":"https:\/\/i0.wp.com\/lasprimeras.com.do\/wp-content\/uploads\/2026\/02\/IMG-20260210-WA1032.jpg?resize=350%2C200&ssl=1","width":350,"height":200,"srcset":"https:\/\/i0.wp.com\/lasprimeras.com.do\/wp-content\/uploads\/2026\/02\/IMG-20260210-WA1032.jpg?resize=350%2C200&ssl=1 1x, https:\/\/i0.wp.com\/lasprimeras.com.do\/wp-content\/uploads\/2026\/02\/IMG-20260210-WA1032.jpg?resize=525%2C300&ssl=1 1.5x, https:\/\/i0.wp.com\/lasprimeras.com.do\/wp-content\/uploads\/2026\/02\/IMG-20260210-WA1032.jpg?resize=700%2C400&ssl=1 2x"},"classes":[]},{"id":60023,"url":"https:\/\/lasprimeras.com.do\/index.php\/2023\/09\/09\/roberto-angel-juramenta-50-presidentes-de-comite-de-base-del-pld-en-la-caleta\/","url_meta":{"origin":69664,"position":4},"title":"Roberto \u00c1ngel\u00a0 juramenta 50 presidentes de comit\u00e9 de base del PLD en La Caleta","author":"Nelson Feliz","date":"9 de septiembre de 2023","format":false,"excerpt":"Con los juramentados este s\u00e1bado, totalizan m\u00e1s de 100 los ex dirigentes que abandonan la oposici\u00f3n para integrarse en la Unidad Externa de apoyo a la reelecci\u00f3n del presidente Luis Abinader. El miembro de la Direcci\u00f3n Ejecutiva del Partido Revolucionario Moderno (PRM), Roberto \u00c1ngel Salcedo, jurament\u00f3 este s\u00e1bado en la\u2026","rel":"","context":"En \u00abPORTADA\u00bb","block_context":{"text":"PORTADA","link":"https:\/\/lasprimeras.com.do\/index.php\/category\/portada\/"},"img":{"alt_text":"Roberto \u00c1ngel Salcedo","src":"https:\/\/i0.wp.com\/lasprimeras.com.do\/wp-content\/uploads\/2023\/09\/Roberto-Angel-Salcedo-3.jpg?resize=350%2C200&ssl=1","width":350,"height":200,"srcset":"https:\/\/i0.wp.com\/lasprimeras.com.do\/wp-content\/uploads\/2023\/09\/Roberto-Angel-Salcedo-3.jpg?resize=350%2C200&ssl=1 1x, https:\/\/i0.wp.com\/lasprimeras.com.do\/wp-content\/uploads\/2023\/09\/Roberto-Angel-Salcedo-3.jpg?resize=525%2C300&ssl=1 1.5x, https:\/\/i0.wp.com\/lasprimeras.com.do\/wp-content\/uploads\/2023\/09\/Roberto-Angel-Salcedo-3.jpg?resize=700%2C400&ssl=1 2x"},"classes":[]},{"id":101209,"url":"https:\/\/lasprimeras.com.do\/index.php\/2025\/06\/17\/marcial-reyes-dice-que-con-el-prm-el-pueblo-no-ha-tenido-descanso\/","url_meta":{"origin":69664,"position":5},"title":"Marcial Reyes dice que con el PRM el pueblo no ha tenido descanso","author":"Nelson Feliz","date":"17 de junio de 2025","format":false,"excerpt":"Desalojos en La Caleta, Provincia Santo Domingo, est\u00e1n dejando sin hogar decenas de familias, denuncia el exalcalde Marcial Reyes. El dirigente del Partido de la Liberaci\u00f3n Dominicana (PLD), Marcial Reyes Suberv\u00ed, denunci\u00f3 los desalojos que se est\u00e1n realizando en La Caleta, provincia Santo Domingo, los cuales est\u00e1n dejando sin hogar\u2026","rel":"","context":"En \u00abPOLITICA\u00bb","block_context":{"text":"POLITICA","link":"https:\/\/lasprimeras.com.do\/index.php\/category\/politica\/"},"img":{"alt_text":"","src":"https:\/\/i0.wp.com\/lasprimeras.com.do\/wp-content\/uploads\/2025\/06\/Marcial-Reyes-Subervi.png?resize=350%2C200&ssl=1","width":350,"height":200,"srcset":"https:\/\/i0.wp.com\/lasprimeras.com.do\/wp-content\/uploads\/2025\/06\/Marcial-Reyes-Subervi.png?resize=350%2C200&ssl=1 1x, https:\/\/i0.wp.com\/lasprimeras.com.do\/wp-content\/uploads\/2025\/06\/Marcial-Reyes-Subervi.png?resize=525%2C300&ssl=1 1.5x, https:\/\/i0.wp.com\/lasprimeras.com.do\/wp-content\/uploads\/2025\/06\/Marcial-Reyes-Subervi.png?resize=700%2C400&ssl=1 2x"},"classes":[]}],"jetpack_sharing_enabled":true,"_links":{"self":[{"href":"https:\/\/lasprimeras.com.do\/index.php\/wp-json\/wp\/v2\/posts\/69664","targetHints":{"allow":["GET"]}}],"collection":[{"href":"https:\/\/lasprimeras.com.do\/index.php\/wp-json\/wp\/v2\/posts"}],"about":[{"href":"https:\/\/lasprimeras.com.do\/index.php\/wp-json\/wp\/v2\/types\/post"}],"author":[{"embeddable":true,"href":"https:\/\/lasprimeras.com.do\/index.php\/wp-json\/wp\/v2\/users\/2"}],"replies":[{"embeddable":true,"href":"https:\/\/lasprimeras.com.do\/index.php\/wp-json\/wp\/v2\/comments?post=69664"}],"version-history":[{"count":1,"href":"https:\/\/lasprimeras.com.do\/index.php\/wp-json\/wp\/v2\/posts\/69664\/revisions"}],"predecessor-version":[{"id":69666,"href":"https:\/\/lasprimeras.com.do\/index.php\/wp-json\/wp\/v2\/posts\/69664\/revisions\/69666"}],"wp:featuredmedia":[{"embeddable":true,"href":"https:\/\/lasprimeras.com.do\/index.php\/wp-json\/wp\/v2\/media\/69665"}],"wp:attachment":[{"href":"https:\/\/lasprimeras.com.do\/index.php\/wp-json\/wp\/v2\/media?parent=69664"}],"wp:term":[{"taxonomy":"category","embeddable":true,"href":"https:\/\/lasprimeras.com.do\/index.php\/wp-json\/wp\/v2\/categories?post=69664"},{"taxonomy":"post_tag","embeddable":true,"href":"https:\/\/lasprimeras.com.do\/index.php\/wp-json\/wp\/v2\/tags?post=69664"}],"curies":[{"name":"wp","href":"https:\/\/api.w.org\/{rel}","templated":true}]}}