{"id":69690,"date":"2023-12-05T06:51:00","date_gmt":"2023-12-05T10:51:00","guid":{"rendered":"https:\/\/lasprimeras.com.do\/?p=69690"},"modified":"2023-12-05T06:51:02","modified_gmt":"2023-12-05T10:51:02","slug":"juez-fusiona-caso-de-oficial-e-hijo-la-quema","status":"publish","type":"post","link":"https:\/\/lasprimeras.com.do\/index.php\/2023\/12\/05\/juez-fusiona-caso-de-oficial-e-hijo-la-quema\/","title":{"rendered":"Juez fusiona caso de oficial e hijo La Quema"},"content":{"rendered":"\n<p>SANTO DOMINGO.-Justicia. Un juez de la Oficina de Atenci\u00f3n Permanente de San Crist\u00f3bal dispuso la fusi\u00f3n de los expedientes que involucran al hijo de Jos\u00e9 Antonio Figuereo Bautista (Kiko la Quema) y de un teniente coronel retirado de la Polic\u00eda Nacional, por tratarse de un mismo caso.<\/p>\n\n\n\n<p>Esto luego de acoger el pedimento del Ministerio P\u00fablico, que acusa al oficial Elvis de la Rosa de Le\u00f3n y Jonathan Emeterio Lorenzo, de integrar una organizaci\u00f3n criminal dedicada al narcotr\u00e1fico y lavado de activos, liderada por Kiko la Quema.<\/p>\n\n\n\n<p>Tras la decisi\u00f3n de la fusi\u00f3n del expediente, el magistrado aplaz\u00f3 para el viernes conocer la solicitud de medida de coerci\u00f3n a los imputados, por pedimento de la defensa del detebudi De la Rosa de Le\u00f3n.<\/p>\n\n\n\n<p>A mbos se les imputa trafico de drogas, lavado de activos, porte ilegal de arma entre otros delitos.<\/p>\n\n\n\n<p>Durante el apresamiento de este imputado se le ocup\u00f3 una pistola marca Taurus, con su cargador y nueve c\u00e1psulas, que portaba de manera ilegal, as\u00ed como tambi\u00e9n la suma de RD$138,600 y un tel\u00e9fono celular. Mientras, que a Lorenzo, le fue ocupado un telefono celular marca IPhone.<\/p>\n\n\n\n<p>Las autoridades contin\u00faan con la b\u00fasqueda Kiko la Quema en San Crist\u00f3bal y otros lugares del pa\u00eds.<\/p>\n","protected":false},"excerpt":{"rendered":"<p>SANTO DOMINGO.-Justicia. Un juez de la Oficina de Atenci\u00f3n Permanente de San Crist\u00f3bal dispuso la fusi\u00f3n de los expedientes que involucran al hijo de Jos\u00e9 Antonio Figuereo Bautista (Kiko la&hellip;<\/p>\n","protected":false},"author":3,"featured_media":69691,"comment_status":"open","ping_status":"open","sticky":false,"template":"","format":"standard","meta":{"content-type":"","jetpack_post_was_ever_published":false,"_jetpack_newsletter_access":"","_jetpack_dont_email_post_to_subs":false,"_jetpack_newsletter_tier_id":0,"_jetpack_memberships_contains_paywalled_content":false,"_jetpack_memberships_contains_paid_content":false,"footnotes":""},"categories":[35],"tags":[9825],"class_list":["post-69690","post","type-post","status-publish","format-standard","has-post-thumbnail","hentry","category-nacionales","tag-kiko-la-quema"],"jetpack_featured_media_url":"https:\/\/lasprimeras.com.do\/wp-content\/uploads\/2023\/12\/whatsapp-image-2023-11-06-at-84144-pm-1024x681-2.webp","jetpack-related-posts":[{"id":69287,"url":"https:\/\/lasprimeras.com.do\/index.php\/2023\/12\/01\/parientes-de-kiko-la-quema-puestos-nueva-vez-bajo-arresto\/","url_meta":{"origin":69690,"position":0},"title":"Parientes de \u201cKiko la Quema\u201d puestos nueva vez bajo arresto","author":"BIMARY DE JES\u00daS Matos","date":"1 de diciembre de 2023","format":false,"excerpt":"Santo Domingo.-La Polic\u00eda contin\u00faa los arrestos de parientes y presuntos vinculados al fugitivo Jos\u00e9 Antonio Figuereo Bautista, alias \u201cKiko la Quema\u201d, entre ellos una hija de \u00e9ste, de 14 a\u00f1os, seg\u00fan denunciaron ante List\u00edn Diario residentes en Cambita Garabito. Ayer hab\u00eda 11 detenidos confirmados. Nueve en el destacamento de Cambita\u2026","rel":"","context":"En \u00abNACIONALES\u00bb","block_context":{"text":"NACIONALES","link":"https:\/\/lasprimeras.com.do\/index.php\/category\/nacionales\/"},"img":{"alt_text":"","src":"https:\/\/i0.wp.com\/lasprimeras.com.do\/wp-content\/uploads\/2023\/12\/Noticias-de-energia-51-1.jpg?resize=350%2C200&ssl=1","width":350,"height":200,"srcset":"https:\/\/i0.wp.com\/lasprimeras.com.do\/wp-content\/uploads\/2023\/12\/Noticias-de-energia-51-1.jpg?resize=350%2C200&ssl=1 1x, https:\/\/i0.wp.com\/lasprimeras.com.do\/wp-content\/uploads\/2023\/12\/Noticias-de-energia-51-1.jpg?resize=525%2C300&ssl=1 1.5x"},"classes":[]},{"id":68909,"url":"https:\/\/lasprimeras.com.do\/index.php\/2023\/11\/28\/solicitan-medida-de-coercion-contra-dos-miembros-de-la-red-de-kiko-la-quema\/","url_meta":{"origin":69690,"position":1},"title":"Solicitan medida de coerci\u00f3n contra dos miembros de la red de &#8220;Kiko la Quema&#8221;","author":"Nelson Feliz","date":"28 de noviembre de 2023","format":false,"excerpt":"Los imputados son el teniente coronel retirado de la Polic\u00eda Elvi de la Rosa de Le\u00f3n y Jonathan Emeterio Lorenzo. El Ministerio P\u00fablico deposit\u00f3 ante la Oficina de Atenci\u00f3n Permanente de San Crist\u00f3bal la solicitud de medida de coerci\u00f3n en contra dos hombres imputados por pertenecer a una organizaci\u00f3n criminal\u2026","rel":"","context":"En \u00abJUSTICIA\u00bb","block_context":{"text":"JUSTICIA","link":"https:\/\/lasprimeras.com.do\/index.php\/category\/justicia\/"},"img":{"alt_text":"Kiko la Quema","src":"https:\/\/i0.wp.com\/lasprimeras.com.do\/wp-content\/uploads\/2023\/11\/Kiko-la-Quema.jpg?resize=350%2C200&ssl=1","width":350,"height":200,"srcset":"https:\/\/i0.wp.com\/lasprimeras.com.do\/wp-content\/uploads\/2023\/11\/Kiko-la-Quema.jpg?resize=350%2C200&ssl=1 1x, https:\/\/i0.wp.com\/lasprimeras.com.do\/wp-content\/uploads\/2023\/11\/Kiko-la-Quema.jpg?resize=525%2C300&ssl=1 1.5x, https:\/\/i0.wp.com\/lasprimeras.com.do\/wp-content\/uploads\/2023\/11\/Kiko-la-Quema.jpg?resize=700%2C400&ssl=1 2x"},"classes":[]},{"id":68660,"url":"https:\/\/lasprimeras.com.do\/index.php\/2023\/11\/26\/pn-mata-hombre-y-apresa-coronel-vinculado-al-microtraficante-kiko-la-quema-en-sc\/","url_meta":{"origin":69690,"position":2},"title":"PN mata hombre y apresa coronel vinculado al microtraficante &#8220;Kiko la Quema&#8221; en SC","author":"Nelson Feliz","date":"26 de noviembre de 2023","format":false,"excerpt":"La Polic\u00eda Nacional inform\u00f3 que mat\u00f3 a un hombre al que se\u00f1ala como miembro de la banda de Jos\u00e9 Antonio Figuereo Bautista, \"Kiko la Quema\", de quien dice, se dedica al microtr\u00e1fico de drogas en San Crist\u00f3bal y est\u00e1 pr\u00f3fugo. Una nota de prensa se\u00f1ala que el occiso es Yunior\u2026","rel":"","context":"En \u00abMILITARES\u00bb","block_context":{"text":"MILITARES","link":"https:\/\/lasprimeras.com.do\/index.php\/category\/militares\/"},"img":{"alt_text":"Armas y dinero ocupado por la Polic\u00eda Nacional al hombre que falleci\u00f3 en San Crist\u00f3bal","src":"https:\/\/i0.wp.com\/lasprimeras.com.do\/wp-content\/uploads\/2023\/11\/Armas-y-dinero-ocupado-por-la-Policia-Nacional-al-hombre-que-fallecio-en-San-Cristobal.jpg?resize=350%2C200&ssl=1","width":350,"height":200,"srcset":"https:\/\/i0.wp.com\/lasprimeras.com.do\/wp-content\/uploads\/2023\/11\/Armas-y-dinero-ocupado-por-la-Policia-Nacional-al-hombre-que-fallecio-en-San-Cristobal.jpg?resize=350%2C200&ssl=1 1x, https:\/\/i0.wp.com\/lasprimeras.com.do\/wp-content\/uploads\/2023\/11\/Armas-y-dinero-ocupado-por-la-Policia-Nacional-al-hombre-que-fallecio-en-San-Cristobal.jpg?resize=525%2C300&ssl=1 1.5x, https:\/\/i0.wp.com\/lasprimeras.com.do\/wp-content\/uploads\/2023\/11\/Armas-y-dinero-ocupado-por-la-Policia-Nacional-al-hombre-que-fallecio-en-San-Cristobal.jpg?resize=700%2C400&ssl=1 2x"},"classes":[]},{"id":68866,"url":"https:\/\/lasprimeras.com.do\/index.php\/2023\/11\/28\/hermano-de-kiko-la-quema-cuando-menor-lo-entregue-dos-veces-le-pedimos-que-se-entregue\/","url_meta":{"origin":69690,"position":3},"title":"Hermano de Kiko la Quema: Cuando menor lo entregue dos veces; le pedimos que se entregue","author":"Nelson Feliz","date":"28 de noviembre de 2023","format":false,"excerpt":"El campesino, evidentemente indignado,clama para que se detenga el maltrato contra \u00e9l y sus hermanas que no tienen que ver con el fugitivo. \u201cYo quiero que el presidente y la Polic\u00eda entienda que soy la \u00faltima persona que \u00e9l (Kiko la Quema) va a buscar, porque sabe que lo voy\u2026","rel":"","context":"En \u00abNACIONALES\u00bb","block_context":{"text":"NACIONALES","link":"https:\/\/lasprimeras.com.do\/index.php\/category\/nacionales\/"},"img":{"alt_text":"El hermano mayor de >Kiko la Quema es un campesino que dice estar distanciado del fugitivo","src":"https:\/\/i0.wp.com\/lasprimeras.com.do\/wp-content\/uploads\/2023\/11\/El-hermano-mayor-de-Kiko-la-Quema-es-un-campesino-que-dice-estar-distanciado-del-fugitivo.jpeg?resize=350%2C200&ssl=1","width":350,"height":200,"srcset":"https:\/\/i0.wp.com\/lasprimeras.com.do\/wp-content\/uploads\/2023\/11\/El-hermano-mayor-de-Kiko-la-Quema-es-un-campesino-que-dice-estar-distanciado-del-fugitivo.jpeg?resize=350%2C200&ssl=1 1x, https:\/\/i0.wp.com\/lasprimeras.com.do\/wp-content\/uploads\/2023\/11\/El-hermano-mayor-de-Kiko-la-Quema-es-un-campesino-que-dice-estar-distanciado-del-fugitivo.jpeg?resize=525%2C300&ssl=1 1.5x, https:\/\/i0.wp.com\/lasprimeras.com.do\/wp-content\/uploads\/2023\/11\/El-hermano-mayor-de-Kiko-la-Quema-es-un-campesino-que-dice-estar-distanciado-del-fugitivo.jpeg?resize=700%2C400&ssl=1 2x"},"classes":[]},{"id":71778,"url":"https:\/\/lasprimeras.com.do\/index.php\/2023\/12\/22\/hija-de-kiko-la-quema-denuncia-policias-destruyeron-sus-pertenencias-buscando-a-su-padre\/","url_meta":{"origin":69690,"position":4},"title":"Hija de &#8220;Kiko la Quema&#8221; denuncia polic\u00edas destruyeron sus pertenencias buscando a su padre","author":"BIMARY DE JES\u00daS Matos","date":"22 de diciembre de 2023","format":false,"excerpt":"Santo Domingo.-Una de las hijas de Jos\u00e9 Antonio Figuereo, alias \"Kiko la Quema\", denunci\u00f3 a trav\u00e9s de Diario Libre que agentes de la Polic\u00eda Nacional ingresaron a su residencia y le destruyeron todas sus pertenencias sin ella estar presente. Flor Mar\u00eda Figuero, de 17 a\u00f1os, manifest\u00f3 que producto de la\u2026","rel":"","context":"En \u00abNACIONALES\u00bb","block_context":{"text":"NACIONALES","link":"https:\/\/lasprimeras.com.do\/index.php\/category\/nacionales\/"},"img":{"alt_text":"","src":"","width":0,"height":0},"classes":[]},{"id":68923,"url":"https:\/\/lasprimeras.com.do\/index.php\/2023\/11\/27\/abinader-le-recomienda-a-kiko-la-quema-entregarse-asegura-es-lo-que-le-conviene\/","url_meta":{"origin":69690,"position":5},"title":"Abinader le recomienda a Kiko la Quema entregarse; asegura es lo que le conviene","author":"Nelson Feliz","date":"27 de noviembre de 2023","format":false,"excerpt":"El presidente Luis Abinader le recomend\u00f3 este lunes al presunto delincuente Jos\u00e9 Antonio Figuereo Bautista, conocido como \u00abKiko la Quema\u00bb, entregarse a las autoridades. El jefe de Estado asegur\u00f3, que entregarse es lo que m\u00e1s le conviene al supuesto l\u00edder de una banda criminal peligrosa de San Crist\u00f3bal. \u00ab\u00c9l lo\u2026","rel":"","context":"En \u00abNACIONALES\u00bb","block_context":{"text":"NACIONALES","link":"https:\/\/lasprimeras.com.do\/index.php\/category\/nacionales\/"},"img":{"alt_text":"","src":"https:\/\/i0.wp.com\/lasprimeras.com.do\/wp-content\/uploads\/2023\/11\/abinader-le-recomienda-a-kiko-la-quema-entregarse-asegura-es-lo-que-le-conviene.jpg?resize=350%2C200&ssl=1","width":350,"height":200,"srcset":"https:\/\/i0.wp.com\/lasprimeras.com.do\/wp-content\/uploads\/2023\/11\/abinader-le-recomienda-a-kiko-la-quema-entregarse-asegura-es-lo-que-le-conviene.jpg?resize=350%2C200&ssl=1 1x, https:\/\/i0.wp.com\/lasprimeras.com.do\/wp-content\/uploads\/2023\/11\/abinader-le-recomienda-a-kiko-la-quema-entregarse-asegura-es-lo-que-le-conviene.jpg?resize=525%2C300&ssl=1 1.5x, https:\/\/i0.wp.com\/lasprimeras.com.do\/wp-content\/uploads\/2023\/11\/abinader-le-recomienda-a-kiko-la-quema-entregarse-asegura-es-lo-que-le-conviene.jpg?resize=700%2C400&ssl=1 2x, https:\/\/i0.wp.com\/lasprimeras.com.do\/wp-content\/uploads\/2023\/11\/abinader-le-recomienda-a-kiko-la-quema-entregarse-asegura-es-lo-que-le-conviene.jpg?resize=1050%2C600&ssl=1 3x"},"classes":[]}],"jetpack_sharing_enabled":true,"_links":{"self":[{"href":"https:\/\/lasprimeras.com.do\/index.php\/wp-json\/wp\/v2\/posts\/69690","targetHints":{"allow":["GET"]}}],"collection":[{"href":"https:\/\/lasprimeras.com.do\/index.php\/wp-json\/wp\/v2\/posts"}],"about":[{"href":"https:\/\/lasprimeras.com.do\/index.php\/wp-json\/wp\/v2\/types\/post"}],"author":[{"embeddable":true,"href":"https:\/\/lasprimeras.com.do\/index.php\/wp-json\/wp\/v2\/users\/3"}],"replies":[{"embeddable":true,"href":"https:\/\/lasprimeras.com.do\/index.php\/wp-json\/wp\/v2\/comments?post=69690"}],"version-history":[{"count":1,"href":"https:\/\/lasprimeras.com.do\/index.php\/wp-json\/wp\/v2\/posts\/69690\/revisions"}],"predecessor-version":[{"id":69692,"href":"https:\/\/lasprimeras.com.do\/index.php\/wp-json\/wp\/v2\/posts\/69690\/revisions\/69692"}],"wp:featuredmedia":[{"embeddable":true,"href":"https:\/\/lasprimeras.com.do\/index.php\/wp-json\/wp\/v2\/media\/69691"}],"wp:attachment":[{"href":"https:\/\/lasprimeras.com.do\/index.php\/wp-json\/wp\/v2\/media?parent=69690"}],"wp:term":[{"taxonomy":"category","embeddable":true,"href":"https:\/\/lasprimeras.com.do\/index.php\/wp-json\/wp\/v2\/categories?post=69690"},{"taxonomy":"post_tag","embeddable":true,"href":"https:\/\/lasprimeras.com.do\/index.php\/wp-json\/wp\/v2\/tags?post=69690"}],"curies":[{"name":"wp","href":"https:\/\/api.w.org\/{rel}","templated":true}]}}